{"id":12517,"date":"2015-04-25T06:43:56","date_gmt":"2015-04-25T06:43:56","guid":{"rendered":"http:\/\/copealcoi.es\/new\/?p=12517"},"modified":"2016-04-16T10:19:42","modified_gmt":"2016-04-16T10:19:42","slug":"una-historica-diana-abre-la-trilogia","status":"publish","type":"post","link":"https:\/\/www.copealcoy.es\/es\/una-historica-diana-abre-la-trilogia\/","title":{"rendered":"Una hist\u00f3rica Diana abre la trilog\u00eda"},"content":{"rendered":"<p style=\"text-align: justify;\">Alcoy ha iniciado la trilog\u00eda festera con el acto de la Diana que ha empezado todav\u00eda de noche, a las 5:45 de la madrugada, en la Plaza de Espa\u00f1a. El acto, considerado como el m\u00e1s purista de la fiesta, ha recuperado este a\u00f1o la ubicaci\u00f3n para la arranc\u00e0 y ha vuelto a iniciarse a las puertas del Consistorio. La fil\u00e0 Vascos ha sido la encargada de iniciar el desfile con el Sargento, Mateo Mart\u00edn, al frente. A continuaci\u00f3n le han seguido los Andaluces, Asturianos, Cides, Labradores, Guzmanes, Moz\u00e1rabes, Almog\u00e1vares, Navarros, Tomasinas, Muntanyesos, Cruzados, Alcodianos y Aragoneses.<\/p>\n<p style=\"text-align: justify;\">En el bando moro el nuevo Sargento, Dani M\u00e9ndez, se ha estrenado en este acto y ha guiado con gran maestr\u00eda a los Jud\u00edos. Seguidamente han llegado la Llana, los Miqueros, Chano, Verdes, Magenta, Cord\u00f3n, Ligeros, Mud\u00e9jares y Abencerrajes. En este punto han efectuado la arranc\u00e0 els Marrakesch y por primera vez en la historia lo ha hecho una escuadra de mujeres que ha recibido los aplausos\u00a0del p\u00fablico. Tambi\u00e9n las festeras de los Realistas han realizado el \u00faltimo tramo de la diana, conocida como del Carbonato, y han cerrado el paso de las fuerzas de la media luna los Berberiscos y Benimerines.<\/p>\n","protected":false},"excerpt":{"rendered":"<p>Alcoy ha iniciado la trilog\u00eda festera con el acto de la Diana que ha empezado todav\u00eda de noche, a las&#8230;<\/p>\n","protected":false},"author":1,"featured_media":12527,"comment_status":"open","ping_status":"open","sticky":false,"template":"","format":"standard","meta":{"footnotes":""},"categories":[97,78,75],"tags":[160,414,969,856,447],"class_list":["post-12517","post","type-post","status-publish","format-standard","has-post-thumbnail","hentry","category-alcoy","category-fiestaycultura","category-noticias","tag-alcoi","tag-cultura","tag-diana","tag-moros-i-cristians","tag-tradiciones"],"yoast_head":"<!-- This site is optimized with the Yoast SEO plugin v27.3 - https:\/\/yoast.com\/product\/yoast-seo-wordpress\/ -->\n<title>Una hist\u00f3rica Diana abre la trilog\u00eda - COPE Alcoy<\/title>\n<meta name=\"robots\" content=\"index, follow, max-snippet:-1, max-image-preview:large, max-video-preview:-1\" \/>\n<link rel=\"canonical\" href=\"https:\/\/www.copealcoy.es\/es\/una-historica-diana-abre-la-trilogia\/\" \/>\n<meta property=\"og:locale\" content=\"es_ES\" \/>\n<meta property=\"og:type\" content=\"article\" \/>\n<meta property=\"og:title\" content=\"Una hist\u00f3rica Diana abre la trilog\u00eda - COPE Alcoy\" \/>\n<meta property=\"og:description\" content=\"Alcoy ha iniciado la trilog\u00eda festera con el acto de la Diana que ha empezado todav\u00eda de noche, a las...\" \/>\n<meta property=\"og:url\" content=\"https:\/\/www.copealcoy.es\/es\/una-historica-diana-abre-la-trilogia\/\" \/>\n<meta property=\"og:site_name\" content=\"COPE Alcoy\" \/>\n<meta property=\"article:published_time\" content=\"2015-04-25T06:43:56+00:00\" \/>\n<meta property=\"article:modified_time\" content=\"2016-04-16T10:19:42+00:00\" \/>\n<meta property=\"og:image\" content=\"https:\/\/www.copealcoy.es\/wp-content\/uploads\/2015\/04\/10403459_653704568106365_8486680174420422684_n.jpg\" \/>\n\t<meta property=\"og:image:width\" content=\"960\" \/>\n\t<meta property=\"og:image:height\" content=\"540\" \/>\n\t<meta property=\"og:image:type\" content=\"image\/jpeg\" \/>\n<meta name=\"author\" content=\"Cope Alcoy\" \/>\n<meta name=\"twitter:label1\" content=\"Escrito por\" \/>\n\t<meta name=\"twitter:data1\" content=\"Cope Alcoy\" \/>\n\t<meta name=\"twitter:label2\" content=\"Tiempo de lectura\" \/>\n\t<meta name=\"twitter:data2\" content=\"1 minuto\" \/>\n<script type=\"application\/ld+json\" class=\"yoast-schema-graph\">{\"@context\":\"https:\\\/\\\/schema.org\",\"@graph\":[{\"@type\":\"Article\",\"@id\":\"https:\\\/\\\/www.copealcoy.es\\\/es\\\/una-historica-diana-abre-la-trilogia\\\/#article\",\"isPartOf\":{\"@id\":\"https:\\\/\\\/www.copealcoy.es\\\/es\\\/una-historica-diana-abre-la-trilogia\\\/\"},\"author\":{\"name\":\"Cope Alcoy\",\"@id\":\"https:\\\/\\\/www.copealcoy.es\\\/es\\\/#\\\/schema\\\/person\\\/e777c87fa024e57d40170af9df39882c\"},\"headline\":\"Una hist\u00f3rica Diana abre la trilog\u00eda\",\"datePublished\":\"2015-04-25T06:43:56+00:00\",\"dateModified\":\"2016-04-16T10:19:42+00:00\",\"mainEntityOfPage\":{\"@id\":\"https:\\\/\\\/www.copealcoy.es\\\/es\\\/una-historica-diana-abre-la-trilogia\\\/\"},\"wordCount\":223,\"commentCount\":0,\"image\":{\"@id\":\"https:\\\/\\\/www.copealcoy.es\\\/es\\\/una-historica-diana-abre-la-trilogia\\\/#primaryimage\"},\"thumbnailUrl\":\"https:\\\/\\\/www.copealcoy.es\\\/wp-content\\\/uploads\\\/2015\\\/04\\\/10403459_653704568106365_8486680174420422684_n.jpg\",\"keywords\":[\"Alcoi\",\"Cultura\",\"Diana\",\"Moros i Cristians\",\"Tradiciones\"],\"articleSection\":[\"Alcoy\",\"Fiesta y Cultura\",\"Noticias\"],\"inLanguage\":\"es\"},{\"@type\":\"WebPage\",\"@id\":\"https:\\\/\\\/www.copealcoy.es\\\/es\\\/una-historica-diana-abre-la-trilogia\\\/\",\"url\":\"https:\\\/\\\/www.copealcoy.es\\\/es\\\/una-historica-diana-abre-la-trilogia\\\/\",\"name\":\"Una hist\u00f3rica Diana abre la trilog\u00eda - COPE Alcoy\",\"isPartOf\":{\"@id\":\"https:\\\/\\\/www.copealcoy.es\\\/es\\\/#website\"},\"primaryImageOfPage\":{\"@id\":\"https:\\\/\\\/www.copealcoy.es\\\/es\\\/una-historica-diana-abre-la-trilogia\\\/#primaryimage\"},\"image\":{\"@id\":\"https:\\\/\\\/www.copealcoy.es\\\/es\\\/una-historica-diana-abre-la-trilogia\\\/#primaryimage\"},\"thumbnailUrl\":\"https:\\\/\\\/www.copealcoy.es\\\/wp-content\\\/uploads\\\/2015\\\/04\\\/10403459_653704568106365_8486680174420422684_n.jpg\",\"datePublished\":\"2015-04-25T06:43:56+00:00\",\"dateModified\":\"2016-04-16T10:19:42+00:00\",\"author\":{\"@id\":\"https:\\\/\\\/www.copealcoy.es\\\/es\\\/#\\\/schema\\\/person\\\/e777c87fa024e57d40170af9df39882c\"},\"breadcrumb\":{\"@id\":\"https:\\\/\\\/www.copealcoy.es\\\/es\\\/una-historica-diana-abre-la-trilogia\\\/#breadcrumb\"},\"inLanguage\":\"es\",\"potentialAction\":[{\"@type\":\"ReadAction\",\"target\":[\"https:\\\/\\\/www.copealcoy.es\\\/es\\\/una-historica-diana-abre-la-trilogia\\\/\"]}]},{\"@type\":\"ImageObject\",\"inLanguage\":\"es\",\"@id\":\"https:\\\/\\\/www.copealcoy.es\\\/es\\\/una-historica-diana-abre-la-trilogia\\\/#primaryimage\",\"url\":\"https:\\\/\\\/www.copealcoy.es\\\/wp-content\\\/uploads\\\/2015\\\/04\\\/10403459_653704568106365_8486680174420422684_n.jpg\",\"contentUrl\":\"https:\\\/\\\/www.copealcoy.es\\\/wp-content\\\/uploads\\\/2015\\\/04\\\/10403459_653704568106365_8486680174420422684_n.jpg\",\"width\":960,\"height\":540,\"caption\":\"Els Marraskesch hicieron historia en 2015 con la primera escuadra femenina en la Diana\"},{\"@type\":\"BreadcrumbList\",\"@id\":\"https:\\\/\\\/www.copealcoy.es\\\/es\\\/una-historica-diana-abre-la-trilogia\\\/#breadcrumb\",\"itemListElement\":[{\"@type\":\"ListItem\",\"position\":1,\"name\":\"Portada\",\"item\":\"https:\\\/\\\/www.copealcoy.es\\\/es\\\/\"},{\"@type\":\"ListItem\",\"position\":2,\"name\":\"Una hist\u00f3rica Diana abre la trilog\u00eda\"}]},{\"@type\":\"WebSite\",\"@id\":\"https:\\\/\\\/www.copealcoy.es\\\/es\\\/#website\",\"url\":\"https:\\\/\\\/www.copealcoy.es\\\/es\\\/\",\"name\":\"COPE Alcoy\",\"description\":\"Emisora COPE de radio local con emisi\u00f3n online. Pont de Sant Jordi 8-10 03803 Alcoy\",\"potentialAction\":[{\"@type\":\"SearchAction\",\"target\":{\"@type\":\"EntryPoint\",\"urlTemplate\":\"https:\\\/\\\/www.copealcoy.es\\\/es\\\/?s={search_term_string}\"},\"query-input\":{\"@type\":\"PropertyValueSpecification\",\"valueRequired\":true,\"valueName\":\"search_term_string\"}}],\"inLanguage\":\"es\"},{\"@type\":\"Person\",\"@id\":\"https:\\\/\\\/www.copealcoy.es\\\/es\\\/#\\\/schema\\\/person\\\/e777c87fa024e57d40170af9df39882c\",\"name\":\"Cope Alcoy\",\"image\":{\"@type\":\"ImageObject\",\"inLanguage\":\"es\",\"@id\":\"https:\\\/\\\/secure.gravatar.com\\\/avatar\\\/bb65d0283347e303893ba14f0692005417c1e0e690a325a4c5d8bb2b3943ee14?s=96&d=mm&r=g\",\"url\":\"https:\\\/\\\/secure.gravatar.com\\\/avatar\\\/bb65d0283347e303893ba14f0692005417c1e0e690a325a4c5d8bb2b3943ee14?s=96&d=mm&r=g\",\"contentUrl\":\"https:\\\/\\\/secure.gravatar.com\\\/avatar\\\/bb65d0283347e303893ba14f0692005417c1e0e690a325a4c5d8bb2b3943ee14?s=96&d=mm&r=g\",\"caption\":\"Cope Alcoy\"}}]}<\/script>\n<!-- \/ Yoast SEO plugin. -->","yoast_head_json":{"title":"Una hist\u00f3rica Diana abre la trilog\u00eda - COPE Alcoy","robots":{"index":"index","follow":"follow","max-snippet":"max-snippet:-1","max-image-preview":"max-image-preview:large","max-video-preview":"max-video-preview:-1"},"canonical":"https:\/\/www.copealcoy.es\/es\/una-historica-diana-abre-la-trilogia\/","og_locale":"es_ES","og_type":"article","og_title":"Una hist\u00f3rica Diana abre la trilog\u00eda - COPE Alcoy","og_description":"Alcoy ha iniciado la trilog\u00eda festera con el acto de la Diana que ha empezado todav\u00eda de noche, a las...","og_url":"https:\/\/www.copealcoy.es\/es\/una-historica-diana-abre-la-trilogia\/","og_site_name":"COPE Alcoy","article_published_time":"2015-04-25T06:43:56+00:00","article_modified_time":"2016-04-16T10:19:42+00:00","og_image":[{"width":960,"height":540,"url":"https:\/\/www.copealcoy.es\/wp-content\/uploads\/2015\/04\/10403459_653704568106365_8486680174420422684_n.jpg","type":"image\/jpeg"}],"author":"Cope Alcoy","twitter_misc":{"Escrito por":"Cope Alcoy","Tiempo de lectura":"1 minuto"},"schema":{"@context":"https:\/\/schema.org","@graph":[{"@type":"Article","@id":"https:\/\/www.copealcoy.es\/es\/una-historica-diana-abre-la-trilogia\/#article","isPartOf":{"@id":"https:\/\/www.copealcoy.es\/es\/una-historica-diana-abre-la-trilogia\/"},"author":{"name":"Cope Alcoy","@id":"https:\/\/www.copealcoy.es\/es\/#\/schema\/person\/e777c87fa024e57d40170af9df39882c"},"headline":"Una hist\u00f3rica Diana abre la trilog\u00eda","datePublished":"2015-04-25T06:43:56+00:00","dateModified":"2016-04-16T10:19:42+00:00","mainEntityOfPage":{"@id":"https:\/\/www.copealcoy.es\/es\/una-historica-diana-abre-la-trilogia\/"},"wordCount":223,"commentCount":0,"image":{"@id":"https:\/\/www.copealcoy.es\/es\/una-historica-diana-abre-la-trilogia\/#primaryimage"},"thumbnailUrl":"https:\/\/www.copealcoy.es\/wp-content\/uploads\/2015\/04\/10403459_653704568106365_8486680174420422684_n.jpg","keywords":["Alcoi","Cultura","Diana","Moros i Cristians","Tradiciones"],"articleSection":["Alcoy","Fiesta y Cultura","Noticias"],"inLanguage":"es"},{"@type":"WebPage","@id":"https:\/\/www.copealcoy.es\/es\/una-historica-diana-abre-la-trilogia\/","url":"https:\/\/www.copealcoy.es\/es\/una-historica-diana-abre-la-trilogia\/","name":"Una hist\u00f3rica Diana abre la trilog\u00eda - COPE Alcoy","isPartOf":{"@id":"https:\/\/www.copealcoy.es\/es\/#website"},"primaryImageOfPage":{"@id":"https:\/\/www.copealcoy.es\/es\/una-historica-diana-abre-la-trilogia\/#primaryimage"},"image":{"@id":"https:\/\/www.copealcoy.es\/es\/una-historica-diana-abre-la-trilogia\/#primaryimage"},"thumbnailUrl":"https:\/\/www.copealcoy.es\/wp-content\/uploads\/2015\/04\/10403459_653704568106365_8486680174420422684_n.jpg","datePublished":"2015-04-25T06:43:56+00:00","dateModified":"2016-04-16T10:19:42+00:00","author":{"@id":"https:\/\/www.copealcoy.es\/es\/#\/schema\/person\/e777c87fa024e57d40170af9df39882c"},"breadcrumb":{"@id":"https:\/\/www.copealcoy.es\/es\/una-historica-diana-abre-la-trilogia\/#breadcrumb"},"inLanguage":"es","potentialAction":[{"@type":"ReadAction","target":["https:\/\/www.copealcoy.es\/es\/una-historica-diana-abre-la-trilogia\/"]}]},{"@type":"ImageObject","inLanguage":"es","@id":"https:\/\/www.copealcoy.es\/es\/una-historica-diana-abre-la-trilogia\/#primaryimage","url":"https:\/\/www.copealcoy.es\/wp-content\/uploads\/2015\/04\/10403459_653704568106365_8486680174420422684_n.jpg","contentUrl":"https:\/\/www.copealcoy.es\/wp-content\/uploads\/2015\/04\/10403459_653704568106365_8486680174420422684_n.jpg","width":960,"height":540,"caption":"Els Marraskesch hicieron historia en 2015 con la primera escuadra femenina en la Diana"},{"@type":"BreadcrumbList","@id":"https:\/\/www.copealcoy.es\/es\/una-historica-diana-abre-la-trilogia\/#breadcrumb","itemListElement":[{"@type":"ListItem","position":1,"name":"Portada","item":"https:\/\/www.copealcoy.es\/es\/"},{"@type":"ListItem","position":2,"name":"Una hist\u00f3rica Diana abre la trilog\u00eda"}]},{"@type":"WebSite","@id":"https:\/\/www.copealcoy.es\/es\/#website","url":"https:\/\/www.copealcoy.es\/es\/","name":"COPE Alcoy","description":"Emisora COPE de radio local con emisi\u00f3n online. Pont de Sant Jordi 8-10 03803 Alcoy","potentialAction":[{"@type":"SearchAction","target":{"@type":"EntryPoint","urlTemplate":"https:\/\/www.copealcoy.es\/es\/?s={search_term_string}"},"query-input":{"@type":"PropertyValueSpecification","valueRequired":true,"valueName":"search_term_string"}}],"inLanguage":"es"},{"@type":"Person","@id":"https:\/\/www.copealcoy.es\/es\/#\/schema\/person\/e777c87fa024e57d40170af9df39882c","name":"Cope Alcoy","image":{"@type":"ImageObject","inLanguage":"es","@id":"https:\/\/secure.gravatar.com\/avatar\/bb65d0283347e303893ba14f0692005417c1e0e690a325a4c5d8bb2b3943ee14?s=96&d=mm&r=g","url":"https:\/\/secure.gravatar.com\/avatar\/bb65d0283347e303893ba14f0692005417c1e0e690a325a4c5d8bb2b3943ee14?s=96&d=mm&r=g","contentUrl":"https:\/\/secure.gravatar.com\/avatar\/bb65d0283347e303893ba14f0692005417c1e0e690a325a4c5d8bb2b3943ee14?s=96&d=mm&r=g","caption":"Cope Alcoy"}}]}},"_links":{"self":[{"href":"https:\/\/www.copealcoy.es\/es\/wp-json\/wp\/v2\/posts\/12517","targetHints":{"allow":["GET"]}}],"collection":[{"href":"https:\/\/www.copealcoy.es\/es\/wp-json\/wp\/v2\/posts"}],"about":[{"href":"https:\/\/www.copealcoy.es\/es\/wp-json\/wp\/v2\/types\/post"}],"author":[{"embeddable":true,"href":"https:\/\/www.copealcoy.es\/es\/wp-json\/wp\/v2\/users\/1"}],"replies":[{"embeddable":true,"href":"https:\/\/www.copealcoy.es\/es\/wp-json\/wp\/v2\/comments?post=12517"}],"version-history":[{"count":0,"href":"https:\/\/www.copealcoy.es\/es\/wp-json\/wp\/v2\/posts\/12517\/revisions"}],"wp:featuredmedia":[{"embeddable":true,"href":"https:\/\/www.copealcoy.es\/es\/wp-json\/wp\/v2\/media\/12527"}],"wp:attachment":[{"href":"https:\/\/www.copealcoy.es\/es\/wp-json\/wp\/v2\/media?parent=12517"}],"wp:term":[{"taxonomy":"category","embeddable":true,"href":"https:\/\/www.copealcoy.es\/es\/wp-json\/wp\/v2\/categories?post=12517"},{"taxonomy":"post_tag","embeddable":true,"href":"https:\/\/www.copealcoy.es\/es\/wp-json\/wp\/v2\/tags?post=12517"}],"curies":[{"name":"wp","href":"https:\/\/api.w.org\/{rel}","templated":true}]}}