{"id":125143,"date":"2023-11-17T12:18:24","date_gmt":"2023-11-17T11:18:24","guid":{"rendered":"https:\/\/www.copealcoy.es\/?p=125143"},"modified":"2023-11-20T09:45:54","modified_gmt":"2023-11-20T08:45:54","slug":"ya-se-conocen-las-entidades-que-acompanaran-a-los-reyes-en-su-venida-a-alcoy","status":"publish","type":"post","link":"https:\/\/www.copealcoy.es\/es\/ya-se-conocen-las-entidades-que-acompanaran-a-los-reyes-en-su-venida-a-alcoy\/","title":{"rendered":"Ya se conocen las entidades que acompa\u00f1ar\u00e1n a los Reyes en su venida a Alcoy"},"content":{"rendered":"<p style=\"text-align: justify;\">Los<strong> Reyes Magos<\/strong> visitar\u00e1n de nuevo Alcoy en la m\u00e1gica tarde del cinco de enero <strong>despu\u00e9s de haber pasado la noche en el Campamento<\/strong> que volver\u00e1n a ubicar a las faldas de la Serra de Mariola. Antes de ello, como suele ser habitual, <strong>el Embajador Real advertir\u00e1<\/strong> <strong>de la llegada de los tres monarcas<\/strong> en el gran acto del Bando que tendr\u00e1 lugar el 4 de enero a partir de las 18:30h. <strong>Tono Belda y Pilar Almer\u00eda<\/strong>, como ya inform\u00f3 COPE ALCOY esta semana, ser\u00e1n quienes ayuden al regio emisario <a href=\"https:\/\/www.copealcoy.es\/tono-belda-y-pilar-almeria-dos-de-los-protagonistas-del-bando-real-2024\/\" target=\"_blank\" rel=\"noopener\"><span style=\"color: #0000ff;\"><strong>en las tareas de escribir y declamar el texto<\/strong><\/span><\/a> que nos animar\u00e1 a acoger con los brazos abiertos a Melchor, Gaspar y Baltasar.<\/p>\n<p style=\"text-align: justify;\">El Ayuntamiento de Alcoy ha hecho p\u00fablicas este viernes <strong>las tres entidades que trabajar\u00e1n codo con codo con los soberanos<\/strong> para hacer posible nuestra centenaria Cabalgata. Esta tarea recaer\u00e1 en 2024 en el <strong>Club Atletisme Alcoi, SOLC (Asociaci\u00f3n Comarcal de Ayuda en el Tratamiento del C\u00e1ncer) y la Fil\u00e0 Verdes<\/strong>. Est\u00e1 previsto que en el desfile tomen parte <strong>m\u00e1s de mil personas<\/strong> en una comitiva en la que destacan los heraldos, el portador de la estrella, pajes, antorcheros, servidores o escoltas. Tambi\u00e9n destacan carros engalanados, carrozas,<em> las cuatro bandas de m\u00fasica locales, los grupos de m\u00fasica tradicional, bailes populares y la gente del pueblo\u00a0<\/em>&#8220;<em>son tres asociaciones que no celebran este a\u00f1o ninguna efem\u00e9ride importante pero que si que hab\u00edan manifestado su ilusi\u00f3n de asumir una responsabilidad como esta<\/em>&#8220;, ha dicho el edil de Fiestas; <strong>Jordi Mart\u00ednez<\/strong>.<\/p>\n<p style=\"text-align: justify;\">Finalmente el concejal ha avanzado que el acto de<strong> Les Pastoretes mantendr\u00e1n el mismo formato del pasado a\u00f1o<\/strong> debido a que el domingo posterior a Navidad coincide con el 31 de diciembre, antes de la Nochevieja. De esta forma <strong>el desfile de pastores ser\u00e1 el lunes 1 de enero<\/strong>, a partir de las 18:00h, por el recorrido habitual que discurre hasta la Plaza de Espa\u00f1a.<\/p>\n","protected":false},"excerpt":{"rendered":"<p>Los Reyes Magos visitar\u00e1n de nuevo Alcoy en la m\u00e1gica tarde del cinco de enero despu\u00e9s de haber pasado la&#8230;<\/p>\n","protected":false},"author":1,"featured_media":27742,"comment_status":"open","ping_status":"open","sticky":false,"template":"","format":"standard","meta":{"footnotes":""},"categories":[6909,97,75,125],"tags":[1494,368,15952,488],"class_list":["post-125143","post","type-post","status-publish","format-standard","has-post-thumbnail","hentry","category-actualidad","category-alcoy","category-noticias","category-portada","tag-alcoy","tag-cabalgata","tag-entidades","tag-reyes-magos"],"yoast_head":"<!-- This site is optimized with the Yoast SEO plugin v27.3 - https:\/\/yoast.com\/product\/yoast-seo-wordpress\/ -->\n<title>Ya se conocen las entidades que acompa\u00f1ar\u00e1n a los Reyes en su venida a Alcoy - COPE Alcoy<\/title>\n<meta name=\"description\" content=\"Ya se conocen las entidades que acompa\u00f1ares a los Reyes en su venida a Alcoy durante la m\u00e1gica tarde del cinco de enero\" \/>\n<meta name=\"robots\" content=\"index, follow, max-snippet:-1, max-image-preview:large, max-video-preview:-1\" \/>\n<link rel=\"canonical\" href=\"https:\/\/www.copealcoy.es\/es\/ya-se-conocen-las-entidades-que-acompanaran-a-los-reyes-en-su-venida-a-alcoy\/\" \/>\n<meta property=\"og:locale\" content=\"es_ES\" \/>\n<meta property=\"og:type\" content=\"article\" \/>\n<meta property=\"og:title\" content=\"Ya se conocen las entidades que acompa\u00f1ar\u00e1n a los Reyes en su venida a Alcoy - COPE Alcoy\" \/>\n<meta property=\"og:description\" content=\"Ya se conocen las entidades que acompa\u00f1ares a los Reyes en su venida a Alcoy durante la m\u00e1gica tarde del cinco de enero\" \/>\n<meta property=\"og:url\" content=\"https:\/\/www.copealcoy.es\/es\/ya-se-conocen-las-entidades-que-acompanaran-a-los-reyes-en-su-venida-a-alcoy\/\" \/>\n<meta property=\"og:site_name\" content=\"COPE Alcoy\" \/>\n<meta property=\"article:published_time\" content=\"2023-11-17T11:18:24+00:00\" \/>\n<meta property=\"article:modified_time\" content=\"2023-11-20T08:45:54+00:00\" \/>\n<meta property=\"og:image\" content=\"https:\/\/www.copealcoy.es\/wp-content\/uploads\/2017\/01\/PAU9583-e1640908893719.jpg\" \/>\n\t<meta property=\"og:image:width\" content=\"640\" \/>\n\t<meta property=\"og:image:height\" content=\"350\" \/>\n\t<meta property=\"og:image:type\" content=\"image\/jpeg\" \/>\n<meta name=\"author\" content=\"Cope Alcoy\" \/>\n<meta name=\"twitter:label1\" content=\"Escrito por\" \/>\n\t<meta name=\"twitter:data1\" content=\"Cope Alcoy\" \/>\n\t<meta name=\"twitter:label2\" content=\"Tiempo de lectura\" \/>\n\t<meta name=\"twitter:data2\" content=\"2 minutos\" \/>\n<script type=\"application\/ld+json\" class=\"yoast-schema-graph\">{\"@context\":\"https:\\\/\\\/schema.org\",\"@graph\":[{\"@type\":\"Article\",\"@id\":\"https:\\\/\\\/www.copealcoy.es\\\/es\\\/ya-se-conocen-las-entidades-que-acompanaran-a-los-reyes-en-su-venida-a-alcoy\\\/#article\",\"isPartOf\":{\"@id\":\"https:\\\/\\\/www.copealcoy.es\\\/es\\\/ya-se-conocen-las-entidades-que-acompanaran-a-los-reyes-en-su-venida-a-alcoy\\\/\"},\"author\":{\"name\":\"Cope Alcoy\",\"@id\":\"https:\\\/\\\/www.copealcoy.es\\\/es\\\/#\\\/schema\\\/person\\\/e777c87fa024e57d40170af9df39882c\"},\"headline\":\"Ya se conocen las entidades que acompa\u00f1ar\u00e1n a los Reyes en su venida a Alcoy\",\"datePublished\":\"2023-11-17T11:18:24+00:00\",\"dateModified\":\"2023-11-20T08:45:54+00:00\",\"mainEntityOfPage\":{\"@id\":\"https:\\\/\\\/www.copealcoy.es\\\/es\\\/ya-se-conocen-las-entidades-que-acompanaran-a-los-reyes-en-su-venida-a-alcoy\\\/\"},\"wordCount\":350,\"commentCount\":0,\"image\":{\"@id\":\"https:\\\/\\\/www.copealcoy.es\\\/es\\\/ya-se-conocen-las-entidades-que-acompanaran-a-los-reyes-en-su-venida-a-alcoy\\\/#primaryimage\"},\"thumbnailUrl\":\"https:\\\/\\\/www.copealcoy.es\\\/wp-content\\\/uploads\\\/2017\\\/01\\\/PAU9583-e1640908893719.jpg\",\"keywords\":[\"Alcoy\",\"Cabalgata\",\"entidades\",\"Reyes Magos\"],\"articleSection\":[\"Actualidad\",\"Alcoy\",\"Noticias\",\"Portada\"],\"inLanguage\":\"es\"},{\"@type\":\"WebPage\",\"@id\":\"https:\\\/\\\/www.copealcoy.es\\\/es\\\/ya-se-conocen-las-entidades-que-acompanaran-a-los-reyes-en-su-venida-a-alcoy\\\/\",\"url\":\"https:\\\/\\\/www.copealcoy.es\\\/es\\\/ya-se-conocen-las-entidades-que-acompanaran-a-los-reyes-en-su-venida-a-alcoy\\\/\",\"name\":\"Ya se conocen las entidades que acompa\u00f1ar\u00e1n a los Reyes en su venida a Alcoy - COPE Alcoy\",\"isPartOf\":{\"@id\":\"https:\\\/\\\/www.copealcoy.es\\\/es\\\/#website\"},\"primaryImageOfPage\":{\"@id\":\"https:\\\/\\\/www.copealcoy.es\\\/es\\\/ya-se-conocen-las-entidades-que-acompanaran-a-los-reyes-en-su-venida-a-alcoy\\\/#primaryimage\"},\"image\":{\"@id\":\"https:\\\/\\\/www.copealcoy.es\\\/es\\\/ya-se-conocen-las-entidades-que-acompanaran-a-los-reyes-en-su-venida-a-alcoy\\\/#primaryimage\"},\"thumbnailUrl\":\"https:\\\/\\\/www.copealcoy.es\\\/wp-content\\\/uploads\\\/2017\\\/01\\\/PAU9583-e1640908893719.jpg\",\"datePublished\":\"2023-11-17T11:18:24+00:00\",\"dateModified\":\"2023-11-20T08:45:54+00:00\",\"author\":{\"@id\":\"https:\\\/\\\/www.copealcoy.es\\\/es\\\/#\\\/schema\\\/person\\\/e777c87fa024e57d40170af9df39882c\"},\"description\":\"Ya se conocen las entidades que acompa\u00f1ares a los Reyes en su venida a Alcoy durante la m\u00e1gica tarde del cinco de enero\",\"breadcrumb\":{\"@id\":\"https:\\\/\\\/www.copealcoy.es\\\/es\\\/ya-se-conocen-las-entidades-que-acompanaran-a-los-reyes-en-su-venida-a-alcoy\\\/#breadcrumb\"},\"inLanguage\":\"es\",\"potentialAction\":[{\"@type\":\"ReadAction\",\"target\":[\"https:\\\/\\\/www.copealcoy.es\\\/es\\\/ya-se-conocen-las-entidades-que-acompanaran-a-los-reyes-en-su-venida-a-alcoy\\\/\"]}]},{\"@type\":\"ImageObject\",\"inLanguage\":\"es\",\"@id\":\"https:\\\/\\\/www.copealcoy.es\\\/es\\\/ya-se-conocen-las-entidades-que-acompanaran-a-los-reyes-en-su-venida-a-alcoy\\\/#primaryimage\",\"url\":\"https:\\\/\\\/www.copealcoy.es\\\/wp-content\\\/uploads\\\/2017\\\/01\\\/PAU9583-e1640908893719.jpg\",\"contentUrl\":\"https:\\\/\\\/www.copealcoy.es\\\/wp-content\\\/uploads\\\/2017\\\/01\\\/PAU9583-e1640908893719.jpg\",\"width\":640,\"height\":350,\"caption\":\"La Adoraci\u00f3n siempre es un momento m\u00e1gico en la Cabalgata de Alcoy \\\/ Foto: PST Fotograf\u00eda (Pau Sanchis Tarraz\u00f3)\"},{\"@type\":\"BreadcrumbList\",\"@id\":\"https:\\\/\\\/www.copealcoy.es\\\/es\\\/ya-se-conocen-las-entidades-que-acompanaran-a-los-reyes-en-su-venida-a-alcoy\\\/#breadcrumb\",\"itemListElement\":[{\"@type\":\"ListItem\",\"position\":1,\"name\":\"Portada\",\"item\":\"https:\\\/\\\/www.copealcoy.es\\\/es\\\/\"},{\"@type\":\"ListItem\",\"position\":2,\"name\":\"Ya se conocen las entidades que acompa\u00f1ar\u00e1n a los Reyes en su venida a Alcoy\"}]},{\"@type\":\"WebSite\",\"@id\":\"https:\\\/\\\/www.copealcoy.es\\\/es\\\/#website\",\"url\":\"https:\\\/\\\/www.copealcoy.es\\\/es\\\/\",\"name\":\"COPE Alcoy\",\"description\":\"Emisora COPE de radio local con emisi\u00f3n online. Pont de Sant Jordi 8-10 03803 Alcoy\",\"potentialAction\":[{\"@type\":\"SearchAction\",\"target\":{\"@type\":\"EntryPoint\",\"urlTemplate\":\"https:\\\/\\\/www.copealcoy.es\\\/es\\\/?s={search_term_string}\"},\"query-input\":{\"@type\":\"PropertyValueSpecification\",\"valueRequired\":true,\"valueName\":\"search_term_string\"}}],\"inLanguage\":\"es\"},{\"@type\":\"Person\",\"@id\":\"https:\\\/\\\/www.copealcoy.es\\\/es\\\/#\\\/schema\\\/person\\\/e777c87fa024e57d40170af9df39882c\",\"name\":\"Cope Alcoy\",\"image\":{\"@type\":\"ImageObject\",\"inLanguage\":\"es\",\"@id\":\"https:\\\/\\\/secure.gravatar.com\\\/avatar\\\/bb65d0283347e303893ba14f0692005417c1e0e690a325a4c5d8bb2b3943ee14?s=96&d=mm&r=g\",\"url\":\"https:\\\/\\\/secure.gravatar.com\\\/avatar\\\/bb65d0283347e303893ba14f0692005417c1e0e690a325a4c5d8bb2b3943ee14?s=96&d=mm&r=g\",\"contentUrl\":\"https:\\\/\\\/secure.gravatar.com\\\/avatar\\\/bb65d0283347e303893ba14f0692005417c1e0e690a325a4c5d8bb2b3943ee14?s=96&d=mm&r=g\",\"caption\":\"Cope Alcoy\"}}]}<\/script>\n<!-- \/ Yoast SEO plugin. -->","yoast_head_json":{"title":"Ya se conocen las entidades que acompa\u00f1ar\u00e1n a los Reyes en su venida a Alcoy - COPE Alcoy","description":"Ya se conocen las entidades que acompa\u00f1ares a los Reyes en su venida a Alcoy durante la m\u00e1gica tarde del cinco de enero","robots":{"index":"index","follow":"follow","max-snippet":"max-snippet:-1","max-image-preview":"max-image-preview:large","max-video-preview":"max-video-preview:-1"},"canonical":"https:\/\/www.copealcoy.es\/es\/ya-se-conocen-las-entidades-que-acompanaran-a-los-reyes-en-su-venida-a-alcoy\/","og_locale":"es_ES","og_type":"article","og_title":"Ya se conocen las entidades que acompa\u00f1ar\u00e1n a los Reyes en su venida a Alcoy - COPE Alcoy","og_description":"Ya se conocen las entidades que acompa\u00f1ares a los Reyes en su venida a Alcoy durante la m\u00e1gica tarde del cinco de enero","og_url":"https:\/\/www.copealcoy.es\/es\/ya-se-conocen-las-entidades-que-acompanaran-a-los-reyes-en-su-venida-a-alcoy\/","og_site_name":"COPE Alcoy","article_published_time":"2023-11-17T11:18:24+00:00","article_modified_time":"2023-11-20T08:45:54+00:00","og_image":[{"width":640,"height":350,"url":"https:\/\/www.copealcoy.es\/wp-content\/uploads\/2017\/01\/PAU9583-e1640908893719.jpg","type":"image\/jpeg"}],"author":"Cope Alcoy","twitter_misc":{"Escrito por":"Cope Alcoy","Tiempo de lectura":"2 minutos"},"schema":{"@context":"https:\/\/schema.org","@graph":[{"@type":"Article","@id":"https:\/\/www.copealcoy.es\/es\/ya-se-conocen-las-entidades-que-acompanaran-a-los-reyes-en-su-venida-a-alcoy\/#article","isPartOf":{"@id":"https:\/\/www.copealcoy.es\/es\/ya-se-conocen-las-entidades-que-acompanaran-a-los-reyes-en-su-venida-a-alcoy\/"},"author":{"name":"Cope Alcoy","@id":"https:\/\/www.copealcoy.es\/es\/#\/schema\/person\/e777c87fa024e57d40170af9df39882c"},"headline":"Ya se conocen las entidades que acompa\u00f1ar\u00e1n a los Reyes en su venida a Alcoy","datePublished":"2023-11-17T11:18:24+00:00","dateModified":"2023-11-20T08:45:54+00:00","mainEntityOfPage":{"@id":"https:\/\/www.copealcoy.es\/es\/ya-se-conocen-las-entidades-que-acompanaran-a-los-reyes-en-su-venida-a-alcoy\/"},"wordCount":350,"commentCount":0,"image":{"@id":"https:\/\/www.copealcoy.es\/es\/ya-se-conocen-las-entidades-que-acompanaran-a-los-reyes-en-su-venida-a-alcoy\/#primaryimage"},"thumbnailUrl":"https:\/\/www.copealcoy.es\/wp-content\/uploads\/2017\/01\/PAU9583-e1640908893719.jpg","keywords":["Alcoy","Cabalgata","entidades","Reyes Magos"],"articleSection":["Actualidad","Alcoy","Noticias","Portada"],"inLanguage":"es"},{"@type":"WebPage","@id":"https:\/\/www.copealcoy.es\/es\/ya-se-conocen-las-entidades-que-acompanaran-a-los-reyes-en-su-venida-a-alcoy\/","url":"https:\/\/www.copealcoy.es\/es\/ya-se-conocen-las-entidades-que-acompanaran-a-los-reyes-en-su-venida-a-alcoy\/","name":"Ya se conocen las entidades que acompa\u00f1ar\u00e1n a los Reyes en su venida a Alcoy - COPE Alcoy","isPartOf":{"@id":"https:\/\/www.copealcoy.es\/es\/#website"},"primaryImageOfPage":{"@id":"https:\/\/www.copealcoy.es\/es\/ya-se-conocen-las-entidades-que-acompanaran-a-los-reyes-en-su-venida-a-alcoy\/#primaryimage"},"image":{"@id":"https:\/\/www.copealcoy.es\/es\/ya-se-conocen-las-entidades-que-acompanaran-a-los-reyes-en-su-venida-a-alcoy\/#primaryimage"},"thumbnailUrl":"https:\/\/www.copealcoy.es\/wp-content\/uploads\/2017\/01\/PAU9583-e1640908893719.jpg","datePublished":"2023-11-17T11:18:24+00:00","dateModified":"2023-11-20T08:45:54+00:00","author":{"@id":"https:\/\/www.copealcoy.es\/es\/#\/schema\/person\/e777c87fa024e57d40170af9df39882c"},"description":"Ya se conocen las entidades que acompa\u00f1ares a los Reyes en su venida a Alcoy durante la m\u00e1gica tarde del cinco de enero","breadcrumb":{"@id":"https:\/\/www.copealcoy.es\/es\/ya-se-conocen-las-entidades-que-acompanaran-a-los-reyes-en-su-venida-a-alcoy\/#breadcrumb"},"inLanguage":"es","potentialAction":[{"@type":"ReadAction","target":["https:\/\/www.copealcoy.es\/es\/ya-se-conocen-las-entidades-que-acompanaran-a-los-reyes-en-su-venida-a-alcoy\/"]}]},{"@type":"ImageObject","inLanguage":"es","@id":"https:\/\/www.copealcoy.es\/es\/ya-se-conocen-las-entidades-que-acompanaran-a-los-reyes-en-su-venida-a-alcoy\/#primaryimage","url":"https:\/\/www.copealcoy.es\/wp-content\/uploads\/2017\/01\/PAU9583-e1640908893719.jpg","contentUrl":"https:\/\/www.copealcoy.es\/wp-content\/uploads\/2017\/01\/PAU9583-e1640908893719.jpg","width":640,"height":350,"caption":"La Adoraci\u00f3n siempre es un momento m\u00e1gico en la Cabalgata de Alcoy \/ Foto: PST Fotograf\u00eda (Pau Sanchis Tarraz\u00f3)"},{"@type":"BreadcrumbList","@id":"https:\/\/www.copealcoy.es\/es\/ya-se-conocen-las-entidades-que-acompanaran-a-los-reyes-en-su-venida-a-alcoy\/#breadcrumb","itemListElement":[{"@type":"ListItem","position":1,"name":"Portada","item":"https:\/\/www.copealcoy.es\/es\/"},{"@type":"ListItem","position":2,"name":"Ya se conocen las entidades que acompa\u00f1ar\u00e1n a los Reyes en su venida a Alcoy"}]},{"@type":"WebSite","@id":"https:\/\/www.copealcoy.es\/es\/#website","url":"https:\/\/www.copealcoy.es\/es\/","name":"COPE Alcoy","description":"Emisora COPE de radio local con emisi\u00f3n online. Pont de Sant Jordi 8-10 03803 Alcoy","potentialAction":[{"@type":"SearchAction","target":{"@type":"EntryPoint","urlTemplate":"https:\/\/www.copealcoy.es\/es\/?s={search_term_string}"},"query-input":{"@type":"PropertyValueSpecification","valueRequired":true,"valueName":"search_term_string"}}],"inLanguage":"es"},{"@type":"Person","@id":"https:\/\/www.copealcoy.es\/es\/#\/schema\/person\/e777c87fa024e57d40170af9df39882c","name":"Cope Alcoy","image":{"@type":"ImageObject","inLanguage":"es","@id":"https:\/\/secure.gravatar.com\/avatar\/bb65d0283347e303893ba14f0692005417c1e0e690a325a4c5d8bb2b3943ee14?s=96&d=mm&r=g","url":"https:\/\/secure.gravatar.com\/avatar\/bb65d0283347e303893ba14f0692005417c1e0e690a325a4c5d8bb2b3943ee14?s=96&d=mm&r=g","contentUrl":"https:\/\/secure.gravatar.com\/avatar\/bb65d0283347e303893ba14f0692005417c1e0e690a325a4c5d8bb2b3943ee14?s=96&d=mm&r=g","caption":"Cope Alcoy"}}]}},"_links":{"self":[{"href":"https:\/\/www.copealcoy.es\/es\/wp-json\/wp\/v2\/posts\/125143","targetHints":{"allow":["GET"]}}],"collection":[{"href":"https:\/\/www.copealcoy.es\/es\/wp-json\/wp\/v2\/posts"}],"about":[{"href":"https:\/\/www.copealcoy.es\/es\/wp-json\/wp\/v2\/types\/post"}],"author":[{"embeddable":true,"href":"https:\/\/www.copealcoy.es\/es\/wp-json\/wp\/v2\/users\/1"}],"replies":[{"embeddable":true,"href":"https:\/\/www.copealcoy.es\/es\/wp-json\/wp\/v2\/comments?post=125143"}],"version-history":[{"count":0,"href":"https:\/\/www.copealcoy.es\/es\/wp-json\/wp\/v2\/posts\/125143\/revisions"}],"wp:featuredmedia":[{"embeddable":true,"href":"https:\/\/www.copealcoy.es\/es\/wp-json\/wp\/v2\/media\/27742"}],"wp:attachment":[{"href":"https:\/\/www.copealcoy.es\/es\/wp-json\/wp\/v2\/media?parent=125143"}],"wp:term":[{"taxonomy":"category","embeddable":true,"href":"https:\/\/www.copealcoy.es\/es\/wp-json\/wp\/v2\/categories?post=125143"},{"taxonomy":"post_tag","embeddable":true,"href":"https:\/\/www.copealcoy.es\/es\/wp-json\/wp\/v2\/tags?post=125143"}],"curies":[{"name":"wp","href":"https:\/\/api.w.org\/{rel}","templated":true}]}}