{"id":125099,"date":"2023-11-17T08:33:39","date_gmt":"2023-11-17T07:33:39","guid":{"rendered":"https:\/\/www.copealcoy.es\/?p=125099"},"modified":"2023-11-17T08:37:16","modified_gmt":"2023-11-17T07:37:16","slug":"adios-al-verono-de-noviembre-en-alcoy-las-temperaturas-bajan-la-proxima-semana","status":"publish","type":"post","link":"https:\/\/www.copealcoy.es\/es\/adios-al-verono-de-noviembre-en-alcoy-las-temperaturas-bajan-la-proxima-semana\/","title":{"rendered":"Adi\u00f3s al &#8216;vero\u00f1o&#8217; de noviembre en Alcoy. Las temperaturas bajan la pr\u00f3xima semana"},"content":{"rendered":"<p style=\"text-align: justify;\">Al &#8220;vero\u00f1o&#8221; <strong>que nos ha acompa\u00f1ado durante la primera quincena de noviembre<\/strong> le quedan unos d\u00edas puesto que <strong>la previsi\u00f3n de <a href=\"https:\/\/www.aemet.es\/es\/eltiempo\/prediccion\/municipios\/alcoy-alcoi-id03009\" target=\"_blank\" rel=\"noopener\"><span style=\"color: #0000ff;\">la Agencia Estatal de Meteorolog\u00eda (AEMET)<\/span><\/a><\/strong> anuncia para la semana que viene <strong>una importante bajada de las temperaturas<\/strong>. Llegar\u00e1 el fr\u00edo, dos meses despu\u00e9s de la entrada del oto\u00f1o, y <strong>tocar\u00e1 por fin sacar la ropa de abrigo<\/strong> de los armarios.<\/p>\n<p style=\"text-align: justify;\">Para hoy <strong>viernes<\/strong> se espera alternancia de nubes y claros con unas m\u00e1ximas que bajar\u00e1n hasta los 23 grados mientras que las m\u00ednimas ser\u00e1n de 13 en la madrugada. Con este escenario <strong>pasaremos el tercer fin de semana de noviembre<\/strong> e incluso llegaremos al lunes pero ya a partir del martes cambiar\u00e1 la cosa. Para el <strong>s\u00e1bado\u00a0<\/strong>tendremos la misma situaci\u00f3n con m\u00e1ximas y m\u00ednimas que seguir\u00e1n sin pr\u00e1cticamente cambios. El <strong>domingo\u00a0<\/strong>seguir\u00e1 haciendo calor, con temperaturas de 25 grados en las horas centrales del d\u00eda y m\u00ednimas de 12, y ya el<strong> lunes\u00a0<\/strong>continuaremos con una situaci\u00f3n similar siendo esta la \u00faltima jornada en la que se espera calor propio de la primavera o el verano.\u00a0A partir de ese d\u00eda\u00a0<strong>las temperaturas m\u00e1ximas bajar\u00e1n considerablemente<\/strong>\u00a0hasta situarse en los 14 grados y las m\u00ednimas ser\u00e1n de 5, lo cual\u00a0<strong>ser\u00e1 la primera se\u00f1al de que el invierno est\u00e1 cerca<\/strong>\u00a0al menos seg\u00fan indica el calendario. Tambi\u00e9n\u00a0<strong>la cota de nieve<\/strong> bajar\u00e1 hasta los 1.300 metros en d\u00edas como el mismo martes o el mi\u00e9rcoles.<\/p>\n<p style=\"text-align: justify;\">Las temperaturas de esta semana<strong>\u00a0nos dejan tan solo a dos d\u00e9cimas del r\u00e9cord hist\u00f3rico de temperaturas<\/strong>\u00a0en el mes de noviembre. Concretamente\u00a0<strong>ese registro est\u00e1 en el 6 de noviembre de 2013,\u00a0<\/strong>fecha en la que la ciudad se alcanzaron los 27,2\u00baC\u00a0 &#8220;<em>cuando se registr\u00f3 esa m\u00e1xima, hizo dos d\u00edas de calor y r\u00e1pidamente baj\u00f3 la temperatura. Ese mismo a\u00f1o, el d\u00eda 16, nev\u00f3 por encima de los 400 metros. Fue una nevada copiosa y abundante&#8221;<\/em>, destac\u00f3 el martes en COPE ALCOY el meteor\u00f3logo <strong>Javi Mir\u00f3<\/strong>.<\/p>\n","protected":false},"excerpt":{"rendered":"<p>Al &#8220;vero\u00f1o&#8221; que nos ha acompa\u00f1ado durante la primera quincena de noviembre le quedan unos d\u00edas puesto que la previsi\u00f3n&#8230;<\/p>\n","protected":false},"author":1,"featured_media":70921,"comment_status":"open","ping_status":"open","sticky":false,"template":"","format":"standard","meta":{"footnotes":""},"categories":[6909,97,75],"tags":[12583,1494,14163,15942,573],"class_list":["post-125099","post","type-post","status-publish","format-standard","has-post-thumbnail","hentry","category-actualidad","category-alcoy","category-noticias","tag-aemet","tag-alcoy","tag-bajada-temperaturas","tag-elevadas-maximas","tag-frio"],"yoast_head":"<!-- This site is optimized with the Yoast SEO plugin v27.3 - https:\/\/yoast.com\/product\/yoast-seo-wordpress\/ -->\n<title>Adi\u00f3s al &#039;vero\u00f1o&#039; de noviembre en Alcoy. Las temperaturas bajan la pr\u00f3xima semana - COPE Alcoy<\/title>\n<meta name=\"description\" content=\"Las altas temperaturas que nos han acompa\u00f1ado en este mes de noviembre llegan a su fin y a partir de la semana que viene llega el fr\u00edo\" \/>\n<meta name=\"robots\" content=\"index, follow, max-snippet:-1, max-image-preview:large, max-video-preview:-1\" \/>\n<link rel=\"canonical\" href=\"https:\/\/www.copealcoy.es\/es\/adios-al-verono-de-noviembre-en-alcoy-las-temperaturas-bajan-la-proxima-semana\/\" \/>\n<meta property=\"og:locale\" content=\"es_ES\" \/>\n<meta property=\"og:type\" content=\"article\" \/>\n<meta property=\"og:title\" content=\"Adi\u00f3s al &#039;vero\u00f1o&#039; de noviembre en Alcoy. Las temperaturas bajan la pr\u00f3xima semana - COPE Alcoy\" \/>\n<meta property=\"og:description\" content=\"Las altas temperaturas que nos han acompa\u00f1ado en este mes de noviembre llegan a su fin y a partir de la semana que viene llega el fr\u00edo\" \/>\n<meta property=\"og:url\" content=\"https:\/\/www.copealcoy.es\/es\/adios-al-verono-de-noviembre-en-alcoy-las-temperaturas-bajan-la-proxima-semana\/\" \/>\n<meta property=\"og:site_name\" content=\"COPE Alcoy\" \/>\n<meta property=\"article:published_time\" content=\"2023-11-17T07:33:39+00:00\" \/>\n<meta property=\"article:modified_time\" content=\"2023-11-17T07:37:16+00:00\" \/>\n<meta property=\"og:image\" content=\"https:\/\/www.copealcoy.es\/wp-content\/uploads\/2021\/02\/0-alcoy-2.jpg\" \/>\n\t<meta property=\"og:image:width\" content=\"1280\" \/>\n\t<meta property=\"og:image:height\" content=\"720\" \/>\n\t<meta property=\"og:image:type\" content=\"image\/jpeg\" \/>\n<meta name=\"author\" content=\"Cope Alcoy\" \/>\n<meta name=\"twitter:label1\" content=\"Escrito por\" \/>\n\t<meta name=\"twitter:data1\" content=\"Cope Alcoy\" \/>\n\t<meta name=\"twitter:label2\" content=\"Tiempo de lectura\" \/>\n\t<meta name=\"twitter:data2\" content=\"2 minutos\" \/>\n<script type=\"application\/ld+json\" class=\"yoast-schema-graph\">{\"@context\":\"https:\\\/\\\/schema.org\",\"@graph\":[{\"@type\":\"Article\",\"@id\":\"https:\\\/\\\/www.copealcoy.es\\\/es\\\/adios-al-verono-de-noviembre-en-alcoy-las-temperaturas-bajan-la-proxima-semana\\\/#article\",\"isPartOf\":{\"@id\":\"https:\\\/\\\/www.copealcoy.es\\\/es\\\/adios-al-verono-de-noviembre-en-alcoy-las-temperaturas-bajan-la-proxima-semana\\\/\"},\"author\":{\"name\":\"Cope Alcoy\",\"@id\":\"https:\\\/\\\/www.copealcoy.es\\\/es\\\/#\\\/schema\\\/person\\\/e777c87fa024e57d40170af9df39882c\"},\"headline\":\"Adi\u00f3s al &#8216;vero\u00f1o&#8217; de noviembre en Alcoy. Las temperaturas bajan la pr\u00f3xima semana\",\"datePublished\":\"2023-11-17T07:33:39+00:00\",\"dateModified\":\"2023-11-17T07:37:16+00:00\",\"mainEntityOfPage\":{\"@id\":\"https:\\\/\\\/www.copealcoy.es\\\/es\\\/adios-al-verono-de-noviembre-en-alcoy-las-temperaturas-bajan-la-proxima-semana\\\/\"},\"wordCount\":370,\"commentCount\":0,\"image\":{\"@id\":\"https:\\\/\\\/www.copealcoy.es\\\/es\\\/adios-al-verono-de-noviembre-en-alcoy-las-temperaturas-bajan-la-proxima-semana\\\/#primaryimage\"},\"thumbnailUrl\":\"https:\\\/\\\/www.copealcoy.es\\\/wp-content\\\/uploads\\\/2021\\\/02\\\/0-alcoy-2.jpg\",\"keywords\":[\"AEMET\",\"Alcoy\",\"bajada temperaturas\",\"elevadas m\u00e1ximas\",\"Fr\u00edo\"],\"articleSection\":[\"Actualidad\",\"Alcoy\",\"Noticias\"],\"inLanguage\":\"es\"},{\"@type\":\"WebPage\",\"@id\":\"https:\\\/\\\/www.copealcoy.es\\\/es\\\/adios-al-verono-de-noviembre-en-alcoy-las-temperaturas-bajan-la-proxima-semana\\\/\",\"url\":\"https:\\\/\\\/www.copealcoy.es\\\/es\\\/adios-al-verono-de-noviembre-en-alcoy-las-temperaturas-bajan-la-proxima-semana\\\/\",\"name\":\"Adi\u00f3s al 'vero\u00f1o' de noviembre en Alcoy. Las temperaturas bajan la pr\u00f3xima semana - COPE Alcoy\",\"isPartOf\":{\"@id\":\"https:\\\/\\\/www.copealcoy.es\\\/es\\\/#website\"},\"primaryImageOfPage\":{\"@id\":\"https:\\\/\\\/www.copealcoy.es\\\/es\\\/adios-al-verono-de-noviembre-en-alcoy-las-temperaturas-bajan-la-proxima-semana\\\/#primaryimage\"},\"image\":{\"@id\":\"https:\\\/\\\/www.copealcoy.es\\\/es\\\/adios-al-verono-de-noviembre-en-alcoy-las-temperaturas-bajan-la-proxima-semana\\\/#primaryimage\"},\"thumbnailUrl\":\"https:\\\/\\\/www.copealcoy.es\\\/wp-content\\\/uploads\\\/2021\\\/02\\\/0-alcoy-2.jpg\",\"datePublished\":\"2023-11-17T07:33:39+00:00\",\"dateModified\":\"2023-11-17T07:37:16+00:00\",\"author\":{\"@id\":\"https:\\\/\\\/www.copealcoy.es\\\/es\\\/#\\\/schema\\\/person\\\/e777c87fa024e57d40170af9df39882c\"},\"description\":\"Las altas temperaturas que nos han acompa\u00f1ado en este mes de noviembre llegan a su fin y a partir de la semana que viene llega el fr\u00edo\",\"breadcrumb\":{\"@id\":\"https:\\\/\\\/www.copealcoy.es\\\/es\\\/adios-al-verono-de-noviembre-en-alcoy-las-temperaturas-bajan-la-proxima-semana\\\/#breadcrumb\"},\"inLanguage\":\"es\",\"potentialAction\":[{\"@type\":\"ReadAction\",\"target\":[\"https:\\\/\\\/www.copealcoy.es\\\/es\\\/adios-al-verono-de-noviembre-en-alcoy-las-temperaturas-bajan-la-proxima-semana\\\/\"]}]},{\"@type\":\"ImageObject\",\"inLanguage\":\"es\",\"@id\":\"https:\\\/\\\/www.copealcoy.es\\\/es\\\/adios-al-verono-de-noviembre-en-alcoy-las-temperaturas-bajan-la-proxima-semana\\\/#primaryimage\",\"url\":\"https:\\\/\\\/www.copealcoy.es\\\/wp-content\\\/uploads\\\/2021\\\/02\\\/0-alcoy-2.jpg\",\"contentUrl\":\"https:\\\/\\\/www.copealcoy.es\\\/wp-content\\\/uploads\\\/2021\\\/02\\\/0-alcoy-2.jpg\",\"width\":1280,\"height\":720},{\"@type\":\"BreadcrumbList\",\"@id\":\"https:\\\/\\\/www.copealcoy.es\\\/es\\\/adios-al-verono-de-noviembre-en-alcoy-las-temperaturas-bajan-la-proxima-semana\\\/#breadcrumb\",\"itemListElement\":[{\"@type\":\"ListItem\",\"position\":1,\"name\":\"Portada\",\"item\":\"https:\\\/\\\/www.copealcoy.es\\\/es\\\/\"},{\"@type\":\"ListItem\",\"position\":2,\"name\":\"Adi\u00f3s al &#8216;vero\u00f1o&#8217; de noviembre en Alcoy. Las temperaturas bajan la pr\u00f3xima semana\"}]},{\"@type\":\"WebSite\",\"@id\":\"https:\\\/\\\/www.copealcoy.es\\\/es\\\/#website\",\"url\":\"https:\\\/\\\/www.copealcoy.es\\\/es\\\/\",\"name\":\"COPE Alcoy\",\"description\":\"Emisora COPE de radio local con emisi\u00f3n online. Pont de Sant Jordi 8-10 03803 Alcoy\",\"potentialAction\":[{\"@type\":\"SearchAction\",\"target\":{\"@type\":\"EntryPoint\",\"urlTemplate\":\"https:\\\/\\\/www.copealcoy.es\\\/es\\\/?s={search_term_string}\"},\"query-input\":{\"@type\":\"PropertyValueSpecification\",\"valueRequired\":true,\"valueName\":\"search_term_string\"}}],\"inLanguage\":\"es\"},{\"@type\":\"Person\",\"@id\":\"https:\\\/\\\/www.copealcoy.es\\\/es\\\/#\\\/schema\\\/person\\\/e777c87fa024e57d40170af9df39882c\",\"name\":\"Cope Alcoy\",\"image\":{\"@type\":\"ImageObject\",\"inLanguage\":\"es\",\"@id\":\"https:\\\/\\\/secure.gravatar.com\\\/avatar\\\/bb65d0283347e303893ba14f0692005417c1e0e690a325a4c5d8bb2b3943ee14?s=96&d=mm&r=g\",\"url\":\"https:\\\/\\\/secure.gravatar.com\\\/avatar\\\/bb65d0283347e303893ba14f0692005417c1e0e690a325a4c5d8bb2b3943ee14?s=96&d=mm&r=g\",\"contentUrl\":\"https:\\\/\\\/secure.gravatar.com\\\/avatar\\\/bb65d0283347e303893ba14f0692005417c1e0e690a325a4c5d8bb2b3943ee14?s=96&d=mm&r=g\",\"caption\":\"Cope Alcoy\"}}]}<\/script>\n<!-- \/ Yoast SEO plugin. -->","yoast_head_json":{"title":"Adi\u00f3s al 'vero\u00f1o' de noviembre en Alcoy. Las temperaturas bajan la pr\u00f3xima semana - COPE Alcoy","description":"Las altas temperaturas que nos han acompa\u00f1ado en este mes de noviembre llegan a su fin y a partir de la semana que viene llega el fr\u00edo","robots":{"index":"index","follow":"follow","max-snippet":"max-snippet:-1","max-image-preview":"max-image-preview:large","max-video-preview":"max-video-preview:-1"},"canonical":"https:\/\/www.copealcoy.es\/es\/adios-al-verono-de-noviembre-en-alcoy-las-temperaturas-bajan-la-proxima-semana\/","og_locale":"es_ES","og_type":"article","og_title":"Adi\u00f3s al 'vero\u00f1o' de noviembre en Alcoy. Las temperaturas bajan la pr\u00f3xima semana - COPE Alcoy","og_description":"Las altas temperaturas que nos han acompa\u00f1ado en este mes de noviembre llegan a su fin y a partir de la semana que viene llega el fr\u00edo","og_url":"https:\/\/www.copealcoy.es\/es\/adios-al-verono-de-noviembre-en-alcoy-las-temperaturas-bajan-la-proxima-semana\/","og_site_name":"COPE Alcoy","article_published_time":"2023-11-17T07:33:39+00:00","article_modified_time":"2023-11-17T07:37:16+00:00","og_image":[{"width":1280,"height":720,"url":"https:\/\/www.copealcoy.es\/wp-content\/uploads\/2021\/02\/0-alcoy-2.jpg","type":"image\/jpeg"}],"author":"Cope Alcoy","twitter_misc":{"Escrito por":"Cope Alcoy","Tiempo de lectura":"2 minutos"},"schema":{"@context":"https:\/\/schema.org","@graph":[{"@type":"Article","@id":"https:\/\/www.copealcoy.es\/es\/adios-al-verono-de-noviembre-en-alcoy-las-temperaturas-bajan-la-proxima-semana\/#article","isPartOf":{"@id":"https:\/\/www.copealcoy.es\/es\/adios-al-verono-de-noviembre-en-alcoy-las-temperaturas-bajan-la-proxima-semana\/"},"author":{"name":"Cope Alcoy","@id":"https:\/\/www.copealcoy.es\/es\/#\/schema\/person\/e777c87fa024e57d40170af9df39882c"},"headline":"Adi\u00f3s al &#8216;vero\u00f1o&#8217; de noviembre en Alcoy. Las temperaturas bajan la pr\u00f3xima semana","datePublished":"2023-11-17T07:33:39+00:00","dateModified":"2023-11-17T07:37:16+00:00","mainEntityOfPage":{"@id":"https:\/\/www.copealcoy.es\/es\/adios-al-verono-de-noviembre-en-alcoy-las-temperaturas-bajan-la-proxima-semana\/"},"wordCount":370,"commentCount":0,"image":{"@id":"https:\/\/www.copealcoy.es\/es\/adios-al-verono-de-noviembre-en-alcoy-las-temperaturas-bajan-la-proxima-semana\/#primaryimage"},"thumbnailUrl":"https:\/\/www.copealcoy.es\/wp-content\/uploads\/2021\/02\/0-alcoy-2.jpg","keywords":["AEMET","Alcoy","bajada temperaturas","elevadas m\u00e1ximas","Fr\u00edo"],"articleSection":["Actualidad","Alcoy","Noticias"],"inLanguage":"es"},{"@type":"WebPage","@id":"https:\/\/www.copealcoy.es\/es\/adios-al-verono-de-noviembre-en-alcoy-las-temperaturas-bajan-la-proxima-semana\/","url":"https:\/\/www.copealcoy.es\/es\/adios-al-verono-de-noviembre-en-alcoy-las-temperaturas-bajan-la-proxima-semana\/","name":"Adi\u00f3s al 'vero\u00f1o' de noviembre en Alcoy. Las temperaturas bajan la pr\u00f3xima semana - COPE Alcoy","isPartOf":{"@id":"https:\/\/www.copealcoy.es\/es\/#website"},"primaryImageOfPage":{"@id":"https:\/\/www.copealcoy.es\/es\/adios-al-verono-de-noviembre-en-alcoy-las-temperaturas-bajan-la-proxima-semana\/#primaryimage"},"image":{"@id":"https:\/\/www.copealcoy.es\/es\/adios-al-verono-de-noviembre-en-alcoy-las-temperaturas-bajan-la-proxima-semana\/#primaryimage"},"thumbnailUrl":"https:\/\/www.copealcoy.es\/wp-content\/uploads\/2021\/02\/0-alcoy-2.jpg","datePublished":"2023-11-17T07:33:39+00:00","dateModified":"2023-11-17T07:37:16+00:00","author":{"@id":"https:\/\/www.copealcoy.es\/es\/#\/schema\/person\/e777c87fa024e57d40170af9df39882c"},"description":"Las altas temperaturas que nos han acompa\u00f1ado en este mes de noviembre llegan a su fin y a partir de la semana que viene llega el fr\u00edo","breadcrumb":{"@id":"https:\/\/www.copealcoy.es\/es\/adios-al-verono-de-noviembre-en-alcoy-las-temperaturas-bajan-la-proxima-semana\/#breadcrumb"},"inLanguage":"es","potentialAction":[{"@type":"ReadAction","target":["https:\/\/www.copealcoy.es\/es\/adios-al-verono-de-noviembre-en-alcoy-las-temperaturas-bajan-la-proxima-semana\/"]}]},{"@type":"ImageObject","inLanguage":"es","@id":"https:\/\/www.copealcoy.es\/es\/adios-al-verono-de-noviembre-en-alcoy-las-temperaturas-bajan-la-proxima-semana\/#primaryimage","url":"https:\/\/www.copealcoy.es\/wp-content\/uploads\/2021\/02\/0-alcoy-2.jpg","contentUrl":"https:\/\/www.copealcoy.es\/wp-content\/uploads\/2021\/02\/0-alcoy-2.jpg","width":1280,"height":720},{"@type":"BreadcrumbList","@id":"https:\/\/www.copealcoy.es\/es\/adios-al-verono-de-noviembre-en-alcoy-las-temperaturas-bajan-la-proxima-semana\/#breadcrumb","itemListElement":[{"@type":"ListItem","position":1,"name":"Portada","item":"https:\/\/www.copealcoy.es\/es\/"},{"@type":"ListItem","position":2,"name":"Adi\u00f3s al &#8216;vero\u00f1o&#8217; de noviembre en Alcoy. Las temperaturas bajan la pr\u00f3xima semana"}]},{"@type":"WebSite","@id":"https:\/\/www.copealcoy.es\/es\/#website","url":"https:\/\/www.copealcoy.es\/es\/","name":"COPE Alcoy","description":"Emisora COPE de radio local con emisi\u00f3n online. Pont de Sant Jordi 8-10 03803 Alcoy","potentialAction":[{"@type":"SearchAction","target":{"@type":"EntryPoint","urlTemplate":"https:\/\/www.copealcoy.es\/es\/?s={search_term_string}"},"query-input":{"@type":"PropertyValueSpecification","valueRequired":true,"valueName":"search_term_string"}}],"inLanguage":"es"},{"@type":"Person","@id":"https:\/\/www.copealcoy.es\/es\/#\/schema\/person\/e777c87fa024e57d40170af9df39882c","name":"Cope Alcoy","image":{"@type":"ImageObject","inLanguage":"es","@id":"https:\/\/secure.gravatar.com\/avatar\/bb65d0283347e303893ba14f0692005417c1e0e690a325a4c5d8bb2b3943ee14?s=96&d=mm&r=g","url":"https:\/\/secure.gravatar.com\/avatar\/bb65d0283347e303893ba14f0692005417c1e0e690a325a4c5d8bb2b3943ee14?s=96&d=mm&r=g","contentUrl":"https:\/\/secure.gravatar.com\/avatar\/bb65d0283347e303893ba14f0692005417c1e0e690a325a4c5d8bb2b3943ee14?s=96&d=mm&r=g","caption":"Cope Alcoy"}}]}},"_links":{"self":[{"href":"https:\/\/www.copealcoy.es\/es\/wp-json\/wp\/v2\/posts\/125099","targetHints":{"allow":["GET"]}}],"collection":[{"href":"https:\/\/www.copealcoy.es\/es\/wp-json\/wp\/v2\/posts"}],"about":[{"href":"https:\/\/www.copealcoy.es\/es\/wp-json\/wp\/v2\/types\/post"}],"author":[{"embeddable":true,"href":"https:\/\/www.copealcoy.es\/es\/wp-json\/wp\/v2\/users\/1"}],"replies":[{"embeddable":true,"href":"https:\/\/www.copealcoy.es\/es\/wp-json\/wp\/v2\/comments?post=125099"}],"version-history":[{"count":0,"href":"https:\/\/www.copealcoy.es\/es\/wp-json\/wp\/v2\/posts\/125099\/revisions"}],"wp:featuredmedia":[{"embeddable":true,"href":"https:\/\/www.copealcoy.es\/es\/wp-json\/wp\/v2\/media\/70921"}],"wp:attachment":[{"href":"https:\/\/www.copealcoy.es\/es\/wp-json\/wp\/v2\/media?parent=125099"}],"wp:term":[{"taxonomy":"category","embeddable":true,"href":"https:\/\/www.copealcoy.es\/es\/wp-json\/wp\/v2\/categories?post=125099"},{"taxonomy":"post_tag","embeddable":true,"href":"https:\/\/www.copealcoy.es\/es\/wp-json\/wp\/v2\/tags?post=125099"}],"curies":[{"name":"wp","href":"https:\/\/api.w.org\/{rel}","templated":true}]}}