{"id":125097,"date":"2023-11-17T07:30:41","date_gmt":"2023-11-17T06:30:41","guid":{"rendered":"https:\/\/www.copealcoy.es\/?p=125097"},"modified":"2023-11-17T13:05:59","modified_gmt":"2023-11-17T12:05:59","slug":"informativo-matinal-viernes-17-de-noviembre-2023-0720h","status":"publish","type":"post","link":"https:\/\/www.copealcoy.es\/es\/informativo-matinal-viernes-17-de-noviembre-2023-0720h\/","title":{"rendered":"Informativo matinal viernes 17 de noviembre 2023 (07:20h)"},"content":{"rendered":"<p><iframe loading=\"lazy\" title=\"Informatiu Matinal Divendres 17 De Novembre 2023 (07:20h)\" width=\"100%\" height=\"120\" src=\"https:\/\/www.mixcloud.com\/widget\/iframe\/?feed=https%3A%2F%2Fwww.mixcloud.com%2FCOPEAlcoy%2Finformatiu-matinal-divendres-17-de-novembre-2023-0720h%2F&amp;hide_cover=1\" frameborder=\"0\"><\/iframe><\/p>\n<p style=\"text-align: justify;\">El <strong>rescate de una ni\u00f1a atrapada en un balc\u00f3n de una vivienda en Ibi<\/strong> y la <strong>llegada del fr\u00edo<\/strong> la pr\u00f3xima semana son algunas de las noticias destacadas de este 17 de noviembre de 2023.<\/p>\n<p style=\"text-align: justify;\">Las\u00a0<strong>altas temperaturas<\/strong>\u00a0est\u00e1n siendo protagonistas en Alcoy en este ecuador de noviembre y, tal y como te venimos contando durante toda la semana,\u00a0<strong>las m\u00e1ximas est\u00e1n rozando los 30 grados<\/strong>\u00a0en un mes en el que\u00a0<strong>apenas se han registrado precipitaciones<\/strong>\u00a0en la ciudad. Esta situaci\u00f3n climatol\u00f3gica\u00a0<strong>seguir\u00e1 durante lo que queda de semana<\/strong>\u00a0pero ya empiezan a advertirse\u00a0<strong>cambios importantes<\/strong>\u00a0en la previsi\u00f3n del tiempo de la Agencia Estatal de Meteorolog\u00eda.<\/p>\n<p style=\"text-align: justify;\">\u00ab<em>El calor no ser\u00e1 cosa de un d\u00eda, sino que se alargar\u00e1 toda la semana\u00bb<\/em>, nos dec\u00eda en COPE ALCOY el mete\u00f3rologo\u00a0<strong>Javier Mir\u00f3\u00a0<\/strong>y as\u00ed se ha cumplido.\u00a0<strong>Ayer<\/strong>\u00a0se superaron los 27 grados en las horas centrales del d\u00eda y\u00a0<strong>hoy jueves<\/strong>\u00a0se espera que la temperatura no var\u00ede mucho con respecto al d\u00eda de ayer. Seguiremos con cielos despejados y predominio del sol mientras que\u00a0<strong>ma\u00f1ana viernes<\/strong>\u00a0se espera alternancia de nubes y claros con unas m\u00e1ximas que bajar\u00e1n hasta los 23 grados. Con este escenario\u00a0<strong>pasaremos el tercer fin de semana de noviembre<\/strong>\u00a0e incluso llegaremos al lunes pero ya a partir del martes cambiar\u00e1 la cosa. A partir de ese d\u00eda\u00a0<strong>las temperaturas m\u00e1ximas bajar\u00e1n considerablemente<\/strong>\u00a0hasta situarse en los 14 grados y las m\u00ednimas ser\u00e1n de 5, lo cual\u00a0<strong>ser\u00e1 la primera se\u00f1al de que el invierno est\u00e1 cerca<\/strong>\u00a0al menos seg\u00fan indica el calendario. Tambi\u00e9n\u00a0<strong>la cota de nieve<\/strong>\u00a0bajar\u00e1 hasta los 1.300 metros.<\/p>\n<p style=\"text-align: justify;\">Las temperaturas de esta semana<strong>\u00a0nos dejan tan solo a dos d\u00e9cimas del r\u00e9cord hist\u00f3rico de temperaturas<\/strong>\u00a0en el mes de noviembre. Concretamente\u00a0<strong>ese registro est\u00e1 en el 6 de noviembre de 2013,\u00a0<\/strong>fecha en la que la ciudad se alcanzaron los 27,2\u00baC\u00a0 \u00ab<em>cuando se registr\u00f3 esa m\u00e1xima, hizo dos d\u00edas de calor y r\u00e1pidamente baj\u00f3 la temperatura. Ese mismo a\u00f1o, el d\u00eda 16, nev\u00f3 por encima de los 400 metros. Fue una nevada copiosa y abundante<\/em>\u00ab, concluy\u00f3 Mir\u00f3 en declaraciones a esta emisora.<\/p>\n","protected":false},"excerpt":{"rendered":"<p>El rescate de una ni\u00f1a atrapada en un balc\u00f3n de una vivienda en Ibi y la llegada del fr\u00edo la&#8230;<\/p>\n","protected":false},"author":1,"featured_media":110612,"comment_status":"open","ping_status":"open","sticky":false,"template":"","format":"standard","meta":{"footnotes":""},"categories":[6909,89,91],"tags":[],"class_list":["post-125097","post","type-post","status-publish","format-standard","has-post-thumbnail","hentry","category-actualidad","category-audiosdelosprogramas","category-informativos"],"yoast_head":"<!-- This site is optimized with the Yoast SEO plugin v27.3 - https:\/\/yoast.com\/product\/yoast-seo-wordpress\/ -->\n<title>Informativo matinal viernes 17 de noviembre 2023 (07:20h) - COPE Alcoy<\/title>\n<meta name=\"description\" content=\"El rescate de una ni\u00f1a atrapada en un balc\u00f3n de una vivienda en Ibi y la llegada del fr\u00edo la pr\u00f3xima semana son algunas de las noticias destacadas de este 17 de noviembre de 2023.\" \/>\n<meta name=\"robots\" content=\"index, follow, max-snippet:-1, max-image-preview:large, max-video-preview:-1\" \/>\n<link rel=\"canonical\" href=\"https:\/\/www.copealcoy.es\/es\/informativo-matinal-viernes-17-de-noviembre-2023-0720h\/\" \/>\n<meta property=\"og:locale\" content=\"es_ES\" \/>\n<meta property=\"og:type\" content=\"article\" \/>\n<meta property=\"og:title\" content=\"Informativo matinal viernes 17 de noviembre 2023 (07:20h) - COPE Alcoy\" \/>\n<meta property=\"og:description\" content=\"El rescate de una ni\u00f1a atrapada en un balc\u00f3n de una vivienda en Ibi y la llegada del fr\u00edo la pr\u00f3xima semana son algunas de las noticias destacadas de este 17 de noviembre de 2023.\" \/>\n<meta property=\"og:url\" content=\"https:\/\/www.copealcoy.es\/es\/informativo-matinal-viernes-17-de-noviembre-2023-0720h\/\" \/>\n<meta property=\"og:site_name\" content=\"COPE Alcoy\" \/>\n<meta property=\"article:published_time\" content=\"2023-11-17T06:30:41+00:00\" \/>\n<meta property=\"article:modified_time\" content=\"2023-11-17T12:05:59+00:00\" \/>\n<meta property=\"og:image\" content=\"https:\/\/www.copealcoy.es\/wp-content\/uploads\/2023\/02\/Herrera-en-COPE-Alcoy-4.png\" \/>\n\t<meta property=\"og:image:width\" content=\"357\" \/>\n\t<meta property=\"og:image:height\" content=\"290\" \/>\n\t<meta property=\"og:image:type\" content=\"image\/png\" \/>\n<meta name=\"author\" content=\"Cope Alcoy\" \/>\n<meta name=\"twitter:label1\" content=\"Escrito por\" \/>\n\t<meta name=\"twitter:data1\" content=\"Cope Alcoy\" \/>\n\t<meta name=\"twitter:label2\" content=\"Tiempo de lectura\" \/>\n\t<meta name=\"twitter:data2\" content=\"2 minutos\" \/>\n<script type=\"application\/ld+json\" class=\"yoast-schema-graph\">{\"@context\":\"https:\\\/\\\/schema.org\",\"@graph\":[{\"@type\":\"Article\",\"@id\":\"https:\\\/\\\/www.copealcoy.es\\\/es\\\/informativo-matinal-viernes-17-de-noviembre-2023-0720h\\\/#article\",\"isPartOf\":{\"@id\":\"https:\\\/\\\/www.copealcoy.es\\\/es\\\/informativo-matinal-viernes-17-de-noviembre-2023-0720h\\\/\"},\"author\":{\"name\":\"Cope Alcoy\",\"@id\":\"https:\\\/\\\/www.copealcoy.es\\\/es\\\/#\\\/schema\\\/person\\\/e777c87fa024e57d40170af9df39882c\"},\"headline\":\"Informativo matinal viernes 17 de noviembre 2023 (07:20h)\",\"datePublished\":\"2023-11-17T06:30:41+00:00\",\"dateModified\":\"2023-11-17T12:05:59+00:00\",\"mainEntityOfPage\":{\"@id\":\"https:\\\/\\\/www.copealcoy.es\\\/es\\\/informativo-matinal-viernes-17-de-noviembre-2023-0720h\\\/\"},\"wordCount\":392,\"commentCount\":0,\"image\":{\"@id\":\"https:\\\/\\\/www.copealcoy.es\\\/es\\\/informativo-matinal-viernes-17-de-noviembre-2023-0720h\\\/#primaryimage\"},\"thumbnailUrl\":\"https:\\\/\\\/www.copealcoy.es\\\/wp-content\\\/uploads\\\/2023\\\/02\\\/Herrera-en-COPE-Alcoy-4.png\",\"articleSection\":[\"Actualidad\",\"Audios de los programas\",\"Informativos\"],\"inLanguage\":\"es\"},{\"@type\":\"WebPage\",\"@id\":\"https:\\\/\\\/www.copealcoy.es\\\/es\\\/informativo-matinal-viernes-17-de-noviembre-2023-0720h\\\/\",\"url\":\"https:\\\/\\\/www.copealcoy.es\\\/es\\\/informativo-matinal-viernes-17-de-noviembre-2023-0720h\\\/\",\"name\":\"Informativo matinal viernes 17 de noviembre 2023 (07:20h) - COPE Alcoy\",\"isPartOf\":{\"@id\":\"https:\\\/\\\/www.copealcoy.es\\\/es\\\/#website\"},\"primaryImageOfPage\":{\"@id\":\"https:\\\/\\\/www.copealcoy.es\\\/es\\\/informativo-matinal-viernes-17-de-noviembre-2023-0720h\\\/#primaryimage\"},\"image\":{\"@id\":\"https:\\\/\\\/www.copealcoy.es\\\/es\\\/informativo-matinal-viernes-17-de-noviembre-2023-0720h\\\/#primaryimage\"},\"thumbnailUrl\":\"https:\\\/\\\/www.copealcoy.es\\\/wp-content\\\/uploads\\\/2023\\\/02\\\/Herrera-en-COPE-Alcoy-4.png\",\"datePublished\":\"2023-11-17T06:30:41+00:00\",\"dateModified\":\"2023-11-17T12:05:59+00:00\",\"author\":{\"@id\":\"https:\\\/\\\/www.copealcoy.es\\\/es\\\/#\\\/schema\\\/person\\\/e777c87fa024e57d40170af9df39882c\"},\"description\":\"El rescate de una ni\u00f1a atrapada en un balc\u00f3n de una vivienda en Ibi y la llegada del fr\u00edo la pr\u00f3xima semana son algunas de las noticias destacadas de este 17 de noviembre de 2023.\",\"breadcrumb\":{\"@id\":\"https:\\\/\\\/www.copealcoy.es\\\/es\\\/informativo-matinal-viernes-17-de-noviembre-2023-0720h\\\/#breadcrumb\"},\"inLanguage\":\"es\",\"potentialAction\":[{\"@type\":\"ReadAction\",\"target\":[\"https:\\\/\\\/www.copealcoy.es\\\/es\\\/informativo-matinal-viernes-17-de-noviembre-2023-0720h\\\/\"]}]},{\"@type\":\"ImageObject\",\"inLanguage\":\"es\",\"@id\":\"https:\\\/\\\/www.copealcoy.es\\\/es\\\/informativo-matinal-viernes-17-de-noviembre-2023-0720h\\\/#primaryimage\",\"url\":\"https:\\\/\\\/www.copealcoy.es\\\/wp-content\\\/uploads\\\/2023\\\/02\\\/Herrera-en-COPE-Alcoy-4.png\",\"contentUrl\":\"https:\\\/\\\/www.copealcoy.es\\\/wp-content\\\/uploads\\\/2023\\\/02\\\/Herrera-en-COPE-Alcoy-4.png\",\"width\":357,\"height\":290},{\"@type\":\"BreadcrumbList\",\"@id\":\"https:\\\/\\\/www.copealcoy.es\\\/es\\\/informativo-matinal-viernes-17-de-noviembre-2023-0720h\\\/#breadcrumb\",\"itemListElement\":[{\"@type\":\"ListItem\",\"position\":1,\"name\":\"Portada\",\"item\":\"https:\\\/\\\/www.copealcoy.es\\\/es\\\/\"},{\"@type\":\"ListItem\",\"position\":2,\"name\":\"Informativo matinal viernes 17 de noviembre 2023 (07:20h)\"}]},{\"@type\":\"WebSite\",\"@id\":\"https:\\\/\\\/www.copealcoy.es\\\/es\\\/#website\",\"url\":\"https:\\\/\\\/www.copealcoy.es\\\/es\\\/\",\"name\":\"COPE Alcoy\",\"description\":\"Emisora COPE de radio local con emisi\u00f3n online. Pont de Sant Jordi 8-10 03803 Alcoy\",\"potentialAction\":[{\"@type\":\"SearchAction\",\"target\":{\"@type\":\"EntryPoint\",\"urlTemplate\":\"https:\\\/\\\/www.copealcoy.es\\\/es\\\/?s={search_term_string}\"},\"query-input\":{\"@type\":\"PropertyValueSpecification\",\"valueRequired\":true,\"valueName\":\"search_term_string\"}}],\"inLanguage\":\"es\"},{\"@type\":\"Person\",\"@id\":\"https:\\\/\\\/www.copealcoy.es\\\/es\\\/#\\\/schema\\\/person\\\/e777c87fa024e57d40170af9df39882c\",\"name\":\"Cope Alcoy\",\"image\":{\"@type\":\"ImageObject\",\"inLanguage\":\"es\",\"@id\":\"https:\\\/\\\/secure.gravatar.com\\\/avatar\\\/bb65d0283347e303893ba14f0692005417c1e0e690a325a4c5d8bb2b3943ee14?s=96&d=mm&r=g\",\"url\":\"https:\\\/\\\/secure.gravatar.com\\\/avatar\\\/bb65d0283347e303893ba14f0692005417c1e0e690a325a4c5d8bb2b3943ee14?s=96&d=mm&r=g\",\"contentUrl\":\"https:\\\/\\\/secure.gravatar.com\\\/avatar\\\/bb65d0283347e303893ba14f0692005417c1e0e690a325a4c5d8bb2b3943ee14?s=96&d=mm&r=g\",\"caption\":\"Cope Alcoy\"}}]}<\/script>\n<!-- \/ Yoast SEO plugin. -->","yoast_head_json":{"title":"Informativo matinal viernes 17 de noviembre 2023 (07:20h) - COPE Alcoy","description":"El rescate de una ni\u00f1a atrapada en un balc\u00f3n de una vivienda en Ibi y la llegada del fr\u00edo la pr\u00f3xima semana son algunas de las noticias destacadas de este 17 de noviembre de 2023.","robots":{"index":"index","follow":"follow","max-snippet":"max-snippet:-1","max-image-preview":"max-image-preview:large","max-video-preview":"max-video-preview:-1"},"canonical":"https:\/\/www.copealcoy.es\/es\/informativo-matinal-viernes-17-de-noviembre-2023-0720h\/","og_locale":"es_ES","og_type":"article","og_title":"Informativo matinal viernes 17 de noviembre 2023 (07:20h) - COPE Alcoy","og_description":"El rescate de una ni\u00f1a atrapada en un balc\u00f3n de una vivienda en Ibi y la llegada del fr\u00edo la pr\u00f3xima semana son algunas de las noticias destacadas de este 17 de noviembre de 2023.","og_url":"https:\/\/www.copealcoy.es\/es\/informativo-matinal-viernes-17-de-noviembre-2023-0720h\/","og_site_name":"COPE Alcoy","article_published_time":"2023-11-17T06:30:41+00:00","article_modified_time":"2023-11-17T12:05:59+00:00","og_image":[{"width":357,"height":290,"url":"https:\/\/www.copealcoy.es\/wp-content\/uploads\/2023\/02\/Herrera-en-COPE-Alcoy-4.png","type":"image\/png"}],"author":"Cope Alcoy","twitter_misc":{"Escrito por":"Cope Alcoy","Tiempo de lectura":"2 minutos"},"schema":{"@context":"https:\/\/schema.org","@graph":[{"@type":"Article","@id":"https:\/\/www.copealcoy.es\/es\/informativo-matinal-viernes-17-de-noviembre-2023-0720h\/#article","isPartOf":{"@id":"https:\/\/www.copealcoy.es\/es\/informativo-matinal-viernes-17-de-noviembre-2023-0720h\/"},"author":{"name":"Cope Alcoy","@id":"https:\/\/www.copealcoy.es\/es\/#\/schema\/person\/e777c87fa024e57d40170af9df39882c"},"headline":"Informativo matinal viernes 17 de noviembre 2023 (07:20h)","datePublished":"2023-11-17T06:30:41+00:00","dateModified":"2023-11-17T12:05:59+00:00","mainEntityOfPage":{"@id":"https:\/\/www.copealcoy.es\/es\/informativo-matinal-viernes-17-de-noviembre-2023-0720h\/"},"wordCount":392,"commentCount":0,"image":{"@id":"https:\/\/www.copealcoy.es\/es\/informativo-matinal-viernes-17-de-noviembre-2023-0720h\/#primaryimage"},"thumbnailUrl":"https:\/\/www.copealcoy.es\/wp-content\/uploads\/2023\/02\/Herrera-en-COPE-Alcoy-4.png","articleSection":["Actualidad","Audios de los programas","Informativos"],"inLanguage":"es"},{"@type":"WebPage","@id":"https:\/\/www.copealcoy.es\/es\/informativo-matinal-viernes-17-de-noviembre-2023-0720h\/","url":"https:\/\/www.copealcoy.es\/es\/informativo-matinal-viernes-17-de-noviembre-2023-0720h\/","name":"Informativo matinal viernes 17 de noviembre 2023 (07:20h) - COPE Alcoy","isPartOf":{"@id":"https:\/\/www.copealcoy.es\/es\/#website"},"primaryImageOfPage":{"@id":"https:\/\/www.copealcoy.es\/es\/informativo-matinal-viernes-17-de-noviembre-2023-0720h\/#primaryimage"},"image":{"@id":"https:\/\/www.copealcoy.es\/es\/informativo-matinal-viernes-17-de-noviembre-2023-0720h\/#primaryimage"},"thumbnailUrl":"https:\/\/www.copealcoy.es\/wp-content\/uploads\/2023\/02\/Herrera-en-COPE-Alcoy-4.png","datePublished":"2023-11-17T06:30:41+00:00","dateModified":"2023-11-17T12:05:59+00:00","author":{"@id":"https:\/\/www.copealcoy.es\/es\/#\/schema\/person\/e777c87fa024e57d40170af9df39882c"},"description":"El rescate de una ni\u00f1a atrapada en un balc\u00f3n de una vivienda en Ibi y la llegada del fr\u00edo la pr\u00f3xima semana son algunas de las noticias destacadas de este 17 de noviembre de 2023.","breadcrumb":{"@id":"https:\/\/www.copealcoy.es\/es\/informativo-matinal-viernes-17-de-noviembre-2023-0720h\/#breadcrumb"},"inLanguage":"es","potentialAction":[{"@type":"ReadAction","target":["https:\/\/www.copealcoy.es\/es\/informativo-matinal-viernes-17-de-noviembre-2023-0720h\/"]}]},{"@type":"ImageObject","inLanguage":"es","@id":"https:\/\/www.copealcoy.es\/es\/informativo-matinal-viernes-17-de-noviembre-2023-0720h\/#primaryimage","url":"https:\/\/www.copealcoy.es\/wp-content\/uploads\/2023\/02\/Herrera-en-COPE-Alcoy-4.png","contentUrl":"https:\/\/www.copealcoy.es\/wp-content\/uploads\/2023\/02\/Herrera-en-COPE-Alcoy-4.png","width":357,"height":290},{"@type":"BreadcrumbList","@id":"https:\/\/www.copealcoy.es\/es\/informativo-matinal-viernes-17-de-noviembre-2023-0720h\/#breadcrumb","itemListElement":[{"@type":"ListItem","position":1,"name":"Portada","item":"https:\/\/www.copealcoy.es\/es\/"},{"@type":"ListItem","position":2,"name":"Informativo matinal viernes 17 de noviembre 2023 (07:20h)"}]},{"@type":"WebSite","@id":"https:\/\/www.copealcoy.es\/es\/#website","url":"https:\/\/www.copealcoy.es\/es\/","name":"COPE Alcoy","description":"Emisora COPE de radio local con emisi\u00f3n online. Pont de Sant Jordi 8-10 03803 Alcoy","potentialAction":[{"@type":"SearchAction","target":{"@type":"EntryPoint","urlTemplate":"https:\/\/www.copealcoy.es\/es\/?s={search_term_string}"},"query-input":{"@type":"PropertyValueSpecification","valueRequired":true,"valueName":"search_term_string"}}],"inLanguage":"es"},{"@type":"Person","@id":"https:\/\/www.copealcoy.es\/es\/#\/schema\/person\/e777c87fa024e57d40170af9df39882c","name":"Cope Alcoy","image":{"@type":"ImageObject","inLanguage":"es","@id":"https:\/\/secure.gravatar.com\/avatar\/bb65d0283347e303893ba14f0692005417c1e0e690a325a4c5d8bb2b3943ee14?s=96&d=mm&r=g","url":"https:\/\/secure.gravatar.com\/avatar\/bb65d0283347e303893ba14f0692005417c1e0e690a325a4c5d8bb2b3943ee14?s=96&d=mm&r=g","contentUrl":"https:\/\/secure.gravatar.com\/avatar\/bb65d0283347e303893ba14f0692005417c1e0e690a325a4c5d8bb2b3943ee14?s=96&d=mm&r=g","caption":"Cope Alcoy"}}]}},"_links":{"self":[{"href":"https:\/\/www.copealcoy.es\/es\/wp-json\/wp\/v2\/posts\/125097","targetHints":{"allow":["GET"]}}],"collection":[{"href":"https:\/\/www.copealcoy.es\/es\/wp-json\/wp\/v2\/posts"}],"about":[{"href":"https:\/\/www.copealcoy.es\/es\/wp-json\/wp\/v2\/types\/post"}],"author":[{"embeddable":true,"href":"https:\/\/www.copealcoy.es\/es\/wp-json\/wp\/v2\/users\/1"}],"replies":[{"embeddable":true,"href":"https:\/\/www.copealcoy.es\/es\/wp-json\/wp\/v2\/comments?post=125097"}],"version-history":[{"count":0,"href":"https:\/\/www.copealcoy.es\/es\/wp-json\/wp\/v2\/posts\/125097\/revisions"}],"wp:featuredmedia":[{"embeddable":true,"href":"https:\/\/www.copealcoy.es\/es\/wp-json\/wp\/v2\/media\/110612"}],"wp:attachment":[{"href":"https:\/\/www.copealcoy.es\/es\/wp-json\/wp\/v2\/media?parent=125097"}],"wp:term":[{"taxonomy":"category","embeddable":true,"href":"https:\/\/www.copealcoy.es\/es\/wp-json\/wp\/v2\/categories?post=125097"},{"taxonomy":"post_tag","embeddable":true,"href":"https:\/\/www.copealcoy.es\/es\/wp-json\/wp\/v2\/tags?post=125097"}],"curies":[{"name":"wp","href":"https:\/\/api.w.org\/{rel}","templated":true}]}}