{"id":125069,"date":"2023-11-16T17:13:45","date_gmt":"2023-11-16T16:13:45","guid":{"rendered":"https:\/\/www.copealcoy.es\/?p=125069"},"modified":"2023-11-16T17:51:04","modified_gmt":"2023-11-16T16:51:04","slug":"los-90-anos-de-mutua-levante-en-140-paginas","status":"publish","type":"post","link":"https:\/\/www.copealcoy.es\/es\/los-90-anos-de-mutua-levante-en-140-paginas\/","title":{"rendered":"Los 90 a\u00f1os de Mutua Levante en 140 p\u00e1ginas"},"content":{"rendered":"<p style=\"text-align: justify;\">Desde su creaci\u00f3n en 1933 hasta la actualidad. <strong>Mutua Levante recoge sus 90 a\u00f1os de historia<\/strong> en un libro que ha sido presentado este jueves en la <strong>Fundaci\u00f3n Mutua Levante<\/strong>.<\/p>\n<p style=\"text-align: justify;\">Una obra de los historiadores <strong>\u00c0ngel Beneito, Elisa Beneyto y Llu\u00eds V\u00eddal<\/strong>. &#8220;Agradecer a los autores e historiadores por el libro, que ha sido un colof\u00f3n a lo que ha sido un a\u00f1o lleno de eventos y en el que hemos desdoblado nuestros esfuerzos con nuestras ayudas sociales y culturales&#8221;, ha asegurado <strong>Elena Turri\u00f3n<\/strong>, Consejera Delegada de Mutua Levante.<\/p>\n<p style=\"text-align: justify;\">Y para abordar la historia de la Mutua, los autores hacen un repaso al mutualismo alcoyano y los antecedentes de la entidad. &#8220;Mi mayor sorpresa ha sido que no solo trata la Mutua en s\u00ed, sino lo que son los seguros generales en toda espa\u00f1a desde 1830. <strong>Da mucha idea para el futuro, para que se pueda recordar el d\u00eda de ma\u00f1ana el trabajo de toda una generaci\u00f3n de mutualistas<\/strong>&#8220;, ha asegurado<strong> Juan Escrig<\/strong>, presidente del Consejo de Administraci\u00f3n de la entidad.<\/p>\n<p style=\"text-align: justify;\">Los primeros cap\u00edtulos repasan las etapas por las que pas\u00f3 la entidad y sus peculiaridades: los antecedentes hist\u00f3ricos del mutualismo alcoyano, su creaci\u00f3n, los a\u00f1os de guerra y posguerra, su posterior consolidaci\u00f3n&#8230; &#8220;El reto era interesante. <strong>Era necesario armonizar una composici\u00f3n rigurosa, a la vez que divulgativa y explicativa<\/strong>&#8220;, ha apuntado el historiador \u00c0ngel Beneito.<\/p>\n<p style=\"text-align: justify;\">Uno de los cap\u00edtulos est\u00e1 dedicado a la Fundaci\u00f3n. &#8220;Inccide en la <strong>vertiente social y cultural de la Mutua<\/strong> y las actividades que realiza a trav\u00e9s de la Fundaci\u00f3n. En el libro se muestra toodo aquello programado en los \u00fatimos a\u00f1os: exposiciones de arte, publicaciones&#8230; Tambi\u00e9n es important\u00edsima la labor social que ha llevado a cabo a beneficio de diferentes colectivos vulnerables&#8221;, explica Elisa Beneyto.<\/p>\n<p style=\"text-align: justify;\">&#8220;Se ha profundizado tambi\u00e9n en el apartado visual, con la recopilaci\u00f3n de<strong> im\u00e1genes hist\u00f3ricas y actuales<\/strong>. Por ejemplo, retratos de todos los presidentes que ha tenido la Mutua, planos de edificios&#8230;&#8221;, ha a\u00f1adido Llu\u00eds Vidal.<\/p>\n<p style=\"text-align: justify;\">La edici\u00f3n del libro cuenta con<strong> mil ejemplares<\/strong>, que se repartir\u00e1n a biblioteca, instituciones y otras entidades. Se trata de una publicaci\u00f3n que no estar\u00e1 a la venta.<\/p>\n","protected":false},"excerpt":{"rendered":"<p>Desde su creaci\u00f3n en 1933 hasta la actualidad. Mutua Levante recoge sus 90 a\u00f1os de historia en un libro que&#8230;<\/p>\n","protected":false},"author":1,"featured_media":125083,"comment_status":"open","ping_status":"open","sticky":false,"template":"","format":"standard","meta":{"footnotes":""},"categories":[6909,97,78,75],"tags":[9419,1494,14994,15940],"class_list":["post-125069","post","type-post","status-publish","format-standard","has-post-thumbnail","hentry","category-actualidad","category-alcoy","category-fiestaycultura","category-noticias","tag-90-aniversario","tag-alcoy","tag-mutua-levante","tag-mutualismo"],"yoast_head":"<!-- This site is optimized with the Yoast SEO plugin v27.3 - https:\/\/yoast.com\/product\/yoast-seo-wordpress\/ -->\n<title>Los 90 a\u00f1os de Mutua Levante en 140 p\u00e1ginas - COPE Alcoy<\/title>\n<meta name=\"description\" content=\"Desde su creaci\u00f3n en 1933 hasta la actualidad. Mutua Levante recoge sus 90 a\u00f1os de historia en un libro que ha sido presentado este jueves en la Fundaci\u00f3n Mutua Levante.\" \/>\n<meta name=\"robots\" content=\"index, follow, max-snippet:-1, max-image-preview:large, max-video-preview:-1\" \/>\n<link rel=\"canonical\" href=\"https:\/\/www.copealcoy.es\/es\/los-90-anos-de-mutua-levante-en-140-paginas\/\" \/>\n<meta property=\"og:locale\" content=\"es_ES\" \/>\n<meta property=\"og:type\" content=\"article\" \/>\n<meta property=\"og:title\" content=\"Los 90 a\u00f1os de Mutua Levante en 140 p\u00e1ginas - COPE Alcoy\" \/>\n<meta property=\"og:description\" content=\"Desde su creaci\u00f3n en 1933 hasta la actualidad. Mutua Levante recoge sus 90 a\u00f1os de historia en un libro que ha sido presentado este jueves en la Fundaci\u00f3n Mutua Levante.\" \/>\n<meta property=\"og:url\" content=\"https:\/\/www.copealcoy.es\/es\/los-90-anos-de-mutua-levante-en-140-paginas\/\" \/>\n<meta property=\"og:site_name\" content=\"COPE Alcoy\" \/>\n<meta property=\"article:published_time\" content=\"2023-11-16T16:13:45+00:00\" \/>\n<meta property=\"article:modified_time\" content=\"2023-11-16T16:51:04+00:00\" \/>\n<meta property=\"og:image\" content=\"https:\/\/www.copealcoy.es\/wp-content\/uploads\/2023\/11\/IMG_2160.jpg\" \/>\n\t<meta property=\"og:image:width\" content=\"640\" \/>\n\t<meta property=\"og:image:height\" content=\"480\" \/>\n\t<meta property=\"og:image:type\" content=\"image\/jpeg\" \/>\n<meta name=\"author\" content=\"Cope Alcoy\" \/>\n<meta name=\"twitter:label1\" content=\"Escrito por\" \/>\n\t<meta name=\"twitter:data1\" content=\"Cope Alcoy\" \/>\n\t<meta name=\"twitter:label2\" content=\"Tiempo de lectura\" \/>\n\t<meta name=\"twitter:data2\" content=\"2 minutos\" \/>\n<script type=\"application\/ld+json\" class=\"yoast-schema-graph\">{\"@context\":\"https:\\\/\\\/schema.org\",\"@graph\":[{\"@type\":\"Article\",\"@id\":\"https:\\\/\\\/www.copealcoy.es\\\/es\\\/los-90-anos-de-mutua-levante-en-140-paginas\\\/#article\",\"isPartOf\":{\"@id\":\"https:\\\/\\\/www.copealcoy.es\\\/es\\\/los-90-anos-de-mutua-levante-en-140-paginas\\\/\"},\"author\":{\"name\":\"Cope Alcoy\",\"@id\":\"https:\\\/\\\/www.copealcoy.es\\\/es\\\/#\\\/schema\\\/person\\\/e777c87fa024e57d40170af9df39882c\"},\"headline\":\"Los 90 a\u00f1os de Mutua Levante en 140 p\u00e1ginas\",\"datePublished\":\"2023-11-16T16:13:45+00:00\",\"dateModified\":\"2023-11-16T16:51:04+00:00\",\"mainEntityOfPage\":{\"@id\":\"https:\\\/\\\/www.copealcoy.es\\\/es\\\/los-90-anos-de-mutua-levante-en-140-paginas\\\/\"},\"wordCount\":395,\"commentCount\":0,\"image\":{\"@id\":\"https:\\\/\\\/www.copealcoy.es\\\/es\\\/los-90-anos-de-mutua-levante-en-140-paginas\\\/#primaryimage\"},\"thumbnailUrl\":\"https:\\\/\\\/www.copealcoy.es\\\/wp-content\\\/uploads\\\/2023\\\/11\\\/IMG_2160.jpg\",\"keywords\":[\"90 aniversario\",\"Alcoy\",\"Mutua Levante\",\"mutualismo\"],\"articleSection\":[\"Actualidad\",\"Alcoy\",\"Fiesta y Cultura\",\"Noticias\"],\"inLanguage\":\"es\"},{\"@type\":\"WebPage\",\"@id\":\"https:\\\/\\\/www.copealcoy.es\\\/es\\\/los-90-anos-de-mutua-levante-en-140-paginas\\\/\",\"url\":\"https:\\\/\\\/www.copealcoy.es\\\/es\\\/los-90-anos-de-mutua-levante-en-140-paginas\\\/\",\"name\":\"Los 90 a\u00f1os de Mutua Levante en 140 p\u00e1ginas - COPE Alcoy\",\"isPartOf\":{\"@id\":\"https:\\\/\\\/www.copealcoy.es\\\/es\\\/#website\"},\"primaryImageOfPage\":{\"@id\":\"https:\\\/\\\/www.copealcoy.es\\\/es\\\/los-90-anos-de-mutua-levante-en-140-paginas\\\/#primaryimage\"},\"image\":{\"@id\":\"https:\\\/\\\/www.copealcoy.es\\\/es\\\/los-90-anos-de-mutua-levante-en-140-paginas\\\/#primaryimage\"},\"thumbnailUrl\":\"https:\\\/\\\/www.copealcoy.es\\\/wp-content\\\/uploads\\\/2023\\\/11\\\/IMG_2160.jpg\",\"datePublished\":\"2023-11-16T16:13:45+00:00\",\"dateModified\":\"2023-11-16T16:51:04+00:00\",\"author\":{\"@id\":\"https:\\\/\\\/www.copealcoy.es\\\/es\\\/#\\\/schema\\\/person\\\/e777c87fa024e57d40170af9df39882c\"},\"description\":\"Desde su creaci\u00f3n en 1933 hasta la actualidad. Mutua Levante recoge sus 90 a\u00f1os de historia en un libro que ha sido presentado este jueves en la Fundaci\u00f3n Mutua Levante.\",\"breadcrumb\":{\"@id\":\"https:\\\/\\\/www.copealcoy.es\\\/es\\\/los-90-anos-de-mutua-levante-en-140-paginas\\\/#breadcrumb\"},\"inLanguage\":\"es\",\"potentialAction\":[{\"@type\":\"ReadAction\",\"target\":[\"https:\\\/\\\/www.copealcoy.es\\\/es\\\/los-90-anos-de-mutua-levante-en-140-paginas\\\/\"]}]},{\"@type\":\"ImageObject\",\"inLanguage\":\"es\",\"@id\":\"https:\\\/\\\/www.copealcoy.es\\\/es\\\/los-90-anos-de-mutua-levante-en-140-paginas\\\/#primaryimage\",\"url\":\"https:\\\/\\\/www.copealcoy.es\\\/wp-content\\\/uploads\\\/2023\\\/11\\\/IMG_2160.jpg\",\"contentUrl\":\"https:\\\/\\\/www.copealcoy.es\\\/wp-content\\\/uploads\\\/2023\\\/11\\\/IMG_2160.jpg\",\"width\":640,\"height\":480},{\"@type\":\"BreadcrumbList\",\"@id\":\"https:\\\/\\\/www.copealcoy.es\\\/es\\\/los-90-anos-de-mutua-levante-en-140-paginas\\\/#breadcrumb\",\"itemListElement\":[{\"@type\":\"ListItem\",\"position\":1,\"name\":\"Portada\",\"item\":\"https:\\\/\\\/www.copealcoy.es\\\/es\\\/\"},{\"@type\":\"ListItem\",\"position\":2,\"name\":\"Los 90 a\u00f1os de Mutua Levante en 140 p\u00e1ginas\"}]},{\"@type\":\"WebSite\",\"@id\":\"https:\\\/\\\/www.copealcoy.es\\\/es\\\/#website\",\"url\":\"https:\\\/\\\/www.copealcoy.es\\\/es\\\/\",\"name\":\"COPE Alcoy\",\"description\":\"Emisora COPE de radio local con emisi\u00f3n online. Pont de Sant Jordi 8-10 03803 Alcoy\",\"potentialAction\":[{\"@type\":\"SearchAction\",\"target\":{\"@type\":\"EntryPoint\",\"urlTemplate\":\"https:\\\/\\\/www.copealcoy.es\\\/es\\\/?s={search_term_string}\"},\"query-input\":{\"@type\":\"PropertyValueSpecification\",\"valueRequired\":true,\"valueName\":\"search_term_string\"}}],\"inLanguage\":\"es\"},{\"@type\":\"Person\",\"@id\":\"https:\\\/\\\/www.copealcoy.es\\\/es\\\/#\\\/schema\\\/person\\\/e777c87fa024e57d40170af9df39882c\",\"name\":\"Cope Alcoy\",\"image\":{\"@type\":\"ImageObject\",\"inLanguage\":\"es\",\"@id\":\"https:\\\/\\\/secure.gravatar.com\\\/avatar\\\/bb65d0283347e303893ba14f0692005417c1e0e690a325a4c5d8bb2b3943ee14?s=96&d=mm&r=g\",\"url\":\"https:\\\/\\\/secure.gravatar.com\\\/avatar\\\/bb65d0283347e303893ba14f0692005417c1e0e690a325a4c5d8bb2b3943ee14?s=96&d=mm&r=g\",\"contentUrl\":\"https:\\\/\\\/secure.gravatar.com\\\/avatar\\\/bb65d0283347e303893ba14f0692005417c1e0e690a325a4c5d8bb2b3943ee14?s=96&d=mm&r=g\",\"caption\":\"Cope Alcoy\"}}]}<\/script>\n<!-- \/ Yoast SEO plugin. -->","yoast_head_json":{"title":"Los 90 a\u00f1os de Mutua Levante en 140 p\u00e1ginas - COPE Alcoy","description":"Desde su creaci\u00f3n en 1933 hasta la actualidad. Mutua Levante recoge sus 90 a\u00f1os de historia en un libro que ha sido presentado este jueves en la Fundaci\u00f3n Mutua Levante.","robots":{"index":"index","follow":"follow","max-snippet":"max-snippet:-1","max-image-preview":"max-image-preview:large","max-video-preview":"max-video-preview:-1"},"canonical":"https:\/\/www.copealcoy.es\/es\/los-90-anos-de-mutua-levante-en-140-paginas\/","og_locale":"es_ES","og_type":"article","og_title":"Los 90 a\u00f1os de Mutua Levante en 140 p\u00e1ginas - COPE Alcoy","og_description":"Desde su creaci\u00f3n en 1933 hasta la actualidad. Mutua Levante recoge sus 90 a\u00f1os de historia en un libro que ha sido presentado este jueves en la Fundaci\u00f3n Mutua Levante.","og_url":"https:\/\/www.copealcoy.es\/es\/los-90-anos-de-mutua-levante-en-140-paginas\/","og_site_name":"COPE Alcoy","article_published_time":"2023-11-16T16:13:45+00:00","article_modified_time":"2023-11-16T16:51:04+00:00","og_image":[{"width":640,"height":480,"url":"https:\/\/www.copealcoy.es\/wp-content\/uploads\/2023\/11\/IMG_2160.jpg","type":"image\/jpeg"}],"author":"Cope Alcoy","twitter_misc":{"Escrito por":"Cope Alcoy","Tiempo de lectura":"2 minutos"},"schema":{"@context":"https:\/\/schema.org","@graph":[{"@type":"Article","@id":"https:\/\/www.copealcoy.es\/es\/los-90-anos-de-mutua-levante-en-140-paginas\/#article","isPartOf":{"@id":"https:\/\/www.copealcoy.es\/es\/los-90-anos-de-mutua-levante-en-140-paginas\/"},"author":{"name":"Cope Alcoy","@id":"https:\/\/www.copealcoy.es\/es\/#\/schema\/person\/e777c87fa024e57d40170af9df39882c"},"headline":"Los 90 a\u00f1os de Mutua Levante en 140 p\u00e1ginas","datePublished":"2023-11-16T16:13:45+00:00","dateModified":"2023-11-16T16:51:04+00:00","mainEntityOfPage":{"@id":"https:\/\/www.copealcoy.es\/es\/los-90-anos-de-mutua-levante-en-140-paginas\/"},"wordCount":395,"commentCount":0,"image":{"@id":"https:\/\/www.copealcoy.es\/es\/los-90-anos-de-mutua-levante-en-140-paginas\/#primaryimage"},"thumbnailUrl":"https:\/\/www.copealcoy.es\/wp-content\/uploads\/2023\/11\/IMG_2160.jpg","keywords":["90 aniversario","Alcoy","Mutua Levante","mutualismo"],"articleSection":["Actualidad","Alcoy","Fiesta y Cultura","Noticias"],"inLanguage":"es"},{"@type":"WebPage","@id":"https:\/\/www.copealcoy.es\/es\/los-90-anos-de-mutua-levante-en-140-paginas\/","url":"https:\/\/www.copealcoy.es\/es\/los-90-anos-de-mutua-levante-en-140-paginas\/","name":"Los 90 a\u00f1os de Mutua Levante en 140 p\u00e1ginas - COPE Alcoy","isPartOf":{"@id":"https:\/\/www.copealcoy.es\/es\/#website"},"primaryImageOfPage":{"@id":"https:\/\/www.copealcoy.es\/es\/los-90-anos-de-mutua-levante-en-140-paginas\/#primaryimage"},"image":{"@id":"https:\/\/www.copealcoy.es\/es\/los-90-anos-de-mutua-levante-en-140-paginas\/#primaryimage"},"thumbnailUrl":"https:\/\/www.copealcoy.es\/wp-content\/uploads\/2023\/11\/IMG_2160.jpg","datePublished":"2023-11-16T16:13:45+00:00","dateModified":"2023-11-16T16:51:04+00:00","author":{"@id":"https:\/\/www.copealcoy.es\/es\/#\/schema\/person\/e777c87fa024e57d40170af9df39882c"},"description":"Desde su creaci\u00f3n en 1933 hasta la actualidad. Mutua Levante recoge sus 90 a\u00f1os de historia en un libro que ha sido presentado este jueves en la Fundaci\u00f3n Mutua Levante.","breadcrumb":{"@id":"https:\/\/www.copealcoy.es\/es\/los-90-anos-de-mutua-levante-en-140-paginas\/#breadcrumb"},"inLanguage":"es","potentialAction":[{"@type":"ReadAction","target":["https:\/\/www.copealcoy.es\/es\/los-90-anos-de-mutua-levante-en-140-paginas\/"]}]},{"@type":"ImageObject","inLanguage":"es","@id":"https:\/\/www.copealcoy.es\/es\/los-90-anos-de-mutua-levante-en-140-paginas\/#primaryimage","url":"https:\/\/www.copealcoy.es\/wp-content\/uploads\/2023\/11\/IMG_2160.jpg","contentUrl":"https:\/\/www.copealcoy.es\/wp-content\/uploads\/2023\/11\/IMG_2160.jpg","width":640,"height":480},{"@type":"BreadcrumbList","@id":"https:\/\/www.copealcoy.es\/es\/los-90-anos-de-mutua-levante-en-140-paginas\/#breadcrumb","itemListElement":[{"@type":"ListItem","position":1,"name":"Portada","item":"https:\/\/www.copealcoy.es\/es\/"},{"@type":"ListItem","position":2,"name":"Los 90 a\u00f1os de Mutua Levante en 140 p\u00e1ginas"}]},{"@type":"WebSite","@id":"https:\/\/www.copealcoy.es\/es\/#website","url":"https:\/\/www.copealcoy.es\/es\/","name":"COPE Alcoy","description":"Emisora COPE de radio local con emisi\u00f3n online. Pont de Sant Jordi 8-10 03803 Alcoy","potentialAction":[{"@type":"SearchAction","target":{"@type":"EntryPoint","urlTemplate":"https:\/\/www.copealcoy.es\/es\/?s={search_term_string}"},"query-input":{"@type":"PropertyValueSpecification","valueRequired":true,"valueName":"search_term_string"}}],"inLanguage":"es"},{"@type":"Person","@id":"https:\/\/www.copealcoy.es\/es\/#\/schema\/person\/e777c87fa024e57d40170af9df39882c","name":"Cope Alcoy","image":{"@type":"ImageObject","inLanguage":"es","@id":"https:\/\/secure.gravatar.com\/avatar\/bb65d0283347e303893ba14f0692005417c1e0e690a325a4c5d8bb2b3943ee14?s=96&d=mm&r=g","url":"https:\/\/secure.gravatar.com\/avatar\/bb65d0283347e303893ba14f0692005417c1e0e690a325a4c5d8bb2b3943ee14?s=96&d=mm&r=g","contentUrl":"https:\/\/secure.gravatar.com\/avatar\/bb65d0283347e303893ba14f0692005417c1e0e690a325a4c5d8bb2b3943ee14?s=96&d=mm&r=g","caption":"Cope Alcoy"}}]}},"_links":{"self":[{"href":"https:\/\/www.copealcoy.es\/es\/wp-json\/wp\/v2\/posts\/125069","targetHints":{"allow":["GET"]}}],"collection":[{"href":"https:\/\/www.copealcoy.es\/es\/wp-json\/wp\/v2\/posts"}],"about":[{"href":"https:\/\/www.copealcoy.es\/es\/wp-json\/wp\/v2\/types\/post"}],"author":[{"embeddable":true,"href":"https:\/\/www.copealcoy.es\/es\/wp-json\/wp\/v2\/users\/1"}],"replies":[{"embeddable":true,"href":"https:\/\/www.copealcoy.es\/es\/wp-json\/wp\/v2\/comments?post=125069"}],"version-history":[{"count":0,"href":"https:\/\/www.copealcoy.es\/es\/wp-json\/wp\/v2\/posts\/125069\/revisions"}],"wp:featuredmedia":[{"embeddable":true,"href":"https:\/\/www.copealcoy.es\/es\/wp-json\/wp\/v2\/media\/125083"}],"wp:attachment":[{"href":"https:\/\/www.copealcoy.es\/es\/wp-json\/wp\/v2\/media?parent=125069"}],"wp:term":[{"taxonomy":"category","embeddable":true,"href":"https:\/\/www.copealcoy.es\/es\/wp-json\/wp\/v2\/categories?post=125069"},{"taxonomy":"post_tag","embeddable":true,"href":"https:\/\/www.copealcoy.es\/es\/wp-json\/wp\/v2\/tags?post=125069"}],"curies":[{"name":"wp","href":"https:\/\/api.w.org\/{rel}","templated":true}]}}