{"id":125015,"date":"2023-11-15T07:40:32","date_gmt":"2023-11-15T06:40:32","guid":{"rendered":"https:\/\/www.copealcoy.es\/?p=125015"},"modified":"2023-11-15T17:07:40","modified_gmt":"2023-11-15T16:07:40","slug":"mediodia-cope-alcoy-miercoles-15-de-noviembre-2023-1420h","status":"publish","type":"post","link":"https:\/\/www.copealcoy.es\/es\/mediodia-cope-alcoy-miercoles-15-de-noviembre-2023-1420h\/","title":{"rendered":"\u2018Mediod\u00eda Cope\u2019 Alcoy mi\u00e9rcoles 15 de noviembre 2023 (14:20h)"},"content":{"rendered":"<p><iframe loading=\"lazy\" title=\"&#039;Mediod\u00eda Cope&#039; Alcoi Dimecres 15 De Novembre 2023 (14:20h)\" width=\"100%\" height=\"120\" src=\"https:\/\/www.mixcloud.com\/widget\/iframe\/?feed=https%3A%2F%2Fwww.mixcloud.com%2FCOPEAlcoy%2Fmediod%25C3%25ADa-cope-alcoi-dimecres-15-de-novembre-2023-1420h%2F&amp;hide_cover=1\" frameborder=\"0\"><\/iframe><\/p>\n<p style=\"text-align: justify;\">Hoy mi\u00e9rcoles hemos destacado que <strong>la C\u00e1mara de Comercio de Alcoy ha convocado una nueva edici\u00f3n de sus premios<\/strong>, galardones que se entregar\u00e1n el pr\u00f3ximo mes de febrero. Tambi\u00e9n hemos comentado <strong>el incremento del riesgo de incendios forestales<\/strong> a ra\u00edz de las altas temperaturas que se est\u00e1n registrando en este oto\u00f1o.<\/p>\n<p style=\"text-align: justify;\">El oto\u00f1o\u00a0<strong>cada vez se est\u00e1 pareciendo m\u00e1s al verano<\/strong>\u00a0y as\u00ed lo confirman\u00a0<strong>las temperaturas<\/strong>\u00a0que, por ejemplo,\u00a0<strong>estamos teniendo en este ecuador del mes de noviembre<\/strong>. De hecho Alcoy\u00a0<strong>roz\u00f3 ayer los treinta grados en las horas centrales del d\u00eda<\/strong>\u00a0y esta situaci\u00f3n climatol\u00f3gica\u00a0<strong>se mantendr\u00e1 pr\u00e1cticamente hasta finales de semana<\/strong>\u00a0siendo un escenario totalmente ins\u00f3lito para la \u00e9poca del a\u00f1o en la que nos encontramos\u00a0<em>\u00abhay que observar la excepcionalidad de la duraci\u00f3n de estos episodios de altas temperaturas. Antes pod\u00edamos tener dos o tres d\u00edas de calor, pero no alargarse una semana. Tenemos un precedente en 2013, cuando en noviembre se registr\u00f3 esa m\u00e1xima de 27\u20192 grados pero fueron solo dos d\u00edas de calor y r\u00e1pidamente baj\u00f3 la temperatura.\u00a0<\/em><em>Ese mismo a\u00f1o, el d\u00eda 16, nev\u00f3 por encima de los 400 metros. Fue una nevada copiosa y abundante<\/em>\u00ab, dec\u00eda ayer en COPE ALCOY el meteor\u00f3logo\u00a0<strong>Javi Mir\u00f3<\/strong>.<\/p>\n<p style=\"text-align: justify;\">Ante este contexto,\u00a0<strong>se incrementa el riesgo de incendios forestales<\/strong>\u00a0tal y como ha quedado puesto de manifiesto en los dos \u00faltimos siniestros que ha sufrido la Comunitat Valenciana: el incendio de Montixelvo, que comenz\u00f3 el 2 de noviembre a ra\u00edz de los fuertes vientos,\u00a0 y el fuego que se declar\u00f3 ayer en la comarca de la Marina Alta. Desde colectivos como\u00a0<span style=\"color: #0000ff;\"><strong><a style=\"color: #0000ff;\" href=\"https:\/\/www.facebook.com\/acif.alcoi\" target=\"_blank\" rel=\"noopener\">ACIF<\/a><\/strong><\/span>\u00a0recordaban meses atr\u00e1s en COPE ALCOY\u00a0<strong>que este tipo de situaciones de riesgo de incendios van a ser cada vez m\u00e1s comunes fuera del verano<\/strong>, todo ello debido a\u00a0<strong>unas temperaturas que no dejan de subir, los fuertes vientos<\/strong>\u00a0que generan algunas borrascas<strong>\u00a0o el estr\u00e9s h\u00eddrico<\/strong>\u00a0<em>\u00abel cambio clim\u00e1tico, o la p\u00e9rdida de poblaci\u00f3n que sufren municipios de monta\u00f1a, son tambi\u00e9n algunas de las causas de los grandes incendios que se vienen produciendo en los \u00faltimos tiempos. No nos cansamos de repetir la importancia de actuar con responsabilidad ante unas condiciones meteorol\u00f3gicas extremas que aumentan ese riesgo de siniestros\u00bb,\u00a0<\/em>destacaba el presidente de ACIF;\u00a0<strong>Jordi Guti\u00e9rrez<\/strong>.<\/p>\n<p style=\"text-align: justify;\"><span style=\"color: #0000ff;\"><strong>El oto\u00f1o m\u00e1s seco de los \u00faltimos cinco a\u00f1os<\/strong><\/span><\/p>\n<p style=\"text-align: justify;\">Hoy se cumplen quince d\u00edas desde\u00a0<strong>el inicio del und\u00e9cimo mes del a\u00f1o<\/strong>\u00a0y hasta el momento<strong>\u00a0estamos ante el noviembre m\u00e1s seco de los \u00faltimos cinco a\u00f1os<\/strong>. Apenas\u00a0<strong>se han contabilizado precipitaciones<\/strong>\u00a0desde el 1 de noviembre en el\u00a0<span style=\"color: #0000ff;\"><a style=\"color: #0000ff;\" href=\"https:\/\/www.circuloindustrial.net\/pluvio.php\" target=\"_blank\" rel=\"noopener\"><strong>pluvi\u00f3metro del C\u00edrculo Industrial<\/strong><\/a>\u00a0<\/span> y\u00a0<strong>la tendencia para los pr\u00f3ximos d\u00edas<\/strong>, es que seguir\u00e1 la misma situaci\u00f3n atmosf\u00e9rica. Los\u00a0<strong>cambios<\/strong>\u00a0podr\u00edan llegar a partir del martes 21 con chubascos y bajada de m\u00e1ximas hasta valores m\u00e1s propios de la \u00e9poca del a\u00f1o en la que estamos.<\/p>\n","protected":false},"excerpt":{"rendered":"<p>Hoy mi\u00e9rcoles hemos destacado que la C\u00e1mara de Comercio de Alcoy ha convocado una nueva edici\u00f3n de sus premios, galardones&#8230;<\/p>\n","protected":false},"author":1,"featured_media":110640,"comment_status":"open","ping_status":"open","sticky":false,"template":"","format":"standard","meta":{"footnotes":""},"categories":[6909,89,91,75],"tags":[],"class_list":["post-125015","post","type-post","status-publish","format-standard","has-post-thumbnail","hentry","category-actualidad","category-audiosdelosprogramas","category-informativos","category-noticias"],"yoast_head":"<!-- This site is optimized with the Yoast SEO plugin v27.3 - https:\/\/yoast.com\/product\/yoast-seo-wordpress\/ -->\n<title>\u2018Mediod\u00eda Cope\u2019 Alcoy mi\u00e9rcoles 15 de noviembre 2023 (14:20h) - COPE Alcoy<\/title>\n<meta name=\"robots\" content=\"index, follow, max-snippet:-1, max-image-preview:large, max-video-preview:-1\" \/>\n<link rel=\"canonical\" href=\"https:\/\/www.copealcoy.es\/es\/mediodia-cope-alcoy-miercoles-15-de-noviembre-2023-1420h\/\" \/>\n<meta property=\"og:locale\" content=\"es_ES\" \/>\n<meta property=\"og:type\" content=\"article\" \/>\n<meta property=\"og:title\" content=\"\u2018Mediod\u00eda Cope\u2019 Alcoy mi\u00e9rcoles 15 de noviembre 2023 (14:20h) - COPE Alcoy\" \/>\n<meta property=\"og:description\" content=\"Hoy mi\u00e9rcoles hemos destacado que la C\u00e1mara de Comercio de Alcoy ha convocado una nueva edici\u00f3n de sus premios, galardones...\" \/>\n<meta property=\"og:url\" content=\"https:\/\/www.copealcoy.es\/es\/mediodia-cope-alcoy-miercoles-15-de-noviembre-2023-1420h\/\" \/>\n<meta property=\"og:site_name\" content=\"COPE Alcoy\" \/>\n<meta property=\"article:published_time\" content=\"2023-11-15T06:40:32+00:00\" \/>\n<meta property=\"article:modified_time\" content=\"2023-11-15T16:07:40+00:00\" \/>\n<meta property=\"og:image\" content=\"https:\/\/www.copealcoy.es\/wp-content\/uploads\/2023\/02\/511E7C88-D9D5-47F4-AF32-2A62DF0D1586.png\" \/>\n\t<meta property=\"og:image:width\" content=\"357\" \/>\n\t<meta property=\"og:image:height\" content=\"290\" \/>\n\t<meta property=\"og:image:type\" content=\"image\/png\" \/>\n<meta name=\"author\" content=\"Cope Alcoy\" \/>\n<meta name=\"twitter:label1\" content=\"Escrito por\" \/>\n\t<meta name=\"twitter:data1\" content=\"Cope Alcoy\" \/>\n\t<meta name=\"twitter:label2\" content=\"Tiempo de lectura\" \/>\n\t<meta name=\"twitter:data2\" content=\"3 minutos\" \/>\n<script type=\"application\/ld+json\" class=\"yoast-schema-graph\">{\"@context\":\"https:\\\/\\\/schema.org\",\"@graph\":[{\"@type\":\"Article\",\"@id\":\"https:\\\/\\\/www.copealcoy.es\\\/es\\\/mediodia-cope-alcoy-miercoles-15-de-noviembre-2023-1420h\\\/#article\",\"isPartOf\":{\"@id\":\"https:\\\/\\\/www.copealcoy.es\\\/es\\\/mediodia-cope-alcoy-miercoles-15-de-noviembre-2023-1420h\\\/\"},\"author\":{\"name\":\"Cope Alcoy\",\"@id\":\"https:\\\/\\\/www.copealcoy.es\\\/es\\\/#\\\/schema\\\/person\\\/e777c87fa024e57d40170af9df39882c\"},\"headline\":\"\u2018Mediod\u00eda Cope\u2019 Alcoy mi\u00e9rcoles 15 de noviembre 2023 (14:20h)\",\"datePublished\":\"2023-11-15T06:40:32+00:00\",\"dateModified\":\"2023-11-15T16:07:40+00:00\",\"mainEntityOfPage\":{\"@id\":\"https:\\\/\\\/www.copealcoy.es\\\/es\\\/mediodia-cope-alcoy-miercoles-15-de-noviembre-2023-1420h\\\/\"},\"wordCount\":537,\"commentCount\":0,\"image\":{\"@id\":\"https:\\\/\\\/www.copealcoy.es\\\/es\\\/mediodia-cope-alcoy-miercoles-15-de-noviembre-2023-1420h\\\/#primaryimage\"},\"thumbnailUrl\":\"https:\\\/\\\/www.copealcoy.es\\\/wp-content\\\/uploads\\\/2023\\\/02\\\/511E7C88-D9D5-47F4-AF32-2A62DF0D1586.png\",\"articleSection\":[\"Actualidad\",\"Audios de los programas\",\"Informativos\",\"Noticias\"],\"inLanguage\":\"es\"},{\"@type\":\"WebPage\",\"@id\":\"https:\\\/\\\/www.copealcoy.es\\\/es\\\/mediodia-cope-alcoy-miercoles-15-de-noviembre-2023-1420h\\\/\",\"url\":\"https:\\\/\\\/www.copealcoy.es\\\/es\\\/mediodia-cope-alcoy-miercoles-15-de-noviembre-2023-1420h\\\/\",\"name\":\"\u2018Mediod\u00eda Cope\u2019 Alcoy mi\u00e9rcoles 15 de noviembre 2023 (14:20h) - COPE Alcoy\",\"isPartOf\":{\"@id\":\"https:\\\/\\\/www.copealcoy.es\\\/es\\\/#website\"},\"primaryImageOfPage\":{\"@id\":\"https:\\\/\\\/www.copealcoy.es\\\/es\\\/mediodia-cope-alcoy-miercoles-15-de-noviembre-2023-1420h\\\/#primaryimage\"},\"image\":{\"@id\":\"https:\\\/\\\/www.copealcoy.es\\\/es\\\/mediodia-cope-alcoy-miercoles-15-de-noviembre-2023-1420h\\\/#primaryimage\"},\"thumbnailUrl\":\"https:\\\/\\\/www.copealcoy.es\\\/wp-content\\\/uploads\\\/2023\\\/02\\\/511E7C88-D9D5-47F4-AF32-2A62DF0D1586.png\",\"datePublished\":\"2023-11-15T06:40:32+00:00\",\"dateModified\":\"2023-11-15T16:07:40+00:00\",\"author\":{\"@id\":\"https:\\\/\\\/www.copealcoy.es\\\/es\\\/#\\\/schema\\\/person\\\/e777c87fa024e57d40170af9df39882c\"},\"breadcrumb\":{\"@id\":\"https:\\\/\\\/www.copealcoy.es\\\/es\\\/mediodia-cope-alcoy-miercoles-15-de-noviembre-2023-1420h\\\/#breadcrumb\"},\"inLanguage\":\"es\",\"potentialAction\":[{\"@type\":\"ReadAction\",\"target\":[\"https:\\\/\\\/www.copealcoy.es\\\/es\\\/mediodia-cope-alcoy-miercoles-15-de-noviembre-2023-1420h\\\/\"]}]},{\"@type\":\"ImageObject\",\"inLanguage\":\"es\",\"@id\":\"https:\\\/\\\/www.copealcoy.es\\\/es\\\/mediodia-cope-alcoy-miercoles-15-de-noviembre-2023-1420h\\\/#primaryimage\",\"url\":\"https:\\\/\\\/www.copealcoy.es\\\/wp-content\\\/uploads\\\/2023\\\/02\\\/511E7C88-D9D5-47F4-AF32-2A62DF0D1586.png\",\"contentUrl\":\"https:\\\/\\\/www.copealcoy.es\\\/wp-content\\\/uploads\\\/2023\\\/02\\\/511E7C88-D9D5-47F4-AF32-2A62DF0D1586.png\",\"width\":357,\"height\":290},{\"@type\":\"BreadcrumbList\",\"@id\":\"https:\\\/\\\/www.copealcoy.es\\\/es\\\/mediodia-cope-alcoy-miercoles-15-de-noviembre-2023-1420h\\\/#breadcrumb\",\"itemListElement\":[{\"@type\":\"ListItem\",\"position\":1,\"name\":\"Portada\",\"item\":\"https:\\\/\\\/www.copealcoy.es\\\/es\\\/\"},{\"@type\":\"ListItem\",\"position\":2,\"name\":\"\u2018Mediod\u00eda Cope\u2019 Alcoy mi\u00e9rcoles 15 de noviembre 2023 (14:20h)\"}]},{\"@type\":\"WebSite\",\"@id\":\"https:\\\/\\\/www.copealcoy.es\\\/es\\\/#website\",\"url\":\"https:\\\/\\\/www.copealcoy.es\\\/es\\\/\",\"name\":\"COPE Alcoy\",\"description\":\"Emisora COPE de radio local con emisi\u00f3n online. Pont de Sant Jordi 8-10 03803 Alcoy\",\"potentialAction\":[{\"@type\":\"SearchAction\",\"target\":{\"@type\":\"EntryPoint\",\"urlTemplate\":\"https:\\\/\\\/www.copealcoy.es\\\/es\\\/?s={search_term_string}\"},\"query-input\":{\"@type\":\"PropertyValueSpecification\",\"valueRequired\":true,\"valueName\":\"search_term_string\"}}],\"inLanguage\":\"es\"},{\"@type\":\"Person\",\"@id\":\"https:\\\/\\\/www.copealcoy.es\\\/es\\\/#\\\/schema\\\/person\\\/e777c87fa024e57d40170af9df39882c\",\"name\":\"Cope Alcoy\",\"image\":{\"@type\":\"ImageObject\",\"inLanguage\":\"es\",\"@id\":\"https:\\\/\\\/secure.gravatar.com\\\/avatar\\\/bb65d0283347e303893ba14f0692005417c1e0e690a325a4c5d8bb2b3943ee14?s=96&d=mm&r=g\",\"url\":\"https:\\\/\\\/secure.gravatar.com\\\/avatar\\\/bb65d0283347e303893ba14f0692005417c1e0e690a325a4c5d8bb2b3943ee14?s=96&d=mm&r=g\",\"contentUrl\":\"https:\\\/\\\/secure.gravatar.com\\\/avatar\\\/bb65d0283347e303893ba14f0692005417c1e0e690a325a4c5d8bb2b3943ee14?s=96&d=mm&r=g\",\"caption\":\"Cope Alcoy\"}}]}<\/script>\n<!-- \/ Yoast SEO plugin. -->","yoast_head_json":{"title":"\u2018Mediod\u00eda Cope\u2019 Alcoy mi\u00e9rcoles 15 de noviembre 2023 (14:20h) - COPE Alcoy","robots":{"index":"index","follow":"follow","max-snippet":"max-snippet:-1","max-image-preview":"max-image-preview:large","max-video-preview":"max-video-preview:-1"},"canonical":"https:\/\/www.copealcoy.es\/es\/mediodia-cope-alcoy-miercoles-15-de-noviembre-2023-1420h\/","og_locale":"es_ES","og_type":"article","og_title":"\u2018Mediod\u00eda Cope\u2019 Alcoy mi\u00e9rcoles 15 de noviembre 2023 (14:20h) - COPE Alcoy","og_description":"Hoy mi\u00e9rcoles hemos destacado que la C\u00e1mara de Comercio de Alcoy ha convocado una nueva edici\u00f3n de sus premios, galardones...","og_url":"https:\/\/www.copealcoy.es\/es\/mediodia-cope-alcoy-miercoles-15-de-noviembre-2023-1420h\/","og_site_name":"COPE Alcoy","article_published_time":"2023-11-15T06:40:32+00:00","article_modified_time":"2023-11-15T16:07:40+00:00","og_image":[{"width":357,"height":290,"url":"https:\/\/www.copealcoy.es\/wp-content\/uploads\/2023\/02\/511E7C88-D9D5-47F4-AF32-2A62DF0D1586.png","type":"image\/png"}],"author":"Cope Alcoy","twitter_misc":{"Escrito por":"Cope Alcoy","Tiempo de lectura":"3 minutos"},"schema":{"@context":"https:\/\/schema.org","@graph":[{"@type":"Article","@id":"https:\/\/www.copealcoy.es\/es\/mediodia-cope-alcoy-miercoles-15-de-noviembre-2023-1420h\/#article","isPartOf":{"@id":"https:\/\/www.copealcoy.es\/es\/mediodia-cope-alcoy-miercoles-15-de-noviembre-2023-1420h\/"},"author":{"name":"Cope Alcoy","@id":"https:\/\/www.copealcoy.es\/es\/#\/schema\/person\/e777c87fa024e57d40170af9df39882c"},"headline":"\u2018Mediod\u00eda Cope\u2019 Alcoy mi\u00e9rcoles 15 de noviembre 2023 (14:20h)","datePublished":"2023-11-15T06:40:32+00:00","dateModified":"2023-11-15T16:07:40+00:00","mainEntityOfPage":{"@id":"https:\/\/www.copealcoy.es\/es\/mediodia-cope-alcoy-miercoles-15-de-noviembre-2023-1420h\/"},"wordCount":537,"commentCount":0,"image":{"@id":"https:\/\/www.copealcoy.es\/es\/mediodia-cope-alcoy-miercoles-15-de-noviembre-2023-1420h\/#primaryimage"},"thumbnailUrl":"https:\/\/www.copealcoy.es\/wp-content\/uploads\/2023\/02\/511E7C88-D9D5-47F4-AF32-2A62DF0D1586.png","articleSection":["Actualidad","Audios de los programas","Informativos","Noticias"],"inLanguage":"es"},{"@type":"WebPage","@id":"https:\/\/www.copealcoy.es\/es\/mediodia-cope-alcoy-miercoles-15-de-noviembre-2023-1420h\/","url":"https:\/\/www.copealcoy.es\/es\/mediodia-cope-alcoy-miercoles-15-de-noviembre-2023-1420h\/","name":"\u2018Mediod\u00eda Cope\u2019 Alcoy mi\u00e9rcoles 15 de noviembre 2023 (14:20h) - COPE Alcoy","isPartOf":{"@id":"https:\/\/www.copealcoy.es\/es\/#website"},"primaryImageOfPage":{"@id":"https:\/\/www.copealcoy.es\/es\/mediodia-cope-alcoy-miercoles-15-de-noviembre-2023-1420h\/#primaryimage"},"image":{"@id":"https:\/\/www.copealcoy.es\/es\/mediodia-cope-alcoy-miercoles-15-de-noviembre-2023-1420h\/#primaryimage"},"thumbnailUrl":"https:\/\/www.copealcoy.es\/wp-content\/uploads\/2023\/02\/511E7C88-D9D5-47F4-AF32-2A62DF0D1586.png","datePublished":"2023-11-15T06:40:32+00:00","dateModified":"2023-11-15T16:07:40+00:00","author":{"@id":"https:\/\/www.copealcoy.es\/es\/#\/schema\/person\/e777c87fa024e57d40170af9df39882c"},"breadcrumb":{"@id":"https:\/\/www.copealcoy.es\/es\/mediodia-cope-alcoy-miercoles-15-de-noviembre-2023-1420h\/#breadcrumb"},"inLanguage":"es","potentialAction":[{"@type":"ReadAction","target":["https:\/\/www.copealcoy.es\/es\/mediodia-cope-alcoy-miercoles-15-de-noviembre-2023-1420h\/"]}]},{"@type":"ImageObject","inLanguage":"es","@id":"https:\/\/www.copealcoy.es\/es\/mediodia-cope-alcoy-miercoles-15-de-noviembre-2023-1420h\/#primaryimage","url":"https:\/\/www.copealcoy.es\/wp-content\/uploads\/2023\/02\/511E7C88-D9D5-47F4-AF32-2A62DF0D1586.png","contentUrl":"https:\/\/www.copealcoy.es\/wp-content\/uploads\/2023\/02\/511E7C88-D9D5-47F4-AF32-2A62DF0D1586.png","width":357,"height":290},{"@type":"BreadcrumbList","@id":"https:\/\/www.copealcoy.es\/es\/mediodia-cope-alcoy-miercoles-15-de-noviembre-2023-1420h\/#breadcrumb","itemListElement":[{"@type":"ListItem","position":1,"name":"Portada","item":"https:\/\/www.copealcoy.es\/es\/"},{"@type":"ListItem","position":2,"name":"\u2018Mediod\u00eda Cope\u2019 Alcoy mi\u00e9rcoles 15 de noviembre 2023 (14:20h)"}]},{"@type":"WebSite","@id":"https:\/\/www.copealcoy.es\/es\/#website","url":"https:\/\/www.copealcoy.es\/es\/","name":"COPE Alcoy","description":"Emisora COPE de radio local con emisi\u00f3n online. Pont de Sant Jordi 8-10 03803 Alcoy","potentialAction":[{"@type":"SearchAction","target":{"@type":"EntryPoint","urlTemplate":"https:\/\/www.copealcoy.es\/es\/?s={search_term_string}"},"query-input":{"@type":"PropertyValueSpecification","valueRequired":true,"valueName":"search_term_string"}}],"inLanguage":"es"},{"@type":"Person","@id":"https:\/\/www.copealcoy.es\/es\/#\/schema\/person\/e777c87fa024e57d40170af9df39882c","name":"Cope Alcoy","image":{"@type":"ImageObject","inLanguage":"es","@id":"https:\/\/secure.gravatar.com\/avatar\/bb65d0283347e303893ba14f0692005417c1e0e690a325a4c5d8bb2b3943ee14?s=96&d=mm&r=g","url":"https:\/\/secure.gravatar.com\/avatar\/bb65d0283347e303893ba14f0692005417c1e0e690a325a4c5d8bb2b3943ee14?s=96&d=mm&r=g","contentUrl":"https:\/\/secure.gravatar.com\/avatar\/bb65d0283347e303893ba14f0692005417c1e0e690a325a4c5d8bb2b3943ee14?s=96&d=mm&r=g","caption":"Cope Alcoy"}}]}},"_links":{"self":[{"href":"https:\/\/www.copealcoy.es\/es\/wp-json\/wp\/v2\/posts\/125015","targetHints":{"allow":["GET"]}}],"collection":[{"href":"https:\/\/www.copealcoy.es\/es\/wp-json\/wp\/v2\/posts"}],"about":[{"href":"https:\/\/www.copealcoy.es\/es\/wp-json\/wp\/v2\/types\/post"}],"author":[{"embeddable":true,"href":"https:\/\/www.copealcoy.es\/es\/wp-json\/wp\/v2\/users\/1"}],"replies":[{"embeddable":true,"href":"https:\/\/www.copealcoy.es\/es\/wp-json\/wp\/v2\/comments?post=125015"}],"version-history":[{"count":0,"href":"https:\/\/www.copealcoy.es\/es\/wp-json\/wp\/v2\/posts\/125015\/revisions"}],"wp:featuredmedia":[{"embeddable":true,"href":"https:\/\/www.copealcoy.es\/es\/wp-json\/wp\/v2\/media\/110640"}],"wp:attachment":[{"href":"https:\/\/www.copealcoy.es\/es\/wp-json\/wp\/v2\/media?parent=125015"}],"wp:term":[{"taxonomy":"category","embeddable":true,"href":"https:\/\/www.copealcoy.es\/es\/wp-json\/wp\/v2\/categories?post=125015"},{"taxonomy":"post_tag","embeddable":true,"href":"https:\/\/www.copealcoy.es\/es\/wp-json\/wp\/v2\/tags?post=125015"}],"curies":[{"name":"wp","href":"https:\/\/api.w.org\/{rel}","templated":true}]}}