{"id":124985,"date":"2023-11-15T07:30:35","date_gmt":"2023-11-15T06:30:35","guid":{"rendered":"https:\/\/www.copealcoy.es\/?p=124985"},"modified":"2023-11-15T08:46:19","modified_gmt":"2023-11-15T07:46:19","slug":"informativo-matinal-miercoles-15-de-noviembre-2023-0720h","status":"publish","type":"post","link":"https:\/\/www.copealcoy.es\/es\/informativo-matinal-miercoles-15-de-noviembre-2023-0720h\/","title":{"rendered":"Informativo matinal mi\u00e9rcoles 15 de noviembre 2023 (07:20h)"},"content":{"rendered":"<p><iframe loading=\"lazy\" title=\"Informatiu Matinal Dimecres 15 De Novembre 2023 (07:20h)\" width=\"100%\" height=\"120\" src=\"https:\/\/www.mixcloud.com\/widget\/iframe\/?feed=https%3A%2F%2Fwww.mixcloud.com%2FCOPEAlcoy%2Finformatiu-matinal-dimecres-15-de-novembre-2023-0720h%2F&amp;hide_cover=1\" frameborder=\"0\"><\/iframe><\/p>\n<p style=\"text-align: justify;\">La<strong> vuelta del calor a Alcoy y comarca<\/strong> en pleno mes de noviembre y los <strong>nombres de las personas que escribir\u00e1n y declamar\u00e1n el Bando Real de 2024<\/strong> son algunas de las noticias destacadas de este 15 de noviembre de 2023.<\/p>\n<p style=\"text-align: justify;\">El pr\u00f3ximo 5 de enero,<strong>\u00a0Sus Majestades los Reyes Magos de Oriente<\/strong>\u00a0visitar\u00e1n, como cada a\u00f1o,\u00a0<strong>Alcoy<\/strong>\u00a0en\u00a0<span style=\"color: #0000ff;\"><a style=\"color: #0000ff;\" href=\"https:\/\/www.alcoi.org\/es\/cabalgata\/cabalgata.html\" target=\"_blank\" rel=\"noopener\"><strong>una de las Cabalgatas<\/strong><\/a><\/span>\u00a0que goza del privilegio de ser\u00a0<strong>la m\u00e1s antigua de Espa\u00f1a<\/strong>. Para anunciar sus llegada,\u00a0<strong>Tono Belda<\/strong>, profesor de la Universidad de Alicante (UA), ha sido designado para trabajar junto al Embajador en la tarea de escribir el Bando Real. Adem\u00e1s, por primera vez en la historia, ser\u00e1 una mujer la que ayude al mismo Embajador Real a leer el texto el 4 de enero.\u00a0<strong>Pilar Almer\u00eda<\/strong>, actriz y directora de teatro alcoyana, ha sido elegida para esta misi\u00f3n \u00ab<em>desde el Ayuntamiento les damos la enhorabuena para participar de este acto que anunciar\u00e1 la visita de Sus Majestad los Reyes de Oriente el pr\u00f3ximo 4 de enero. Estamos seguros que har\u00e1n llegar de la mejor manera posible el mensaje de los reyes a todos los alcoyanos y alcoyanas. A diferencia otros lugares donde todo va dirigido \u00fanicamente a los m\u00e1s peque\u00f1os, en nuestra ciudad la magia del Nadal Alcoi\u00e0 hace que todos volvamos a nuestra infancia<\/em>\u00ab, ha destacado al respecto el concejal de Fiestas,\u00a0<strong>Jordi Mart\u00ednez<\/strong>.<\/p>\n<p style=\"text-align: justify;\">Recordar que\u00a0<strong>Tono Belda<\/strong>\u00a0naci\u00f3 en Alcoy en 1981, es Bi\u00f3logo y Profesor del Departamento de Ciencias de la Tierra y del Medio Ambiente y coordinador t\u00e9cnico de actividades culturales del Campus de Alcoy UA. Apasionado de la divulgaci\u00f3n e investigaci\u00f3n cient\u00edfica en bot\u00e1nica, micolog\u00eda y ecolog\u00eda de ambientes mediterr\u00e1neos. Ha participado en numerosos congresos, art\u00edculos cient\u00edficos y libros. Por su parte,\u00a0<strong>Pilar Almer\u00eda Serrano<\/strong>\u00a0naci\u00f3 en Alcoy en 1958 y es actriz as\u00ed como directora teatral. Ha participado en m\u00e1s de 30 espect\u00e1culos, ha dirigido montajes y participado en series de televisi\u00f3n y largometrajes. Ha desarrollado una larga carrera profesional con el reconocimiento de galardones como: Premi Tirant a mejor actriz protagonista o Premio mejor actriz de teatro y de televisi\u00f3n de la Associaci\u00f3 d\u2019actors del Pa\u00eds Valenci\u00e0.<\/p>\n","protected":false},"excerpt":{"rendered":"<p>La vuelta del calor a Alcoy y comarca en pleno mes de noviembre y los nombres de las personas que&#8230;<\/p>\n","protected":false},"author":1,"featured_media":110612,"comment_status":"open","ping_status":"open","sticky":false,"template":"","format":"standard","meta":{"footnotes":""},"categories":[6909,89,91],"tags":[],"class_list":["post-124985","post","type-post","status-publish","format-standard","has-post-thumbnail","hentry","category-actualidad","category-audiosdelosprogramas","category-informativos"],"yoast_head":"<!-- This site is optimized with the Yoast SEO plugin v27.3 - https:\/\/yoast.com\/product\/yoast-seo-wordpress\/ -->\n<title>Informativo matinal mi\u00e9rcoles 15 de noviembre 2023 (07:20h) - COPE Alcoy<\/title>\n<meta name=\"description\" content=\"La vuelta del calor a Alcoy y comarca en pleno mes de noviembre y los nombres de las personas que escribir\u00e1n y declamar\u00e1n el Bando Real de 2024 son algunas de las noticias destacadas de este 15 de noviembre de 2023.\" \/>\n<meta name=\"robots\" content=\"index, follow, max-snippet:-1, max-image-preview:large, max-video-preview:-1\" \/>\n<link rel=\"canonical\" href=\"https:\/\/www.copealcoy.es\/es\/informativo-matinal-miercoles-15-de-noviembre-2023-0720h\/\" \/>\n<meta property=\"og:locale\" content=\"es_ES\" \/>\n<meta property=\"og:type\" content=\"article\" \/>\n<meta property=\"og:title\" content=\"Informativo matinal mi\u00e9rcoles 15 de noviembre 2023 (07:20h) - COPE Alcoy\" \/>\n<meta property=\"og:description\" content=\"La vuelta del calor a Alcoy y comarca en pleno mes de noviembre y los nombres de las personas que escribir\u00e1n y declamar\u00e1n el Bando Real de 2024 son algunas de las noticias destacadas de este 15 de noviembre de 2023.\" \/>\n<meta property=\"og:url\" content=\"https:\/\/www.copealcoy.es\/es\/informativo-matinal-miercoles-15-de-noviembre-2023-0720h\/\" \/>\n<meta property=\"og:site_name\" content=\"COPE Alcoy\" \/>\n<meta property=\"article:published_time\" content=\"2023-11-15T06:30:35+00:00\" \/>\n<meta property=\"article:modified_time\" content=\"2023-11-15T07:46:19+00:00\" \/>\n<meta property=\"og:image\" content=\"https:\/\/www.copealcoy.es\/wp-content\/uploads\/2023\/02\/Herrera-en-COPE-Alcoy-4.png\" \/>\n\t<meta property=\"og:image:width\" content=\"357\" \/>\n\t<meta property=\"og:image:height\" content=\"290\" \/>\n\t<meta property=\"og:image:type\" content=\"image\/png\" \/>\n<meta name=\"author\" content=\"Cope Alcoy\" \/>\n<meta name=\"twitter:label1\" content=\"Escrito por\" \/>\n\t<meta name=\"twitter:data1\" content=\"Cope Alcoy\" \/>\n\t<meta name=\"twitter:label2\" content=\"Tiempo de lectura\" \/>\n\t<meta name=\"twitter:data2\" content=\"2 minutos\" \/>\n<script type=\"application\/ld+json\" class=\"yoast-schema-graph\">{\"@context\":\"https:\\\/\\\/schema.org\",\"@graph\":[{\"@type\":\"Article\",\"@id\":\"https:\\\/\\\/www.copealcoy.es\\\/es\\\/informativo-matinal-miercoles-15-de-noviembre-2023-0720h\\\/#article\",\"isPartOf\":{\"@id\":\"https:\\\/\\\/www.copealcoy.es\\\/es\\\/informativo-matinal-miercoles-15-de-noviembre-2023-0720h\\\/\"},\"author\":{\"name\":\"Cope Alcoy\",\"@id\":\"https:\\\/\\\/www.copealcoy.es\\\/es\\\/#\\\/schema\\\/person\\\/e777c87fa024e57d40170af9df39882c\"},\"headline\":\"Informativo matinal mi\u00e9rcoles 15 de noviembre 2023 (07:20h)\",\"datePublished\":\"2023-11-15T06:30:35+00:00\",\"dateModified\":\"2023-11-15T07:46:19+00:00\",\"mainEntityOfPage\":{\"@id\":\"https:\\\/\\\/www.copealcoy.es\\\/es\\\/informativo-matinal-miercoles-15-de-noviembre-2023-0720h\\\/\"},\"wordCount\":398,\"commentCount\":0,\"image\":{\"@id\":\"https:\\\/\\\/www.copealcoy.es\\\/es\\\/informativo-matinal-miercoles-15-de-noviembre-2023-0720h\\\/#primaryimage\"},\"thumbnailUrl\":\"https:\\\/\\\/www.copealcoy.es\\\/wp-content\\\/uploads\\\/2023\\\/02\\\/Herrera-en-COPE-Alcoy-4.png\",\"articleSection\":[\"Actualidad\",\"Audios de los programas\",\"Informativos\"],\"inLanguage\":\"es\"},{\"@type\":\"WebPage\",\"@id\":\"https:\\\/\\\/www.copealcoy.es\\\/es\\\/informativo-matinal-miercoles-15-de-noviembre-2023-0720h\\\/\",\"url\":\"https:\\\/\\\/www.copealcoy.es\\\/es\\\/informativo-matinal-miercoles-15-de-noviembre-2023-0720h\\\/\",\"name\":\"Informativo matinal mi\u00e9rcoles 15 de noviembre 2023 (07:20h) - COPE Alcoy\",\"isPartOf\":{\"@id\":\"https:\\\/\\\/www.copealcoy.es\\\/es\\\/#website\"},\"primaryImageOfPage\":{\"@id\":\"https:\\\/\\\/www.copealcoy.es\\\/es\\\/informativo-matinal-miercoles-15-de-noviembre-2023-0720h\\\/#primaryimage\"},\"image\":{\"@id\":\"https:\\\/\\\/www.copealcoy.es\\\/es\\\/informativo-matinal-miercoles-15-de-noviembre-2023-0720h\\\/#primaryimage\"},\"thumbnailUrl\":\"https:\\\/\\\/www.copealcoy.es\\\/wp-content\\\/uploads\\\/2023\\\/02\\\/Herrera-en-COPE-Alcoy-4.png\",\"datePublished\":\"2023-11-15T06:30:35+00:00\",\"dateModified\":\"2023-11-15T07:46:19+00:00\",\"author\":{\"@id\":\"https:\\\/\\\/www.copealcoy.es\\\/es\\\/#\\\/schema\\\/person\\\/e777c87fa024e57d40170af9df39882c\"},\"description\":\"La vuelta del calor a Alcoy y comarca en pleno mes de noviembre y los nombres de las personas que escribir\u00e1n y declamar\u00e1n el Bando Real de 2024 son algunas de las noticias destacadas de este 15 de noviembre de 2023.\",\"breadcrumb\":{\"@id\":\"https:\\\/\\\/www.copealcoy.es\\\/es\\\/informativo-matinal-miercoles-15-de-noviembre-2023-0720h\\\/#breadcrumb\"},\"inLanguage\":\"es\",\"potentialAction\":[{\"@type\":\"ReadAction\",\"target\":[\"https:\\\/\\\/www.copealcoy.es\\\/es\\\/informativo-matinal-miercoles-15-de-noviembre-2023-0720h\\\/\"]}]},{\"@type\":\"ImageObject\",\"inLanguage\":\"es\",\"@id\":\"https:\\\/\\\/www.copealcoy.es\\\/es\\\/informativo-matinal-miercoles-15-de-noviembre-2023-0720h\\\/#primaryimage\",\"url\":\"https:\\\/\\\/www.copealcoy.es\\\/wp-content\\\/uploads\\\/2023\\\/02\\\/Herrera-en-COPE-Alcoy-4.png\",\"contentUrl\":\"https:\\\/\\\/www.copealcoy.es\\\/wp-content\\\/uploads\\\/2023\\\/02\\\/Herrera-en-COPE-Alcoy-4.png\",\"width\":357,\"height\":290},{\"@type\":\"BreadcrumbList\",\"@id\":\"https:\\\/\\\/www.copealcoy.es\\\/es\\\/informativo-matinal-miercoles-15-de-noviembre-2023-0720h\\\/#breadcrumb\",\"itemListElement\":[{\"@type\":\"ListItem\",\"position\":1,\"name\":\"Portada\",\"item\":\"https:\\\/\\\/www.copealcoy.es\\\/es\\\/\"},{\"@type\":\"ListItem\",\"position\":2,\"name\":\"Informativo matinal mi\u00e9rcoles 15 de noviembre 2023 (07:20h)\"}]},{\"@type\":\"WebSite\",\"@id\":\"https:\\\/\\\/www.copealcoy.es\\\/es\\\/#website\",\"url\":\"https:\\\/\\\/www.copealcoy.es\\\/es\\\/\",\"name\":\"COPE Alcoy\",\"description\":\"Emisora COPE de radio local con emisi\u00f3n online. Pont de Sant Jordi 8-10 03803 Alcoy\",\"potentialAction\":[{\"@type\":\"SearchAction\",\"target\":{\"@type\":\"EntryPoint\",\"urlTemplate\":\"https:\\\/\\\/www.copealcoy.es\\\/es\\\/?s={search_term_string}\"},\"query-input\":{\"@type\":\"PropertyValueSpecification\",\"valueRequired\":true,\"valueName\":\"search_term_string\"}}],\"inLanguage\":\"es\"},{\"@type\":\"Person\",\"@id\":\"https:\\\/\\\/www.copealcoy.es\\\/es\\\/#\\\/schema\\\/person\\\/e777c87fa024e57d40170af9df39882c\",\"name\":\"Cope Alcoy\",\"image\":{\"@type\":\"ImageObject\",\"inLanguage\":\"es\",\"@id\":\"https:\\\/\\\/secure.gravatar.com\\\/avatar\\\/bb65d0283347e303893ba14f0692005417c1e0e690a325a4c5d8bb2b3943ee14?s=96&d=mm&r=g\",\"url\":\"https:\\\/\\\/secure.gravatar.com\\\/avatar\\\/bb65d0283347e303893ba14f0692005417c1e0e690a325a4c5d8bb2b3943ee14?s=96&d=mm&r=g\",\"contentUrl\":\"https:\\\/\\\/secure.gravatar.com\\\/avatar\\\/bb65d0283347e303893ba14f0692005417c1e0e690a325a4c5d8bb2b3943ee14?s=96&d=mm&r=g\",\"caption\":\"Cope Alcoy\"}}]}<\/script>\n<!-- \/ Yoast SEO plugin. -->","yoast_head_json":{"title":"Informativo matinal mi\u00e9rcoles 15 de noviembre 2023 (07:20h) - COPE Alcoy","description":"La vuelta del calor a Alcoy y comarca en pleno mes de noviembre y los nombres de las personas que escribir\u00e1n y declamar\u00e1n el Bando Real de 2024 son algunas de las noticias destacadas de este 15 de noviembre de 2023.","robots":{"index":"index","follow":"follow","max-snippet":"max-snippet:-1","max-image-preview":"max-image-preview:large","max-video-preview":"max-video-preview:-1"},"canonical":"https:\/\/www.copealcoy.es\/es\/informativo-matinal-miercoles-15-de-noviembre-2023-0720h\/","og_locale":"es_ES","og_type":"article","og_title":"Informativo matinal mi\u00e9rcoles 15 de noviembre 2023 (07:20h) - COPE Alcoy","og_description":"La vuelta del calor a Alcoy y comarca en pleno mes de noviembre y los nombres de las personas que escribir\u00e1n y declamar\u00e1n el Bando Real de 2024 son algunas de las noticias destacadas de este 15 de noviembre de 2023.","og_url":"https:\/\/www.copealcoy.es\/es\/informativo-matinal-miercoles-15-de-noviembre-2023-0720h\/","og_site_name":"COPE Alcoy","article_published_time":"2023-11-15T06:30:35+00:00","article_modified_time":"2023-11-15T07:46:19+00:00","og_image":[{"width":357,"height":290,"url":"https:\/\/www.copealcoy.es\/wp-content\/uploads\/2023\/02\/Herrera-en-COPE-Alcoy-4.png","type":"image\/png"}],"author":"Cope Alcoy","twitter_misc":{"Escrito por":"Cope Alcoy","Tiempo de lectura":"2 minutos"},"schema":{"@context":"https:\/\/schema.org","@graph":[{"@type":"Article","@id":"https:\/\/www.copealcoy.es\/es\/informativo-matinal-miercoles-15-de-noviembre-2023-0720h\/#article","isPartOf":{"@id":"https:\/\/www.copealcoy.es\/es\/informativo-matinal-miercoles-15-de-noviembre-2023-0720h\/"},"author":{"name":"Cope Alcoy","@id":"https:\/\/www.copealcoy.es\/es\/#\/schema\/person\/e777c87fa024e57d40170af9df39882c"},"headline":"Informativo matinal mi\u00e9rcoles 15 de noviembre 2023 (07:20h)","datePublished":"2023-11-15T06:30:35+00:00","dateModified":"2023-11-15T07:46:19+00:00","mainEntityOfPage":{"@id":"https:\/\/www.copealcoy.es\/es\/informativo-matinal-miercoles-15-de-noviembre-2023-0720h\/"},"wordCount":398,"commentCount":0,"image":{"@id":"https:\/\/www.copealcoy.es\/es\/informativo-matinal-miercoles-15-de-noviembre-2023-0720h\/#primaryimage"},"thumbnailUrl":"https:\/\/www.copealcoy.es\/wp-content\/uploads\/2023\/02\/Herrera-en-COPE-Alcoy-4.png","articleSection":["Actualidad","Audios de los programas","Informativos"],"inLanguage":"es"},{"@type":"WebPage","@id":"https:\/\/www.copealcoy.es\/es\/informativo-matinal-miercoles-15-de-noviembre-2023-0720h\/","url":"https:\/\/www.copealcoy.es\/es\/informativo-matinal-miercoles-15-de-noviembre-2023-0720h\/","name":"Informativo matinal mi\u00e9rcoles 15 de noviembre 2023 (07:20h) - COPE Alcoy","isPartOf":{"@id":"https:\/\/www.copealcoy.es\/es\/#website"},"primaryImageOfPage":{"@id":"https:\/\/www.copealcoy.es\/es\/informativo-matinal-miercoles-15-de-noviembre-2023-0720h\/#primaryimage"},"image":{"@id":"https:\/\/www.copealcoy.es\/es\/informativo-matinal-miercoles-15-de-noviembre-2023-0720h\/#primaryimage"},"thumbnailUrl":"https:\/\/www.copealcoy.es\/wp-content\/uploads\/2023\/02\/Herrera-en-COPE-Alcoy-4.png","datePublished":"2023-11-15T06:30:35+00:00","dateModified":"2023-11-15T07:46:19+00:00","author":{"@id":"https:\/\/www.copealcoy.es\/es\/#\/schema\/person\/e777c87fa024e57d40170af9df39882c"},"description":"La vuelta del calor a Alcoy y comarca en pleno mes de noviembre y los nombres de las personas que escribir\u00e1n y declamar\u00e1n el Bando Real de 2024 son algunas de las noticias destacadas de este 15 de noviembre de 2023.","breadcrumb":{"@id":"https:\/\/www.copealcoy.es\/es\/informativo-matinal-miercoles-15-de-noviembre-2023-0720h\/#breadcrumb"},"inLanguage":"es","potentialAction":[{"@type":"ReadAction","target":["https:\/\/www.copealcoy.es\/es\/informativo-matinal-miercoles-15-de-noviembre-2023-0720h\/"]}]},{"@type":"ImageObject","inLanguage":"es","@id":"https:\/\/www.copealcoy.es\/es\/informativo-matinal-miercoles-15-de-noviembre-2023-0720h\/#primaryimage","url":"https:\/\/www.copealcoy.es\/wp-content\/uploads\/2023\/02\/Herrera-en-COPE-Alcoy-4.png","contentUrl":"https:\/\/www.copealcoy.es\/wp-content\/uploads\/2023\/02\/Herrera-en-COPE-Alcoy-4.png","width":357,"height":290},{"@type":"BreadcrumbList","@id":"https:\/\/www.copealcoy.es\/es\/informativo-matinal-miercoles-15-de-noviembre-2023-0720h\/#breadcrumb","itemListElement":[{"@type":"ListItem","position":1,"name":"Portada","item":"https:\/\/www.copealcoy.es\/es\/"},{"@type":"ListItem","position":2,"name":"Informativo matinal mi\u00e9rcoles 15 de noviembre 2023 (07:20h)"}]},{"@type":"WebSite","@id":"https:\/\/www.copealcoy.es\/es\/#website","url":"https:\/\/www.copealcoy.es\/es\/","name":"COPE Alcoy","description":"Emisora COPE de radio local con emisi\u00f3n online. Pont de Sant Jordi 8-10 03803 Alcoy","potentialAction":[{"@type":"SearchAction","target":{"@type":"EntryPoint","urlTemplate":"https:\/\/www.copealcoy.es\/es\/?s={search_term_string}"},"query-input":{"@type":"PropertyValueSpecification","valueRequired":true,"valueName":"search_term_string"}}],"inLanguage":"es"},{"@type":"Person","@id":"https:\/\/www.copealcoy.es\/es\/#\/schema\/person\/e777c87fa024e57d40170af9df39882c","name":"Cope Alcoy","image":{"@type":"ImageObject","inLanguage":"es","@id":"https:\/\/secure.gravatar.com\/avatar\/bb65d0283347e303893ba14f0692005417c1e0e690a325a4c5d8bb2b3943ee14?s=96&d=mm&r=g","url":"https:\/\/secure.gravatar.com\/avatar\/bb65d0283347e303893ba14f0692005417c1e0e690a325a4c5d8bb2b3943ee14?s=96&d=mm&r=g","contentUrl":"https:\/\/secure.gravatar.com\/avatar\/bb65d0283347e303893ba14f0692005417c1e0e690a325a4c5d8bb2b3943ee14?s=96&d=mm&r=g","caption":"Cope Alcoy"}}]}},"_links":{"self":[{"href":"https:\/\/www.copealcoy.es\/es\/wp-json\/wp\/v2\/posts\/124985","targetHints":{"allow":["GET"]}}],"collection":[{"href":"https:\/\/www.copealcoy.es\/es\/wp-json\/wp\/v2\/posts"}],"about":[{"href":"https:\/\/www.copealcoy.es\/es\/wp-json\/wp\/v2\/types\/post"}],"author":[{"embeddable":true,"href":"https:\/\/www.copealcoy.es\/es\/wp-json\/wp\/v2\/users\/1"}],"replies":[{"embeddable":true,"href":"https:\/\/www.copealcoy.es\/es\/wp-json\/wp\/v2\/comments?post=124985"}],"version-history":[{"count":0,"href":"https:\/\/www.copealcoy.es\/es\/wp-json\/wp\/v2\/posts\/124985\/revisions"}],"wp:featuredmedia":[{"embeddable":true,"href":"https:\/\/www.copealcoy.es\/es\/wp-json\/wp\/v2\/media\/110612"}],"wp:attachment":[{"href":"https:\/\/www.copealcoy.es\/es\/wp-json\/wp\/v2\/media?parent=124985"}],"wp:term":[{"taxonomy":"category","embeddable":true,"href":"https:\/\/www.copealcoy.es\/es\/wp-json\/wp\/v2\/categories?post=124985"},{"taxonomy":"post_tag","embeddable":true,"href":"https:\/\/www.copealcoy.es\/es\/wp-json\/wp\/v2\/tags?post=124985"}],"curies":[{"name":"wp","href":"https:\/\/api.w.org\/{rel}","templated":true}]}}