{"id":124893,"date":"2023-11-14T07:30:38","date_gmt":"2023-11-14T06:30:38","guid":{"rendered":"https:\/\/www.copealcoy.es\/?p=124893"},"modified":"2023-11-14T08:00:05","modified_gmt":"2023-11-14T07:00:05","slug":"informativo-matinal-martes-14-de-noviembre-2023-0720h","status":"publish","type":"post","link":"https:\/\/www.copealcoy.es\/es\/informativo-matinal-martes-14-de-noviembre-2023-0720h\/","title":{"rendered":"Informativo matinal martes 14 de noviembre 2023 (07:20h)"},"content":{"rendered":"<p><iframe loading=\"lazy\" title=\"Informatiu Matinal Dimarts 14 De Novembre 2023 (07:20h)\" width=\"100%\" height=\"120\" src=\"https:\/\/www.mixcloud.com\/widget\/iframe\/?feed=https%3A%2F%2Fwww.mixcloud.com%2FCOPEAlcoy%2Finformatiu-matinal-dimarts-14-de-novembre-2023-0720h%2F&amp;hide_cover=1\" frameborder=\"0\"><\/iframe><\/p>\n<p style=\"text-align: justify;\">La <strong>aprobaci\u00f3n de la subida del 5% en la mayor\u00eda de impuestos<\/strong> de Alcoy y el<strong> fomento del producto de proximidad<\/strong> son algunas de las noticias m\u00e1s destacadas de este 14 de noviembre de 2023. Una jornada en la que tambi\u00e9n hemos hablado de las <strong>cifras de consumo de alcohol<\/strong> en la ciudad.<\/p>\n<p style=\"text-align: justify;\">Chocolate, dulces, turr\u00f3n\u2026 Productos que con la Navidad cada vez m\u00e1s cerca empiezan a llenar nuestras cestas de la compra y que pueden ayudar a impulsar el comercio de proximidad. Y es que son muchos los productores de las\u00a0<strong>comarcas de l\u2019Alcoi\u00e0 y el Comtat<\/strong>\u00a0que ofrecen alimentos como estos.<\/p>\n<p style=\"text-align: justify;\">Con el objetivo de acercar al cliente final el trabajo que realizan los productores de nuestras comarcas, el\u00a0<strong>Ayuntamiento de Alcoy<\/strong>\u00a0ha organizado este s\u00e1bado 18 de noviembre la\u00a0<strong>I Llotja del Producte Local i de km0<\/strong>. Un evento que tendr\u00e1 lugar a lo largo de toda la jornada en la plaza Ram\u00f3n y Cajal y que\u00a0<strong>combinar\u00e1 las comercializaci\u00f3n de estos productos con catas, \u2018showcookings\u2019 y charlas<\/strong>. \u00abLa idea que tenemos es que esta actividad\u00a0<strong>relacione a los productores con el cliente final<\/strong>\u00a0de una manera m\u00e1s amable y pausada. Queremos que se hable de\u00a0<strong>c\u00f3mo se produce el alimento que se expone, la cualidad que tiene<\/strong>\u2026\u00bb, ha explicado\u00a0<strong>\u00c1lex Cerradelo<\/strong>, vicealcalde y concejal de Promoci\u00f3n Econ\u00f3mica.<\/p>\n<p style=\"text-align: justify;\">Habr\u00e1 expositores de\u00a0<strong>aceite, miel, vino, turr\u00f3n, quesos, dulces, embutidos, fruta y verdura<\/strong>. El horario es de 10:30 a 14 horas y de 17 a 20 horas.<\/p>\n<p style=\"text-align: justify;\">La iniciativa cuenta con la colaboraci\u00f3n de la<strong>\u00a0Mancomunitat de l\u2019Alcoi\u00e0 i el Comtat<\/strong>, que tambi\u00e9n lleva a\u00f1os impulsando el trabajo de productores de la zona a trav\u00e9s del\u00a0<strong>portal \u00abagroalcoiacomtat\u00bb<\/strong>. \u00abEst\u00e1n todos los productores que queiren participar mostrando sus productos. Se peude comprar a trav\u00e9s de \u00e9l. Esta iniciativa e suna manera de darle difusi\u00f3n a este portal\u00bb, ha explicado\u00a0<strong>Inma Sancho<\/strong>, ADL de la Mancomunitat.<\/p>\n","protected":false},"excerpt":{"rendered":"<p>La aprobaci\u00f3n de la subida del 5% en la mayor\u00eda de impuestos de Alcoy y el fomento del producto de&#8230;<\/p>\n","protected":false},"author":1,"featured_media":110612,"comment_status":"open","ping_status":"open","sticky":false,"template":"","format":"standard","meta":{"footnotes":""},"categories":[6909,89,91],"tags":[],"class_list":["post-124893","post","type-post","status-publish","format-standard","has-post-thumbnail","hentry","category-actualidad","category-audiosdelosprogramas","category-informativos"],"yoast_head":"<!-- This site is optimized with the Yoast SEO plugin v27.3 - https:\/\/yoast.com\/product\/yoast-seo-wordpress\/ -->\n<title>Informativo matinal martes 14 de noviembre 2023 (07:20h) - COPE Alcoy<\/title>\n<meta name=\"description\" content=\"La aprobaci\u00f3n de la subida del 5% en la mayor\u00eda de impuestos de Alcoy y el fomento del producto de proximidad son algunas de las noticias m\u00e1s destacadas de este 14 de noviembre de 2023. Una jornada en la que tambi\u00e9n hemos hablado de las cifras de consumo de alcohol en la ciudad.\" \/>\n<meta name=\"robots\" content=\"index, follow, max-snippet:-1, max-image-preview:large, max-video-preview:-1\" \/>\n<link rel=\"canonical\" href=\"https:\/\/www.copealcoy.es\/es\/informativo-matinal-martes-14-de-noviembre-2023-0720h\/\" \/>\n<meta property=\"og:locale\" content=\"es_ES\" \/>\n<meta property=\"og:type\" content=\"article\" \/>\n<meta property=\"og:title\" content=\"Informativo matinal martes 14 de noviembre 2023 (07:20h) - COPE Alcoy\" \/>\n<meta property=\"og:description\" content=\"La aprobaci\u00f3n de la subida del 5% en la mayor\u00eda de impuestos de Alcoy y el fomento del producto de proximidad son algunas de las noticias m\u00e1s destacadas de este 14 de noviembre de 2023. Una jornada en la que tambi\u00e9n hemos hablado de las cifras de consumo de alcohol en la ciudad.\" \/>\n<meta property=\"og:url\" content=\"https:\/\/www.copealcoy.es\/es\/informativo-matinal-martes-14-de-noviembre-2023-0720h\/\" \/>\n<meta property=\"og:site_name\" content=\"COPE Alcoy\" \/>\n<meta property=\"article:published_time\" content=\"2023-11-14T06:30:38+00:00\" \/>\n<meta property=\"article:modified_time\" content=\"2023-11-14T07:00:05+00:00\" \/>\n<meta property=\"og:image\" content=\"https:\/\/www.copealcoy.es\/wp-content\/uploads\/2023\/02\/Herrera-en-COPE-Alcoy-4.png\" \/>\n\t<meta property=\"og:image:width\" content=\"357\" \/>\n\t<meta property=\"og:image:height\" content=\"290\" \/>\n\t<meta property=\"og:image:type\" content=\"image\/png\" \/>\n<meta name=\"author\" content=\"Cope Alcoy\" \/>\n<meta name=\"twitter:label1\" content=\"Escrito por\" \/>\n\t<meta name=\"twitter:data1\" content=\"Cope Alcoy\" \/>\n\t<meta name=\"twitter:label2\" content=\"Tiempo de lectura\" \/>\n\t<meta name=\"twitter:data2\" content=\"2 minutos\" \/>\n<script type=\"application\/ld+json\" class=\"yoast-schema-graph\">{\"@context\":\"https:\\\/\\\/schema.org\",\"@graph\":[{\"@type\":\"Article\",\"@id\":\"https:\\\/\\\/www.copealcoy.es\\\/es\\\/informativo-matinal-martes-14-de-noviembre-2023-0720h\\\/#article\",\"isPartOf\":{\"@id\":\"https:\\\/\\\/www.copealcoy.es\\\/es\\\/informativo-matinal-martes-14-de-noviembre-2023-0720h\\\/\"},\"author\":{\"name\":\"Cope Alcoy\",\"@id\":\"https:\\\/\\\/www.copealcoy.es\\\/es\\\/#\\\/schema\\\/person\\\/e777c87fa024e57d40170af9df39882c\"},\"headline\":\"Informativo matinal martes 14 de noviembre 2023 (07:20h)\",\"datePublished\":\"2023-11-14T06:30:38+00:00\",\"dateModified\":\"2023-11-14T07:00:05+00:00\",\"mainEntityOfPage\":{\"@id\":\"https:\\\/\\\/www.copealcoy.es\\\/es\\\/informativo-matinal-martes-14-de-noviembre-2023-0720h\\\/\"},\"wordCount\":345,\"commentCount\":0,\"image\":{\"@id\":\"https:\\\/\\\/www.copealcoy.es\\\/es\\\/informativo-matinal-martes-14-de-noviembre-2023-0720h\\\/#primaryimage\"},\"thumbnailUrl\":\"https:\\\/\\\/www.copealcoy.es\\\/wp-content\\\/uploads\\\/2023\\\/02\\\/Herrera-en-COPE-Alcoy-4.png\",\"articleSection\":[\"Actualidad\",\"Audios de los programas\",\"Informativos\"],\"inLanguage\":\"es\"},{\"@type\":\"WebPage\",\"@id\":\"https:\\\/\\\/www.copealcoy.es\\\/es\\\/informativo-matinal-martes-14-de-noviembre-2023-0720h\\\/\",\"url\":\"https:\\\/\\\/www.copealcoy.es\\\/es\\\/informativo-matinal-martes-14-de-noviembre-2023-0720h\\\/\",\"name\":\"Informativo matinal martes 14 de noviembre 2023 (07:20h) - COPE Alcoy\",\"isPartOf\":{\"@id\":\"https:\\\/\\\/www.copealcoy.es\\\/es\\\/#website\"},\"primaryImageOfPage\":{\"@id\":\"https:\\\/\\\/www.copealcoy.es\\\/es\\\/informativo-matinal-martes-14-de-noviembre-2023-0720h\\\/#primaryimage\"},\"image\":{\"@id\":\"https:\\\/\\\/www.copealcoy.es\\\/es\\\/informativo-matinal-martes-14-de-noviembre-2023-0720h\\\/#primaryimage\"},\"thumbnailUrl\":\"https:\\\/\\\/www.copealcoy.es\\\/wp-content\\\/uploads\\\/2023\\\/02\\\/Herrera-en-COPE-Alcoy-4.png\",\"datePublished\":\"2023-11-14T06:30:38+00:00\",\"dateModified\":\"2023-11-14T07:00:05+00:00\",\"author\":{\"@id\":\"https:\\\/\\\/www.copealcoy.es\\\/es\\\/#\\\/schema\\\/person\\\/e777c87fa024e57d40170af9df39882c\"},\"description\":\"La aprobaci\u00f3n de la subida del 5% en la mayor\u00eda de impuestos de Alcoy y el fomento del producto de proximidad son algunas de las noticias m\u00e1s destacadas de este 14 de noviembre de 2023. Una jornada en la que tambi\u00e9n hemos hablado de las cifras de consumo de alcohol en la ciudad.\",\"breadcrumb\":{\"@id\":\"https:\\\/\\\/www.copealcoy.es\\\/es\\\/informativo-matinal-martes-14-de-noviembre-2023-0720h\\\/#breadcrumb\"},\"inLanguage\":\"es\",\"potentialAction\":[{\"@type\":\"ReadAction\",\"target\":[\"https:\\\/\\\/www.copealcoy.es\\\/es\\\/informativo-matinal-martes-14-de-noviembre-2023-0720h\\\/\"]}]},{\"@type\":\"ImageObject\",\"inLanguage\":\"es\",\"@id\":\"https:\\\/\\\/www.copealcoy.es\\\/es\\\/informativo-matinal-martes-14-de-noviembre-2023-0720h\\\/#primaryimage\",\"url\":\"https:\\\/\\\/www.copealcoy.es\\\/wp-content\\\/uploads\\\/2023\\\/02\\\/Herrera-en-COPE-Alcoy-4.png\",\"contentUrl\":\"https:\\\/\\\/www.copealcoy.es\\\/wp-content\\\/uploads\\\/2023\\\/02\\\/Herrera-en-COPE-Alcoy-4.png\",\"width\":357,\"height\":290},{\"@type\":\"BreadcrumbList\",\"@id\":\"https:\\\/\\\/www.copealcoy.es\\\/es\\\/informativo-matinal-martes-14-de-noviembre-2023-0720h\\\/#breadcrumb\",\"itemListElement\":[{\"@type\":\"ListItem\",\"position\":1,\"name\":\"Portada\",\"item\":\"https:\\\/\\\/www.copealcoy.es\\\/es\\\/\"},{\"@type\":\"ListItem\",\"position\":2,\"name\":\"Informativo matinal martes 14 de noviembre 2023 (07:20h)\"}]},{\"@type\":\"WebSite\",\"@id\":\"https:\\\/\\\/www.copealcoy.es\\\/es\\\/#website\",\"url\":\"https:\\\/\\\/www.copealcoy.es\\\/es\\\/\",\"name\":\"COPE Alcoy\",\"description\":\"Emisora COPE de radio local con emisi\u00f3n online. Pont de Sant Jordi 8-10 03803 Alcoy\",\"potentialAction\":[{\"@type\":\"SearchAction\",\"target\":{\"@type\":\"EntryPoint\",\"urlTemplate\":\"https:\\\/\\\/www.copealcoy.es\\\/es\\\/?s={search_term_string}\"},\"query-input\":{\"@type\":\"PropertyValueSpecification\",\"valueRequired\":true,\"valueName\":\"search_term_string\"}}],\"inLanguage\":\"es\"},{\"@type\":\"Person\",\"@id\":\"https:\\\/\\\/www.copealcoy.es\\\/es\\\/#\\\/schema\\\/person\\\/e777c87fa024e57d40170af9df39882c\",\"name\":\"Cope Alcoy\",\"image\":{\"@type\":\"ImageObject\",\"inLanguage\":\"es\",\"@id\":\"https:\\\/\\\/secure.gravatar.com\\\/avatar\\\/bb65d0283347e303893ba14f0692005417c1e0e690a325a4c5d8bb2b3943ee14?s=96&d=mm&r=g\",\"url\":\"https:\\\/\\\/secure.gravatar.com\\\/avatar\\\/bb65d0283347e303893ba14f0692005417c1e0e690a325a4c5d8bb2b3943ee14?s=96&d=mm&r=g\",\"contentUrl\":\"https:\\\/\\\/secure.gravatar.com\\\/avatar\\\/bb65d0283347e303893ba14f0692005417c1e0e690a325a4c5d8bb2b3943ee14?s=96&d=mm&r=g\",\"caption\":\"Cope Alcoy\"}}]}<\/script>\n<!-- \/ Yoast SEO plugin. -->","yoast_head_json":{"title":"Informativo matinal martes 14 de noviembre 2023 (07:20h) - COPE Alcoy","description":"La aprobaci\u00f3n de la subida del 5% en la mayor\u00eda de impuestos de Alcoy y el fomento del producto de proximidad son algunas de las noticias m\u00e1s destacadas de este 14 de noviembre de 2023. Una jornada en la que tambi\u00e9n hemos hablado de las cifras de consumo de alcohol en la ciudad.","robots":{"index":"index","follow":"follow","max-snippet":"max-snippet:-1","max-image-preview":"max-image-preview:large","max-video-preview":"max-video-preview:-1"},"canonical":"https:\/\/www.copealcoy.es\/es\/informativo-matinal-martes-14-de-noviembre-2023-0720h\/","og_locale":"es_ES","og_type":"article","og_title":"Informativo matinal martes 14 de noviembre 2023 (07:20h) - COPE Alcoy","og_description":"La aprobaci\u00f3n de la subida del 5% en la mayor\u00eda de impuestos de Alcoy y el fomento del producto de proximidad son algunas de las noticias m\u00e1s destacadas de este 14 de noviembre de 2023. Una jornada en la que tambi\u00e9n hemos hablado de las cifras de consumo de alcohol en la ciudad.","og_url":"https:\/\/www.copealcoy.es\/es\/informativo-matinal-martes-14-de-noviembre-2023-0720h\/","og_site_name":"COPE Alcoy","article_published_time":"2023-11-14T06:30:38+00:00","article_modified_time":"2023-11-14T07:00:05+00:00","og_image":[{"width":357,"height":290,"url":"https:\/\/www.copealcoy.es\/wp-content\/uploads\/2023\/02\/Herrera-en-COPE-Alcoy-4.png","type":"image\/png"}],"author":"Cope Alcoy","twitter_misc":{"Escrito por":"Cope Alcoy","Tiempo de lectura":"2 minutos"},"schema":{"@context":"https:\/\/schema.org","@graph":[{"@type":"Article","@id":"https:\/\/www.copealcoy.es\/es\/informativo-matinal-martes-14-de-noviembre-2023-0720h\/#article","isPartOf":{"@id":"https:\/\/www.copealcoy.es\/es\/informativo-matinal-martes-14-de-noviembre-2023-0720h\/"},"author":{"name":"Cope Alcoy","@id":"https:\/\/www.copealcoy.es\/es\/#\/schema\/person\/e777c87fa024e57d40170af9df39882c"},"headline":"Informativo matinal martes 14 de noviembre 2023 (07:20h)","datePublished":"2023-11-14T06:30:38+00:00","dateModified":"2023-11-14T07:00:05+00:00","mainEntityOfPage":{"@id":"https:\/\/www.copealcoy.es\/es\/informativo-matinal-martes-14-de-noviembre-2023-0720h\/"},"wordCount":345,"commentCount":0,"image":{"@id":"https:\/\/www.copealcoy.es\/es\/informativo-matinal-martes-14-de-noviembre-2023-0720h\/#primaryimage"},"thumbnailUrl":"https:\/\/www.copealcoy.es\/wp-content\/uploads\/2023\/02\/Herrera-en-COPE-Alcoy-4.png","articleSection":["Actualidad","Audios de los programas","Informativos"],"inLanguage":"es"},{"@type":"WebPage","@id":"https:\/\/www.copealcoy.es\/es\/informativo-matinal-martes-14-de-noviembre-2023-0720h\/","url":"https:\/\/www.copealcoy.es\/es\/informativo-matinal-martes-14-de-noviembre-2023-0720h\/","name":"Informativo matinal martes 14 de noviembre 2023 (07:20h) - COPE Alcoy","isPartOf":{"@id":"https:\/\/www.copealcoy.es\/es\/#website"},"primaryImageOfPage":{"@id":"https:\/\/www.copealcoy.es\/es\/informativo-matinal-martes-14-de-noviembre-2023-0720h\/#primaryimage"},"image":{"@id":"https:\/\/www.copealcoy.es\/es\/informativo-matinal-martes-14-de-noviembre-2023-0720h\/#primaryimage"},"thumbnailUrl":"https:\/\/www.copealcoy.es\/wp-content\/uploads\/2023\/02\/Herrera-en-COPE-Alcoy-4.png","datePublished":"2023-11-14T06:30:38+00:00","dateModified":"2023-11-14T07:00:05+00:00","author":{"@id":"https:\/\/www.copealcoy.es\/es\/#\/schema\/person\/e777c87fa024e57d40170af9df39882c"},"description":"La aprobaci\u00f3n de la subida del 5% en la mayor\u00eda de impuestos de Alcoy y el fomento del producto de proximidad son algunas de las noticias m\u00e1s destacadas de este 14 de noviembre de 2023. Una jornada en la que tambi\u00e9n hemos hablado de las cifras de consumo de alcohol en la ciudad.","breadcrumb":{"@id":"https:\/\/www.copealcoy.es\/es\/informativo-matinal-martes-14-de-noviembre-2023-0720h\/#breadcrumb"},"inLanguage":"es","potentialAction":[{"@type":"ReadAction","target":["https:\/\/www.copealcoy.es\/es\/informativo-matinal-martes-14-de-noviembre-2023-0720h\/"]}]},{"@type":"ImageObject","inLanguage":"es","@id":"https:\/\/www.copealcoy.es\/es\/informativo-matinal-martes-14-de-noviembre-2023-0720h\/#primaryimage","url":"https:\/\/www.copealcoy.es\/wp-content\/uploads\/2023\/02\/Herrera-en-COPE-Alcoy-4.png","contentUrl":"https:\/\/www.copealcoy.es\/wp-content\/uploads\/2023\/02\/Herrera-en-COPE-Alcoy-4.png","width":357,"height":290},{"@type":"BreadcrumbList","@id":"https:\/\/www.copealcoy.es\/es\/informativo-matinal-martes-14-de-noviembre-2023-0720h\/#breadcrumb","itemListElement":[{"@type":"ListItem","position":1,"name":"Portada","item":"https:\/\/www.copealcoy.es\/es\/"},{"@type":"ListItem","position":2,"name":"Informativo matinal martes 14 de noviembre 2023 (07:20h)"}]},{"@type":"WebSite","@id":"https:\/\/www.copealcoy.es\/es\/#website","url":"https:\/\/www.copealcoy.es\/es\/","name":"COPE Alcoy","description":"Emisora COPE de radio local con emisi\u00f3n online. Pont de Sant Jordi 8-10 03803 Alcoy","potentialAction":[{"@type":"SearchAction","target":{"@type":"EntryPoint","urlTemplate":"https:\/\/www.copealcoy.es\/es\/?s={search_term_string}"},"query-input":{"@type":"PropertyValueSpecification","valueRequired":true,"valueName":"search_term_string"}}],"inLanguage":"es"},{"@type":"Person","@id":"https:\/\/www.copealcoy.es\/es\/#\/schema\/person\/e777c87fa024e57d40170af9df39882c","name":"Cope Alcoy","image":{"@type":"ImageObject","inLanguage":"es","@id":"https:\/\/secure.gravatar.com\/avatar\/bb65d0283347e303893ba14f0692005417c1e0e690a325a4c5d8bb2b3943ee14?s=96&d=mm&r=g","url":"https:\/\/secure.gravatar.com\/avatar\/bb65d0283347e303893ba14f0692005417c1e0e690a325a4c5d8bb2b3943ee14?s=96&d=mm&r=g","contentUrl":"https:\/\/secure.gravatar.com\/avatar\/bb65d0283347e303893ba14f0692005417c1e0e690a325a4c5d8bb2b3943ee14?s=96&d=mm&r=g","caption":"Cope Alcoy"}}]}},"_links":{"self":[{"href":"https:\/\/www.copealcoy.es\/es\/wp-json\/wp\/v2\/posts\/124893","targetHints":{"allow":["GET"]}}],"collection":[{"href":"https:\/\/www.copealcoy.es\/es\/wp-json\/wp\/v2\/posts"}],"about":[{"href":"https:\/\/www.copealcoy.es\/es\/wp-json\/wp\/v2\/types\/post"}],"author":[{"embeddable":true,"href":"https:\/\/www.copealcoy.es\/es\/wp-json\/wp\/v2\/users\/1"}],"replies":[{"embeddable":true,"href":"https:\/\/www.copealcoy.es\/es\/wp-json\/wp\/v2\/comments?post=124893"}],"version-history":[{"count":0,"href":"https:\/\/www.copealcoy.es\/es\/wp-json\/wp\/v2\/posts\/124893\/revisions"}],"wp:featuredmedia":[{"embeddable":true,"href":"https:\/\/www.copealcoy.es\/es\/wp-json\/wp\/v2\/media\/110612"}],"wp:attachment":[{"href":"https:\/\/www.copealcoy.es\/es\/wp-json\/wp\/v2\/media?parent=124893"}],"wp:term":[{"taxonomy":"category","embeddable":true,"href":"https:\/\/www.copealcoy.es\/es\/wp-json\/wp\/v2\/categories?post=124893"},{"taxonomy":"post_tag","embeddable":true,"href":"https:\/\/www.copealcoy.es\/es\/wp-json\/wp\/v2\/tags?post=124893"}],"curies":[{"name":"wp","href":"https:\/\/api.w.org\/{rel}","templated":true}]}}