{"id":124867,"date":"2023-11-13T11:37:46","date_gmt":"2023-11-13T10:37:46","guid":{"rendered":"https:\/\/www.copealcoy.es\/?p=124867"},"modified":"2023-11-13T11:41:20","modified_gmt":"2023-11-13T10:41:20","slug":"tirisiti-ya-asoma-la-cabeza-por-el-teatro-principal-de-alcoy","status":"publish","type":"post","link":"https:\/\/www.copealcoy.es\/es\/tirisiti-ya-asoma-la-cabeza-por-el-teatro-principal-de-alcoy\/","title":{"rendered":"Tirisiti ya asoma la cabeza por el Teatro Principal de Alcoy"},"content":{"rendered":"<p style=\"text-align: justify;\">Alcoy <strong>se prepara ya para la Navidad<\/strong> y las calles de la ciudad<strong> poco a poco se van transformando gracias a la instalaci\u00f3n de la ornamentaci\u00f3n<\/strong> que iluminar\u00e1 las noches de las pr\u00f3ximas fiestas. Pero al margen de esto, otra se\u00f1al que nos advierte de que el &#8216;Nadal Alcoi\u00e0&#8217; est\u00e1 muy cerca <strong>es el inicio de los preparativos<\/strong> para <strong>las representaciones del popular <a href=\"https:\/\/www.alcoi.org\/es\/areas\/cultura\/betlemdetirisiti\/elbetlem.html\" target=\"_blank\" rel=\"noopener\"><span style=\"color: #0000ff;\">Betlem de Tirisiti<\/span><\/a><\/strong>.<\/p>\n<p style=\"text-align: justify;\">En el interior del Teatro Principal <strong>ya ha comenzado el montaje de la escenograf\u00eda<\/strong> que acoger\u00e1 las habituales representaciones mientras que <strong>en la fachada exterior ya es visible la cabeza del propio Tirisiti<\/strong> anunciando unas funciones que cada a\u00f1o son muy esperadas, especialmente por los m\u00e1s peque\u00f1os de la casa. En esta ocasi\u00f3n <strong>se prev\u00e9 que 30.000 personas disfruten de las aventuras de Tirisiti, Tereseta y el resto de personajes<\/strong> de este enigm\u00e1tico Bel\u00e9n; en una campa\u00f1a que arrancar\u00e1 el 24 de noviembre <strong>para los escolares<\/strong> y que alzar\u00e1 el vuelo con fuerza el 23 de diciembre dirigida al <strong>p\u00fablico en general<\/strong>. Antes de ello, <strong>el 15 de diciembre a las 16:00h, saldr\u00e1n a la venta las entradas de forma online<\/strong> y se podr\u00e1n comprar<a href=\"https:\/\/home.ticketalcoi.com\/\" target=\"_blank\" rel=\"noopener\"><span style=\"color: #0000ff;\"><strong> desde la web ticketalcoi.com<\/strong><\/span><\/a> pudi\u00e9ndose escoger d\u00edas de funci\u00f3n hasta el 5 de enero.<\/p>\n<p style=\"text-align: justify;\">Cabe destacar que se han previsto <strong>unas 120 sesiones en la campa\u00f1a previa a la general<\/strong> y estas representaciones ir\u00e1n dirigidas a colegios, centros de mayores o centros de d\u00eda mientras que p<strong>ara todo el p\u00fablico ser\u00e1n un total de ochenta<\/strong>. Para esta edici\u00f3n est\u00e1 prevista la asistencia de 200 centros educativos de la Comunidad Valenciana y <strong>el 24 de noviembre tambi\u00e9n saldr\u00e1n a la venta las entradas para las sesiones extraordinarias de los s\u00e1bados de diciembre<\/strong> que ser\u00e1n los d\u00edas 9, 16 y 23. Finalmente se <strong>estrenar\u00e1 tambi\u00e9n nueva p\u00e1gina web<\/strong> para dar a conocer el Betlem de Tirisiti y todos los entresijos que aguarda una de las citas valencianas m\u00e1s tradicionales de la Navidad.<\/p>\n","protected":false},"excerpt":{"rendered":"<p>Alcoy se prepara ya para la Navidad y las calles de la ciudad poco a poco se van transformando gracias&#8230;<\/p>\n","protected":false},"author":1,"featured_media":124868,"comment_status":"open","ping_status":"open","sticky":false,"template":"","format":"standard","meta":{"footnotes":""},"categories":[6909,97,78,75],"tags":[1494,3356,1215,2614,5401,1772],"class_list":["post-124867","post","type-post","status-publish","format-standard","has-post-thumbnail","hentry","category-actualidad","category-alcoy","category-fiestaycultura","category-noticias","tag-alcoy","tag-belen-de-tirisiti","tag-inicio","tag-montaje","tag-representaciones","tag-teatro-principal"],"yoast_head":"<!-- This site is optimized with the Yoast SEO plugin v27.3 - https:\/\/yoast.com\/product\/yoast-seo-wordpress\/ -->\n<title>Tirisiti ya asoma la cabeza por el Teatro Principal de Alcoy - COPE Alcoy<\/title>\n<meta name=\"description\" content=\"Alcoy se prepara ya para la Navidad y en el Teatro Principal han comenzado ya los preparativos para el inicio de las representaciones de Tirisiti\" \/>\n<meta name=\"robots\" content=\"index, follow, max-snippet:-1, max-image-preview:large, max-video-preview:-1\" \/>\n<link rel=\"canonical\" href=\"https:\/\/www.copealcoy.es\/es\/tirisiti-ya-asoma-la-cabeza-por-el-teatro-principal-de-alcoy\/\" \/>\n<meta property=\"og:locale\" content=\"es_ES\" \/>\n<meta property=\"og:type\" content=\"article\" \/>\n<meta property=\"og:title\" content=\"Tirisiti ya asoma la cabeza por el Teatro Principal de Alcoy - COPE Alcoy\" \/>\n<meta property=\"og:description\" content=\"Alcoy se prepara ya para la Navidad y en el Teatro Principal han comenzado ya los preparativos para el inicio de las representaciones de Tirisiti\" \/>\n<meta property=\"og:url\" content=\"https:\/\/www.copealcoy.es\/es\/tirisiti-ya-asoma-la-cabeza-por-el-teatro-principal-de-alcoy\/\" \/>\n<meta property=\"og:site_name\" content=\"COPE Alcoy\" \/>\n<meta property=\"article:published_time\" content=\"2023-11-13T10:37:46+00:00\" \/>\n<meta property=\"article:modified_time\" content=\"2023-11-13T10:41:20+00:00\" \/>\n<meta property=\"og:image\" content=\"https:\/\/www.copealcoy.es\/wp-content\/uploads\/2023\/11\/unnamed-1-8-e1699871559957.jpg\" \/>\n\t<meta property=\"og:image:width\" content=\"640\" \/>\n\t<meta property=\"og:image:height\" content=\"480\" \/>\n\t<meta property=\"og:image:type\" content=\"image\/jpeg\" \/>\n<meta name=\"author\" content=\"Cope Alcoy\" \/>\n<meta name=\"twitter:label1\" content=\"Escrito por\" \/>\n\t<meta name=\"twitter:data1\" content=\"Cope Alcoy\" \/>\n\t<meta name=\"twitter:label2\" content=\"Tiempo de lectura\" \/>\n\t<meta name=\"twitter:data2\" content=\"2 minutos\" \/>\n<script type=\"application\/ld+json\" class=\"yoast-schema-graph\">{\"@context\":\"https:\\\/\\\/schema.org\",\"@graph\":[{\"@type\":\"Article\",\"@id\":\"https:\\\/\\\/www.copealcoy.es\\\/es\\\/tirisiti-ya-asoma-la-cabeza-por-el-teatro-principal-de-alcoy\\\/#article\",\"isPartOf\":{\"@id\":\"https:\\\/\\\/www.copealcoy.es\\\/es\\\/tirisiti-ya-asoma-la-cabeza-por-el-teatro-principal-de-alcoy\\\/\"},\"author\":{\"name\":\"Cope Alcoy\",\"@id\":\"https:\\\/\\\/www.copealcoy.es\\\/es\\\/#\\\/schema\\\/person\\\/e777c87fa024e57d40170af9df39882c\"},\"headline\":\"Tirisiti ya asoma la cabeza por el Teatro Principal de Alcoy\",\"datePublished\":\"2023-11-13T10:37:46+00:00\",\"dateModified\":\"2023-11-13T10:41:20+00:00\",\"mainEntityOfPage\":{\"@id\":\"https:\\\/\\\/www.copealcoy.es\\\/es\\\/tirisiti-ya-asoma-la-cabeza-por-el-teatro-principal-de-alcoy\\\/\"},\"wordCount\":354,\"commentCount\":0,\"image\":{\"@id\":\"https:\\\/\\\/www.copealcoy.es\\\/es\\\/tirisiti-ya-asoma-la-cabeza-por-el-teatro-principal-de-alcoy\\\/#primaryimage\"},\"thumbnailUrl\":\"https:\\\/\\\/www.copealcoy.es\\\/wp-content\\\/uploads\\\/2023\\\/11\\\/unnamed-1-8-e1699871559957.jpg\",\"keywords\":[\"Alcoy\",\"Bel\u00e9n de Tirisiti\",\"inicio\",\"montaje\",\"representaciones\",\"Teatro Principal\"],\"articleSection\":[\"Actualidad\",\"Alcoy\",\"Fiesta y Cultura\",\"Noticias\"],\"inLanguage\":\"es\"},{\"@type\":\"WebPage\",\"@id\":\"https:\\\/\\\/www.copealcoy.es\\\/es\\\/tirisiti-ya-asoma-la-cabeza-por-el-teatro-principal-de-alcoy\\\/\",\"url\":\"https:\\\/\\\/www.copealcoy.es\\\/es\\\/tirisiti-ya-asoma-la-cabeza-por-el-teatro-principal-de-alcoy\\\/\",\"name\":\"Tirisiti ya asoma la cabeza por el Teatro Principal de Alcoy - COPE Alcoy\",\"isPartOf\":{\"@id\":\"https:\\\/\\\/www.copealcoy.es\\\/es\\\/#website\"},\"primaryImageOfPage\":{\"@id\":\"https:\\\/\\\/www.copealcoy.es\\\/es\\\/tirisiti-ya-asoma-la-cabeza-por-el-teatro-principal-de-alcoy\\\/#primaryimage\"},\"image\":{\"@id\":\"https:\\\/\\\/www.copealcoy.es\\\/es\\\/tirisiti-ya-asoma-la-cabeza-por-el-teatro-principal-de-alcoy\\\/#primaryimage\"},\"thumbnailUrl\":\"https:\\\/\\\/www.copealcoy.es\\\/wp-content\\\/uploads\\\/2023\\\/11\\\/unnamed-1-8-e1699871559957.jpg\",\"datePublished\":\"2023-11-13T10:37:46+00:00\",\"dateModified\":\"2023-11-13T10:41:20+00:00\",\"author\":{\"@id\":\"https:\\\/\\\/www.copealcoy.es\\\/es\\\/#\\\/schema\\\/person\\\/e777c87fa024e57d40170af9df39882c\"},\"description\":\"Alcoy se prepara ya para la Navidad y en el Teatro Principal han comenzado ya los preparativos para el inicio de las representaciones de Tirisiti\",\"breadcrumb\":{\"@id\":\"https:\\\/\\\/www.copealcoy.es\\\/es\\\/tirisiti-ya-asoma-la-cabeza-por-el-teatro-principal-de-alcoy\\\/#breadcrumb\"},\"inLanguage\":\"es\",\"potentialAction\":[{\"@type\":\"ReadAction\",\"target\":[\"https:\\\/\\\/www.copealcoy.es\\\/es\\\/tirisiti-ya-asoma-la-cabeza-por-el-teatro-principal-de-alcoy\\\/\"]}]},{\"@type\":\"ImageObject\",\"inLanguage\":\"es\",\"@id\":\"https:\\\/\\\/www.copealcoy.es\\\/es\\\/tirisiti-ya-asoma-la-cabeza-por-el-teatro-principal-de-alcoy\\\/#primaryimage\",\"url\":\"https:\\\/\\\/www.copealcoy.es\\\/wp-content\\\/uploads\\\/2023\\\/11\\\/unnamed-1-8-e1699871559957.jpg\",\"contentUrl\":\"https:\\\/\\\/www.copealcoy.es\\\/wp-content\\\/uploads\\\/2023\\\/11\\\/unnamed-1-8-e1699871559957.jpg\",\"width\":640,\"height\":480},{\"@type\":\"BreadcrumbList\",\"@id\":\"https:\\\/\\\/www.copealcoy.es\\\/es\\\/tirisiti-ya-asoma-la-cabeza-por-el-teatro-principal-de-alcoy\\\/#breadcrumb\",\"itemListElement\":[{\"@type\":\"ListItem\",\"position\":1,\"name\":\"Portada\",\"item\":\"https:\\\/\\\/www.copealcoy.es\\\/es\\\/\"},{\"@type\":\"ListItem\",\"position\":2,\"name\":\"Tirisiti ya asoma la cabeza por el Teatro Principal de Alcoy\"}]},{\"@type\":\"WebSite\",\"@id\":\"https:\\\/\\\/www.copealcoy.es\\\/es\\\/#website\",\"url\":\"https:\\\/\\\/www.copealcoy.es\\\/es\\\/\",\"name\":\"COPE Alcoy\",\"description\":\"Emisora COPE de radio local con emisi\u00f3n online. Pont de Sant Jordi 8-10 03803 Alcoy\",\"potentialAction\":[{\"@type\":\"SearchAction\",\"target\":{\"@type\":\"EntryPoint\",\"urlTemplate\":\"https:\\\/\\\/www.copealcoy.es\\\/es\\\/?s={search_term_string}\"},\"query-input\":{\"@type\":\"PropertyValueSpecification\",\"valueRequired\":true,\"valueName\":\"search_term_string\"}}],\"inLanguage\":\"es\"},{\"@type\":\"Person\",\"@id\":\"https:\\\/\\\/www.copealcoy.es\\\/es\\\/#\\\/schema\\\/person\\\/e777c87fa024e57d40170af9df39882c\",\"name\":\"Cope Alcoy\",\"image\":{\"@type\":\"ImageObject\",\"inLanguage\":\"es\",\"@id\":\"https:\\\/\\\/secure.gravatar.com\\\/avatar\\\/bb65d0283347e303893ba14f0692005417c1e0e690a325a4c5d8bb2b3943ee14?s=96&d=mm&r=g\",\"url\":\"https:\\\/\\\/secure.gravatar.com\\\/avatar\\\/bb65d0283347e303893ba14f0692005417c1e0e690a325a4c5d8bb2b3943ee14?s=96&d=mm&r=g\",\"contentUrl\":\"https:\\\/\\\/secure.gravatar.com\\\/avatar\\\/bb65d0283347e303893ba14f0692005417c1e0e690a325a4c5d8bb2b3943ee14?s=96&d=mm&r=g\",\"caption\":\"Cope Alcoy\"}}]}<\/script>\n<!-- \/ Yoast SEO plugin. -->","yoast_head_json":{"title":"Tirisiti ya asoma la cabeza por el Teatro Principal de Alcoy - COPE Alcoy","description":"Alcoy se prepara ya para la Navidad y en el Teatro Principal han comenzado ya los preparativos para el inicio de las representaciones de Tirisiti","robots":{"index":"index","follow":"follow","max-snippet":"max-snippet:-1","max-image-preview":"max-image-preview:large","max-video-preview":"max-video-preview:-1"},"canonical":"https:\/\/www.copealcoy.es\/es\/tirisiti-ya-asoma-la-cabeza-por-el-teatro-principal-de-alcoy\/","og_locale":"es_ES","og_type":"article","og_title":"Tirisiti ya asoma la cabeza por el Teatro Principal de Alcoy - COPE Alcoy","og_description":"Alcoy se prepara ya para la Navidad y en el Teatro Principal han comenzado ya los preparativos para el inicio de las representaciones de Tirisiti","og_url":"https:\/\/www.copealcoy.es\/es\/tirisiti-ya-asoma-la-cabeza-por-el-teatro-principal-de-alcoy\/","og_site_name":"COPE Alcoy","article_published_time":"2023-11-13T10:37:46+00:00","article_modified_time":"2023-11-13T10:41:20+00:00","og_image":[{"width":640,"height":480,"url":"https:\/\/www.copealcoy.es\/wp-content\/uploads\/2023\/11\/unnamed-1-8-e1699871559957.jpg","type":"image\/jpeg"}],"author":"Cope Alcoy","twitter_misc":{"Escrito por":"Cope Alcoy","Tiempo de lectura":"2 minutos"},"schema":{"@context":"https:\/\/schema.org","@graph":[{"@type":"Article","@id":"https:\/\/www.copealcoy.es\/es\/tirisiti-ya-asoma-la-cabeza-por-el-teatro-principal-de-alcoy\/#article","isPartOf":{"@id":"https:\/\/www.copealcoy.es\/es\/tirisiti-ya-asoma-la-cabeza-por-el-teatro-principal-de-alcoy\/"},"author":{"name":"Cope Alcoy","@id":"https:\/\/www.copealcoy.es\/es\/#\/schema\/person\/e777c87fa024e57d40170af9df39882c"},"headline":"Tirisiti ya asoma la cabeza por el Teatro Principal de Alcoy","datePublished":"2023-11-13T10:37:46+00:00","dateModified":"2023-11-13T10:41:20+00:00","mainEntityOfPage":{"@id":"https:\/\/www.copealcoy.es\/es\/tirisiti-ya-asoma-la-cabeza-por-el-teatro-principal-de-alcoy\/"},"wordCount":354,"commentCount":0,"image":{"@id":"https:\/\/www.copealcoy.es\/es\/tirisiti-ya-asoma-la-cabeza-por-el-teatro-principal-de-alcoy\/#primaryimage"},"thumbnailUrl":"https:\/\/www.copealcoy.es\/wp-content\/uploads\/2023\/11\/unnamed-1-8-e1699871559957.jpg","keywords":["Alcoy","Bel\u00e9n de Tirisiti","inicio","montaje","representaciones","Teatro Principal"],"articleSection":["Actualidad","Alcoy","Fiesta y Cultura","Noticias"],"inLanguage":"es"},{"@type":"WebPage","@id":"https:\/\/www.copealcoy.es\/es\/tirisiti-ya-asoma-la-cabeza-por-el-teatro-principal-de-alcoy\/","url":"https:\/\/www.copealcoy.es\/es\/tirisiti-ya-asoma-la-cabeza-por-el-teatro-principal-de-alcoy\/","name":"Tirisiti ya asoma la cabeza por el Teatro Principal de Alcoy - COPE Alcoy","isPartOf":{"@id":"https:\/\/www.copealcoy.es\/es\/#website"},"primaryImageOfPage":{"@id":"https:\/\/www.copealcoy.es\/es\/tirisiti-ya-asoma-la-cabeza-por-el-teatro-principal-de-alcoy\/#primaryimage"},"image":{"@id":"https:\/\/www.copealcoy.es\/es\/tirisiti-ya-asoma-la-cabeza-por-el-teatro-principal-de-alcoy\/#primaryimage"},"thumbnailUrl":"https:\/\/www.copealcoy.es\/wp-content\/uploads\/2023\/11\/unnamed-1-8-e1699871559957.jpg","datePublished":"2023-11-13T10:37:46+00:00","dateModified":"2023-11-13T10:41:20+00:00","author":{"@id":"https:\/\/www.copealcoy.es\/es\/#\/schema\/person\/e777c87fa024e57d40170af9df39882c"},"description":"Alcoy se prepara ya para la Navidad y en el Teatro Principal han comenzado ya los preparativos para el inicio de las representaciones de Tirisiti","breadcrumb":{"@id":"https:\/\/www.copealcoy.es\/es\/tirisiti-ya-asoma-la-cabeza-por-el-teatro-principal-de-alcoy\/#breadcrumb"},"inLanguage":"es","potentialAction":[{"@type":"ReadAction","target":["https:\/\/www.copealcoy.es\/es\/tirisiti-ya-asoma-la-cabeza-por-el-teatro-principal-de-alcoy\/"]}]},{"@type":"ImageObject","inLanguage":"es","@id":"https:\/\/www.copealcoy.es\/es\/tirisiti-ya-asoma-la-cabeza-por-el-teatro-principal-de-alcoy\/#primaryimage","url":"https:\/\/www.copealcoy.es\/wp-content\/uploads\/2023\/11\/unnamed-1-8-e1699871559957.jpg","contentUrl":"https:\/\/www.copealcoy.es\/wp-content\/uploads\/2023\/11\/unnamed-1-8-e1699871559957.jpg","width":640,"height":480},{"@type":"BreadcrumbList","@id":"https:\/\/www.copealcoy.es\/es\/tirisiti-ya-asoma-la-cabeza-por-el-teatro-principal-de-alcoy\/#breadcrumb","itemListElement":[{"@type":"ListItem","position":1,"name":"Portada","item":"https:\/\/www.copealcoy.es\/es\/"},{"@type":"ListItem","position":2,"name":"Tirisiti ya asoma la cabeza por el Teatro Principal de Alcoy"}]},{"@type":"WebSite","@id":"https:\/\/www.copealcoy.es\/es\/#website","url":"https:\/\/www.copealcoy.es\/es\/","name":"COPE Alcoy","description":"Emisora COPE de radio local con emisi\u00f3n online. Pont de Sant Jordi 8-10 03803 Alcoy","potentialAction":[{"@type":"SearchAction","target":{"@type":"EntryPoint","urlTemplate":"https:\/\/www.copealcoy.es\/es\/?s={search_term_string}"},"query-input":{"@type":"PropertyValueSpecification","valueRequired":true,"valueName":"search_term_string"}}],"inLanguage":"es"},{"@type":"Person","@id":"https:\/\/www.copealcoy.es\/es\/#\/schema\/person\/e777c87fa024e57d40170af9df39882c","name":"Cope Alcoy","image":{"@type":"ImageObject","inLanguage":"es","@id":"https:\/\/secure.gravatar.com\/avatar\/bb65d0283347e303893ba14f0692005417c1e0e690a325a4c5d8bb2b3943ee14?s=96&d=mm&r=g","url":"https:\/\/secure.gravatar.com\/avatar\/bb65d0283347e303893ba14f0692005417c1e0e690a325a4c5d8bb2b3943ee14?s=96&d=mm&r=g","contentUrl":"https:\/\/secure.gravatar.com\/avatar\/bb65d0283347e303893ba14f0692005417c1e0e690a325a4c5d8bb2b3943ee14?s=96&d=mm&r=g","caption":"Cope Alcoy"}}]}},"_links":{"self":[{"href":"https:\/\/www.copealcoy.es\/es\/wp-json\/wp\/v2\/posts\/124867","targetHints":{"allow":["GET"]}}],"collection":[{"href":"https:\/\/www.copealcoy.es\/es\/wp-json\/wp\/v2\/posts"}],"about":[{"href":"https:\/\/www.copealcoy.es\/es\/wp-json\/wp\/v2\/types\/post"}],"author":[{"embeddable":true,"href":"https:\/\/www.copealcoy.es\/es\/wp-json\/wp\/v2\/users\/1"}],"replies":[{"embeddable":true,"href":"https:\/\/www.copealcoy.es\/es\/wp-json\/wp\/v2\/comments?post=124867"}],"version-history":[{"count":0,"href":"https:\/\/www.copealcoy.es\/es\/wp-json\/wp\/v2\/posts\/124867\/revisions"}],"wp:featuredmedia":[{"embeddable":true,"href":"https:\/\/www.copealcoy.es\/es\/wp-json\/wp\/v2\/media\/124868"}],"wp:attachment":[{"href":"https:\/\/www.copealcoy.es\/es\/wp-json\/wp\/v2\/media?parent=124867"}],"wp:term":[{"taxonomy":"category","embeddable":true,"href":"https:\/\/www.copealcoy.es\/es\/wp-json\/wp\/v2\/categories?post=124867"},{"taxonomy":"post_tag","embeddable":true,"href":"https:\/\/www.copealcoy.es\/es\/wp-json\/wp\/v2\/tags?post=124867"}],"curies":[{"name":"wp","href":"https:\/\/api.w.org\/{rel}","templated":true}]}}