{"id":124859,"date":"2023-11-13T10:55:33","date_gmt":"2023-11-13T09:55:33","guid":{"rendered":"https:\/\/www.copealcoy.es\/?p=124859"},"modified":"2023-11-13T16:04:19","modified_gmt":"2023-11-13T15:04:19","slug":"los-estudios-de-ingenieria-textil-si-que-seran-una-realidad-en-alcoy-el-proximo-curso-academico","status":"publish","type":"post","link":"https:\/\/www.copealcoy.es\/es\/los-estudios-de-ingenieria-textil-si-que-seran-una-realidad-en-alcoy-el-proximo-curso-academico\/","title":{"rendered":"Los estudios de Ingenier\u00eda Textil si que ser\u00e1n una realidad en Alcoy el pr\u00f3ximo curso acad\u00e9mico"},"content":{"rendered":"<p style=\"text-align: justify;\">El <a href=\"http:\/\/www.epsa.upv.es\/?lang=es\" target=\"_blank\" rel=\"noopener\"><span style=\"color: #0000ff;\"><strong>Campus de Alcoy de la Universidad Polit\u00e9cnica de Valencia<\/strong><\/span><\/a> impartir\u00e1 finalmente <strong>el Grado en Ingenier\u00eda de Tecnolog\u00eda, Dise\u00f1o y Moda Textil<\/strong> a partir del curso 2024\/2025. La Junta de Gobierno de la misma UPV ha completado ya la tramitaci\u00f3n <strong>para que estos estudios puedan ser ya una realidad<\/strong> despu\u00e9s de que en los \u00faltimos a\u00f1os <strong>lo hayan demandado las empresas del sector existentes en nuestras comarcas e incluso instituciones<\/strong> como AITEX o ATEVAL.<\/p>\n<p style=\"text-align: justify;\">Al margen de esto, <strong>la UPV ha solicitado ampliar la oferta formativa del Campus de Alcoy con la incorporaci\u00f3n de nuevos t\u00edtulos<\/strong> que se unir\u00edan a ese Grado en Ingenier\u00eda de Tecnolog\u00eda, Dise\u00f1o y Moda Textil. Se trata del <strong>Grado de Inteligencia Artificial<\/strong> y del <strong>doble grado de Administraci\u00f3n y Direcci\u00f3n de Empresas as\u00ed como Derecho<\/strong>. Una propuesta que <strong>persigue consolidar al Campus alcoyano como un referente universitario de las comarcas centrales valencianas<\/strong> e incluso como<strong> un eje vertebrador del territorio<\/strong> &#8220;<em>seguimos trabajando para consolidar la presencia de la Universidad Polit\u00e9cnica en Alcoy y estos pasos que se est\u00e1n dando confirman el total respaldo tanto de la universidad como del rectorado para ofrecer a la sociedad la oferta formativa que demanda. A ello se le une la apuesta continua por la ampliaci\u00f3n de instalaciones con proyectos que pronto ser\u00e1n una realidad como el Parque Cient\u00edfico de las Comarcas Centrales que acoger\u00e1 nuestra ciudad. Este es el camino por el que vamos avanzando<\/em>&#8220;, explicaba en COPE ALCOY el director del propio Campus de Alcoy; <strong>Pau Bernab\u00e9u<\/strong>.<\/p>\n<p><strong><span style=\"color: #0000ff;\">Semana de la Ciencia<\/span><\/strong><\/p>\n<p style=\"text-align: justify;\">Recordar que este lunes arranca la Semana de la Ciencia del Campus de Alcoy con <a href=\"https:\/\/sct.webs.upv.es\/\" target=\"_blank\" rel=\"noopener\"><strong><span style=\"color: #0000ff;\">un amplio abanico de actividades<\/span><\/strong><\/a> que se desarrollar\u00e1n hasta el d\u00eda 25 de noviembre.\u00a0La edici\u00f3n de este a\u00f1o cuenta con\u00a0<strong>un total de 13 propuestas <\/strong>por las que pasar\u00e1n destacados expertos como\u00a0<strong>Avelino Coma, Amelia Valc\u00e1rcel, Nazaret Castellano o Natalia Ruiz<\/strong>. Tambi\u00e9n acudir\u00e1n hasta Alcoy profesionales de la ciencia como\u00a0<strong>Manuel Gonz\u00e1lez, Humberto Bustince o Juan Ignacio Cirac<\/strong>\u00a0mientras que\u00a0<strong>el sello alcoyano lo pondr\u00e1n Ignacio Grau y Jos\u00e9 Manuel Molt\u00f3<\/strong>. Una\u00a0<strong>variada programaci\u00f3n<\/strong>, que puedes consultar al detalle aqu\u00ed, y que va dirigida a Alcoy pero tambi\u00e9n a los municipios de las comarcas de l\u2019Alcoi\u00e0 y el Comtat.<\/p>\n","protected":false},"excerpt":{"rendered":"<p>El Campus de Alcoy de la Universidad Polit\u00e9cnica de Valencia impartir\u00e1 finalmente el Grado en Ingenier\u00eda de Tecnolog\u00eda, Dise\u00f1o y&#8230;<\/p>\n","protected":false},"author":1,"featured_media":13772,"comment_status":"open","ping_status":"open","sticky":false,"template":"","format":"standard","meta":{"footnotes":""},"categories":[6909,97,5374,900,75],"tags":[1494,1732,15905,15906,12904,4381],"class_list":["post-124859","post","type-post","status-publish","format-standard","has-post-thumbnail","hentry","category-actualidad","category-alcoy","category-campus-de-alcoy","category-educacion","category-noticias","tag-alcoy","tag-campus-alcoy","tag-diseno-y-moda-textil","tag-grado-en-ingenieria-de-tecnologia","tag-oferta-formativa","tag-universidad-politecnica-de-valencia"],"yoast_head":"<!-- This site is optimized with the Yoast SEO plugin v27.3 - https:\/\/yoast.com\/product\/yoast-seo-wordpress\/ -->\n<title>Los estudios de Ingenier\u00eda Textil si que ser\u00e1n una realidad en Alcoy el pr\u00f3ximo curso acad\u00e9mico - COPE Alcoy<\/title>\n<meta name=\"description\" content=\"El Campus de Alcoy de la Universidad Polit\u00e9cnica de Valencia impartir\u00e1 el Grado en Ingenier\u00eda de Tecnolog\u00eda, Dise\u00f1o y Moda Textil a partir del pr\u00f3ximo curso\" \/>\n<meta name=\"robots\" content=\"index, follow, max-snippet:-1, max-image-preview:large, max-video-preview:-1\" \/>\n<link rel=\"canonical\" href=\"https:\/\/www.copealcoy.es\/es\/los-estudios-de-ingenieria-textil-si-que-seran-una-realidad-en-alcoy-el-proximo-curso-academico\/\" \/>\n<meta property=\"og:locale\" content=\"es_ES\" \/>\n<meta property=\"og:type\" content=\"article\" \/>\n<meta property=\"og:title\" content=\"Los estudios de Ingenier\u00eda Textil si que ser\u00e1n una realidad en Alcoy el pr\u00f3ximo curso acad\u00e9mico - COPE Alcoy\" \/>\n<meta property=\"og:description\" content=\"El Campus de Alcoy de la Universidad Polit\u00e9cnica de Valencia impartir\u00e1 el Grado en Ingenier\u00eda de Tecnolog\u00eda, Dise\u00f1o y Moda Textil a partir del pr\u00f3ximo curso\" \/>\n<meta property=\"og:url\" content=\"https:\/\/www.copealcoy.es\/es\/los-estudios-de-ingenieria-textil-si-que-seran-una-realidad-en-alcoy-el-proximo-curso-academico\/\" \/>\n<meta property=\"og:site_name\" content=\"COPE Alcoy\" \/>\n<meta property=\"article:published_time\" content=\"2023-11-13T09:55:33+00:00\" \/>\n<meta property=\"article:modified_time\" content=\"2023-11-13T15:04:19+00:00\" \/>\n<meta property=\"og:image\" content=\"https:\/\/www.copealcoy.es\/wp-content\/uploads\/2015\/06\/417484_10150580001116820_218732162_n.jpg\" \/>\n\t<meta property=\"og:image:width\" content=\"720\" \/>\n\t<meta property=\"og:image:height\" content=\"478\" \/>\n\t<meta property=\"og:image:type\" content=\"image\/jpeg\" \/>\n<meta name=\"author\" content=\"Cope Alcoy\" \/>\n<meta name=\"twitter:label1\" content=\"Escrito por\" \/>\n\t<meta name=\"twitter:data1\" content=\"Cope Alcoy\" \/>\n\t<meta name=\"twitter:label2\" content=\"Tiempo de lectura\" \/>\n\t<meta name=\"twitter:data2\" content=\"2 minutos\" \/>\n<script type=\"application\/ld+json\" class=\"yoast-schema-graph\">{\"@context\":\"https:\\\/\\\/schema.org\",\"@graph\":[{\"@type\":\"Article\",\"@id\":\"https:\\\/\\\/www.copealcoy.es\\\/es\\\/los-estudios-de-ingenieria-textil-si-que-seran-una-realidad-en-alcoy-el-proximo-curso-academico\\\/#article\",\"isPartOf\":{\"@id\":\"https:\\\/\\\/www.copealcoy.es\\\/es\\\/los-estudios-de-ingenieria-textil-si-que-seran-una-realidad-en-alcoy-el-proximo-curso-academico\\\/\"},\"author\":{\"name\":\"Cope Alcoy\",\"@id\":\"https:\\\/\\\/www.copealcoy.es\\\/es\\\/#\\\/schema\\\/person\\\/e777c87fa024e57d40170af9df39882c\"},\"headline\":\"Los estudios de Ingenier\u00eda Textil si que ser\u00e1n una realidad en Alcoy el pr\u00f3ximo curso acad\u00e9mico\",\"datePublished\":\"2023-11-13T09:55:33+00:00\",\"dateModified\":\"2023-11-13T15:04:19+00:00\",\"mainEntityOfPage\":{\"@id\":\"https:\\\/\\\/www.copealcoy.es\\\/es\\\/los-estudios-de-ingenieria-textil-si-que-seran-una-realidad-en-alcoy-el-proximo-curso-academico\\\/\"},\"wordCount\":419,\"commentCount\":0,\"image\":{\"@id\":\"https:\\\/\\\/www.copealcoy.es\\\/es\\\/los-estudios-de-ingenieria-textil-si-que-seran-una-realidad-en-alcoy-el-proximo-curso-academico\\\/#primaryimage\"},\"thumbnailUrl\":\"https:\\\/\\\/www.copealcoy.es\\\/wp-content\\\/uploads\\\/2015\\\/06\\\/417484_10150580001116820_218732162_n.jpg\",\"keywords\":[\"Alcoy\",\"Campus Alcoy\",\"Dise\u00f1o y Moda Textil\",\"Grado en Ingenier\u00eda de Tecnolog\u00eda\",\"oferta formativa\",\"Universidad Polit\u00e9cnica de Valencia\"],\"articleSection\":[\"Actualidad\",\"Alcoy\",\"Campus de Alcoy\",\"Educaci\u00f3n\",\"Noticias\"],\"inLanguage\":\"es\"},{\"@type\":\"WebPage\",\"@id\":\"https:\\\/\\\/www.copealcoy.es\\\/es\\\/los-estudios-de-ingenieria-textil-si-que-seran-una-realidad-en-alcoy-el-proximo-curso-academico\\\/\",\"url\":\"https:\\\/\\\/www.copealcoy.es\\\/es\\\/los-estudios-de-ingenieria-textil-si-que-seran-una-realidad-en-alcoy-el-proximo-curso-academico\\\/\",\"name\":\"Los estudios de Ingenier\u00eda Textil si que ser\u00e1n una realidad en Alcoy el pr\u00f3ximo curso acad\u00e9mico - COPE Alcoy\",\"isPartOf\":{\"@id\":\"https:\\\/\\\/www.copealcoy.es\\\/es\\\/#website\"},\"primaryImageOfPage\":{\"@id\":\"https:\\\/\\\/www.copealcoy.es\\\/es\\\/los-estudios-de-ingenieria-textil-si-que-seran-una-realidad-en-alcoy-el-proximo-curso-academico\\\/#primaryimage\"},\"image\":{\"@id\":\"https:\\\/\\\/www.copealcoy.es\\\/es\\\/los-estudios-de-ingenieria-textil-si-que-seran-una-realidad-en-alcoy-el-proximo-curso-academico\\\/#primaryimage\"},\"thumbnailUrl\":\"https:\\\/\\\/www.copealcoy.es\\\/wp-content\\\/uploads\\\/2015\\\/06\\\/417484_10150580001116820_218732162_n.jpg\",\"datePublished\":\"2023-11-13T09:55:33+00:00\",\"dateModified\":\"2023-11-13T15:04:19+00:00\",\"author\":{\"@id\":\"https:\\\/\\\/www.copealcoy.es\\\/es\\\/#\\\/schema\\\/person\\\/e777c87fa024e57d40170af9df39882c\"},\"description\":\"El Campus de Alcoy de la Universidad Polit\u00e9cnica de Valencia impartir\u00e1 el Grado en Ingenier\u00eda de Tecnolog\u00eda, Dise\u00f1o y Moda Textil a partir del pr\u00f3ximo curso\",\"breadcrumb\":{\"@id\":\"https:\\\/\\\/www.copealcoy.es\\\/es\\\/los-estudios-de-ingenieria-textil-si-que-seran-una-realidad-en-alcoy-el-proximo-curso-academico\\\/#breadcrumb\"},\"inLanguage\":\"es\",\"potentialAction\":[{\"@type\":\"ReadAction\",\"target\":[\"https:\\\/\\\/www.copealcoy.es\\\/es\\\/los-estudios-de-ingenieria-textil-si-que-seran-una-realidad-en-alcoy-el-proximo-curso-academico\\\/\"]}]},{\"@type\":\"ImageObject\",\"inLanguage\":\"es\",\"@id\":\"https:\\\/\\\/www.copealcoy.es\\\/es\\\/los-estudios-de-ingenieria-textil-si-que-seran-una-realidad-en-alcoy-el-proximo-curso-academico\\\/#primaryimage\",\"url\":\"https:\\\/\\\/www.copealcoy.es\\\/wp-content\\\/uploads\\\/2015\\\/06\\\/417484_10150580001116820_218732162_n.jpg\",\"contentUrl\":\"https:\\\/\\\/www.copealcoy.es\\\/wp-content\\\/uploads\\\/2015\\\/06\\\/417484_10150580001116820_218732162_n.jpg\",\"width\":720,\"height\":478,\"caption\":\"Campus de Alcoy de la Universidad Polit\u00e9cnica de Valencia\"},{\"@type\":\"BreadcrumbList\",\"@id\":\"https:\\\/\\\/www.copealcoy.es\\\/es\\\/los-estudios-de-ingenieria-textil-si-que-seran-una-realidad-en-alcoy-el-proximo-curso-academico\\\/#breadcrumb\",\"itemListElement\":[{\"@type\":\"ListItem\",\"position\":1,\"name\":\"Portada\",\"item\":\"https:\\\/\\\/www.copealcoy.es\\\/es\\\/\"},{\"@type\":\"ListItem\",\"position\":2,\"name\":\"Los estudios de Ingenier\u00eda Textil si que ser\u00e1n una realidad en Alcoy el pr\u00f3ximo curso acad\u00e9mico\"}]},{\"@type\":\"WebSite\",\"@id\":\"https:\\\/\\\/www.copealcoy.es\\\/es\\\/#website\",\"url\":\"https:\\\/\\\/www.copealcoy.es\\\/es\\\/\",\"name\":\"COPE Alcoy\",\"description\":\"Emisora COPE de radio local con emisi\u00f3n online. Pont de Sant Jordi 8-10 03803 Alcoy\",\"potentialAction\":[{\"@type\":\"SearchAction\",\"target\":{\"@type\":\"EntryPoint\",\"urlTemplate\":\"https:\\\/\\\/www.copealcoy.es\\\/es\\\/?s={search_term_string}\"},\"query-input\":{\"@type\":\"PropertyValueSpecification\",\"valueRequired\":true,\"valueName\":\"search_term_string\"}}],\"inLanguage\":\"es\"},{\"@type\":\"Person\",\"@id\":\"https:\\\/\\\/www.copealcoy.es\\\/es\\\/#\\\/schema\\\/person\\\/e777c87fa024e57d40170af9df39882c\",\"name\":\"Cope Alcoy\",\"image\":{\"@type\":\"ImageObject\",\"inLanguage\":\"es\",\"@id\":\"https:\\\/\\\/secure.gravatar.com\\\/avatar\\\/bb65d0283347e303893ba14f0692005417c1e0e690a325a4c5d8bb2b3943ee14?s=96&d=mm&r=g\",\"url\":\"https:\\\/\\\/secure.gravatar.com\\\/avatar\\\/bb65d0283347e303893ba14f0692005417c1e0e690a325a4c5d8bb2b3943ee14?s=96&d=mm&r=g\",\"contentUrl\":\"https:\\\/\\\/secure.gravatar.com\\\/avatar\\\/bb65d0283347e303893ba14f0692005417c1e0e690a325a4c5d8bb2b3943ee14?s=96&d=mm&r=g\",\"caption\":\"Cope Alcoy\"}}]}<\/script>\n<!-- \/ Yoast SEO plugin. -->","yoast_head_json":{"title":"Los estudios de Ingenier\u00eda Textil si que ser\u00e1n una realidad en Alcoy el pr\u00f3ximo curso acad\u00e9mico - COPE Alcoy","description":"El Campus de Alcoy de la Universidad Polit\u00e9cnica de Valencia impartir\u00e1 el Grado en Ingenier\u00eda de Tecnolog\u00eda, Dise\u00f1o y Moda Textil a partir del pr\u00f3ximo curso","robots":{"index":"index","follow":"follow","max-snippet":"max-snippet:-1","max-image-preview":"max-image-preview:large","max-video-preview":"max-video-preview:-1"},"canonical":"https:\/\/www.copealcoy.es\/es\/los-estudios-de-ingenieria-textil-si-que-seran-una-realidad-en-alcoy-el-proximo-curso-academico\/","og_locale":"es_ES","og_type":"article","og_title":"Los estudios de Ingenier\u00eda Textil si que ser\u00e1n una realidad en Alcoy el pr\u00f3ximo curso acad\u00e9mico - COPE Alcoy","og_description":"El Campus de Alcoy de la Universidad Polit\u00e9cnica de Valencia impartir\u00e1 el Grado en Ingenier\u00eda de Tecnolog\u00eda, Dise\u00f1o y Moda Textil a partir del pr\u00f3ximo curso","og_url":"https:\/\/www.copealcoy.es\/es\/los-estudios-de-ingenieria-textil-si-que-seran-una-realidad-en-alcoy-el-proximo-curso-academico\/","og_site_name":"COPE Alcoy","article_published_time":"2023-11-13T09:55:33+00:00","article_modified_time":"2023-11-13T15:04:19+00:00","og_image":[{"width":720,"height":478,"url":"https:\/\/www.copealcoy.es\/wp-content\/uploads\/2015\/06\/417484_10150580001116820_218732162_n.jpg","type":"image\/jpeg"}],"author":"Cope Alcoy","twitter_misc":{"Escrito por":"Cope Alcoy","Tiempo de lectura":"2 minutos"},"schema":{"@context":"https:\/\/schema.org","@graph":[{"@type":"Article","@id":"https:\/\/www.copealcoy.es\/es\/los-estudios-de-ingenieria-textil-si-que-seran-una-realidad-en-alcoy-el-proximo-curso-academico\/#article","isPartOf":{"@id":"https:\/\/www.copealcoy.es\/es\/los-estudios-de-ingenieria-textil-si-que-seran-una-realidad-en-alcoy-el-proximo-curso-academico\/"},"author":{"name":"Cope Alcoy","@id":"https:\/\/www.copealcoy.es\/es\/#\/schema\/person\/e777c87fa024e57d40170af9df39882c"},"headline":"Los estudios de Ingenier\u00eda Textil si que ser\u00e1n una realidad en Alcoy el pr\u00f3ximo curso acad\u00e9mico","datePublished":"2023-11-13T09:55:33+00:00","dateModified":"2023-11-13T15:04:19+00:00","mainEntityOfPage":{"@id":"https:\/\/www.copealcoy.es\/es\/los-estudios-de-ingenieria-textil-si-que-seran-una-realidad-en-alcoy-el-proximo-curso-academico\/"},"wordCount":419,"commentCount":0,"image":{"@id":"https:\/\/www.copealcoy.es\/es\/los-estudios-de-ingenieria-textil-si-que-seran-una-realidad-en-alcoy-el-proximo-curso-academico\/#primaryimage"},"thumbnailUrl":"https:\/\/www.copealcoy.es\/wp-content\/uploads\/2015\/06\/417484_10150580001116820_218732162_n.jpg","keywords":["Alcoy","Campus Alcoy","Dise\u00f1o y Moda Textil","Grado en Ingenier\u00eda de Tecnolog\u00eda","oferta formativa","Universidad Polit\u00e9cnica de Valencia"],"articleSection":["Actualidad","Alcoy","Campus de Alcoy","Educaci\u00f3n","Noticias"],"inLanguage":"es"},{"@type":"WebPage","@id":"https:\/\/www.copealcoy.es\/es\/los-estudios-de-ingenieria-textil-si-que-seran-una-realidad-en-alcoy-el-proximo-curso-academico\/","url":"https:\/\/www.copealcoy.es\/es\/los-estudios-de-ingenieria-textil-si-que-seran-una-realidad-en-alcoy-el-proximo-curso-academico\/","name":"Los estudios de Ingenier\u00eda Textil si que ser\u00e1n una realidad en Alcoy el pr\u00f3ximo curso acad\u00e9mico - COPE Alcoy","isPartOf":{"@id":"https:\/\/www.copealcoy.es\/es\/#website"},"primaryImageOfPage":{"@id":"https:\/\/www.copealcoy.es\/es\/los-estudios-de-ingenieria-textil-si-que-seran-una-realidad-en-alcoy-el-proximo-curso-academico\/#primaryimage"},"image":{"@id":"https:\/\/www.copealcoy.es\/es\/los-estudios-de-ingenieria-textil-si-que-seran-una-realidad-en-alcoy-el-proximo-curso-academico\/#primaryimage"},"thumbnailUrl":"https:\/\/www.copealcoy.es\/wp-content\/uploads\/2015\/06\/417484_10150580001116820_218732162_n.jpg","datePublished":"2023-11-13T09:55:33+00:00","dateModified":"2023-11-13T15:04:19+00:00","author":{"@id":"https:\/\/www.copealcoy.es\/es\/#\/schema\/person\/e777c87fa024e57d40170af9df39882c"},"description":"El Campus de Alcoy de la Universidad Polit\u00e9cnica de Valencia impartir\u00e1 el Grado en Ingenier\u00eda de Tecnolog\u00eda, Dise\u00f1o y Moda Textil a partir del pr\u00f3ximo curso","breadcrumb":{"@id":"https:\/\/www.copealcoy.es\/es\/los-estudios-de-ingenieria-textil-si-que-seran-una-realidad-en-alcoy-el-proximo-curso-academico\/#breadcrumb"},"inLanguage":"es","potentialAction":[{"@type":"ReadAction","target":["https:\/\/www.copealcoy.es\/es\/los-estudios-de-ingenieria-textil-si-que-seran-una-realidad-en-alcoy-el-proximo-curso-academico\/"]}]},{"@type":"ImageObject","inLanguage":"es","@id":"https:\/\/www.copealcoy.es\/es\/los-estudios-de-ingenieria-textil-si-que-seran-una-realidad-en-alcoy-el-proximo-curso-academico\/#primaryimage","url":"https:\/\/www.copealcoy.es\/wp-content\/uploads\/2015\/06\/417484_10150580001116820_218732162_n.jpg","contentUrl":"https:\/\/www.copealcoy.es\/wp-content\/uploads\/2015\/06\/417484_10150580001116820_218732162_n.jpg","width":720,"height":478,"caption":"Campus de Alcoy de la Universidad Polit\u00e9cnica de Valencia"},{"@type":"BreadcrumbList","@id":"https:\/\/www.copealcoy.es\/es\/los-estudios-de-ingenieria-textil-si-que-seran-una-realidad-en-alcoy-el-proximo-curso-academico\/#breadcrumb","itemListElement":[{"@type":"ListItem","position":1,"name":"Portada","item":"https:\/\/www.copealcoy.es\/es\/"},{"@type":"ListItem","position":2,"name":"Los estudios de Ingenier\u00eda Textil si que ser\u00e1n una realidad en Alcoy el pr\u00f3ximo curso acad\u00e9mico"}]},{"@type":"WebSite","@id":"https:\/\/www.copealcoy.es\/es\/#website","url":"https:\/\/www.copealcoy.es\/es\/","name":"COPE Alcoy","description":"Emisora COPE de radio local con emisi\u00f3n online. Pont de Sant Jordi 8-10 03803 Alcoy","potentialAction":[{"@type":"SearchAction","target":{"@type":"EntryPoint","urlTemplate":"https:\/\/www.copealcoy.es\/es\/?s={search_term_string}"},"query-input":{"@type":"PropertyValueSpecification","valueRequired":true,"valueName":"search_term_string"}}],"inLanguage":"es"},{"@type":"Person","@id":"https:\/\/www.copealcoy.es\/es\/#\/schema\/person\/e777c87fa024e57d40170af9df39882c","name":"Cope Alcoy","image":{"@type":"ImageObject","inLanguage":"es","@id":"https:\/\/secure.gravatar.com\/avatar\/bb65d0283347e303893ba14f0692005417c1e0e690a325a4c5d8bb2b3943ee14?s=96&d=mm&r=g","url":"https:\/\/secure.gravatar.com\/avatar\/bb65d0283347e303893ba14f0692005417c1e0e690a325a4c5d8bb2b3943ee14?s=96&d=mm&r=g","contentUrl":"https:\/\/secure.gravatar.com\/avatar\/bb65d0283347e303893ba14f0692005417c1e0e690a325a4c5d8bb2b3943ee14?s=96&d=mm&r=g","caption":"Cope Alcoy"}}]}},"_links":{"self":[{"href":"https:\/\/www.copealcoy.es\/es\/wp-json\/wp\/v2\/posts\/124859","targetHints":{"allow":["GET"]}}],"collection":[{"href":"https:\/\/www.copealcoy.es\/es\/wp-json\/wp\/v2\/posts"}],"about":[{"href":"https:\/\/www.copealcoy.es\/es\/wp-json\/wp\/v2\/types\/post"}],"author":[{"embeddable":true,"href":"https:\/\/www.copealcoy.es\/es\/wp-json\/wp\/v2\/users\/1"}],"replies":[{"embeddable":true,"href":"https:\/\/www.copealcoy.es\/es\/wp-json\/wp\/v2\/comments?post=124859"}],"version-history":[{"count":0,"href":"https:\/\/www.copealcoy.es\/es\/wp-json\/wp\/v2\/posts\/124859\/revisions"}],"wp:featuredmedia":[{"embeddable":true,"href":"https:\/\/www.copealcoy.es\/es\/wp-json\/wp\/v2\/media\/13772"}],"wp:attachment":[{"href":"https:\/\/www.copealcoy.es\/es\/wp-json\/wp\/v2\/media?parent=124859"}],"wp:term":[{"taxonomy":"category","embeddable":true,"href":"https:\/\/www.copealcoy.es\/es\/wp-json\/wp\/v2\/categories?post=124859"},{"taxonomy":"post_tag","embeddable":true,"href":"https:\/\/www.copealcoy.es\/es\/wp-json\/wp\/v2\/tags?post=124859"}],"curies":[{"name":"wp","href":"https:\/\/api.w.org\/{rel}","templated":true}]}}