{"id":124808,"date":"2023-11-11T09:38:33","date_gmt":"2023-11-11T08:38:33","guid":{"rendered":"https:\/\/www.copealcoy.es\/?p=124808"},"modified":"2023-11-13T09:18:58","modified_gmt":"2023-11-13T08:18:58","slug":"extinguido-un-incendio-forestal-en-el-estepar-de-alcoy","status":"publish","type":"post","link":"https:\/\/www.copealcoy.es\/es\/extinguido-un-incendio-forestal-en-el-estepar-de-alcoy\/","title":{"rendered":"Extinguido un incendio forestal en El Estepar de Alcoy"},"content":{"rendered":"<p style=\"text-align: justify;\">Este viernes por la tarde saltaron todas las alarmas en la urbanizaci\u00f3n <strong>El Estepar<\/strong> de Alcoy, cuando <strong>se decret\u00f3 un incendio forestal<\/strong> que pon\u00eda en alerta a todos los vecinos.<\/p>\n<p style=\"text-align: justify;\">Sin embargo, seg\u00fan se informa desde la <strong>Polic\u00eda Local de Alcoy<\/strong>, la r\u00e1pida actuaci\u00f3n de los efectivos policiales, <strong>Protecci\u00f3n Civil<\/strong> y el <strong>Consorcio Provincial de Bomberos de Alicante<\/strong>, permiti\u00f3 el <strong>r\u00e1pido control y extinci\u00f3n de las llamas<\/strong>. No hay que lamentar da\u00f1os personales, \u00fanicamente se vio afectada masa forestal.<\/p>\n","protected":false},"excerpt":{"rendered":"<p>Este viernes por la tarde saltaron todas las alarmas en la urbanizaci\u00f3n El Estepar de Alcoy, cuando se decret\u00f3 un&#8230;<\/p>\n","protected":false},"author":1,"featured_media":124809,"comment_status":"open","ping_status":"open","sticky":false,"template":"","format":"standard","meta":{"footnotes":""},"categories":[6909,97,75,125,80],"tags":[1494,14514,12778,12777],"class_list":["post-124808","post","type-post","status-publish","format-standard","has-post-thumbnail","hentry","category-actualidad","category-alcoy","category-noticias","category-portada","category-sucesos","tag-alcoy","tag-el-estepar-2","tag-extincion","tag-incendio-forestal"],"yoast_head":"<!-- This site is optimized with the Yoast SEO plugin v27.3 - https:\/\/yoast.com\/product\/yoast-seo-wordpress\/ -->\n<title>Extinguido un incendio forestal en El Estepar de Alcoy - COPE Alcoy<\/title>\n<meta name=\"description\" content=\"Este viernes por la tarde saltaron todas las alarmas en la urbanizaci\u00f3n El Estepar de Alcoy, cuando se decret\u00f3 un incendio forestal que pon\u00eda en alerta a todos los vecinos.\" \/>\n<meta name=\"robots\" content=\"index, follow, max-snippet:-1, max-image-preview:large, max-video-preview:-1\" \/>\n<link rel=\"canonical\" href=\"https:\/\/www.copealcoy.es\/es\/extinguido-un-incendio-forestal-en-el-estepar-de-alcoy\/\" \/>\n<meta property=\"og:locale\" content=\"es_ES\" \/>\n<meta property=\"og:type\" content=\"article\" \/>\n<meta property=\"og:title\" content=\"Extinguido un incendio forestal en El Estepar de Alcoy - COPE Alcoy\" \/>\n<meta property=\"og:description\" content=\"Este viernes por la tarde saltaron todas las alarmas en la urbanizaci\u00f3n El Estepar de Alcoy, cuando se decret\u00f3 un incendio forestal que pon\u00eda en alerta a todos los vecinos.\" \/>\n<meta property=\"og:url\" content=\"https:\/\/www.copealcoy.es\/es\/extinguido-un-incendio-forestal-en-el-estepar-de-alcoy\/\" \/>\n<meta property=\"og:site_name\" content=\"COPE Alcoy\" \/>\n<meta property=\"article:published_time\" content=\"2023-11-11T08:38:33+00:00\" \/>\n<meta property=\"article:modified_time\" content=\"2023-11-13T08:18:58+00:00\" \/>\n<meta property=\"og:image\" content=\"https:\/\/www.copealcoy.es\/wp-content\/uploads\/2023\/11\/400364110_728310089334203_8506478654171406197_n.jpg\" \/>\n\t<meta property=\"og:image:width\" content=\"1388\" \/>\n\t<meta property=\"og:image:height\" content=\"1080\" \/>\n\t<meta property=\"og:image:type\" content=\"image\/jpeg\" \/>\n<meta name=\"author\" content=\"Cope Alcoy\" \/>\n<meta name=\"twitter:label1\" content=\"Escrito por\" \/>\n\t<meta name=\"twitter:data1\" content=\"Cope Alcoy\" \/>\n\t<meta name=\"twitter:label2\" content=\"Tiempo de lectura\" \/>\n\t<meta name=\"twitter:data2\" content=\"1 minuto\" \/>\n<script type=\"application\/ld+json\" class=\"yoast-schema-graph\">{\"@context\":\"https:\\\/\\\/schema.org\",\"@graph\":[{\"@type\":\"Article\",\"@id\":\"https:\\\/\\\/www.copealcoy.es\\\/es\\\/extinguido-un-incendio-forestal-en-el-estepar-de-alcoy\\\/#article\",\"isPartOf\":{\"@id\":\"https:\\\/\\\/www.copealcoy.es\\\/es\\\/extinguido-un-incendio-forestal-en-el-estepar-de-alcoy\\\/\"},\"author\":{\"name\":\"Cope Alcoy\",\"@id\":\"https:\\\/\\\/www.copealcoy.es\\\/es\\\/#\\\/schema\\\/person\\\/e777c87fa024e57d40170af9df39882c\"},\"headline\":\"Extinguido un incendio forestal en El Estepar de Alcoy\",\"datePublished\":\"2023-11-11T08:38:33+00:00\",\"dateModified\":\"2023-11-13T08:18:58+00:00\",\"mainEntityOfPage\":{\"@id\":\"https:\\\/\\\/www.copealcoy.es\\\/es\\\/extinguido-un-incendio-forestal-en-el-estepar-de-alcoy\\\/\"},\"wordCount\":98,\"commentCount\":0,\"image\":{\"@id\":\"https:\\\/\\\/www.copealcoy.es\\\/es\\\/extinguido-un-incendio-forestal-en-el-estepar-de-alcoy\\\/#primaryimage\"},\"thumbnailUrl\":\"https:\\\/\\\/www.copealcoy.es\\\/wp-content\\\/uploads\\\/2023\\\/11\\\/400364110_728310089334203_8506478654171406197_n.jpg\",\"keywords\":[\"Alcoy\",\"El Estepar\",\"extinci\u00f3n\",\"incendio forestal\"],\"articleSection\":[\"Actualidad\",\"Alcoy\",\"Noticias\",\"Portada\",\"Sucesos\"],\"inLanguage\":\"es\"},{\"@type\":\"WebPage\",\"@id\":\"https:\\\/\\\/www.copealcoy.es\\\/es\\\/extinguido-un-incendio-forestal-en-el-estepar-de-alcoy\\\/\",\"url\":\"https:\\\/\\\/www.copealcoy.es\\\/es\\\/extinguido-un-incendio-forestal-en-el-estepar-de-alcoy\\\/\",\"name\":\"Extinguido un incendio forestal en El Estepar de Alcoy - COPE Alcoy\",\"isPartOf\":{\"@id\":\"https:\\\/\\\/www.copealcoy.es\\\/es\\\/#website\"},\"primaryImageOfPage\":{\"@id\":\"https:\\\/\\\/www.copealcoy.es\\\/es\\\/extinguido-un-incendio-forestal-en-el-estepar-de-alcoy\\\/#primaryimage\"},\"image\":{\"@id\":\"https:\\\/\\\/www.copealcoy.es\\\/es\\\/extinguido-un-incendio-forestal-en-el-estepar-de-alcoy\\\/#primaryimage\"},\"thumbnailUrl\":\"https:\\\/\\\/www.copealcoy.es\\\/wp-content\\\/uploads\\\/2023\\\/11\\\/400364110_728310089334203_8506478654171406197_n.jpg\",\"datePublished\":\"2023-11-11T08:38:33+00:00\",\"dateModified\":\"2023-11-13T08:18:58+00:00\",\"author\":{\"@id\":\"https:\\\/\\\/www.copealcoy.es\\\/es\\\/#\\\/schema\\\/person\\\/e777c87fa024e57d40170af9df39882c\"},\"description\":\"Este viernes por la tarde saltaron todas las alarmas en la urbanizaci\u00f3n El Estepar de Alcoy, cuando se decret\u00f3 un incendio forestal que pon\u00eda en alerta a todos los vecinos.\",\"breadcrumb\":{\"@id\":\"https:\\\/\\\/www.copealcoy.es\\\/es\\\/extinguido-un-incendio-forestal-en-el-estepar-de-alcoy\\\/#breadcrumb\"},\"inLanguage\":\"es\",\"potentialAction\":[{\"@type\":\"ReadAction\",\"target\":[\"https:\\\/\\\/www.copealcoy.es\\\/es\\\/extinguido-un-incendio-forestal-en-el-estepar-de-alcoy\\\/\"]}]},{\"@type\":\"ImageObject\",\"inLanguage\":\"es\",\"@id\":\"https:\\\/\\\/www.copealcoy.es\\\/es\\\/extinguido-un-incendio-forestal-en-el-estepar-de-alcoy\\\/#primaryimage\",\"url\":\"https:\\\/\\\/www.copealcoy.es\\\/wp-content\\\/uploads\\\/2023\\\/11\\\/400364110_728310089334203_8506478654171406197_n.jpg\",\"contentUrl\":\"https:\\\/\\\/www.copealcoy.es\\\/wp-content\\\/uploads\\\/2023\\\/11\\\/400364110_728310089334203_8506478654171406197_n.jpg\",\"width\":1388,\"height\":1080},{\"@type\":\"BreadcrumbList\",\"@id\":\"https:\\\/\\\/www.copealcoy.es\\\/es\\\/extinguido-un-incendio-forestal-en-el-estepar-de-alcoy\\\/#breadcrumb\",\"itemListElement\":[{\"@type\":\"ListItem\",\"position\":1,\"name\":\"Portada\",\"item\":\"https:\\\/\\\/www.copealcoy.es\\\/es\\\/\"},{\"@type\":\"ListItem\",\"position\":2,\"name\":\"Extinguido un incendio forestal en El Estepar de Alcoy\"}]},{\"@type\":\"WebSite\",\"@id\":\"https:\\\/\\\/www.copealcoy.es\\\/es\\\/#website\",\"url\":\"https:\\\/\\\/www.copealcoy.es\\\/es\\\/\",\"name\":\"COPE Alcoy\",\"description\":\"Emisora COPE de radio local con emisi\u00f3n online. Pont de Sant Jordi 8-10 03803 Alcoy\",\"potentialAction\":[{\"@type\":\"SearchAction\",\"target\":{\"@type\":\"EntryPoint\",\"urlTemplate\":\"https:\\\/\\\/www.copealcoy.es\\\/es\\\/?s={search_term_string}\"},\"query-input\":{\"@type\":\"PropertyValueSpecification\",\"valueRequired\":true,\"valueName\":\"search_term_string\"}}],\"inLanguage\":\"es\"},{\"@type\":\"Person\",\"@id\":\"https:\\\/\\\/www.copealcoy.es\\\/es\\\/#\\\/schema\\\/person\\\/e777c87fa024e57d40170af9df39882c\",\"name\":\"Cope Alcoy\",\"image\":{\"@type\":\"ImageObject\",\"inLanguage\":\"es\",\"@id\":\"https:\\\/\\\/secure.gravatar.com\\\/avatar\\\/bb65d0283347e303893ba14f0692005417c1e0e690a325a4c5d8bb2b3943ee14?s=96&d=mm&r=g\",\"url\":\"https:\\\/\\\/secure.gravatar.com\\\/avatar\\\/bb65d0283347e303893ba14f0692005417c1e0e690a325a4c5d8bb2b3943ee14?s=96&d=mm&r=g\",\"contentUrl\":\"https:\\\/\\\/secure.gravatar.com\\\/avatar\\\/bb65d0283347e303893ba14f0692005417c1e0e690a325a4c5d8bb2b3943ee14?s=96&d=mm&r=g\",\"caption\":\"Cope Alcoy\"}}]}<\/script>\n<!-- \/ Yoast SEO plugin. -->","yoast_head_json":{"title":"Extinguido un incendio forestal en El Estepar de Alcoy - COPE Alcoy","description":"Este viernes por la tarde saltaron todas las alarmas en la urbanizaci\u00f3n El Estepar de Alcoy, cuando se decret\u00f3 un incendio forestal que pon\u00eda en alerta a todos los vecinos.","robots":{"index":"index","follow":"follow","max-snippet":"max-snippet:-1","max-image-preview":"max-image-preview:large","max-video-preview":"max-video-preview:-1"},"canonical":"https:\/\/www.copealcoy.es\/es\/extinguido-un-incendio-forestal-en-el-estepar-de-alcoy\/","og_locale":"es_ES","og_type":"article","og_title":"Extinguido un incendio forestal en El Estepar de Alcoy - COPE Alcoy","og_description":"Este viernes por la tarde saltaron todas las alarmas en la urbanizaci\u00f3n El Estepar de Alcoy, cuando se decret\u00f3 un incendio forestal que pon\u00eda en alerta a todos los vecinos.","og_url":"https:\/\/www.copealcoy.es\/es\/extinguido-un-incendio-forestal-en-el-estepar-de-alcoy\/","og_site_name":"COPE Alcoy","article_published_time":"2023-11-11T08:38:33+00:00","article_modified_time":"2023-11-13T08:18:58+00:00","og_image":[{"width":1388,"height":1080,"url":"https:\/\/www.copealcoy.es\/wp-content\/uploads\/2023\/11\/400364110_728310089334203_8506478654171406197_n.jpg","type":"image\/jpeg"}],"author":"Cope Alcoy","twitter_misc":{"Escrito por":"Cope Alcoy","Tiempo de lectura":"1 minuto"},"schema":{"@context":"https:\/\/schema.org","@graph":[{"@type":"Article","@id":"https:\/\/www.copealcoy.es\/es\/extinguido-un-incendio-forestal-en-el-estepar-de-alcoy\/#article","isPartOf":{"@id":"https:\/\/www.copealcoy.es\/es\/extinguido-un-incendio-forestal-en-el-estepar-de-alcoy\/"},"author":{"name":"Cope Alcoy","@id":"https:\/\/www.copealcoy.es\/es\/#\/schema\/person\/e777c87fa024e57d40170af9df39882c"},"headline":"Extinguido un incendio forestal en El Estepar de Alcoy","datePublished":"2023-11-11T08:38:33+00:00","dateModified":"2023-11-13T08:18:58+00:00","mainEntityOfPage":{"@id":"https:\/\/www.copealcoy.es\/es\/extinguido-un-incendio-forestal-en-el-estepar-de-alcoy\/"},"wordCount":98,"commentCount":0,"image":{"@id":"https:\/\/www.copealcoy.es\/es\/extinguido-un-incendio-forestal-en-el-estepar-de-alcoy\/#primaryimage"},"thumbnailUrl":"https:\/\/www.copealcoy.es\/wp-content\/uploads\/2023\/11\/400364110_728310089334203_8506478654171406197_n.jpg","keywords":["Alcoy","El Estepar","extinci\u00f3n","incendio forestal"],"articleSection":["Actualidad","Alcoy","Noticias","Portada","Sucesos"],"inLanguage":"es"},{"@type":"WebPage","@id":"https:\/\/www.copealcoy.es\/es\/extinguido-un-incendio-forestal-en-el-estepar-de-alcoy\/","url":"https:\/\/www.copealcoy.es\/es\/extinguido-un-incendio-forestal-en-el-estepar-de-alcoy\/","name":"Extinguido un incendio forestal en El Estepar de Alcoy - COPE Alcoy","isPartOf":{"@id":"https:\/\/www.copealcoy.es\/es\/#website"},"primaryImageOfPage":{"@id":"https:\/\/www.copealcoy.es\/es\/extinguido-un-incendio-forestal-en-el-estepar-de-alcoy\/#primaryimage"},"image":{"@id":"https:\/\/www.copealcoy.es\/es\/extinguido-un-incendio-forestal-en-el-estepar-de-alcoy\/#primaryimage"},"thumbnailUrl":"https:\/\/www.copealcoy.es\/wp-content\/uploads\/2023\/11\/400364110_728310089334203_8506478654171406197_n.jpg","datePublished":"2023-11-11T08:38:33+00:00","dateModified":"2023-11-13T08:18:58+00:00","author":{"@id":"https:\/\/www.copealcoy.es\/es\/#\/schema\/person\/e777c87fa024e57d40170af9df39882c"},"description":"Este viernes por la tarde saltaron todas las alarmas en la urbanizaci\u00f3n El Estepar de Alcoy, cuando se decret\u00f3 un incendio forestal que pon\u00eda en alerta a todos los vecinos.","breadcrumb":{"@id":"https:\/\/www.copealcoy.es\/es\/extinguido-un-incendio-forestal-en-el-estepar-de-alcoy\/#breadcrumb"},"inLanguage":"es","potentialAction":[{"@type":"ReadAction","target":["https:\/\/www.copealcoy.es\/es\/extinguido-un-incendio-forestal-en-el-estepar-de-alcoy\/"]}]},{"@type":"ImageObject","inLanguage":"es","@id":"https:\/\/www.copealcoy.es\/es\/extinguido-un-incendio-forestal-en-el-estepar-de-alcoy\/#primaryimage","url":"https:\/\/www.copealcoy.es\/wp-content\/uploads\/2023\/11\/400364110_728310089334203_8506478654171406197_n.jpg","contentUrl":"https:\/\/www.copealcoy.es\/wp-content\/uploads\/2023\/11\/400364110_728310089334203_8506478654171406197_n.jpg","width":1388,"height":1080},{"@type":"BreadcrumbList","@id":"https:\/\/www.copealcoy.es\/es\/extinguido-un-incendio-forestal-en-el-estepar-de-alcoy\/#breadcrumb","itemListElement":[{"@type":"ListItem","position":1,"name":"Portada","item":"https:\/\/www.copealcoy.es\/es\/"},{"@type":"ListItem","position":2,"name":"Extinguido un incendio forestal en El Estepar de Alcoy"}]},{"@type":"WebSite","@id":"https:\/\/www.copealcoy.es\/es\/#website","url":"https:\/\/www.copealcoy.es\/es\/","name":"COPE Alcoy","description":"Emisora COPE de radio local con emisi\u00f3n online. Pont de Sant Jordi 8-10 03803 Alcoy","potentialAction":[{"@type":"SearchAction","target":{"@type":"EntryPoint","urlTemplate":"https:\/\/www.copealcoy.es\/es\/?s={search_term_string}"},"query-input":{"@type":"PropertyValueSpecification","valueRequired":true,"valueName":"search_term_string"}}],"inLanguage":"es"},{"@type":"Person","@id":"https:\/\/www.copealcoy.es\/es\/#\/schema\/person\/e777c87fa024e57d40170af9df39882c","name":"Cope Alcoy","image":{"@type":"ImageObject","inLanguage":"es","@id":"https:\/\/secure.gravatar.com\/avatar\/bb65d0283347e303893ba14f0692005417c1e0e690a325a4c5d8bb2b3943ee14?s=96&d=mm&r=g","url":"https:\/\/secure.gravatar.com\/avatar\/bb65d0283347e303893ba14f0692005417c1e0e690a325a4c5d8bb2b3943ee14?s=96&d=mm&r=g","contentUrl":"https:\/\/secure.gravatar.com\/avatar\/bb65d0283347e303893ba14f0692005417c1e0e690a325a4c5d8bb2b3943ee14?s=96&d=mm&r=g","caption":"Cope Alcoy"}}]}},"_links":{"self":[{"href":"https:\/\/www.copealcoy.es\/es\/wp-json\/wp\/v2\/posts\/124808","targetHints":{"allow":["GET"]}}],"collection":[{"href":"https:\/\/www.copealcoy.es\/es\/wp-json\/wp\/v2\/posts"}],"about":[{"href":"https:\/\/www.copealcoy.es\/es\/wp-json\/wp\/v2\/types\/post"}],"author":[{"embeddable":true,"href":"https:\/\/www.copealcoy.es\/es\/wp-json\/wp\/v2\/users\/1"}],"replies":[{"embeddable":true,"href":"https:\/\/www.copealcoy.es\/es\/wp-json\/wp\/v2\/comments?post=124808"}],"version-history":[{"count":0,"href":"https:\/\/www.copealcoy.es\/es\/wp-json\/wp\/v2\/posts\/124808\/revisions"}],"wp:featuredmedia":[{"embeddable":true,"href":"https:\/\/www.copealcoy.es\/es\/wp-json\/wp\/v2\/media\/124809"}],"wp:attachment":[{"href":"https:\/\/www.copealcoy.es\/es\/wp-json\/wp\/v2\/media?parent=124808"}],"wp:term":[{"taxonomy":"category","embeddable":true,"href":"https:\/\/www.copealcoy.es\/es\/wp-json\/wp\/v2\/categories?post=124808"},{"taxonomy":"post_tag","embeddable":true,"href":"https:\/\/www.copealcoy.es\/es\/wp-json\/wp\/v2\/tags?post=124808"}],"curies":[{"name":"wp","href":"https:\/\/api.w.org\/{rel}","templated":true}]}}