{"id":124769,"date":"2023-11-10T10:39:51","date_gmt":"2023-11-10T09:39:51","guid":{"rendered":"https:\/\/www.copealcoy.es\/?p=124769"},"modified":"2023-11-10T10:41:33","modified_gmt":"2023-11-10T09:41:33","slug":"la-campana-de-la-aceituna-avanza-a-buen-ritmo-en-la-comarca-y-la-cosecha-resiste-al-viento","status":"publish","type":"post","link":"https:\/\/www.copealcoy.es\/es\/la-campana-de-la-aceituna-avanza-a-buen-ritmo-en-la-comarca-y-la-cosecha-resiste-al-viento\/","title":{"rendered":"La campa\u00f1a de la aceituna avanza a buen ritmo en la comarca y la cosecha resiste al viento"},"content":{"rendered":"<p style=\"text-align: justify;\">La <strong>campa\u00f1a de la oliva<\/strong> avanza a buen ritmo en nuestras comarcas y <strong>los cultivos han resistido a las fuertes rachas de viento<\/strong> que sufrieron los municipios de l\u2019Alcoi\u00e0 y el Comtat durante la pasada semana. As\u00ed lo aseguran desde <a href=\"https:\/\/www.facebook.com\/OlielComtat\/photos\" target=\"_blank\" rel=\"noopener\"><strong><span style=\"color: #0000ff;\">la Cooperativa Agr\u00edcola de Cocentaina<\/span><\/strong><\/a>, entidad que <strong>espera un resultado \u00f3ptimo en la recolecci\u00f3n<\/strong> que ya est\u00e1 en marcha \u201c<em>la climatolog\u00eda que hemos tenido este verano, y sobre todo las altas temperaturas del inicio del oto\u00f1o, han hecho que la aceituna est\u00e9 dura e incluso agarrada al \u00e1rbol, lo cual hace que el fuerte viento no haya lanzado a tierra buena parte de la producci\u00f3n<\/em>\u201d, explicaba en COPE ALCOY <strong>Rafael Montava<\/strong>; presidente de la instituci\u00f3n.<\/p>\n<p style=\"text-align: justify;\">Precisamente la Cooperativa de la capital del Comtat <strong>acogi\u00f3 a mediados de octubre el acto de la cata del primer aceite de temporada<\/strong> al que asistieron el subdelegado del Gobierno, <strong>Carlos S\u00e1nchez Heras<\/strong>, el diputado provincial del PP, <strong>Carlos Pastor<\/strong>, o el alcalde de la Villa Condal; <strong>Jordi Pla<\/strong>. El mismo subdelegado <strong>se comprometi\u00f3 a mediar en una importante petici\u00f3n que lanzan los olivareros<\/strong> para que se les puedan aplicar <strong>exenciones fiscales<\/strong> en la actividad a tiempo parcial que realizan durante la recolecci\u00f3n \u201c<em>lo trasladaremos al gobierno de Espa\u00f1a para ver si conseguimos potenciar, favorecer y sobre todo ayudar en esta materia a los agricultores de la zona<\/em>\u201d, dijo al respecto. Tambi\u00e9n Carlos S\u00e1nchez Heras <strong>se refiri\u00f3 en la Fira de Tots Sants a los robos de aceitunas<\/strong> que se est\u00e1n produciendo en algunos campos de la comarca y que se vinculan a los elevados precios que est\u00e1 teniendo el aceite \u201c<em>se van a realizar las reuniones pertinentes con las partes implicadas para informarles de que tienen a su disposici\u00f3n todas las herramientas necesarias para hacer frente a esta situaci\u00f3n<\/em>\u201d, concluy\u00f3.<\/p>\n<p style=\"text-align: justify;\"><a href=\"https:\/\/www.copealcoy.es\/wp-content\/uploads\/2023\/11\/8-Cocentaina-acogio-la-cata-del-primer-aceite-a-finales-de-octubre.jpg\"><img loading=\"lazy\" decoding=\"async\" class=\"wp-image-124772 aligncenter\" src=\"https:\/\/www.copealcoy.es\/wp-content\/uploads\/2023\/11\/8-Cocentaina-acogio-la-cata-del-primer-aceite-a-finales-de-octubre.jpg\" alt=\"\" width=\"629\" height=\"356\" \/><\/a><\/p>\n<p>&nbsp;<\/p>\n<p style=\"text-align: justify;\">Precisamente <strong>Millena acogi\u00f3 recientemente <a href=\"https:\/\/www.copealcoy.es\/los-robos-de-aceitunas-preocupan-a-los-agricultores-de-la-comarca\/\" target=\"_blank\" rel=\"noopener\"><span style=\"color: #0000ff;\">una reuni\u00f3n<\/span><\/a><\/strong> entre la Uni\u00f3 de Llauradors, la Diputaci\u00f3n de Alicante y los agricultores en la que <strong>el Grupo ROCA de la Guardia Civil<\/strong>, que se dedica a los robos en zonas rurales; recomend\u00f3 <strong>denunciar cualquier hurto<\/strong> por peque\u00f1o que sea. Tambi\u00e9n se recomend\u00f3 advertir de <strong>cualquier conducta sospechosa<\/strong> que se detecte en los mismos campos.<\/p>\n<audio class=\"wp-audio-shortcode\" id=\"audio-124769-1\" preload=\"none\" style=\"width: 100%;\" controls=\"controls\"><source type=\"audio\/mpeg\" src=\"https:\/\/www.copealcoy.es\/wp-content\/uploads\/2023\/11\/Entrevista-Rafael-Montava.mp3?_=1\" \/><a href=\"https:\/\/www.copealcoy.es\/wp-content\/uploads\/2023\/11\/Entrevista-Rafael-Montava.mp3\">https:\/\/www.copealcoy.es\/wp-content\/uploads\/2023\/11\/Entrevista-Rafael-Montava.mp3<\/a><\/audio>\n<p>&nbsp;<\/p>\n<p>&nbsp;<\/p>\n","protected":false},"excerpt":{"rendered":"<p>La campa\u00f1a de la oliva avanza a buen ritmo en nuestras comarcas y los cultivos han resistido a las fuertes&#8230;<\/p>\n","protected":false},"author":1,"featured_media":124770,"comment_status":"open","ping_status":"open","sticky":false,"template":"","format":"standard","meta":{"footnotes":""},"categories":[6909,98,75,125],"tags":[199,236,3254,15901,15902,15900],"class_list":["post-124769","post","type-post","status-publish","format-standard","has-post-thumbnail","hentry","category-actualidad","category-comarcas","category-noticias","category-portada","tag-campana","tag-comarca","tag-cooperativa-agricola","tag-olivareros","tag-productores","tag-recogida-aceite"],"yoast_head":"<!-- This site is optimized with the Yoast SEO plugin v27.3 - https:\/\/yoast.com\/product\/yoast-seo-wordpress\/ -->\n<title>La campa\u00f1a de la aceituna avanza a buen ritmo en la comarca y la cosecha resiste al viento - COPE Alcoy<\/title>\n<meta name=\"description\" content=\"La campa\u00f1a de la oliva avanza a buen ritmo en nuestras comarcas y los cultivos han resistido a las fuertes rachas de viento de la pasada semana\" \/>\n<meta name=\"robots\" content=\"index, follow, max-snippet:-1, max-image-preview:large, max-video-preview:-1\" \/>\n<link rel=\"canonical\" href=\"https:\/\/www.copealcoy.es\/es\/la-campana-de-la-aceituna-avanza-a-buen-ritmo-en-la-comarca-y-la-cosecha-resiste-al-viento\/\" \/>\n<meta property=\"og:locale\" content=\"es_ES\" \/>\n<meta property=\"og:type\" content=\"article\" \/>\n<meta property=\"og:title\" content=\"La campa\u00f1a de la aceituna avanza a buen ritmo en la comarca y la cosecha resiste al viento - COPE Alcoy\" \/>\n<meta property=\"og:description\" content=\"La campa\u00f1a de la oliva avanza a buen ritmo en nuestras comarcas y los cultivos han resistido a las fuertes rachas de viento de la pasada semana\" \/>\n<meta property=\"og:url\" content=\"https:\/\/www.copealcoy.es\/es\/la-campana-de-la-aceituna-avanza-a-buen-ritmo-en-la-comarca-y-la-cosecha-resiste-al-viento\/\" \/>\n<meta property=\"og:site_name\" content=\"COPE Alcoy\" \/>\n<meta property=\"article:published_time\" content=\"2023-11-10T09:39:51+00:00\" \/>\n<meta property=\"article:modified_time\" content=\"2023-11-10T09:41:33+00:00\" \/>\n<meta property=\"og:image\" content=\"https:\/\/www.copealcoy.es\/wp-content\/uploads\/2023\/11\/42436510_2192758867672186_2606212646571081728_n-1-scaled.jpg\" \/>\n\t<meta property=\"og:image:width\" content=\"1440\" \/>\n\t<meta property=\"og:image:height\" content=\"1080\" \/>\n\t<meta property=\"og:image:type\" content=\"image\/jpeg\" \/>\n<meta name=\"author\" content=\"Cope Alcoy\" \/>\n<meta name=\"twitter:label1\" content=\"Escrito por\" \/>\n\t<meta name=\"twitter:data1\" content=\"Cope Alcoy\" \/>\n\t<meta name=\"twitter:label2\" content=\"Tiempo de lectura\" \/>\n\t<meta name=\"twitter:data2\" content=\"2 minutos\" \/>\n<script type=\"application\/ld+json\" class=\"yoast-schema-graph\">{\"@context\":\"https:\\\/\\\/schema.org\",\"@graph\":[{\"@type\":\"Article\",\"@id\":\"https:\\\/\\\/www.copealcoy.es\\\/es\\\/la-campana-de-la-aceituna-avanza-a-buen-ritmo-en-la-comarca-y-la-cosecha-resiste-al-viento\\\/#article\",\"isPartOf\":{\"@id\":\"https:\\\/\\\/www.copealcoy.es\\\/es\\\/la-campana-de-la-aceituna-avanza-a-buen-ritmo-en-la-comarca-y-la-cosecha-resiste-al-viento\\\/\"},\"author\":{\"name\":\"Cope Alcoy\",\"@id\":\"https:\\\/\\\/www.copealcoy.es\\\/es\\\/#\\\/schema\\\/person\\\/e777c87fa024e57d40170af9df39882c\"},\"headline\":\"La campa\u00f1a de la aceituna avanza a buen ritmo en la comarca y la cosecha resiste al viento\",\"datePublished\":\"2023-11-10T09:39:51+00:00\",\"dateModified\":\"2023-11-10T09:41:33+00:00\",\"mainEntityOfPage\":{\"@id\":\"https:\\\/\\\/www.copealcoy.es\\\/es\\\/la-campana-de-la-aceituna-avanza-a-buen-ritmo-en-la-comarca-y-la-cosecha-resiste-al-viento\\\/\"},\"wordCount\":410,\"commentCount\":0,\"image\":{\"@id\":\"https:\\\/\\\/www.copealcoy.es\\\/es\\\/la-campana-de-la-aceituna-avanza-a-buen-ritmo-en-la-comarca-y-la-cosecha-resiste-al-viento\\\/#primaryimage\"},\"thumbnailUrl\":\"https:\\\/\\\/www.copealcoy.es\\\/wp-content\\\/uploads\\\/2023\\\/11\\\/42436510_2192758867672186_2606212646571081728_n-1-scaled.jpg\",\"keywords\":[\"Campa\u00f1a\",\"Comarca\",\"Cooperativa Agr\u00edcola\",\"olivareros\",\"productores\",\"recogida aceite\"],\"articleSection\":[\"Actualidad\",\"Comarcas\",\"Noticias\",\"Portada\"],\"inLanguage\":\"es\"},{\"@type\":\"WebPage\",\"@id\":\"https:\\\/\\\/www.copealcoy.es\\\/es\\\/la-campana-de-la-aceituna-avanza-a-buen-ritmo-en-la-comarca-y-la-cosecha-resiste-al-viento\\\/\",\"url\":\"https:\\\/\\\/www.copealcoy.es\\\/es\\\/la-campana-de-la-aceituna-avanza-a-buen-ritmo-en-la-comarca-y-la-cosecha-resiste-al-viento\\\/\",\"name\":\"La campa\u00f1a de la aceituna avanza a buen ritmo en la comarca y la cosecha resiste al viento - COPE Alcoy\",\"isPartOf\":{\"@id\":\"https:\\\/\\\/www.copealcoy.es\\\/es\\\/#website\"},\"primaryImageOfPage\":{\"@id\":\"https:\\\/\\\/www.copealcoy.es\\\/es\\\/la-campana-de-la-aceituna-avanza-a-buen-ritmo-en-la-comarca-y-la-cosecha-resiste-al-viento\\\/#primaryimage\"},\"image\":{\"@id\":\"https:\\\/\\\/www.copealcoy.es\\\/es\\\/la-campana-de-la-aceituna-avanza-a-buen-ritmo-en-la-comarca-y-la-cosecha-resiste-al-viento\\\/#primaryimage\"},\"thumbnailUrl\":\"https:\\\/\\\/www.copealcoy.es\\\/wp-content\\\/uploads\\\/2023\\\/11\\\/42436510_2192758867672186_2606212646571081728_n-1-scaled.jpg\",\"datePublished\":\"2023-11-10T09:39:51+00:00\",\"dateModified\":\"2023-11-10T09:41:33+00:00\",\"author\":{\"@id\":\"https:\\\/\\\/www.copealcoy.es\\\/es\\\/#\\\/schema\\\/person\\\/e777c87fa024e57d40170af9df39882c\"},\"description\":\"La campa\u00f1a de la oliva avanza a buen ritmo en nuestras comarcas y los cultivos han resistido a las fuertes rachas de viento de la pasada semana\",\"breadcrumb\":{\"@id\":\"https:\\\/\\\/www.copealcoy.es\\\/es\\\/la-campana-de-la-aceituna-avanza-a-buen-ritmo-en-la-comarca-y-la-cosecha-resiste-al-viento\\\/#breadcrumb\"},\"inLanguage\":\"es\",\"potentialAction\":[{\"@type\":\"ReadAction\",\"target\":[\"https:\\\/\\\/www.copealcoy.es\\\/es\\\/la-campana-de-la-aceituna-avanza-a-buen-ritmo-en-la-comarca-y-la-cosecha-resiste-al-viento\\\/\"]}]},{\"@type\":\"ImageObject\",\"inLanguage\":\"es\",\"@id\":\"https:\\\/\\\/www.copealcoy.es\\\/es\\\/la-campana-de-la-aceituna-avanza-a-buen-ritmo-en-la-comarca-y-la-cosecha-resiste-al-viento\\\/#primaryimage\",\"url\":\"https:\\\/\\\/www.copealcoy.es\\\/wp-content\\\/uploads\\\/2023\\\/11\\\/42436510_2192758867672186_2606212646571081728_n-1-scaled.jpg\",\"contentUrl\":\"https:\\\/\\\/www.copealcoy.es\\\/wp-content\\\/uploads\\\/2023\\\/11\\\/42436510_2192758867672186_2606212646571081728_n-1-scaled.jpg\",\"width\":1440,\"height\":1080},{\"@type\":\"BreadcrumbList\",\"@id\":\"https:\\\/\\\/www.copealcoy.es\\\/es\\\/la-campana-de-la-aceituna-avanza-a-buen-ritmo-en-la-comarca-y-la-cosecha-resiste-al-viento\\\/#breadcrumb\",\"itemListElement\":[{\"@type\":\"ListItem\",\"position\":1,\"name\":\"Portada\",\"item\":\"https:\\\/\\\/www.copealcoy.es\\\/es\\\/\"},{\"@type\":\"ListItem\",\"position\":2,\"name\":\"La campa\u00f1a de la aceituna avanza a buen ritmo en la comarca y la cosecha resiste al viento\"}]},{\"@type\":\"WebSite\",\"@id\":\"https:\\\/\\\/www.copealcoy.es\\\/es\\\/#website\",\"url\":\"https:\\\/\\\/www.copealcoy.es\\\/es\\\/\",\"name\":\"COPE Alcoy\",\"description\":\"Emisora COPE de radio local con emisi\u00f3n online. Pont de Sant Jordi 8-10 03803 Alcoy\",\"potentialAction\":[{\"@type\":\"SearchAction\",\"target\":{\"@type\":\"EntryPoint\",\"urlTemplate\":\"https:\\\/\\\/www.copealcoy.es\\\/es\\\/?s={search_term_string}\"},\"query-input\":{\"@type\":\"PropertyValueSpecification\",\"valueRequired\":true,\"valueName\":\"search_term_string\"}}],\"inLanguage\":\"es\"},{\"@type\":\"Person\",\"@id\":\"https:\\\/\\\/www.copealcoy.es\\\/es\\\/#\\\/schema\\\/person\\\/e777c87fa024e57d40170af9df39882c\",\"name\":\"Cope Alcoy\",\"image\":{\"@type\":\"ImageObject\",\"inLanguage\":\"es\",\"@id\":\"https:\\\/\\\/secure.gravatar.com\\\/avatar\\\/bb65d0283347e303893ba14f0692005417c1e0e690a325a4c5d8bb2b3943ee14?s=96&d=mm&r=g\",\"url\":\"https:\\\/\\\/secure.gravatar.com\\\/avatar\\\/bb65d0283347e303893ba14f0692005417c1e0e690a325a4c5d8bb2b3943ee14?s=96&d=mm&r=g\",\"contentUrl\":\"https:\\\/\\\/secure.gravatar.com\\\/avatar\\\/bb65d0283347e303893ba14f0692005417c1e0e690a325a4c5d8bb2b3943ee14?s=96&d=mm&r=g\",\"caption\":\"Cope Alcoy\"}}]}<\/script>\n<!-- \/ Yoast SEO plugin. -->","yoast_head_json":{"title":"La campa\u00f1a de la aceituna avanza a buen ritmo en la comarca y la cosecha resiste al viento - COPE Alcoy","description":"La campa\u00f1a de la oliva avanza a buen ritmo en nuestras comarcas y los cultivos han resistido a las fuertes rachas de viento de la pasada semana","robots":{"index":"index","follow":"follow","max-snippet":"max-snippet:-1","max-image-preview":"max-image-preview:large","max-video-preview":"max-video-preview:-1"},"canonical":"https:\/\/www.copealcoy.es\/es\/la-campana-de-la-aceituna-avanza-a-buen-ritmo-en-la-comarca-y-la-cosecha-resiste-al-viento\/","og_locale":"es_ES","og_type":"article","og_title":"La campa\u00f1a de la aceituna avanza a buen ritmo en la comarca y la cosecha resiste al viento - COPE Alcoy","og_description":"La campa\u00f1a de la oliva avanza a buen ritmo en nuestras comarcas y los cultivos han resistido a las fuertes rachas de viento de la pasada semana","og_url":"https:\/\/www.copealcoy.es\/es\/la-campana-de-la-aceituna-avanza-a-buen-ritmo-en-la-comarca-y-la-cosecha-resiste-al-viento\/","og_site_name":"COPE Alcoy","article_published_time":"2023-11-10T09:39:51+00:00","article_modified_time":"2023-11-10T09:41:33+00:00","og_image":[{"width":1440,"height":1080,"url":"https:\/\/www.copealcoy.es\/wp-content\/uploads\/2023\/11\/42436510_2192758867672186_2606212646571081728_n-1-scaled.jpg","type":"image\/jpeg"}],"author":"Cope Alcoy","twitter_misc":{"Escrito por":"Cope Alcoy","Tiempo de lectura":"2 minutos"},"schema":{"@context":"https:\/\/schema.org","@graph":[{"@type":"Article","@id":"https:\/\/www.copealcoy.es\/es\/la-campana-de-la-aceituna-avanza-a-buen-ritmo-en-la-comarca-y-la-cosecha-resiste-al-viento\/#article","isPartOf":{"@id":"https:\/\/www.copealcoy.es\/es\/la-campana-de-la-aceituna-avanza-a-buen-ritmo-en-la-comarca-y-la-cosecha-resiste-al-viento\/"},"author":{"name":"Cope Alcoy","@id":"https:\/\/www.copealcoy.es\/es\/#\/schema\/person\/e777c87fa024e57d40170af9df39882c"},"headline":"La campa\u00f1a de la aceituna avanza a buen ritmo en la comarca y la cosecha resiste al viento","datePublished":"2023-11-10T09:39:51+00:00","dateModified":"2023-11-10T09:41:33+00:00","mainEntityOfPage":{"@id":"https:\/\/www.copealcoy.es\/es\/la-campana-de-la-aceituna-avanza-a-buen-ritmo-en-la-comarca-y-la-cosecha-resiste-al-viento\/"},"wordCount":410,"commentCount":0,"image":{"@id":"https:\/\/www.copealcoy.es\/es\/la-campana-de-la-aceituna-avanza-a-buen-ritmo-en-la-comarca-y-la-cosecha-resiste-al-viento\/#primaryimage"},"thumbnailUrl":"https:\/\/www.copealcoy.es\/wp-content\/uploads\/2023\/11\/42436510_2192758867672186_2606212646571081728_n-1-scaled.jpg","keywords":["Campa\u00f1a","Comarca","Cooperativa Agr\u00edcola","olivareros","productores","recogida aceite"],"articleSection":["Actualidad","Comarcas","Noticias","Portada"],"inLanguage":"es"},{"@type":"WebPage","@id":"https:\/\/www.copealcoy.es\/es\/la-campana-de-la-aceituna-avanza-a-buen-ritmo-en-la-comarca-y-la-cosecha-resiste-al-viento\/","url":"https:\/\/www.copealcoy.es\/es\/la-campana-de-la-aceituna-avanza-a-buen-ritmo-en-la-comarca-y-la-cosecha-resiste-al-viento\/","name":"La campa\u00f1a de la aceituna avanza a buen ritmo en la comarca y la cosecha resiste al viento - COPE Alcoy","isPartOf":{"@id":"https:\/\/www.copealcoy.es\/es\/#website"},"primaryImageOfPage":{"@id":"https:\/\/www.copealcoy.es\/es\/la-campana-de-la-aceituna-avanza-a-buen-ritmo-en-la-comarca-y-la-cosecha-resiste-al-viento\/#primaryimage"},"image":{"@id":"https:\/\/www.copealcoy.es\/es\/la-campana-de-la-aceituna-avanza-a-buen-ritmo-en-la-comarca-y-la-cosecha-resiste-al-viento\/#primaryimage"},"thumbnailUrl":"https:\/\/www.copealcoy.es\/wp-content\/uploads\/2023\/11\/42436510_2192758867672186_2606212646571081728_n-1-scaled.jpg","datePublished":"2023-11-10T09:39:51+00:00","dateModified":"2023-11-10T09:41:33+00:00","author":{"@id":"https:\/\/www.copealcoy.es\/es\/#\/schema\/person\/e777c87fa024e57d40170af9df39882c"},"description":"La campa\u00f1a de la oliva avanza a buen ritmo en nuestras comarcas y los cultivos han resistido a las fuertes rachas de viento de la pasada semana","breadcrumb":{"@id":"https:\/\/www.copealcoy.es\/es\/la-campana-de-la-aceituna-avanza-a-buen-ritmo-en-la-comarca-y-la-cosecha-resiste-al-viento\/#breadcrumb"},"inLanguage":"es","potentialAction":[{"@type":"ReadAction","target":["https:\/\/www.copealcoy.es\/es\/la-campana-de-la-aceituna-avanza-a-buen-ritmo-en-la-comarca-y-la-cosecha-resiste-al-viento\/"]}]},{"@type":"ImageObject","inLanguage":"es","@id":"https:\/\/www.copealcoy.es\/es\/la-campana-de-la-aceituna-avanza-a-buen-ritmo-en-la-comarca-y-la-cosecha-resiste-al-viento\/#primaryimage","url":"https:\/\/www.copealcoy.es\/wp-content\/uploads\/2023\/11\/42436510_2192758867672186_2606212646571081728_n-1-scaled.jpg","contentUrl":"https:\/\/www.copealcoy.es\/wp-content\/uploads\/2023\/11\/42436510_2192758867672186_2606212646571081728_n-1-scaled.jpg","width":1440,"height":1080},{"@type":"BreadcrumbList","@id":"https:\/\/www.copealcoy.es\/es\/la-campana-de-la-aceituna-avanza-a-buen-ritmo-en-la-comarca-y-la-cosecha-resiste-al-viento\/#breadcrumb","itemListElement":[{"@type":"ListItem","position":1,"name":"Portada","item":"https:\/\/www.copealcoy.es\/es\/"},{"@type":"ListItem","position":2,"name":"La campa\u00f1a de la aceituna avanza a buen ritmo en la comarca y la cosecha resiste al viento"}]},{"@type":"WebSite","@id":"https:\/\/www.copealcoy.es\/es\/#website","url":"https:\/\/www.copealcoy.es\/es\/","name":"COPE Alcoy","description":"Emisora COPE de radio local con emisi\u00f3n online. Pont de Sant Jordi 8-10 03803 Alcoy","potentialAction":[{"@type":"SearchAction","target":{"@type":"EntryPoint","urlTemplate":"https:\/\/www.copealcoy.es\/es\/?s={search_term_string}"},"query-input":{"@type":"PropertyValueSpecification","valueRequired":true,"valueName":"search_term_string"}}],"inLanguage":"es"},{"@type":"Person","@id":"https:\/\/www.copealcoy.es\/es\/#\/schema\/person\/e777c87fa024e57d40170af9df39882c","name":"Cope Alcoy","image":{"@type":"ImageObject","inLanguage":"es","@id":"https:\/\/secure.gravatar.com\/avatar\/bb65d0283347e303893ba14f0692005417c1e0e690a325a4c5d8bb2b3943ee14?s=96&d=mm&r=g","url":"https:\/\/secure.gravatar.com\/avatar\/bb65d0283347e303893ba14f0692005417c1e0e690a325a4c5d8bb2b3943ee14?s=96&d=mm&r=g","contentUrl":"https:\/\/secure.gravatar.com\/avatar\/bb65d0283347e303893ba14f0692005417c1e0e690a325a4c5d8bb2b3943ee14?s=96&d=mm&r=g","caption":"Cope Alcoy"}}]}},"_links":{"self":[{"href":"https:\/\/www.copealcoy.es\/es\/wp-json\/wp\/v2\/posts\/124769","targetHints":{"allow":["GET"]}}],"collection":[{"href":"https:\/\/www.copealcoy.es\/es\/wp-json\/wp\/v2\/posts"}],"about":[{"href":"https:\/\/www.copealcoy.es\/es\/wp-json\/wp\/v2\/types\/post"}],"author":[{"embeddable":true,"href":"https:\/\/www.copealcoy.es\/es\/wp-json\/wp\/v2\/users\/1"}],"replies":[{"embeddable":true,"href":"https:\/\/www.copealcoy.es\/es\/wp-json\/wp\/v2\/comments?post=124769"}],"version-history":[{"count":0,"href":"https:\/\/www.copealcoy.es\/es\/wp-json\/wp\/v2\/posts\/124769\/revisions"}],"wp:featuredmedia":[{"embeddable":true,"href":"https:\/\/www.copealcoy.es\/es\/wp-json\/wp\/v2\/media\/124770"}],"wp:attachment":[{"href":"https:\/\/www.copealcoy.es\/es\/wp-json\/wp\/v2\/media?parent=124769"}],"wp:term":[{"taxonomy":"category","embeddable":true,"href":"https:\/\/www.copealcoy.es\/es\/wp-json\/wp\/v2\/categories?post=124769"},{"taxonomy":"post_tag","embeddable":true,"href":"https:\/\/www.copealcoy.es\/es\/wp-json\/wp\/v2\/tags?post=124769"}],"curies":[{"name":"wp","href":"https:\/\/api.w.org\/{rel}","templated":true}]}}