{"id":124754,"date":"2023-11-10T09:41:56","date_gmt":"2023-11-10T08:41:56","guid":{"rendered":"https:\/\/www.copealcoy.es\/?p=124754"},"modified":"2023-11-10T09:44:09","modified_gmt":"2023-11-10T08:44:09","slug":"siete-ninos-optan-a-los-cargos-de-sargento-moro-y-cristiano","status":"publish","type":"post","link":"https:\/\/www.copealcoy.es\/es\/siete-ninos-optan-a-los-cargos-de-sargento-moro-y-cristiano\/","title":{"rendered":"Siete ni\u00f1os optan a los cargos de sargento moro y cristiano"},"content":{"rendered":"<p style=\"text-align: justify;\">La <strong>sede de la Fil\u00e0 Abencerrajes de Alcoy<\/strong> acoger\u00e1 este s\u00e1bado el concurso <strong>para escoger a los peque\u00f1os que desempe\u00f1ar\u00e1n el cargo de Sargento Infantil moro y cristiano<\/strong> durante las pr\u00f3ximas fiestas en honor a San Jorge. Esta cita tendr\u00e1 lugar a partir de las 17:00h y a la misma<strong> optan un total de siete ni\u00f1os<\/strong> seg\u00fan la informaci\u00f3n facilitada por <a href=\"https:\/\/www.asjordi.org\/\" target=\"_blank\" rel=\"noopener\"><strong><span style=\"color: #0000ff;\">la Asociaci\u00f3n de San Jorge<\/span><\/strong><\/a>.<\/p>\n<p style=\"text-align: justify;\">Se trata de <strong>Ona Santonja Aracil<\/strong> de la Fil\u00e0 Alcodianos, <strong>Aitana Cant\u00f3 Jord\u00e0<\/strong> de la Fil\u00e0 Cord\u00f3n y <strong>Jimena Vicens C\u00e1novas<\/strong> de la Fil\u00e0 Tomasinas. A estas candidaturas se les unen las de <strong>Mateo Coderch Pastor<\/strong> de la Fil\u00e0 Guzmanes, <strong>Yago Zapata Sempere<\/strong> de la Fil\u00e0 Navarros, <strong>Nicol\u00e1s Agull\u00f3 Monllor<\/strong> de la Fil\u00e0 Berberiscos y <strong>Marina Montava Cavallero<\/strong> de la Fil\u00e0 Aragonesos. Tanto los candidatos como las candidatas <strong>demostrar\u00e1n sus dotes ante al jurado<\/strong> a los sones del pasodoble\u00a0<em>El Desitjat,\u00a0<\/em>de Edelmiro Bernab\u00e9u, puesto que esta es la pieza obligada del certamen estando previsto tambi\u00e9n que suene otra pieza que se escoger\u00e1 al azar. Una vez vistas todas las evoluciones, <strong>el mencionado jurado deliberar\u00e1 y quedar\u00e1n elegidos los Sargentos Infantiles de ambos bandos<\/strong> que se estrenar\u00e1n precisamente en el acto de la Gloria Infantil del pr\u00f3ximo a\u00f1o.<\/p>\n<p style=\"text-align: justify;\">Los escogidos para desempe\u00f1ar esta responsabilidad<strong> relevar\u00e1n en el cargo a Abril Albero y Juan Abad<\/strong>, los cuales ya han finalizado ciclo al frente de estas funciones. El mencionado concurso, como hemos destacado anteriormente, ser\u00e1 a partir de las 17:00h en la sede de la Fil\u00e0 Abencerrajes que <strong>se ubica en la calle Bisbe Orber\u00e0 n\u00famero 6<\/strong> de nuestra ciudad. Indicar que la Gloria Infantil <strong>tendr\u00e1 lugar a principios del mes de abril<\/strong> del pr\u00f3ximo a\u00f1o puesto que la Gloria Mayor ser\u00e1 el 31 de marzo debido a que la Semana Santa cae temprana en el calendario. Con ambos actos se abrir\u00e1 camino a una trilog\u00eda festera que tambi\u00e9n se avanza con respecto a las fechas habituales, teniendo lugar del 20 al 22 de abril y quedando la festividad de San Jorge como D\u00eda del Descanso.<\/p>\n","protected":false},"excerpt":{"rendered":"<p>La sede de la Fil\u00e0 Abencerrajes de Alcoy acoger\u00e1 este s\u00e1bado el concurso para escoger a los peque\u00f1os que desempe\u00f1ar\u00e1n&#8230;<\/p>\n","protected":false},"author":1,"featured_media":113996,"comment_status":"open","ping_status":"open","sticky":false,"template":"","format":"standard","meta":{"footnotes":""},"categories":[6909,78,75],"tags":[1494,375,3562,565,226,1750],"class_list":["post-124754","post","type-post","status-publish","format-standard","has-post-thumbnail","hentry","category-actualidad","category-fiestaycultura","category-noticias","tag-alcoy","tag-concurso","tag-cristiano","tag-fiestas","tag-moro","tag-sargento-infantil"],"yoast_head":"<!-- This site is optimized with the Yoast SEO plugin v27.3 - https:\/\/yoast.com\/product\/yoast-seo-wordpress\/ -->\n<title>Siete ni\u00f1os optan a los cargos de sargento moro y cristiano - COPE Alcoy<\/title>\n<meta name=\"description\" content=\"La sede de la Fil\u00e0 Abencerrajes de Alcoy acoger\u00e1 este s\u00e1bado el concurso para escoger a los peque\u00f1os que desempe\u00f1ar\u00e1n el cargo de Sargento Infantil moro y cristiano\" \/>\n<meta name=\"robots\" content=\"index, follow, max-snippet:-1, max-image-preview:large, max-video-preview:-1\" \/>\n<link rel=\"canonical\" href=\"https:\/\/www.copealcoy.es\/es\/siete-ninos-optan-a-los-cargos-de-sargento-moro-y-cristiano\/\" \/>\n<meta property=\"og:locale\" content=\"es_ES\" \/>\n<meta property=\"og:type\" content=\"article\" \/>\n<meta property=\"og:title\" content=\"Siete ni\u00f1os optan a los cargos de sargento moro y cristiano - COPE Alcoy\" \/>\n<meta property=\"og:description\" content=\"La sede de la Fil\u00e0 Abencerrajes de Alcoy acoger\u00e1 este s\u00e1bado el concurso para escoger a los peque\u00f1os que desempe\u00f1ar\u00e1n el cargo de Sargento Infantil moro y cristiano\" \/>\n<meta property=\"og:url\" content=\"https:\/\/www.copealcoy.es\/es\/siete-ninos-optan-a-los-cargos-de-sargento-moro-y-cristiano\/\" \/>\n<meta property=\"og:site_name\" content=\"COPE Alcoy\" \/>\n<meta property=\"article:published_time\" content=\"2023-11-10T08:41:56+00:00\" \/>\n<meta property=\"article:modified_time\" content=\"2023-11-10T08:44:09+00:00\" \/>\n<meta property=\"og:image\" content=\"https:\/\/www.copealcoy.es\/wp-content\/uploads\/2023\/04\/341252267_194140800068607_7482095233833586038_n.jpg\" \/>\n\t<meta property=\"og:image:width\" content=\"1024\" \/>\n\t<meta property=\"og:image:height\" content=\"768\" \/>\n\t<meta property=\"og:image:type\" content=\"image\/jpeg\" \/>\n<meta name=\"author\" content=\"Cope Alcoy\" \/>\n<meta name=\"twitter:label1\" content=\"Escrito por\" \/>\n\t<meta name=\"twitter:data1\" content=\"Cope Alcoy\" \/>\n\t<meta name=\"twitter:label2\" content=\"Tiempo de lectura\" \/>\n\t<meta name=\"twitter:data2\" content=\"2 minutos\" \/>\n<script type=\"application\/ld+json\" class=\"yoast-schema-graph\">{\"@context\":\"https:\\\/\\\/schema.org\",\"@graph\":[{\"@type\":\"Article\",\"@id\":\"https:\\\/\\\/www.copealcoy.es\\\/es\\\/siete-ninos-optan-a-los-cargos-de-sargento-moro-y-cristiano\\\/#article\",\"isPartOf\":{\"@id\":\"https:\\\/\\\/www.copealcoy.es\\\/es\\\/siete-ninos-optan-a-los-cargos-de-sargento-moro-y-cristiano\\\/\"},\"author\":{\"name\":\"Cope Alcoy\",\"@id\":\"https:\\\/\\\/www.copealcoy.es\\\/es\\\/#\\\/schema\\\/person\\\/e777c87fa024e57d40170af9df39882c\"},\"headline\":\"Siete ni\u00f1os optan a los cargos de sargento moro y cristiano\",\"datePublished\":\"2023-11-10T08:41:56+00:00\",\"dateModified\":\"2023-11-10T08:44:09+00:00\",\"mainEntityOfPage\":{\"@id\":\"https:\\\/\\\/www.copealcoy.es\\\/es\\\/siete-ninos-optan-a-los-cargos-de-sargento-moro-y-cristiano\\\/\"},\"wordCount\":375,\"commentCount\":0,\"image\":{\"@id\":\"https:\\\/\\\/www.copealcoy.es\\\/es\\\/siete-ninos-optan-a-los-cargos-de-sargento-moro-y-cristiano\\\/#primaryimage\"},\"thumbnailUrl\":\"https:\\\/\\\/www.copealcoy.es\\\/wp-content\\\/uploads\\\/2023\\\/04\\\/341252267_194140800068607_7482095233833586038_n.jpg\",\"keywords\":[\"Alcoy\",\"Concurso\",\"Cristiano\",\"Fiestas\",\"Moro\",\"Sargento Infantil\"],\"articleSection\":[\"Actualidad\",\"Fiesta y Cultura\",\"Noticias\"],\"inLanguage\":\"es\"},{\"@type\":\"WebPage\",\"@id\":\"https:\\\/\\\/www.copealcoy.es\\\/es\\\/siete-ninos-optan-a-los-cargos-de-sargento-moro-y-cristiano\\\/\",\"url\":\"https:\\\/\\\/www.copealcoy.es\\\/es\\\/siete-ninos-optan-a-los-cargos-de-sargento-moro-y-cristiano\\\/\",\"name\":\"Siete ni\u00f1os optan a los cargos de sargento moro y cristiano - COPE Alcoy\",\"isPartOf\":{\"@id\":\"https:\\\/\\\/www.copealcoy.es\\\/es\\\/#website\"},\"primaryImageOfPage\":{\"@id\":\"https:\\\/\\\/www.copealcoy.es\\\/es\\\/siete-ninos-optan-a-los-cargos-de-sargento-moro-y-cristiano\\\/#primaryimage\"},\"image\":{\"@id\":\"https:\\\/\\\/www.copealcoy.es\\\/es\\\/siete-ninos-optan-a-los-cargos-de-sargento-moro-y-cristiano\\\/#primaryimage\"},\"thumbnailUrl\":\"https:\\\/\\\/www.copealcoy.es\\\/wp-content\\\/uploads\\\/2023\\\/04\\\/341252267_194140800068607_7482095233833586038_n.jpg\",\"datePublished\":\"2023-11-10T08:41:56+00:00\",\"dateModified\":\"2023-11-10T08:44:09+00:00\",\"author\":{\"@id\":\"https:\\\/\\\/www.copealcoy.es\\\/es\\\/#\\\/schema\\\/person\\\/e777c87fa024e57d40170af9df39882c\"},\"description\":\"La sede de la Fil\u00e0 Abencerrajes de Alcoy acoger\u00e1 este s\u00e1bado el concurso para escoger a los peque\u00f1os que desempe\u00f1ar\u00e1n el cargo de Sargento Infantil moro y cristiano\",\"breadcrumb\":{\"@id\":\"https:\\\/\\\/www.copealcoy.es\\\/es\\\/siete-ninos-optan-a-los-cargos-de-sargento-moro-y-cristiano\\\/#breadcrumb\"},\"inLanguage\":\"es\",\"potentialAction\":[{\"@type\":\"ReadAction\",\"target\":[\"https:\\\/\\\/www.copealcoy.es\\\/es\\\/siete-ninos-optan-a-los-cargos-de-sargento-moro-y-cristiano\\\/\"]}]},{\"@type\":\"ImageObject\",\"inLanguage\":\"es\",\"@id\":\"https:\\\/\\\/www.copealcoy.es\\\/es\\\/siete-ninos-optan-a-los-cargos-de-sargento-moro-y-cristiano\\\/#primaryimage\",\"url\":\"https:\\\/\\\/www.copealcoy.es\\\/wp-content\\\/uploads\\\/2023\\\/04\\\/341252267_194140800068607_7482095233833586038_n.jpg\",\"contentUrl\":\"https:\\\/\\\/www.copealcoy.es\\\/wp-content\\\/uploads\\\/2023\\\/04\\\/341252267_194140800068607_7482095233833586038_n.jpg\",\"width\":1024,\"height\":768},{\"@type\":\"BreadcrumbList\",\"@id\":\"https:\\\/\\\/www.copealcoy.es\\\/es\\\/siete-ninos-optan-a-los-cargos-de-sargento-moro-y-cristiano\\\/#breadcrumb\",\"itemListElement\":[{\"@type\":\"ListItem\",\"position\":1,\"name\":\"Portada\",\"item\":\"https:\\\/\\\/www.copealcoy.es\\\/es\\\/\"},{\"@type\":\"ListItem\",\"position\":2,\"name\":\"Siete ni\u00f1os optan a los cargos de sargento moro y cristiano\"}]},{\"@type\":\"WebSite\",\"@id\":\"https:\\\/\\\/www.copealcoy.es\\\/es\\\/#website\",\"url\":\"https:\\\/\\\/www.copealcoy.es\\\/es\\\/\",\"name\":\"COPE Alcoy\",\"description\":\"Emisora COPE de radio local con emisi\u00f3n online. Pont de Sant Jordi 8-10 03803 Alcoy\",\"potentialAction\":[{\"@type\":\"SearchAction\",\"target\":{\"@type\":\"EntryPoint\",\"urlTemplate\":\"https:\\\/\\\/www.copealcoy.es\\\/es\\\/?s={search_term_string}\"},\"query-input\":{\"@type\":\"PropertyValueSpecification\",\"valueRequired\":true,\"valueName\":\"search_term_string\"}}],\"inLanguage\":\"es\"},{\"@type\":\"Person\",\"@id\":\"https:\\\/\\\/www.copealcoy.es\\\/es\\\/#\\\/schema\\\/person\\\/e777c87fa024e57d40170af9df39882c\",\"name\":\"Cope Alcoy\",\"image\":{\"@type\":\"ImageObject\",\"inLanguage\":\"es\",\"@id\":\"https:\\\/\\\/secure.gravatar.com\\\/avatar\\\/bb65d0283347e303893ba14f0692005417c1e0e690a325a4c5d8bb2b3943ee14?s=96&d=mm&r=g\",\"url\":\"https:\\\/\\\/secure.gravatar.com\\\/avatar\\\/bb65d0283347e303893ba14f0692005417c1e0e690a325a4c5d8bb2b3943ee14?s=96&d=mm&r=g\",\"contentUrl\":\"https:\\\/\\\/secure.gravatar.com\\\/avatar\\\/bb65d0283347e303893ba14f0692005417c1e0e690a325a4c5d8bb2b3943ee14?s=96&d=mm&r=g\",\"caption\":\"Cope Alcoy\"}}]}<\/script>\n<!-- \/ Yoast SEO plugin. -->","yoast_head_json":{"title":"Siete ni\u00f1os optan a los cargos de sargento moro y cristiano - COPE Alcoy","description":"La sede de la Fil\u00e0 Abencerrajes de Alcoy acoger\u00e1 este s\u00e1bado el concurso para escoger a los peque\u00f1os que desempe\u00f1ar\u00e1n el cargo de Sargento Infantil moro y cristiano","robots":{"index":"index","follow":"follow","max-snippet":"max-snippet:-1","max-image-preview":"max-image-preview:large","max-video-preview":"max-video-preview:-1"},"canonical":"https:\/\/www.copealcoy.es\/es\/siete-ninos-optan-a-los-cargos-de-sargento-moro-y-cristiano\/","og_locale":"es_ES","og_type":"article","og_title":"Siete ni\u00f1os optan a los cargos de sargento moro y cristiano - COPE Alcoy","og_description":"La sede de la Fil\u00e0 Abencerrajes de Alcoy acoger\u00e1 este s\u00e1bado el concurso para escoger a los peque\u00f1os que desempe\u00f1ar\u00e1n el cargo de Sargento Infantil moro y cristiano","og_url":"https:\/\/www.copealcoy.es\/es\/siete-ninos-optan-a-los-cargos-de-sargento-moro-y-cristiano\/","og_site_name":"COPE Alcoy","article_published_time":"2023-11-10T08:41:56+00:00","article_modified_time":"2023-11-10T08:44:09+00:00","og_image":[{"width":1024,"height":768,"url":"https:\/\/www.copealcoy.es\/wp-content\/uploads\/2023\/04\/341252267_194140800068607_7482095233833586038_n.jpg","type":"image\/jpeg"}],"author":"Cope Alcoy","twitter_misc":{"Escrito por":"Cope Alcoy","Tiempo de lectura":"2 minutos"},"schema":{"@context":"https:\/\/schema.org","@graph":[{"@type":"Article","@id":"https:\/\/www.copealcoy.es\/es\/siete-ninos-optan-a-los-cargos-de-sargento-moro-y-cristiano\/#article","isPartOf":{"@id":"https:\/\/www.copealcoy.es\/es\/siete-ninos-optan-a-los-cargos-de-sargento-moro-y-cristiano\/"},"author":{"name":"Cope Alcoy","@id":"https:\/\/www.copealcoy.es\/es\/#\/schema\/person\/e777c87fa024e57d40170af9df39882c"},"headline":"Siete ni\u00f1os optan a los cargos de sargento moro y cristiano","datePublished":"2023-11-10T08:41:56+00:00","dateModified":"2023-11-10T08:44:09+00:00","mainEntityOfPage":{"@id":"https:\/\/www.copealcoy.es\/es\/siete-ninos-optan-a-los-cargos-de-sargento-moro-y-cristiano\/"},"wordCount":375,"commentCount":0,"image":{"@id":"https:\/\/www.copealcoy.es\/es\/siete-ninos-optan-a-los-cargos-de-sargento-moro-y-cristiano\/#primaryimage"},"thumbnailUrl":"https:\/\/www.copealcoy.es\/wp-content\/uploads\/2023\/04\/341252267_194140800068607_7482095233833586038_n.jpg","keywords":["Alcoy","Concurso","Cristiano","Fiestas","Moro","Sargento Infantil"],"articleSection":["Actualidad","Fiesta y Cultura","Noticias"],"inLanguage":"es"},{"@type":"WebPage","@id":"https:\/\/www.copealcoy.es\/es\/siete-ninos-optan-a-los-cargos-de-sargento-moro-y-cristiano\/","url":"https:\/\/www.copealcoy.es\/es\/siete-ninos-optan-a-los-cargos-de-sargento-moro-y-cristiano\/","name":"Siete ni\u00f1os optan a los cargos de sargento moro y cristiano - COPE Alcoy","isPartOf":{"@id":"https:\/\/www.copealcoy.es\/es\/#website"},"primaryImageOfPage":{"@id":"https:\/\/www.copealcoy.es\/es\/siete-ninos-optan-a-los-cargos-de-sargento-moro-y-cristiano\/#primaryimage"},"image":{"@id":"https:\/\/www.copealcoy.es\/es\/siete-ninos-optan-a-los-cargos-de-sargento-moro-y-cristiano\/#primaryimage"},"thumbnailUrl":"https:\/\/www.copealcoy.es\/wp-content\/uploads\/2023\/04\/341252267_194140800068607_7482095233833586038_n.jpg","datePublished":"2023-11-10T08:41:56+00:00","dateModified":"2023-11-10T08:44:09+00:00","author":{"@id":"https:\/\/www.copealcoy.es\/es\/#\/schema\/person\/e777c87fa024e57d40170af9df39882c"},"description":"La sede de la Fil\u00e0 Abencerrajes de Alcoy acoger\u00e1 este s\u00e1bado el concurso para escoger a los peque\u00f1os que desempe\u00f1ar\u00e1n el cargo de Sargento Infantil moro y cristiano","breadcrumb":{"@id":"https:\/\/www.copealcoy.es\/es\/siete-ninos-optan-a-los-cargos-de-sargento-moro-y-cristiano\/#breadcrumb"},"inLanguage":"es","potentialAction":[{"@type":"ReadAction","target":["https:\/\/www.copealcoy.es\/es\/siete-ninos-optan-a-los-cargos-de-sargento-moro-y-cristiano\/"]}]},{"@type":"ImageObject","inLanguage":"es","@id":"https:\/\/www.copealcoy.es\/es\/siete-ninos-optan-a-los-cargos-de-sargento-moro-y-cristiano\/#primaryimage","url":"https:\/\/www.copealcoy.es\/wp-content\/uploads\/2023\/04\/341252267_194140800068607_7482095233833586038_n.jpg","contentUrl":"https:\/\/www.copealcoy.es\/wp-content\/uploads\/2023\/04\/341252267_194140800068607_7482095233833586038_n.jpg","width":1024,"height":768},{"@type":"BreadcrumbList","@id":"https:\/\/www.copealcoy.es\/es\/siete-ninos-optan-a-los-cargos-de-sargento-moro-y-cristiano\/#breadcrumb","itemListElement":[{"@type":"ListItem","position":1,"name":"Portada","item":"https:\/\/www.copealcoy.es\/es\/"},{"@type":"ListItem","position":2,"name":"Siete ni\u00f1os optan a los cargos de sargento moro y cristiano"}]},{"@type":"WebSite","@id":"https:\/\/www.copealcoy.es\/es\/#website","url":"https:\/\/www.copealcoy.es\/es\/","name":"COPE Alcoy","description":"Emisora COPE de radio local con emisi\u00f3n online. Pont de Sant Jordi 8-10 03803 Alcoy","potentialAction":[{"@type":"SearchAction","target":{"@type":"EntryPoint","urlTemplate":"https:\/\/www.copealcoy.es\/es\/?s={search_term_string}"},"query-input":{"@type":"PropertyValueSpecification","valueRequired":true,"valueName":"search_term_string"}}],"inLanguage":"es"},{"@type":"Person","@id":"https:\/\/www.copealcoy.es\/es\/#\/schema\/person\/e777c87fa024e57d40170af9df39882c","name":"Cope Alcoy","image":{"@type":"ImageObject","inLanguage":"es","@id":"https:\/\/secure.gravatar.com\/avatar\/bb65d0283347e303893ba14f0692005417c1e0e690a325a4c5d8bb2b3943ee14?s=96&d=mm&r=g","url":"https:\/\/secure.gravatar.com\/avatar\/bb65d0283347e303893ba14f0692005417c1e0e690a325a4c5d8bb2b3943ee14?s=96&d=mm&r=g","contentUrl":"https:\/\/secure.gravatar.com\/avatar\/bb65d0283347e303893ba14f0692005417c1e0e690a325a4c5d8bb2b3943ee14?s=96&d=mm&r=g","caption":"Cope Alcoy"}}]}},"_links":{"self":[{"href":"https:\/\/www.copealcoy.es\/es\/wp-json\/wp\/v2\/posts\/124754","targetHints":{"allow":["GET"]}}],"collection":[{"href":"https:\/\/www.copealcoy.es\/es\/wp-json\/wp\/v2\/posts"}],"about":[{"href":"https:\/\/www.copealcoy.es\/es\/wp-json\/wp\/v2\/types\/post"}],"author":[{"embeddable":true,"href":"https:\/\/www.copealcoy.es\/es\/wp-json\/wp\/v2\/users\/1"}],"replies":[{"embeddable":true,"href":"https:\/\/www.copealcoy.es\/es\/wp-json\/wp\/v2\/comments?post=124754"}],"version-history":[{"count":0,"href":"https:\/\/www.copealcoy.es\/es\/wp-json\/wp\/v2\/posts\/124754\/revisions"}],"wp:featuredmedia":[{"embeddable":true,"href":"https:\/\/www.copealcoy.es\/es\/wp-json\/wp\/v2\/media\/113996"}],"wp:attachment":[{"href":"https:\/\/www.copealcoy.es\/es\/wp-json\/wp\/v2\/media?parent=124754"}],"wp:term":[{"taxonomy":"category","embeddable":true,"href":"https:\/\/www.copealcoy.es\/es\/wp-json\/wp\/v2\/categories?post=124754"},{"taxonomy":"post_tag","embeddable":true,"href":"https:\/\/www.copealcoy.es\/es\/wp-json\/wp\/v2\/tags?post=124754"}],"curies":[{"name":"wp","href":"https:\/\/api.w.org\/{rel}","templated":true}]}}