{"id":124687,"date":"2023-11-09T11:06:45","date_gmt":"2023-11-09T10:06:45","guid":{"rendered":"https:\/\/www.copealcoy.es\/?p=124687"},"modified":"2023-11-09T11:20:55","modified_gmt":"2023-11-09T10:20:55","slug":"los-robos-de-aceitunas-preocupan-a-los-agricultores-de-la-comarca","status":"publish","type":"post","link":"https:\/\/www.copealcoy.es\/es\/los-robos-de-aceitunas-preocupan-a-los-agricultores-de-la-comarca\/","title":{"rendered":"Los robos de aceitunas preocupan a los agricultores de la comarca"},"content":{"rendered":"<p style=\"text-align: justify;\">Los <strong>productores de aceitunas<\/strong> de los municipios de nuestras comarcas <strong>han mostrado recientemente su preocupaci\u00f3n por los robos que se han producido en algunos campos<\/strong> durante las \u00faltimas semanas.\u00a0De hecho, uno de los hurtos de estas caracter\u00edsticas que ha tenido lugar en l&#8217;Alcoi\u00e0 y el Comtat <strong>se ha producido en el municipio de Fageca<\/strong>.<\/p>\n<p style=\"text-align: justify;\">El <strong>incremento que ha sufrido el precio de la oliva<\/strong> estar\u00eda detr\u00e1s de estos hurtos y todas las partes implicadas <strong>quieren que se ponga remedio a la situaci\u00f3n<\/strong>. Una problem\u00e1tica que tambi\u00e9n se ha trasladado al <strong>subdelegado del Gobierno en la provincia de Alicante<\/strong> y a la que <strong>Carlos Sanchez<\/strong> <strong>Heras<\/strong> se refiri\u00f3 durante la visita que hizo a la pasada Fira de Tots Sants &#8220;<em>est\u00e1n llev\u00e1ndose a cabo reuniones para perfilar las acciones a adoptar y disponemos de todas las herramientas al servicio de los agricultores para darles la m\u00e1xima seguridad en sus campos<\/em>&#8220;, manifest\u00f3.<\/p>\n<p style=\"text-align: justify;\">Precisamente <strong>Millena acogi\u00f3 hace unos d\u00edas una reuni\u00f3n<\/strong> en la que se abordaron los robos que se han producido recientemente en el interior de Alicante y tambi\u00e9n se pusieron sobre la mesa una serie de recomendaciones a tener en cuenta. Ayuntamiento, Uni\u00f3 de Llauradors, Diputaci\u00f3n de Alicante o los mismos agricultores <strong>manifestaron la necesidad de unir fuerzas<\/strong> de cara a actuar ante los hurtos. Desde el <strong>Grupo ROCA de la Guardia Civil<\/strong>, que centra sus esfuerzos en los robos en zonas rurales, destacaron <strong>la importancia de que se denuncie cualquier hurto de aceitunas por peque\u00f1o que sea<\/strong> al mismo tiempo que instaron a <strong>alertar de la presencia de cualquier veh\u00edculo o personas sospechosa<\/strong> en torno a las explotaciones agrarias e incluso las mismas almazaras.<\/p>\n<p><strong><span style=\"color: #0000ff;\">Campa\u00f1a ya en marcha en la comarca\u00a0<\/span><\/strong><\/p>\n<p style=\"text-align: justify;\">Recordar que la campa\u00f1a de recogida de la aceituna <strong>ha comenzado ya en la comarca<\/strong> con unas <strong>previsiones realmente \u00f3ptimas<\/strong> pese a la situaci\u00f3n climatol\u00f3gica de elevadas temperaturas que se ha vivido tanto en verano como en el inicio del oto\u00f1o. La <a href=\"https:\/\/www.facebook.com\/OlielComtat\" target=\"_blank\" rel=\"noopener\"><span style=\"color: #0000ff;\"><strong>Cooperativa de Cocentaina<\/strong><\/span> <\/a>espera una buena cosecha y hace referencia a los fuertes vientos de la pasada semana &#8220;<em>afortunadamente el fruto no est\u00e1 todav\u00eda fuerte, debido a que no se han registrado precipitaciones, y eso facilit\u00f3 que aguantara bien en el \u00e1rbol<\/em>&#8220;, explic\u00f3 en COPE ALCOY <strong>Rafael Montava<\/strong>; presidente de la instituci\u00f3n.<\/p>\n","protected":false},"excerpt":{"rendered":"<p>Los productores de aceitunas de los municipios de nuestras comarcas han mostrado recientemente su preocupaci\u00f3n por los robos que se&#8230;<\/p>\n","protected":false},"author":1,"featured_media":67617,"comment_status":"open","ping_status":"open","sticky":false,"template":"","format":"standard","meta":{"footnotes":""},"categories":[6909,98,75],"tags":[15892,8595,236,15893,1866],"class_list":["post-124687","post","type-post","status-publish","format-standard","has-post-thumbnail","hentry","category-actualidad","category-comarcas","category-noticias","tag-aceitunas","tag-agricultores","tag-comarca","tag-grupo-roca","tag-robos"],"yoast_head":"<!-- This site is optimized with the Yoast SEO plugin v27.3 - https:\/\/yoast.com\/product\/yoast-seo-wordpress\/ -->\n<title>Los robos de aceitunas preocupan a los agricultores de la comarca - COPE Alcoy<\/title>\n<meta name=\"robots\" content=\"index, follow, max-snippet:-1, max-image-preview:large, max-video-preview:-1\" \/>\n<link rel=\"canonical\" href=\"https:\/\/www.copealcoy.es\/es\/los-robos-de-aceitunas-preocupan-a-los-agricultores-de-la-comarca\/\" \/>\n<meta property=\"og:locale\" content=\"es_ES\" \/>\n<meta property=\"og:type\" content=\"article\" \/>\n<meta property=\"og:title\" content=\"Los robos de aceitunas preocupan a los agricultores de la comarca - COPE Alcoy\" \/>\n<meta property=\"og:description\" content=\"Los productores de aceitunas de los municipios de nuestras comarcas han mostrado recientemente su preocupaci\u00f3n por los robos que se...\" \/>\n<meta property=\"og:url\" content=\"https:\/\/www.copealcoy.es\/es\/los-robos-de-aceitunas-preocupan-a-los-agricultores-de-la-comarca\/\" \/>\n<meta property=\"og:site_name\" content=\"COPE Alcoy\" \/>\n<meta property=\"article:published_time\" content=\"2023-11-09T10:06:45+00:00\" \/>\n<meta property=\"article:modified_time\" content=\"2023-11-09T10:20:55+00:00\" \/>\n<meta property=\"og:image\" content=\"https:\/\/www.copealcoy.es\/wp-content\/uploads\/2020\/11\/75402192_2372928482815580_414966606129528832_n.jpg\" \/>\n\t<meta property=\"og:image:width\" content=\"960\" \/>\n\t<meta property=\"og:image:height\" content=\"720\" \/>\n\t<meta property=\"og:image:type\" content=\"image\/jpeg\" \/>\n<meta name=\"author\" content=\"Cope Alcoy\" \/>\n<meta name=\"twitter:label1\" content=\"Escrito por\" \/>\n\t<meta name=\"twitter:data1\" content=\"Cope Alcoy\" \/>\n\t<meta name=\"twitter:label2\" content=\"Tiempo de lectura\" \/>\n\t<meta name=\"twitter:data2\" content=\"2 minutos\" \/>\n<script type=\"application\/ld+json\" class=\"yoast-schema-graph\">{\"@context\":\"https:\\\/\\\/schema.org\",\"@graph\":[{\"@type\":\"Article\",\"@id\":\"https:\\\/\\\/www.copealcoy.es\\\/es\\\/los-robos-de-aceitunas-preocupan-a-los-agricultores-de-la-comarca\\\/#article\",\"isPartOf\":{\"@id\":\"https:\\\/\\\/www.copealcoy.es\\\/es\\\/los-robos-de-aceitunas-preocupan-a-los-agricultores-de-la-comarca\\\/\"},\"author\":{\"name\":\"Cope Alcoy\",\"@id\":\"https:\\\/\\\/www.copealcoy.es\\\/es\\\/#\\\/schema\\\/person\\\/e777c87fa024e57d40170af9df39882c\"},\"headline\":\"Los robos de aceitunas preocupan a los agricultores de la comarca\",\"datePublished\":\"2023-11-09T10:06:45+00:00\",\"dateModified\":\"2023-11-09T10:20:55+00:00\",\"mainEntityOfPage\":{\"@id\":\"https:\\\/\\\/www.copealcoy.es\\\/es\\\/los-robos-de-aceitunas-preocupan-a-los-agricultores-de-la-comarca\\\/\"},\"wordCount\":411,\"commentCount\":0,\"image\":{\"@id\":\"https:\\\/\\\/www.copealcoy.es\\\/es\\\/los-robos-de-aceitunas-preocupan-a-los-agricultores-de-la-comarca\\\/#primaryimage\"},\"thumbnailUrl\":\"https:\\\/\\\/www.copealcoy.es\\\/wp-content\\\/uploads\\\/2020\\\/11\\\/75402192_2372928482815580_414966606129528832_n.jpg\",\"keywords\":[\"aceitunas\",\"agricultores\",\"Comarca\",\"Grupo ROCA\",\"Robos\"],\"articleSection\":[\"Actualidad\",\"Comarcas\",\"Noticias\"],\"inLanguage\":\"es\"},{\"@type\":\"WebPage\",\"@id\":\"https:\\\/\\\/www.copealcoy.es\\\/es\\\/los-robos-de-aceitunas-preocupan-a-los-agricultores-de-la-comarca\\\/\",\"url\":\"https:\\\/\\\/www.copealcoy.es\\\/es\\\/los-robos-de-aceitunas-preocupan-a-los-agricultores-de-la-comarca\\\/\",\"name\":\"Los robos de aceitunas preocupan a los agricultores de la comarca - COPE Alcoy\",\"isPartOf\":{\"@id\":\"https:\\\/\\\/www.copealcoy.es\\\/es\\\/#website\"},\"primaryImageOfPage\":{\"@id\":\"https:\\\/\\\/www.copealcoy.es\\\/es\\\/los-robos-de-aceitunas-preocupan-a-los-agricultores-de-la-comarca\\\/#primaryimage\"},\"image\":{\"@id\":\"https:\\\/\\\/www.copealcoy.es\\\/es\\\/los-robos-de-aceitunas-preocupan-a-los-agricultores-de-la-comarca\\\/#primaryimage\"},\"thumbnailUrl\":\"https:\\\/\\\/www.copealcoy.es\\\/wp-content\\\/uploads\\\/2020\\\/11\\\/75402192_2372928482815580_414966606129528832_n.jpg\",\"datePublished\":\"2023-11-09T10:06:45+00:00\",\"dateModified\":\"2023-11-09T10:20:55+00:00\",\"author\":{\"@id\":\"https:\\\/\\\/www.copealcoy.es\\\/es\\\/#\\\/schema\\\/person\\\/e777c87fa024e57d40170af9df39882c\"},\"breadcrumb\":{\"@id\":\"https:\\\/\\\/www.copealcoy.es\\\/es\\\/los-robos-de-aceitunas-preocupan-a-los-agricultores-de-la-comarca\\\/#breadcrumb\"},\"inLanguage\":\"es\",\"potentialAction\":[{\"@type\":\"ReadAction\",\"target\":[\"https:\\\/\\\/www.copealcoy.es\\\/es\\\/los-robos-de-aceitunas-preocupan-a-los-agricultores-de-la-comarca\\\/\"]}]},{\"@type\":\"ImageObject\",\"inLanguage\":\"es\",\"@id\":\"https:\\\/\\\/www.copealcoy.es\\\/es\\\/los-robos-de-aceitunas-preocupan-a-los-agricultores-de-la-comarca\\\/#primaryimage\",\"url\":\"https:\\\/\\\/www.copealcoy.es\\\/wp-content\\\/uploads\\\/2020\\\/11\\\/75402192_2372928482815580_414966606129528832_n.jpg\",\"contentUrl\":\"https:\\\/\\\/www.copealcoy.es\\\/wp-content\\\/uploads\\\/2020\\\/11\\\/75402192_2372928482815580_414966606129528832_n.jpg\",\"width\":960,\"height\":720},{\"@type\":\"BreadcrumbList\",\"@id\":\"https:\\\/\\\/www.copealcoy.es\\\/es\\\/los-robos-de-aceitunas-preocupan-a-los-agricultores-de-la-comarca\\\/#breadcrumb\",\"itemListElement\":[{\"@type\":\"ListItem\",\"position\":1,\"name\":\"Portada\",\"item\":\"https:\\\/\\\/www.copealcoy.es\\\/es\\\/\"},{\"@type\":\"ListItem\",\"position\":2,\"name\":\"Los robos de aceitunas preocupan a los agricultores de la comarca\"}]},{\"@type\":\"WebSite\",\"@id\":\"https:\\\/\\\/www.copealcoy.es\\\/es\\\/#website\",\"url\":\"https:\\\/\\\/www.copealcoy.es\\\/es\\\/\",\"name\":\"COPE Alcoy\",\"description\":\"Emisora COPE de radio local con emisi\u00f3n online. Pont de Sant Jordi 8-10 03803 Alcoy\",\"potentialAction\":[{\"@type\":\"SearchAction\",\"target\":{\"@type\":\"EntryPoint\",\"urlTemplate\":\"https:\\\/\\\/www.copealcoy.es\\\/es\\\/?s={search_term_string}\"},\"query-input\":{\"@type\":\"PropertyValueSpecification\",\"valueRequired\":true,\"valueName\":\"search_term_string\"}}],\"inLanguage\":\"es\"},{\"@type\":\"Person\",\"@id\":\"https:\\\/\\\/www.copealcoy.es\\\/es\\\/#\\\/schema\\\/person\\\/e777c87fa024e57d40170af9df39882c\",\"name\":\"Cope Alcoy\",\"image\":{\"@type\":\"ImageObject\",\"inLanguage\":\"es\",\"@id\":\"https:\\\/\\\/secure.gravatar.com\\\/avatar\\\/bb65d0283347e303893ba14f0692005417c1e0e690a325a4c5d8bb2b3943ee14?s=96&d=mm&r=g\",\"url\":\"https:\\\/\\\/secure.gravatar.com\\\/avatar\\\/bb65d0283347e303893ba14f0692005417c1e0e690a325a4c5d8bb2b3943ee14?s=96&d=mm&r=g\",\"contentUrl\":\"https:\\\/\\\/secure.gravatar.com\\\/avatar\\\/bb65d0283347e303893ba14f0692005417c1e0e690a325a4c5d8bb2b3943ee14?s=96&d=mm&r=g\",\"caption\":\"Cope Alcoy\"}}]}<\/script>\n<!-- \/ Yoast SEO plugin. -->","yoast_head_json":{"title":"Los robos de aceitunas preocupan a los agricultores de la comarca - COPE Alcoy","robots":{"index":"index","follow":"follow","max-snippet":"max-snippet:-1","max-image-preview":"max-image-preview:large","max-video-preview":"max-video-preview:-1"},"canonical":"https:\/\/www.copealcoy.es\/es\/los-robos-de-aceitunas-preocupan-a-los-agricultores-de-la-comarca\/","og_locale":"es_ES","og_type":"article","og_title":"Los robos de aceitunas preocupan a los agricultores de la comarca - COPE Alcoy","og_description":"Los productores de aceitunas de los municipios de nuestras comarcas han mostrado recientemente su preocupaci\u00f3n por los robos que se...","og_url":"https:\/\/www.copealcoy.es\/es\/los-robos-de-aceitunas-preocupan-a-los-agricultores-de-la-comarca\/","og_site_name":"COPE Alcoy","article_published_time":"2023-11-09T10:06:45+00:00","article_modified_time":"2023-11-09T10:20:55+00:00","og_image":[{"width":960,"height":720,"url":"https:\/\/www.copealcoy.es\/wp-content\/uploads\/2020\/11\/75402192_2372928482815580_414966606129528832_n.jpg","type":"image\/jpeg"}],"author":"Cope Alcoy","twitter_misc":{"Escrito por":"Cope Alcoy","Tiempo de lectura":"2 minutos"},"schema":{"@context":"https:\/\/schema.org","@graph":[{"@type":"Article","@id":"https:\/\/www.copealcoy.es\/es\/los-robos-de-aceitunas-preocupan-a-los-agricultores-de-la-comarca\/#article","isPartOf":{"@id":"https:\/\/www.copealcoy.es\/es\/los-robos-de-aceitunas-preocupan-a-los-agricultores-de-la-comarca\/"},"author":{"name":"Cope Alcoy","@id":"https:\/\/www.copealcoy.es\/es\/#\/schema\/person\/e777c87fa024e57d40170af9df39882c"},"headline":"Los robos de aceitunas preocupan a los agricultores de la comarca","datePublished":"2023-11-09T10:06:45+00:00","dateModified":"2023-11-09T10:20:55+00:00","mainEntityOfPage":{"@id":"https:\/\/www.copealcoy.es\/es\/los-robos-de-aceitunas-preocupan-a-los-agricultores-de-la-comarca\/"},"wordCount":411,"commentCount":0,"image":{"@id":"https:\/\/www.copealcoy.es\/es\/los-robos-de-aceitunas-preocupan-a-los-agricultores-de-la-comarca\/#primaryimage"},"thumbnailUrl":"https:\/\/www.copealcoy.es\/wp-content\/uploads\/2020\/11\/75402192_2372928482815580_414966606129528832_n.jpg","keywords":["aceitunas","agricultores","Comarca","Grupo ROCA","Robos"],"articleSection":["Actualidad","Comarcas","Noticias"],"inLanguage":"es"},{"@type":"WebPage","@id":"https:\/\/www.copealcoy.es\/es\/los-robos-de-aceitunas-preocupan-a-los-agricultores-de-la-comarca\/","url":"https:\/\/www.copealcoy.es\/es\/los-robos-de-aceitunas-preocupan-a-los-agricultores-de-la-comarca\/","name":"Los robos de aceitunas preocupan a los agricultores de la comarca - COPE Alcoy","isPartOf":{"@id":"https:\/\/www.copealcoy.es\/es\/#website"},"primaryImageOfPage":{"@id":"https:\/\/www.copealcoy.es\/es\/los-robos-de-aceitunas-preocupan-a-los-agricultores-de-la-comarca\/#primaryimage"},"image":{"@id":"https:\/\/www.copealcoy.es\/es\/los-robos-de-aceitunas-preocupan-a-los-agricultores-de-la-comarca\/#primaryimage"},"thumbnailUrl":"https:\/\/www.copealcoy.es\/wp-content\/uploads\/2020\/11\/75402192_2372928482815580_414966606129528832_n.jpg","datePublished":"2023-11-09T10:06:45+00:00","dateModified":"2023-11-09T10:20:55+00:00","author":{"@id":"https:\/\/www.copealcoy.es\/es\/#\/schema\/person\/e777c87fa024e57d40170af9df39882c"},"breadcrumb":{"@id":"https:\/\/www.copealcoy.es\/es\/los-robos-de-aceitunas-preocupan-a-los-agricultores-de-la-comarca\/#breadcrumb"},"inLanguage":"es","potentialAction":[{"@type":"ReadAction","target":["https:\/\/www.copealcoy.es\/es\/los-robos-de-aceitunas-preocupan-a-los-agricultores-de-la-comarca\/"]}]},{"@type":"ImageObject","inLanguage":"es","@id":"https:\/\/www.copealcoy.es\/es\/los-robos-de-aceitunas-preocupan-a-los-agricultores-de-la-comarca\/#primaryimage","url":"https:\/\/www.copealcoy.es\/wp-content\/uploads\/2020\/11\/75402192_2372928482815580_414966606129528832_n.jpg","contentUrl":"https:\/\/www.copealcoy.es\/wp-content\/uploads\/2020\/11\/75402192_2372928482815580_414966606129528832_n.jpg","width":960,"height":720},{"@type":"BreadcrumbList","@id":"https:\/\/www.copealcoy.es\/es\/los-robos-de-aceitunas-preocupan-a-los-agricultores-de-la-comarca\/#breadcrumb","itemListElement":[{"@type":"ListItem","position":1,"name":"Portada","item":"https:\/\/www.copealcoy.es\/es\/"},{"@type":"ListItem","position":2,"name":"Los robos de aceitunas preocupan a los agricultores de la comarca"}]},{"@type":"WebSite","@id":"https:\/\/www.copealcoy.es\/es\/#website","url":"https:\/\/www.copealcoy.es\/es\/","name":"COPE Alcoy","description":"Emisora COPE de radio local con emisi\u00f3n online. Pont de Sant Jordi 8-10 03803 Alcoy","potentialAction":[{"@type":"SearchAction","target":{"@type":"EntryPoint","urlTemplate":"https:\/\/www.copealcoy.es\/es\/?s={search_term_string}"},"query-input":{"@type":"PropertyValueSpecification","valueRequired":true,"valueName":"search_term_string"}}],"inLanguage":"es"},{"@type":"Person","@id":"https:\/\/www.copealcoy.es\/es\/#\/schema\/person\/e777c87fa024e57d40170af9df39882c","name":"Cope Alcoy","image":{"@type":"ImageObject","inLanguage":"es","@id":"https:\/\/secure.gravatar.com\/avatar\/bb65d0283347e303893ba14f0692005417c1e0e690a325a4c5d8bb2b3943ee14?s=96&d=mm&r=g","url":"https:\/\/secure.gravatar.com\/avatar\/bb65d0283347e303893ba14f0692005417c1e0e690a325a4c5d8bb2b3943ee14?s=96&d=mm&r=g","contentUrl":"https:\/\/secure.gravatar.com\/avatar\/bb65d0283347e303893ba14f0692005417c1e0e690a325a4c5d8bb2b3943ee14?s=96&d=mm&r=g","caption":"Cope Alcoy"}}]}},"_links":{"self":[{"href":"https:\/\/www.copealcoy.es\/es\/wp-json\/wp\/v2\/posts\/124687","targetHints":{"allow":["GET"]}}],"collection":[{"href":"https:\/\/www.copealcoy.es\/es\/wp-json\/wp\/v2\/posts"}],"about":[{"href":"https:\/\/www.copealcoy.es\/es\/wp-json\/wp\/v2\/types\/post"}],"author":[{"embeddable":true,"href":"https:\/\/www.copealcoy.es\/es\/wp-json\/wp\/v2\/users\/1"}],"replies":[{"embeddable":true,"href":"https:\/\/www.copealcoy.es\/es\/wp-json\/wp\/v2\/comments?post=124687"}],"version-history":[{"count":0,"href":"https:\/\/www.copealcoy.es\/es\/wp-json\/wp\/v2\/posts\/124687\/revisions"}],"wp:featuredmedia":[{"embeddable":true,"href":"https:\/\/www.copealcoy.es\/es\/wp-json\/wp\/v2\/media\/67617"}],"wp:attachment":[{"href":"https:\/\/www.copealcoy.es\/es\/wp-json\/wp\/v2\/media?parent=124687"}],"wp:term":[{"taxonomy":"category","embeddable":true,"href":"https:\/\/www.copealcoy.es\/es\/wp-json\/wp\/v2\/categories?post=124687"},{"taxonomy":"post_tag","embeddable":true,"href":"https:\/\/www.copealcoy.es\/es\/wp-json\/wp\/v2\/tags?post=124687"}],"curies":[{"name":"wp","href":"https:\/\/api.w.org\/{rel}","templated":true}]}}