{"id":124618,"date":"2023-11-08T07:45:56","date_gmt":"2023-11-08T06:45:56","guid":{"rendered":"https:\/\/www.copealcoy.es\/?p=124618"},"modified":"2023-11-08T20:23:51","modified_gmt":"2023-11-08T19:23:51","slug":"la-cifra-final-de-visitantes-confirma-que-la-fira-batio-un-nuevo-record-pese-al-viento","status":"publish","type":"post","link":"https:\/\/www.copealcoy.es\/es\/la-cifra-final-de-visitantes-confirma-que-la-fira-batio-un-nuevo-record-pese-al-viento\/","title":{"rendered":"La cifra final de visitantes confirma que la Fira bati\u00f3 un nuevo r\u00e9cord, pese al viento"},"content":{"rendered":"<p style=\"text-align: justify;\">La <a href=\"https:\/\/www.firadecocentaina.org\/\" target=\"_blank\" rel=\"noopener\"><strong><span style=\"color: #0000ff;\">Fira de Tots Sants de Cocentaina<\/span><\/strong><\/a> ha vuelto a superar todas las previsiones <strong>tal y como confirman las cifras finales de asistencia de visitantes<\/strong> que hemos conocido en las \u00faltimas horas. Han sido <strong>un total de 567.800 las personas que disfrutaron del certamen<\/strong>, lo cual se traduce en 8.848 m\u00e1s que el a\u00f1o anterior <strong>pese a que el evento estuvo clausurado<\/strong> durante 24 horas entre mediod\u00eda del 2 de noviembre y la tarde del d\u00eda 3 a causa de las fuertes rachas de viento.<\/p>\n<p style=\"text-align: justify;\">Por jornadas, el d\u00eda <strong>1 de noviembre<\/strong> volvi\u00f3 a ser la de mayor afluencia al ser precisamente este el d\u00eda grande de la Fira de Tots Sants . Desde primera hora de la ma\u00f1ana, y hasta mitad de la tarde, pasaron por la Villa Condal en el primer d\u00eda de Feria un total de 173.610 visitantes siendo las doce del mediod\u00eda el momento de mayor afluencia. En ese instante la capital del Comtat rozaba el lleno absoluto estando los aparcamientos dispuestos por la organizaci\u00f3n completamente llenos y habiendo incluso coches aparcados en la v\u00eda de servicio situada junto a la Nacional 340 en direcci\u00f3n a Muro. El d\u00eda <strong>2 de noviembre<\/strong> no hay registro porque se suspendi\u00f3 la actividad comercial de la Fira pero los visitantes que pasaron hasta el momento del cierre se acumulan en los datos contabilizados a partir de la reapertura del viernes 3 de noviembre, hecho que deja la cifra de las dos jornadas en 149.874. El <strong>s\u00e1bado 4 de noviembre<\/strong> se registraron 132.735 turistas y el <strong>domingo 5 de noviembre<\/strong> el certamen acab\u00f3 con una afluencia de 128.085 personas &#8220;<em>estamos encantados de ver como la Fira de Tots Sants de Cocentaina contin\u00faa creciendo y consiguiendo resultados hist\u00f3ricos. Esta cifra r\u00e9cord demuestra el atractivo y el inter\u00e9s que genera nuestra feria, tanto a nivel local como nivel auton\u00f3mico y estatal. Es un reconocimiento al trabajo y el esfuerzo de todo el equipo organizador y de los y las expositoras que conf\u00edan cada a\u00f1o en la Feria para mostrar su producto. Queremos expresar nuestro agradecimiento a todos los visitantes que han hecho posible este r\u00e9cord de asistencia. Adem\u00e1s, tambi\u00e9n queremos reconocer la implicaci\u00f3n de los expositores, artesanos y comercio local, que con su participaci\u00f3n han contribuido al \u00e9xito de la Fira<\/em>&#8220;, destacan tanto la edil de Fira <strong>(Marcela Richart)<\/strong> como el alcalde del municipio <strong>(Jordi Pla)<\/strong>.<\/p>\n<p style=\"text-align: justify;\"><strong><span style=\"color: #0000ff;\">\u00bfC\u00f3mo se cuentan los visitantes a la Fira?<\/span><\/strong><\/p>\n<p style=\"text-align: justify;\">Cabe destacar que <strong>la Fira usa una sofisticada tecnolog\u00eda que permite el rastreo de dispositivos m\u00f3viles sin necesidad de aplicaciones, conexiones Wi-Fi o Bluetooth<\/strong>. Mediante un sistema de nodos o contadores estrat\u00e9gicamente ubicados a lo largo del \u00e1rea de la misma Fira, <strong>este sistema proporciona informaci\u00f3n en tiempo real sobre la afluencia de visitantes<\/strong> y permite <strong>analizar su comportamiento<\/strong> en las diferentes zonas del acontecimiento.<\/p>\n","protected":false},"excerpt":{"rendered":"<p>La Fira de Tots Sants de Cocentaina ha vuelto a superar todas las previsiones tal y como confirman las cifras&#8230;<\/p>\n","protected":false},"author":1,"featured_media":124619,"comment_status":"open","ping_status":"open","sticky":false,"template":"","format":"standard","meta":{"footnotes":""},"categories":[6909,98,75],"tags":[430,15876,132,635,2092,2042,1300],"class_list":["post-124618","post","type-post","status-publish","format-standard","has-post-thumbnail","hentry","category-actualidad","category-comarcas","category-noticias","tag-balance","tag-cifra-final","tag-cocentaina","tag-fira-de-tots-sants","tag-jordi-pla","tag-marcela-richart","tag-visitantes"],"yoast_head":"<!-- This site is optimized with the Yoast SEO plugin v27.3 - https:\/\/yoast.com\/product\/yoast-seo-wordpress\/ -->\n<title>La cifra final de visitantes confirma que la Fira bati\u00f3 un nuevo r\u00e9cord, pese al viento - COPE Alcoy<\/title>\n<meta name=\"description\" content=\"La Fira de Tots Sants de Cocentaina ha vuelto a superar todas las previsiones y 567.800 visitantes pasaron por el municipio\" \/>\n<meta name=\"robots\" content=\"index, follow, max-snippet:-1, max-image-preview:large, max-video-preview:-1\" \/>\n<link rel=\"canonical\" href=\"https:\/\/www.copealcoy.es\/es\/la-cifra-final-de-visitantes-confirma-que-la-fira-batio-un-nuevo-record-pese-al-viento\/\" \/>\n<meta property=\"og:locale\" content=\"es_ES\" \/>\n<meta property=\"og:type\" content=\"article\" \/>\n<meta property=\"og:title\" content=\"La cifra final de visitantes confirma que la Fira bati\u00f3 un nuevo r\u00e9cord, pese al viento - COPE Alcoy\" \/>\n<meta property=\"og:description\" content=\"La Fira de Tots Sants de Cocentaina ha vuelto a superar todas las previsiones y 567.800 visitantes pasaron por el municipio\" \/>\n<meta property=\"og:url\" content=\"https:\/\/www.copealcoy.es\/es\/la-cifra-final-de-visitantes-confirma-que-la-fira-batio-un-nuevo-record-pese-al-viento\/\" \/>\n<meta property=\"og:site_name\" content=\"COPE Alcoy\" \/>\n<meta property=\"article:published_time\" content=\"2023-11-08T06:45:56+00:00\" \/>\n<meta property=\"article:modified_time\" content=\"2023-11-08T19:23:51+00:00\" \/>\n<meta property=\"og:image\" content=\"https:\/\/www.copealcoy.es\/wp-content\/uploads\/2023\/11\/400747308_736138265224821_8774593890840575775_n-e1699432205845.jpg\" \/>\n\t<meta property=\"og:image:width\" content=\"640\" \/>\n\t<meta property=\"og:image:height\" content=\"427\" \/>\n\t<meta property=\"og:image:type\" content=\"image\/jpeg\" \/>\n<meta name=\"author\" content=\"Cope Alcoy\" \/>\n<meta name=\"twitter:label1\" content=\"Escrito por\" \/>\n\t<meta name=\"twitter:data1\" content=\"Cope Alcoy\" \/>\n\t<meta name=\"twitter:label2\" content=\"Tiempo de lectura\" \/>\n\t<meta name=\"twitter:data2\" content=\"3 minutos\" \/>\n<script type=\"application\/ld+json\" class=\"yoast-schema-graph\">{\"@context\":\"https:\\\/\\\/schema.org\",\"@graph\":[{\"@type\":\"Article\",\"@id\":\"https:\\\/\\\/www.copealcoy.es\\\/es\\\/la-cifra-final-de-visitantes-confirma-que-la-fira-batio-un-nuevo-record-pese-al-viento\\\/#article\",\"isPartOf\":{\"@id\":\"https:\\\/\\\/www.copealcoy.es\\\/es\\\/la-cifra-final-de-visitantes-confirma-que-la-fira-batio-un-nuevo-record-pese-al-viento\\\/\"},\"author\":{\"name\":\"Cope Alcoy\",\"@id\":\"https:\\\/\\\/www.copealcoy.es\\\/es\\\/#\\\/schema\\\/person\\\/e777c87fa024e57d40170af9df39882c\"},\"headline\":\"La cifra final de visitantes confirma que la Fira bati\u00f3 un nuevo r\u00e9cord, pese al viento\",\"datePublished\":\"2023-11-08T06:45:56+00:00\",\"dateModified\":\"2023-11-08T19:23:51+00:00\",\"mainEntityOfPage\":{\"@id\":\"https:\\\/\\\/www.copealcoy.es\\\/es\\\/la-cifra-final-de-visitantes-confirma-que-la-fira-batio-un-nuevo-record-pese-al-viento\\\/\"},\"wordCount\":499,\"commentCount\":0,\"image\":{\"@id\":\"https:\\\/\\\/www.copealcoy.es\\\/es\\\/la-cifra-final-de-visitantes-confirma-que-la-fira-batio-un-nuevo-record-pese-al-viento\\\/#primaryimage\"},\"thumbnailUrl\":\"https:\\\/\\\/www.copealcoy.es\\\/wp-content\\\/uploads\\\/2023\\\/11\\\/400747308_736138265224821_8774593890840575775_n-e1699432205845.jpg\",\"keywords\":[\"Balance\",\"cifra final\",\"Cocentaina\",\"Fira de Tots Sants\",\"Jordi Pla\",\"Marcela Richart\",\"Visitantes\"],\"articleSection\":[\"Actualidad\",\"Comarcas\",\"Noticias\"],\"inLanguage\":\"es\"},{\"@type\":\"WebPage\",\"@id\":\"https:\\\/\\\/www.copealcoy.es\\\/es\\\/la-cifra-final-de-visitantes-confirma-que-la-fira-batio-un-nuevo-record-pese-al-viento\\\/\",\"url\":\"https:\\\/\\\/www.copealcoy.es\\\/es\\\/la-cifra-final-de-visitantes-confirma-que-la-fira-batio-un-nuevo-record-pese-al-viento\\\/\",\"name\":\"La cifra final de visitantes confirma que la Fira bati\u00f3 un nuevo r\u00e9cord, pese al viento - COPE Alcoy\",\"isPartOf\":{\"@id\":\"https:\\\/\\\/www.copealcoy.es\\\/es\\\/#website\"},\"primaryImageOfPage\":{\"@id\":\"https:\\\/\\\/www.copealcoy.es\\\/es\\\/la-cifra-final-de-visitantes-confirma-que-la-fira-batio-un-nuevo-record-pese-al-viento\\\/#primaryimage\"},\"image\":{\"@id\":\"https:\\\/\\\/www.copealcoy.es\\\/es\\\/la-cifra-final-de-visitantes-confirma-que-la-fira-batio-un-nuevo-record-pese-al-viento\\\/#primaryimage\"},\"thumbnailUrl\":\"https:\\\/\\\/www.copealcoy.es\\\/wp-content\\\/uploads\\\/2023\\\/11\\\/400747308_736138265224821_8774593890840575775_n-e1699432205845.jpg\",\"datePublished\":\"2023-11-08T06:45:56+00:00\",\"dateModified\":\"2023-11-08T19:23:51+00:00\",\"author\":{\"@id\":\"https:\\\/\\\/www.copealcoy.es\\\/es\\\/#\\\/schema\\\/person\\\/e777c87fa024e57d40170af9df39882c\"},\"description\":\"La Fira de Tots Sants de Cocentaina ha vuelto a superar todas las previsiones y 567.800 visitantes pasaron por el municipio\",\"breadcrumb\":{\"@id\":\"https:\\\/\\\/www.copealcoy.es\\\/es\\\/la-cifra-final-de-visitantes-confirma-que-la-fira-batio-un-nuevo-record-pese-al-viento\\\/#breadcrumb\"},\"inLanguage\":\"es\",\"potentialAction\":[{\"@type\":\"ReadAction\",\"target\":[\"https:\\\/\\\/www.copealcoy.es\\\/es\\\/la-cifra-final-de-visitantes-confirma-que-la-fira-batio-un-nuevo-record-pese-al-viento\\\/\"]}]},{\"@type\":\"ImageObject\",\"inLanguage\":\"es\",\"@id\":\"https:\\\/\\\/www.copealcoy.es\\\/es\\\/la-cifra-final-de-visitantes-confirma-que-la-fira-batio-un-nuevo-record-pese-al-viento\\\/#primaryimage\",\"url\":\"https:\\\/\\\/www.copealcoy.es\\\/wp-content\\\/uploads\\\/2023\\\/11\\\/400747308_736138265224821_8774593890840575775_n-e1699432205845.jpg\",\"contentUrl\":\"https:\\\/\\\/www.copealcoy.es\\\/wp-content\\\/uploads\\\/2023\\\/11\\\/400747308_736138265224821_8774593890840575775_n-e1699432205845.jpg\",\"width\":640,\"height\":427},{\"@type\":\"BreadcrumbList\",\"@id\":\"https:\\\/\\\/www.copealcoy.es\\\/es\\\/la-cifra-final-de-visitantes-confirma-que-la-fira-batio-un-nuevo-record-pese-al-viento\\\/#breadcrumb\",\"itemListElement\":[{\"@type\":\"ListItem\",\"position\":1,\"name\":\"Portada\",\"item\":\"https:\\\/\\\/www.copealcoy.es\\\/es\\\/\"},{\"@type\":\"ListItem\",\"position\":2,\"name\":\"La cifra final de visitantes confirma que la Fira bati\u00f3 un nuevo r\u00e9cord, pese al viento\"}]},{\"@type\":\"WebSite\",\"@id\":\"https:\\\/\\\/www.copealcoy.es\\\/es\\\/#website\",\"url\":\"https:\\\/\\\/www.copealcoy.es\\\/es\\\/\",\"name\":\"COPE Alcoy\",\"description\":\"Emisora COPE de radio local con emisi\u00f3n online. Pont de Sant Jordi 8-10 03803 Alcoy\",\"potentialAction\":[{\"@type\":\"SearchAction\",\"target\":{\"@type\":\"EntryPoint\",\"urlTemplate\":\"https:\\\/\\\/www.copealcoy.es\\\/es\\\/?s={search_term_string}\"},\"query-input\":{\"@type\":\"PropertyValueSpecification\",\"valueRequired\":true,\"valueName\":\"search_term_string\"}}],\"inLanguage\":\"es\"},{\"@type\":\"Person\",\"@id\":\"https:\\\/\\\/www.copealcoy.es\\\/es\\\/#\\\/schema\\\/person\\\/e777c87fa024e57d40170af9df39882c\",\"name\":\"Cope Alcoy\",\"image\":{\"@type\":\"ImageObject\",\"inLanguage\":\"es\",\"@id\":\"https:\\\/\\\/secure.gravatar.com\\\/avatar\\\/bb65d0283347e303893ba14f0692005417c1e0e690a325a4c5d8bb2b3943ee14?s=96&d=mm&r=g\",\"url\":\"https:\\\/\\\/secure.gravatar.com\\\/avatar\\\/bb65d0283347e303893ba14f0692005417c1e0e690a325a4c5d8bb2b3943ee14?s=96&d=mm&r=g\",\"contentUrl\":\"https:\\\/\\\/secure.gravatar.com\\\/avatar\\\/bb65d0283347e303893ba14f0692005417c1e0e690a325a4c5d8bb2b3943ee14?s=96&d=mm&r=g\",\"caption\":\"Cope Alcoy\"}}]}<\/script>\n<!-- \/ Yoast SEO plugin. -->","yoast_head_json":{"title":"La cifra final de visitantes confirma que la Fira bati\u00f3 un nuevo r\u00e9cord, pese al viento - COPE Alcoy","description":"La Fira de Tots Sants de Cocentaina ha vuelto a superar todas las previsiones y 567.800 visitantes pasaron por el municipio","robots":{"index":"index","follow":"follow","max-snippet":"max-snippet:-1","max-image-preview":"max-image-preview:large","max-video-preview":"max-video-preview:-1"},"canonical":"https:\/\/www.copealcoy.es\/es\/la-cifra-final-de-visitantes-confirma-que-la-fira-batio-un-nuevo-record-pese-al-viento\/","og_locale":"es_ES","og_type":"article","og_title":"La cifra final de visitantes confirma que la Fira bati\u00f3 un nuevo r\u00e9cord, pese al viento - COPE Alcoy","og_description":"La Fira de Tots Sants de Cocentaina ha vuelto a superar todas las previsiones y 567.800 visitantes pasaron por el municipio","og_url":"https:\/\/www.copealcoy.es\/es\/la-cifra-final-de-visitantes-confirma-que-la-fira-batio-un-nuevo-record-pese-al-viento\/","og_site_name":"COPE Alcoy","article_published_time":"2023-11-08T06:45:56+00:00","article_modified_time":"2023-11-08T19:23:51+00:00","og_image":[{"width":640,"height":427,"url":"https:\/\/www.copealcoy.es\/wp-content\/uploads\/2023\/11\/400747308_736138265224821_8774593890840575775_n-e1699432205845.jpg","type":"image\/jpeg"}],"author":"Cope Alcoy","twitter_misc":{"Escrito por":"Cope Alcoy","Tiempo de lectura":"3 minutos"},"schema":{"@context":"https:\/\/schema.org","@graph":[{"@type":"Article","@id":"https:\/\/www.copealcoy.es\/es\/la-cifra-final-de-visitantes-confirma-que-la-fira-batio-un-nuevo-record-pese-al-viento\/#article","isPartOf":{"@id":"https:\/\/www.copealcoy.es\/es\/la-cifra-final-de-visitantes-confirma-que-la-fira-batio-un-nuevo-record-pese-al-viento\/"},"author":{"name":"Cope Alcoy","@id":"https:\/\/www.copealcoy.es\/es\/#\/schema\/person\/e777c87fa024e57d40170af9df39882c"},"headline":"La cifra final de visitantes confirma que la Fira bati\u00f3 un nuevo r\u00e9cord, pese al viento","datePublished":"2023-11-08T06:45:56+00:00","dateModified":"2023-11-08T19:23:51+00:00","mainEntityOfPage":{"@id":"https:\/\/www.copealcoy.es\/es\/la-cifra-final-de-visitantes-confirma-que-la-fira-batio-un-nuevo-record-pese-al-viento\/"},"wordCount":499,"commentCount":0,"image":{"@id":"https:\/\/www.copealcoy.es\/es\/la-cifra-final-de-visitantes-confirma-que-la-fira-batio-un-nuevo-record-pese-al-viento\/#primaryimage"},"thumbnailUrl":"https:\/\/www.copealcoy.es\/wp-content\/uploads\/2023\/11\/400747308_736138265224821_8774593890840575775_n-e1699432205845.jpg","keywords":["Balance","cifra final","Cocentaina","Fira de Tots Sants","Jordi Pla","Marcela Richart","Visitantes"],"articleSection":["Actualidad","Comarcas","Noticias"],"inLanguage":"es"},{"@type":"WebPage","@id":"https:\/\/www.copealcoy.es\/es\/la-cifra-final-de-visitantes-confirma-que-la-fira-batio-un-nuevo-record-pese-al-viento\/","url":"https:\/\/www.copealcoy.es\/es\/la-cifra-final-de-visitantes-confirma-que-la-fira-batio-un-nuevo-record-pese-al-viento\/","name":"La cifra final de visitantes confirma que la Fira bati\u00f3 un nuevo r\u00e9cord, pese al viento - COPE Alcoy","isPartOf":{"@id":"https:\/\/www.copealcoy.es\/es\/#website"},"primaryImageOfPage":{"@id":"https:\/\/www.copealcoy.es\/es\/la-cifra-final-de-visitantes-confirma-que-la-fira-batio-un-nuevo-record-pese-al-viento\/#primaryimage"},"image":{"@id":"https:\/\/www.copealcoy.es\/es\/la-cifra-final-de-visitantes-confirma-que-la-fira-batio-un-nuevo-record-pese-al-viento\/#primaryimage"},"thumbnailUrl":"https:\/\/www.copealcoy.es\/wp-content\/uploads\/2023\/11\/400747308_736138265224821_8774593890840575775_n-e1699432205845.jpg","datePublished":"2023-11-08T06:45:56+00:00","dateModified":"2023-11-08T19:23:51+00:00","author":{"@id":"https:\/\/www.copealcoy.es\/es\/#\/schema\/person\/e777c87fa024e57d40170af9df39882c"},"description":"La Fira de Tots Sants de Cocentaina ha vuelto a superar todas las previsiones y 567.800 visitantes pasaron por el municipio","breadcrumb":{"@id":"https:\/\/www.copealcoy.es\/es\/la-cifra-final-de-visitantes-confirma-que-la-fira-batio-un-nuevo-record-pese-al-viento\/#breadcrumb"},"inLanguage":"es","potentialAction":[{"@type":"ReadAction","target":["https:\/\/www.copealcoy.es\/es\/la-cifra-final-de-visitantes-confirma-que-la-fira-batio-un-nuevo-record-pese-al-viento\/"]}]},{"@type":"ImageObject","inLanguage":"es","@id":"https:\/\/www.copealcoy.es\/es\/la-cifra-final-de-visitantes-confirma-que-la-fira-batio-un-nuevo-record-pese-al-viento\/#primaryimage","url":"https:\/\/www.copealcoy.es\/wp-content\/uploads\/2023\/11\/400747308_736138265224821_8774593890840575775_n-e1699432205845.jpg","contentUrl":"https:\/\/www.copealcoy.es\/wp-content\/uploads\/2023\/11\/400747308_736138265224821_8774593890840575775_n-e1699432205845.jpg","width":640,"height":427},{"@type":"BreadcrumbList","@id":"https:\/\/www.copealcoy.es\/es\/la-cifra-final-de-visitantes-confirma-que-la-fira-batio-un-nuevo-record-pese-al-viento\/#breadcrumb","itemListElement":[{"@type":"ListItem","position":1,"name":"Portada","item":"https:\/\/www.copealcoy.es\/es\/"},{"@type":"ListItem","position":2,"name":"La cifra final de visitantes confirma que la Fira bati\u00f3 un nuevo r\u00e9cord, pese al viento"}]},{"@type":"WebSite","@id":"https:\/\/www.copealcoy.es\/es\/#website","url":"https:\/\/www.copealcoy.es\/es\/","name":"COPE Alcoy","description":"Emisora COPE de radio local con emisi\u00f3n online. Pont de Sant Jordi 8-10 03803 Alcoy","potentialAction":[{"@type":"SearchAction","target":{"@type":"EntryPoint","urlTemplate":"https:\/\/www.copealcoy.es\/es\/?s={search_term_string}"},"query-input":{"@type":"PropertyValueSpecification","valueRequired":true,"valueName":"search_term_string"}}],"inLanguage":"es"},{"@type":"Person","@id":"https:\/\/www.copealcoy.es\/es\/#\/schema\/person\/e777c87fa024e57d40170af9df39882c","name":"Cope Alcoy","image":{"@type":"ImageObject","inLanguage":"es","@id":"https:\/\/secure.gravatar.com\/avatar\/bb65d0283347e303893ba14f0692005417c1e0e690a325a4c5d8bb2b3943ee14?s=96&d=mm&r=g","url":"https:\/\/secure.gravatar.com\/avatar\/bb65d0283347e303893ba14f0692005417c1e0e690a325a4c5d8bb2b3943ee14?s=96&d=mm&r=g","contentUrl":"https:\/\/secure.gravatar.com\/avatar\/bb65d0283347e303893ba14f0692005417c1e0e690a325a4c5d8bb2b3943ee14?s=96&d=mm&r=g","caption":"Cope Alcoy"}}]}},"_links":{"self":[{"href":"https:\/\/www.copealcoy.es\/es\/wp-json\/wp\/v2\/posts\/124618","targetHints":{"allow":["GET"]}}],"collection":[{"href":"https:\/\/www.copealcoy.es\/es\/wp-json\/wp\/v2\/posts"}],"about":[{"href":"https:\/\/www.copealcoy.es\/es\/wp-json\/wp\/v2\/types\/post"}],"author":[{"embeddable":true,"href":"https:\/\/www.copealcoy.es\/es\/wp-json\/wp\/v2\/users\/1"}],"replies":[{"embeddable":true,"href":"https:\/\/www.copealcoy.es\/es\/wp-json\/wp\/v2\/comments?post=124618"}],"version-history":[{"count":0,"href":"https:\/\/www.copealcoy.es\/es\/wp-json\/wp\/v2\/posts\/124618\/revisions"}],"wp:featuredmedia":[{"embeddable":true,"href":"https:\/\/www.copealcoy.es\/es\/wp-json\/wp\/v2\/media\/124619"}],"wp:attachment":[{"href":"https:\/\/www.copealcoy.es\/es\/wp-json\/wp\/v2\/media?parent=124618"}],"wp:term":[{"taxonomy":"category","embeddable":true,"href":"https:\/\/www.copealcoy.es\/es\/wp-json\/wp\/v2\/categories?post=124618"},{"taxonomy":"post_tag","embeddable":true,"href":"https:\/\/www.copealcoy.es\/es\/wp-json\/wp\/v2\/tags?post=124618"}],"curies":[{"name":"wp","href":"https:\/\/api.w.org\/{rel}","templated":true}]}}