{"id":12458,"date":"2015-04-22T14:59:15","date_gmt":"2015-04-22T14:59:15","guid":{"rendered":"http:\/\/copealcoi.es\/new\/?p=12458"},"modified":"2016-02-29T10:38:34","modified_gmt":"2016-02-29T10:38:34","slug":"el-ayuntamiento-ultima-un-proyecto-para-reurbanizar-los-solares-del-centro","status":"publish","type":"post","link":"https:\/\/www.copealcoy.es\/es\/el-ayuntamiento-ultima-un-proyecto-para-reurbanizar-los-solares-del-centro\/","title":{"rendered":"El Ayuntamiento ultima un proyecto para mejorar los solares del Centro"},"content":{"rendered":"<p style=\"text-align: justify;\">El Ayuntamiento de Alcoy tiene previsto llevar a cabo un proyecto para reconvertir y dotar de uso a varios solares del Centro de la ciudad como el que se encuentra entre las calles Barbacana, Sant Joan y San Josep. As\u00ed lo explic\u00f3 el alcalde, Antonio Franc\u00e9s, en La Ma\u00f1ana de Cope Alcoy al mismo tiempo que\u00a0indic\u00f3 que el Consistorio ha adquirido ya algunas de las propiedades de la zona\u00a0como las viviendas donde se encuentra el horno moruno &#8220;el objetivo es derruir aquellos elementos que est\u00e1n en mal estado y mantener los \u00f3ptimos para crear nuevas zonas que sean de inter\u00e9s. La intenci\u00f3n que tenemos que es crear espacios para usos m\u00faltiples&#8221;, detalla.<\/p>\n<p style=\"text-align: justify;\">El siguiente paso , a\u00f1ade Franc\u00e9s, ser\u00e1 redactar el proyecto y llevar a cabo la actuaci\u00f3n. Adem\u00e1s el primer edil apunta\u00a0que los solares del alrededor ser\u00e1n habilitados como aparcamiento para as\u00ed responder a las necesidades de los vecinos del Centro &#8220;es una demanda tanto de las personas que viven aqu\u00ed como de los comerciantes&#8221;, matiza.<\/p>\n<p style=\"text-align: justify;\">Por \u00faltimo el alcalde\u00a0indica que es un proyecto para revitalizar este barrio\u00a0de la Ciudad y evitar as\u00ed su degradaci\u00f3n. Por \u00faltimo asegura\u00a0que las obras empezar\u00edan en los pr\u00f3ximos meses de cara al verano y la intenci\u00f3n es que se inicien tras las elecciones.<\/p>\n","protected":false},"excerpt":{"rendered":"<p>El Ayuntamiento de Alcoy tiene previsto llevar a cabo un proyecto para reconvertir y dotar de uso a varios solares&#8230;<\/p>\n","protected":false},"author":1,"featured_media":12459,"comment_status":"open","ping_status":"open","sticky":false,"template":"","format":"standard","meta":{"footnotes":""},"categories":[97,75,125],"tags":[1494,295,145,633],"class_list":["post-12458","post","type-post","status-publish","format-standard","has-post-thumbnail","hentry","category-alcoy","category-noticias","category-portada","tag-alcoy","tag-centro","tag-obras","tag-urbanismo"],"yoast_head":"<!-- This site is optimized with the Yoast SEO plugin v27.3 - https:\/\/yoast.com\/product\/yoast-seo-wordpress\/ -->\n<title>El Ayuntamiento ultima un proyecto para mejorar los solares del Centro - COPE Alcoy<\/title>\n<meta name=\"robots\" content=\"index, follow, max-snippet:-1, max-image-preview:large, max-video-preview:-1\" \/>\n<link rel=\"canonical\" href=\"https:\/\/www.copealcoy.es\/es\/el-ayuntamiento-ultima-un-proyecto-para-reurbanizar-los-solares-del-centro\/\" \/>\n<meta property=\"og:locale\" content=\"es_ES\" \/>\n<meta property=\"og:type\" content=\"article\" \/>\n<meta property=\"og:title\" content=\"El Ayuntamiento ultima un proyecto para mejorar los solares del Centro - COPE Alcoy\" \/>\n<meta property=\"og:description\" content=\"El Ayuntamiento de Alcoy tiene previsto llevar a cabo un proyecto para reconvertir y dotar de uso a varios solares...\" \/>\n<meta property=\"og:url\" content=\"https:\/\/www.copealcoy.es\/es\/el-ayuntamiento-ultima-un-proyecto-para-reurbanizar-los-solares-del-centro\/\" \/>\n<meta property=\"og:site_name\" content=\"COPE Alcoy\" \/>\n<meta property=\"article:published_time\" content=\"2015-04-22T14:59:15+00:00\" \/>\n<meta property=\"article:modified_time\" content=\"2016-02-29T10:38:34+00:00\" \/>\n<meta property=\"og:image\" content=\"https:\/\/www.copealcoy.es\/wp-content\/uploads\/2015\/04\/LAjuntamentdAlcoipre_1065_8300.jpg\" \/>\n\t<meta property=\"og:image:width\" content=\"750\" \/>\n\t<meta property=\"og:image:height\" content=\"498\" \/>\n\t<meta property=\"og:image:type\" content=\"image\/jpeg\" \/>\n<meta name=\"author\" content=\"Cope Alcoy\" \/>\n<meta name=\"twitter:label1\" content=\"Escrito por\" \/>\n\t<meta name=\"twitter:data1\" content=\"Cope Alcoy\" \/>\n\t<meta name=\"twitter:label2\" content=\"Tiempo de lectura\" \/>\n\t<meta name=\"twitter:data2\" content=\"1 minuto\" \/>\n<script type=\"application\/ld+json\" class=\"yoast-schema-graph\">{\"@context\":\"https:\\\/\\\/schema.org\",\"@graph\":[{\"@type\":\"Article\",\"@id\":\"https:\\\/\\\/www.copealcoy.es\\\/es\\\/el-ayuntamiento-ultima-un-proyecto-para-reurbanizar-los-solares-del-centro\\\/#article\",\"isPartOf\":{\"@id\":\"https:\\\/\\\/www.copealcoy.es\\\/es\\\/el-ayuntamiento-ultima-un-proyecto-para-reurbanizar-los-solares-del-centro\\\/\"},\"author\":{\"name\":\"Cope Alcoy\",\"@id\":\"https:\\\/\\\/www.copealcoy.es\\\/es\\\/#\\\/schema\\\/person\\\/e777c87fa024e57d40170af9df39882c\"},\"headline\":\"El Ayuntamiento ultima un proyecto para mejorar los solares del Centro\",\"datePublished\":\"2015-04-22T14:59:15+00:00\",\"dateModified\":\"2016-02-29T10:38:34+00:00\",\"mainEntityOfPage\":{\"@id\":\"https:\\\/\\\/www.copealcoy.es\\\/es\\\/el-ayuntamiento-ultima-un-proyecto-para-reurbanizar-los-solares-del-centro\\\/\"},\"wordCount\":241,\"commentCount\":0,\"image\":{\"@id\":\"https:\\\/\\\/www.copealcoy.es\\\/es\\\/el-ayuntamiento-ultima-un-proyecto-para-reurbanizar-los-solares-del-centro\\\/#primaryimage\"},\"thumbnailUrl\":\"https:\\\/\\\/www.copealcoy.es\\\/wp-content\\\/uploads\\\/2015\\\/04\\\/LAjuntamentdAlcoipre_1065_8300.jpg\",\"keywords\":[\"Alcoy\",\"Centro\",\"Obras\",\"Urbanismo\"],\"articleSection\":[\"Alcoy\",\"Noticias\",\"Portada\"],\"inLanguage\":\"es\"},{\"@type\":\"WebPage\",\"@id\":\"https:\\\/\\\/www.copealcoy.es\\\/es\\\/el-ayuntamiento-ultima-un-proyecto-para-reurbanizar-los-solares-del-centro\\\/\",\"url\":\"https:\\\/\\\/www.copealcoy.es\\\/es\\\/el-ayuntamiento-ultima-un-proyecto-para-reurbanizar-los-solares-del-centro\\\/\",\"name\":\"El Ayuntamiento ultima un proyecto para mejorar los solares del Centro - COPE Alcoy\",\"isPartOf\":{\"@id\":\"https:\\\/\\\/www.copealcoy.es\\\/es\\\/#website\"},\"primaryImageOfPage\":{\"@id\":\"https:\\\/\\\/www.copealcoy.es\\\/es\\\/el-ayuntamiento-ultima-un-proyecto-para-reurbanizar-los-solares-del-centro\\\/#primaryimage\"},\"image\":{\"@id\":\"https:\\\/\\\/www.copealcoy.es\\\/es\\\/el-ayuntamiento-ultima-un-proyecto-para-reurbanizar-los-solares-del-centro\\\/#primaryimage\"},\"thumbnailUrl\":\"https:\\\/\\\/www.copealcoy.es\\\/wp-content\\\/uploads\\\/2015\\\/04\\\/LAjuntamentdAlcoipre_1065_8300.jpg\",\"datePublished\":\"2015-04-22T14:59:15+00:00\",\"dateModified\":\"2016-02-29T10:38:34+00:00\",\"author\":{\"@id\":\"https:\\\/\\\/www.copealcoy.es\\\/es\\\/#\\\/schema\\\/person\\\/e777c87fa024e57d40170af9df39882c\"},\"breadcrumb\":{\"@id\":\"https:\\\/\\\/www.copealcoy.es\\\/es\\\/el-ayuntamiento-ultima-un-proyecto-para-reurbanizar-los-solares-del-centro\\\/#breadcrumb\"},\"inLanguage\":\"es\",\"potentialAction\":[{\"@type\":\"ReadAction\",\"target\":[\"https:\\\/\\\/www.copealcoy.es\\\/es\\\/el-ayuntamiento-ultima-un-proyecto-para-reurbanizar-los-solares-del-centro\\\/\"]}]},{\"@type\":\"ImageObject\",\"inLanguage\":\"es\",\"@id\":\"https:\\\/\\\/www.copealcoy.es\\\/es\\\/el-ayuntamiento-ultima-un-proyecto-para-reurbanizar-los-solares-del-centro\\\/#primaryimage\",\"url\":\"https:\\\/\\\/www.copealcoy.es\\\/wp-content\\\/uploads\\\/2015\\\/04\\\/LAjuntamentdAlcoipre_1065_8300.jpg\",\"contentUrl\":\"https:\\\/\\\/www.copealcoy.es\\\/wp-content\\\/uploads\\\/2015\\\/04\\\/LAjuntamentdAlcoipre_1065_8300.jpg\",\"width\":750,\"height\":498},{\"@type\":\"BreadcrumbList\",\"@id\":\"https:\\\/\\\/www.copealcoy.es\\\/es\\\/el-ayuntamiento-ultima-un-proyecto-para-reurbanizar-los-solares-del-centro\\\/#breadcrumb\",\"itemListElement\":[{\"@type\":\"ListItem\",\"position\":1,\"name\":\"Portada\",\"item\":\"https:\\\/\\\/www.copealcoy.es\\\/es\\\/\"},{\"@type\":\"ListItem\",\"position\":2,\"name\":\"El Ayuntamiento ultima un proyecto para mejorar los solares del Centro\"}]},{\"@type\":\"WebSite\",\"@id\":\"https:\\\/\\\/www.copealcoy.es\\\/es\\\/#website\",\"url\":\"https:\\\/\\\/www.copealcoy.es\\\/es\\\/\",\"name\":\"COPE Alcoy\",\"description\":\"Emisora COPE de radio local con emisi\u00f3n online. Pont de Sant Jordi 8-10 03803 Alcoy\",\"potentialAction\":[{\"@type\":\"SearchAction\",\"target\":{\"@type\":\"EntryPoint\",\"urlTemplate\":\"https:\\\/\\\/www.copealcoy.es\\\/es\\\/?s={search_term_string}\"},\"query-input\":{\"@type\":\"PropertyValueSpecification\",\"valueRequired\":true,\"valueName\":\"search_term_string\"}}],\"inLanguage\":\"es\"},{\"@type\":\"Person\",\"@id\":\"https:\\\/\\\/www.copealcoy.es\\\/es\\\/#\\\/schema\\\/person\\\/e777c87fa024e57d40170af9df39882c\",\"name\":\"Cope Alcoy\",\"image\":{\"@type\":\"ImageObject\",\"inLanguage\":\"es\",\"@id\":\"https:\\\/\\\/secure.gravatar.com\\\/avatar\\\/bb65d0283347e303893ba14f0692005417c1e0e690a325a4c5d8bb2b3943ee14?s=96&d=mm&r=g\",\"url\":\"https:\\\/\\\/secure.gravatar.com\\\/avatar\\\/bb65d0283347e303893ba14f0692005417c1e0e690a325a4c5d8bb2b3943ee14?s=96&d=mm&r=g\",\"contentUrl\":\"https:\\\/\\\/secure.gravatar.com\\\/avatar\\\/bb65d0283347e303893ba14f0692005417c1e0e690a325a4c5d8bb2b3943ee14?s=96&d=mm&r=g\",\"caption\":\"Cope Alcoy\"}}]}<\/script>\n<!-- \/ Yoast SEO plugin. -->","yoast_head_json":{"title":"El Ayuntamiento ultima un proyecto para mejorar los solares del Centro - COPE Alcoy","robots":{"index":"index","follow":"follow","max-snippet":"max-snippet:-1","max-image-preview":"max-image-preview:large","max-video-preview":"max-video-preview:-1"},"canonical":"https:\/\/www.copealcoy.es\/es\/el-ayuntamiento-ultima-un-proyecto-para-reurbanizar-los-solares-del-centro\/","og_locale":"es_ES","og_type":"article","og_title":"El Ayuntamiento ultima un proyecto para mejorar los solares del Centro - COPE Alcoy","og_description":"El Ayuntamiento de Alcoy tiene previsto llevar a cabo un proyecto para reconvertir y dotar de uso a varios solares...","og_url":"https:\/\/www.copealcoy.es\/es\/el-ayuntamiento-ultima-un-proyecto-para-reurbanizar-los-solares-del-centro\/","og_site_name":"COPE Alcoy","article_published_time":"2015-04-22T14:59:15+00:00","article_modified_time":"2016-02-29T10:38:34+00:00","og_image":[{"width":750,"height":498,"url":"https:\/\/www.copealcoy.es\/wp-content\/uploads\/2015\/04\/LAjuntamentdAlcoipre_1065_8300.jpg","type":"image\/jpeg"}],"author":"Cope Alcoy","twitter_misc":{"Escrito por":"Cope Alcoy","Tiempo de lectura":"1 minuto"},"schema":{"@context":"https:\/\/schema.org","@graph":[{"@type":"Article","@id":"https:\/\/www.copealcoy.es\/es\/el-ayuntamiento-ultima-un-proyecto-para-reurbanizar-los-solares-del-centro\/#article","isPartOf":{"@id":"https:\/\/www.copealcoy.es\/es\/el-ayuntamiento-ultima-un-proyecto-para-reurbanizar-los-solares-del-centro\/"},"author":{"name":"Cope Alcoy","@id":"https:\/\/www.copealcoy.es\/es\/#\/schema\/person\/e777c87fa024e57d40170af9df39882c"},"headline":"El Ayuntamiento ultima un proyecto para mejorar los solares del Centro","datePublished":"2015-04-22T14:59:15+00:00","dateModified":"2016-02-29T10:38:34+00:00","mainEntityOfPage":{"@id":"https:\/\/www.copealcoy.es\/es\/el-ayuntamiento-ultima-un-proyecto-para-reurbanizar-los-solares-del-centro\/"},"wordCount":241,"commentCount":0,"image":{"@id":"https:\/\/www.copealcoy.es\/es\/el-ayuntamiento-ultima-un-proyecto-para-reurbanizar-los-solares-del-centro\/#primaryimage"},"thumbnailUrl":"https:\/\/www.copealcoy.es\/wp-content\/uploads\/2015\/04\/LAjuntamentdAlcoipre_1065_8300.jpg","keywords":["Alcoy","Centro","Obras","Urbanismo"],"articleSection":["Alcoy","Noticias","Portada"],"inLanguage":"es"},{"@type":"WebPage","@id":"https:\/\/www.copealcoy.es\/es\/el-ayuntamiento-ultima-un-proyecto-para-reurbanizar-los-solares-del-centro\/","url":"https:\/\/www.copealcoy.es\/es\/el-ayuntamiento-ultima-un-proyecto-para-reurbanizar-los-solares-del-centro\/","name":"El Ayuntamiento ultima un proyecto para mejorar los solares del Centro - COPE Alcoy","isPartOf":{"@id":"https:\/\/www.copealcoy.es\/es\/#website"},"primaryImageOfPage":{"@id":"https:\/\/www.copealcoy.es\/es\/el-ayuntamiento-ultima-un-proyecto-para-reurbanizar-los-solares-del-centro\/#primaryimage"},"image":{"@id":"https:\/\/www.copealcoy.es\/es\/el-ayuntamiento-ultima-un-proyecto-para-reurbanizar-los-solares-del-centro\/#primaryimage"},"thumbnailUrl":"https:\/\/www.copealcoy.es\/wp-content\/uploads\/2015\/04\/LAjuntamentdAlcoipre_1065_8300.jpg","datePublished":"2015-04-22T14:59:15+00:00","dateModified":"2016-02-29T10:38:34+00:00","author":{"@id":"https:\/\/www.copealcoy.es\/es\/#\/schema\/person\/e777c87fa024e57d40170af9df39882c"},"breadcrumb":{"@id":"https:\/\/www.copealcoy.es\/es\/el-ayuntamiento-ultima-un-proyecto-para-reurbanizar-los-solares-del-centro\/#breadcrumb"},"inLanguage":"es","potentialAction":[{"@type":"ReadAction","target":["https:\/\/www.copealcoy.es\/es\/el-ayuntamiento-ultima-un-proyecto-para-reurbanizar-los-solares-del-centro\/"]}]},{"@type":"ImageObject","inLanguage":"es","@id":"https:\/\/www.copealcoy.es\/es\/el-ayuntamiento-ultima-un-proyecto-para-reurbanizar-los-solares-del-centro\/#primaryimage","url":"https:\/\/www.copealcoy.es\/wp-content\/uploads\/2015\/04\/LAjuntamentdAlcoipre_1065_8300.jpg","contentUrl":"https:\/\/www.copealcoy.es\/wp-content\/uploads\/2015\/04\/LAjuntamentdAlcoipre_1065_8300.jpg","width":750,"height":498},{"@type":"BreadcrumbList","@id":"https:\/\/www.copealcoy.es\/es\/el-ayuntamiento-ultima-un-proyecto-para-reurbanizar-los-solares-del-centro\/#breadcrumb","itemListElement":[{"@type":"ListItem","position":1,"name":"Portada","item":"https:\/\/www.copealcoy.es\/es\/"},{"@type":"ListItem","position":2,"name":"El Ayuntamiento ultima un proyecto para mejorar los solares del Centro"}]},{"@type":"WebSite","@id":"https:\/\/www.copealcoy.es\/es\/#website","url":"https:\/\/www.copealcoy.es\/es\/","name":"COPE Alcoy","description":"Emisora COPE de radio local con emisi\u00f3n online. Pont de Sant Jordi 8-10 03803 Alcoy","potentialAction":[{"@type":"SearchAction","target":{"@type":"EntryPoint","urlTemplate":"https:\/\/www.copealcoy.es\/es\/?s={search_term_string}"},"query-input":{"@type":"PropertyValueSpecification","valueRequired":true,"valueName":"search_term_string"}}],"inLanguage":"es"},{"@type":"Person","@id":"https:\/\/www.copealcoy.es\/es\/#\/schema\/person\/e777c87fa024e57d40170af9df39882c","name":"Cope Alcoy","image":{"@type":"ImageObject","inLanguage":"es","@id":"https:\/\/secure.gravatar.com\/avatar\/bb65d0283347e303893ba14f0692005417c1e0e690a325a4c5d8bb2b3943ee14?s=96&d=mm&r=g","url":"https:\/\/secure.gravatar.com\/avatar\/bb65d0283347e303893ba14f0692005417c1e0e690a325a4c5d8bb2b3943ee14?s=96&d=mm&r=g","contentUrl":"https:\/\/secure.gravatar.com\/avatar\/bb65d0283347e303893ba14f0692005417c1e0e690a325a4c5d8bb2b3943ee14?s=96&d=mm&r=g","caption":"Cope Alcoy"}}]}},"_links":{"self":[{"href":"https:\/\/www.copealcoy.es\/es\/wp-json\/wp\/v2\/posts\/12458","targetHints":{"allow":["GET"]}}],"collection":[{"href":"https:\/\/www.copealcoy.es\/es\/wp-json\/wp\/v2\/posts"}],"about":[{"href":"https:\/\/www.copealcoy.es\/es\/wp-json\/wp\/v2\/types\/post"}],"author":[{"embeddable":true,"href":"https:\/\/www.copealcoy.es\/es\/wp-json\/wp\/v2\/users\/1"}],"replies":[{"embeddable":true,"href":"https:\/\/www.copealcoy.es\/es\/wp-json\/wp\/v2\/comments?post=12458"}],"version-history":[{"count":0,"href":"https:\/\/www.copealcoy.es\/es\/wp-json\/wp\/v2\/posts\/12458\/revisions"}],"wp:featuredmedia":[{"embeddable":true,"href":"https:\/\/www.copealcoy.es\/es\/wp-json\/wp\/v2\/media\/12459"}],"wp:attachment":[{"href":"https:\/\/www.copealcoy.es\/es\/wp-json\/wp\/v2\/media?parent=12458"}],"wp:term":[{"taxonomy":"category","embeddable":true,"href":"https:\/\/www.copealcoy.es\/es\/wp-json\/wp\/v2\/categories?post=12458"},{"taxonomy":"post_tag","embeddable":true,"href":"https:\/\/www.copealcoy.es\/es\/wp-json\/wp\/v2\/tags?post=12458"}],"curies":[{"name":"wp","href":"https:\/\/api.w.org\/{rel}","templated":true}]}}