{"id":124563,"date":"2023-11-07T11:45:16","date_gmt":"2023-11-07T10:45:16","guid":{"rendered":"https:\/\/www.copealcoy.es\/?p=124563"},"modified":"2023-11-07T12:06:25","modified_gmt":"2023-11-07T11:06:25","slug":"la-agricultura-sobrevive-al-aumento-del-paro-en-alcoy","status":"publish","type":"post","link":"https:\/\/www.copealcoy.es\/es\/la-agricultura-sobrevive-al-aumento-del-paro-en-alcoy\/","title":{"rendered":"La agricultura sobrevive al aumento del paro en Alcoy"},"content":{"rendered":"<p style=\"text-align: justify;\">El mes de octubre deja datos negativos en la ocupaci\u00f3n de la ciudad. <strong>Alcoy registra<span style=\"color: #000080;\"><a style=\"color: #000080;\" href=\"https:\/\/www.copealcoy.es\/los-servicios-y-la-industria-lideran-el-descenso-del-paro-en-alcoy\/\" target=\"_blank\" rel=\"noopener\"> 59 desempleados m\u00e1s<\/a><\/span><\/strong> en el \u00faltimo mes, seg\u00fan las cifras ofrecidas por <strong>Labora (el Servicio Valenciano de Empleo y Formaci\u00f3n)<\/strong>.<\/p>\n<p style=\"text-align: justify;\">Sube el paro en la ciudad y lo hace, precisamente, en dos sectores clave para la econom\u00eda local. <strong>El sector servicios aumenta en 59 el n\u00famero de desocupados y la industria lo hace con 12 m\u00e1s<\/strong>. &#8220;Es verdad que donde m\u00e1s se refleja ese aumento es en el sector servicios, debido a la estacionalidad de la \u00e9poca estival. En este mes suele ocurrir este aumento del desempleo&#8221;, ha explicado<strong> Ismael Senent<\/strong>, secretario general de<strong> UGT La Muntanya<\/strong>, en declaraciones a <strong>Cope Alcoy<\/strong>. Para combatir el desempleo en nuestras comarcas, el responsable sindical apuesta tambi\u00e9n por la implantaci\u00f3n de industrias tecnol\u00f3gicas.<\/p>\n<p style=\"text-align: justify;\">Sin embargo, lo m\u00e1s significativo es que solo sube el paro en esas dos actividades econ\u00f3micas. <strong>La agricultura y la construcci\u00f3n, en cambio, ganan trabajadores<\/strong>. Sobre todo la agricultura, que suma 12 empleados m\u00e1s. &#8220;La agricultura tambi\u00e9n responde a factores estacionales, <strong>dependiendo del tipo de productos se est\u00e1n elaborando en el sector<\/strong>. Por eso pueden tener esa incidencia en el empleo en un mes como este&#8221;, asegura Senent. Y, en este sentido, <strong>nuestras comarcas est\u00e1n inmersas en la campa\u00f1a de recogida de la aceituna<\/strong>.<\/p>\n<p style=\"text-align: justify;\">Respecto a la contrataci\u00f3n, Senent valora positivamente la creaci\u00f3n de empleo. <strong>Alcoy suma 1.074 contrataciones, 367 m\u00e1s que en septiembre<\/strong>. En el conjunto de la comarca, estas han sido un total de 2.689. &#8220;El 41% de los nuevos contratos son indefinidos, estamos pr\u00e1cticamente en la mitad&#8221;, apunta Senent<\/p>\n<p style=\"text-align: justify;\">La tendencia es la misma en el conjunto de la comarca, aunque esta subida es mucho m\u00e1s ligera, 20 desempleados m\u00e1s. Y esto se debe a que <strong>en localidades como Banyeres, Castalla, Cocentaina, Ibi u Onil el paro ha bajado<\/strong>.<\/p>\n<p style=\"text-align: justify;\"><span style=\"color: #0000ff;\"><strong>Menos paro que hace un a\u00f1o<\/strong><\/span><\/p>\n<p style=\"text-align: justify;\">Actualmente hay en Alcoy 4.775 desempleados.<strong> La situaci\u00f3n es ligeramente mejor<\/strong> que la que presentaba la ciudad hace justo un a\u00f1o, cuando se registraron 4.789 desocupados. Sin embargo, <strong>el incremente respecto al mes anterior es m\u00e1s significativo<\/strong> ahora, ya que en octubre de 2022 se contabilizaron 44 parados m\u00e1s que en septiembre del mismo a\u00f1o.<\/p>\n","protected":false},"excerpt":{"rendered":"<p>El mes de octubre deja datos negativos en la ocupaci\u00f3n de la ciudad. Alcoy registra 59 desempleados m\u00e1s en el&#8230;<\/p>\n","protected":false},"author":1,"featured_media":17260,"comment_status":"open","ping_status":"open","sticky":false,"template":"","format":"standard","meta":{"footnotes":""},"categories":[6909,97,98,75,79],"tags":[399,1494,236,341],"class_list":["post-124563","post","type-post","status-publish","format-standard","has-post-thumbnail","hentry","category-actualidad","category-alcoy","category-comarcas","category-noticias","category-politicayeconomia","tag-agricultura","tag-alcoy","tag-comarca","tag-paro"],"yoast_head":"<!-- This site is optimized with the Yoast SEO plugin v27.3 - https:\/\/yoast.com\/product\/yoast-seo-wordpress\/ -->\n<title>La agricultura sobrevive al aumento del paro en Alcoy - COPE Alcoy<\/title>\n<meta name=\"description\" content=\"El mes de octubre deja datos negativos en la ocupaci\u00f3n de la ciudad. Alcoy registra 59 desempleados m\u00e1s en el \u00faltimo mes, seg\u00fan las cifras ofrecidas por Labora (el Servicio Valenciano de Empleo y Formaci\u00f3n).\" \/>\n<meta name=\"robots\" content=\"index, follow, max-snippet:-1, max-image-preview:large, max-video-preview:-1\" \/>\n<link rel=\"canonical\" href=\"https:\/\/www.copealcoy.es\/es\/la-agricultura-sobrevive-al-aumento-del-paro-en-alcoy\/\" \/>\n<meta property=\"og:locale\" content=\"es_ES\" \/>\n<meta property=\"og:type\" content=\"article\" \/>\n<meta property=\"og:title\" content=\"La agricultura sobrevive al aumento del paro en Alcoy - COPE Alcoy\" \/>\n<meta property=\"og:description\" content=\"El mes de octubre deja datos negativos en la ocupaci\u00f3n de la ciudad. Alcoy registra 59 desempleados m\u00e1s en el \u00faltimo mes, seg\u00fan las cifras ofrecidas por Labora (el Servicio Valenciano de Empleo y Formaci\u00f3n).\" \/>\n<meta property=\"og:url\" content=\"https:\/\/www.copealcoy.es\/es\/la-agricultura-sobrevive-al-aumento-del-paro-en-alcoy\/\" \/>\n<meta property=\"og:site_name\" content=\"COPE Alcoy\" \/>\n<meta property=\"article:published_time\" content=\"2023-11-07T10:45:16+00:00\" \/>\n<meta property=\"article:modified_time\" content=\"2023-11-07T11:06:25+00:00\" \/>\n<meta property=\"og:image\" content=\"https:\/\/www.copealcoy.es\/wp-content\/uploads\/2015\/11\/6302127770_f4a73e2fdf1.jpg\" \/>\n\t<meta property=\"og:image:width\" content=\"464\" \/>\n\t<meta property=\"og:image:height\" content=\"268\" \/>\n\t<meta property=\"og:image:type\" content=\"image\/jpeg\" \/>\n<meta name=\"author\" content=\"Cope Alcoy\" \/>\n<meta name=\"twitter:label1\" content=\"Escrito por\" \/>\n\t<meta name=\"twitter:data1\" content=\"Cope Alcoy\" \/>\n\t<meta name=\"twitter:label2\" content=\"Tiempo de lectura\" \/>\n\t<meta name=\"twitter:data2\" content=\"2 minutos\" \/>\n<script type=\"application\/ld+json\" class=\"yoast-schema-graph\">{\"@context\":\"https:\\\/\\\/schema.org\",\"@graph\":[{\"@type\":\"Article\",\"@id\":\"https:\\\/\\\/www.copealcoy.es\\\/es\\\/la-agricultura-sobrevive-al-aumento-del-paro-en-alcoy\\\/#article\",\"isPartOf\":{\"@id\":\"https:\\\/\\\/www.copealcoy.es\\\/es\\\/la-agricultura-sobrevive-al-aumento-del-paro-en-alcoy\\\/\"},\"author\":{\"name\":\"Cope Alcoy\",\"@id\":\"https:\\\/\\\/www.copealcoy.es\\\/es\\\/#\\\/schema\\\/person\\\/e777c87fa024e57d40170af9df39882c\"},\"headline\":\"La agricultura sobrevive al aumento del paro en Alcoy\",\"datePublished\":\"2023-11-07T10:45:16+00:00\",\"dateModified\":\"2023-11-07T11:06:25+00:00\",\"mainEntityOfPage\":{\"@id\":\"https:\\\/\\\/www.copealcoy.es\\\/es\\\/la-agricultura-sobrevive-al-aumento-del-paro-en-alcoy\\\/\"},\"wordCount\":395,\"commentCount\":0,\"image\":{\"@id\":\"https:\\\/\\\/www.copealcoy.es\\\/es\\\/la-agricultura-sobrevive-al-aumento-del-paro-en-alcoy\\\/#primaryimage\"},\"thumbnailUrl\":\"https:\\\/\\\/www.copealcoy.es\\\/wp-content\\\/uploads\\\/2015\\\/11\\\/6302127770_f4a73e2fdf1.jpg\",\"keywords\":[\"Agricultura\",\"Alcoy\",\"Comarca\",\"Paro\"],\"articleSection\":[\"Actualidad\",\"Alcoy\",\"Comarcas\",\"Noticias\",\"Pol\u00edtica y Econom\u00eda\"],\"inLanguage\":\"es\"},{\"@type\":\"WebPage\",\"@id\":\"https:\\\/\\\/www.copealcoy.es\\\/es\\\/la-agricultura-sobrevive-al-aumento-del-paro-en-alcoy\\\/\",\"url\":\"https:\\\/\\\/www.copealcoy.es\\\/es\\\/la-agricultura-sobrevive-al-aumento-del-paro-en-alcoy\\\/\",\"name\":\"La agricultura sobrevive al aumento del paro en Alcoy - COPE Alcoy\",\"isPartOf\":{\"@id\":\"https:\\\/\\\/www.copealcoy.es\\\/es\\\/#website\"},\"primaryImageOfPage\":{\"@id\":\"https:\\\/\\\/www.copealcoy.es\\\/es\\\/la-agricultura-sobrevive-al-aumento-del-paro-en-alcoy\\\/#primaryimage\"},\"image\":{\"@id\":\"https:\\\/\\\/www.copealcoy.es\\\/es\\\/la-agricultura-sobrevive-al-aumento-del-paro-en-alcoy\\\/#primaryimage\"},\"thumbnailUrl\":\"https:\\\/\\\/www.copealcoy.es\\\/wp-content\\\/uploads\\\/2015\\\/11\\\/6302127770_f4a73e2fdf1.jpg\",\"datePublished\":\"2023-11-07T10:45:16+00:00\",\"dateModified\":\"2023-11-07T11:06:25+00:00\",\"author\":{\"@id\":\"https:\\\/\\\/www.copealcoy.es\\\/es\\\/#\\\/schema\\\/person\\\/e777c87fa024e57d40170af9df39882c\"},\"description\":\"El mes de octubre deja datos negativos en la ocupaci\u00f3n de la ciudad. Alcoy registra 59 desempleados m\u00e1s en el \u00faltimo mes, seg\u00fan las cifras ofrecidas por Labora (el Servicio Valenciano de Empleo y Formaci\u00f3n).\",\"breadcrumb\":{\"@id\":\"https:\\\/\\\/www.copealcoy.es\\\/es\\\/la-agricultura-sobrevive-al-aumento-del-paro-en-alcoy\\\/#breadcrumb\"},\"inLanguage\":\"es\",\"potentialAction\":[{\"@type\":\"ReadAction\",\"target\":[\"https:\\\/\\\/www.copealcoy.es\\\/es\\\/la-agricultura-sobrevive-al-aumento-del-paro-en-alcoy\\\/\"]}]},{\"@type\":\"ImageObject\",\"inLanguage\":\"es\",\"@id\":\"https:\\\/\\\/www.copealcoy.es\\\/es\\\/la-agricultura-sobrevive-al-aumento-del-paro-en-alcoy\\\/#primaryimage\",\"url\":\"https:\\\/\\\/www.copealcoy.es\\\/wp-content\\\/uploads\\\/2015\\\/11\\\/6302127770_f4a73e2fdf1.jpg\",\"contentUrl\":\"https:\\\/\\\/www.copealcoy.es\\\/wp-content\\\/uploads\\\/2015\\\/11\\\/6302127770_f4a73e2fdf1.jpg\",\"width\":464,\"height\":268,\"caption\":\"La campa\u00f1a de la recogida de la oliva se ha adelantado en la comarca \\\/ Foto: Almazara Alquer\u00eda\"},{\"@type\":\"BreadcrumbList\",\"@id\":\"https:\\\/\\\/www.copealcoy.es\\\/es\\\/la-agricultura-sobrevive-al-aumento-del-paro-en-alcoy\\\/#breadcrumb\",\"itemListElement\":[{\"@type\":\"ListItem\",\"position\":1,\"name\":\"Portada\",\"item\":\"https:\\\/\\\/www.copealcoy.es\\\/es\\\/\"},{\"@type\":\"ListItem\",\"position\":2,\"name\":\"La agricultura sobrevive al aumento del paro en Alcoy\"}]},{\"@type\":\"WebSite\",\"@id\":\"https:\\\/\\\/www.copealcoy.es\\\/es\\\/#website\",\"url\":\"https:\\\/\\\/www.copealcoy.es\\\/es\\\/\",\"name\":\"COPE Alcoy\",\"description\":\"Emisora COPE de radio local con emisi\u00f3n online. Pont de Sant Jordi 8-10 03803 Alcoy\",\"potentialAction\":[{\"@type\":\"SearchAction\",\"target\":{\"@type\":\"EntryPoint\",\"urlTemplate\":\"https:\\\/\\\/www.copealcoy.es\\\/es\\\/?s={search_term_string}\"},\"query-input\":{\"@type\":\"PropertyValueSpecification\",\"valueRequired\":true,\"valueName\":\"search_term_string\"}}],\"inLanguage\":\"es\"},{\"@type\":\"Person\",\"@id\":\"https:\\\/\\\/www.copealcoy.es\\\/es\\\/#\\\/schema\\\/person\\\/e777c87fa024e57d40170af9df39882c\",\"name\":\"Cope Alcoy\",\"image\":{\"@type\":\"ImageObject\",\"inLanguage\":\"es\",\"@id\":\"https:\\\/\\\/secure.gravatar.com\\\/avatar\\\/bb65d0283347e303893ba14f0692005417c1e0e690a325a4c5d8bb2b3943ee14?s=96&d=mm&r=g\",\"url\":\"https:\\\/\\\/secure.gravatar.com\\\/avatar\\\/bb65d0283347e303893ba14f0692005417c1e0e690a325a4c5d8bb2b3943ee14?s=96&d=mm&r=g\",\"contentUrl\":\"https:\\\/\\\/secure.gravatar.com\\\/avatar\\\/bb65d0283347e303893ba14f0692005417c1e0e690a325a4c5d8bb2b3943ee14?s=96&d=mm&r=g\",\"caption\":\"Cope Alcoy\"}}]}<\/script>\n<!-- \/ Yoast SEO plugin. -->","yoast_head_json":{"title":"La agricultura sobrevive al aumento del paro en Alcoy - COPE Alcoy","description":"El mes de octubre deja datos negativos en la ocupaci\u00f3n de la ciudad. Alcoy registra 59 desempleados m\u00e1s en el \u00faltimo mes, seg\u00fan las cifras ofrecidas por Labora (el Servicio Valenciano de Empleo y Formaci\u00f3n).","robots":{"index":"index","follow":"follow","max-snippet":"max-snippet:-1","max-image-preview":"max-image-preview:large","max-video-preview":"max-video-preview:-1"},"canonical":"https:\/\/www.copealcoy.es\/es\/la-agricultura-sobrevive-al-aumento-del-paro-en-alcoy\/","og_locale":"es_ES","og_type":"article","og_title":"La agricultura sobrevive al aumento del paro en Alcoy - COPE Alcoy","og_description":"El mes de octubre deja datos negativos en la ocupaci\u00f3n de la ciudad. Alcoy registra 59 desempleados m\u00e1s en el \u00faltimo mes, seg\u00fan las cifras ofrecidas por Labora (el Servicio Valenciano de Empleo y Formaci\u00f3n).","og_url":"https:\/\/www.copealcoy.es\/es\/la-agricultura-sobrevive-al-aumento-del-paro-en-alcoy\/","og_site_name":"COPE Alcoy","article_published_time":"2023-11-07T10:45:16+00:00","article_modified_time":"2023-11-07T11:06:25+00:00","og_image":[{"width":464,"height":268,"url":"https:\/\/www.copealcoy.es\/wp-content\/uploads\/2015\/11\/6302127770_f4a73e2fdf1.jpg","type":"image\/jpeg"}],"author":"Cope Alcoy","twitter_misc":{"Escrito por":"Cope Alcoy","Tiempo de lectura":"2 minutos"},"schema":{"@context":"https:\/\/schema.org","@graph":[{"@type":"Article","@id":"https:\/\/www.copealcoy.es\/es\/la-agricultura-sobrevive-al-aumento-del-paro-en-alcoy\/#article","isPartOf":{"@id":"https:\/\/www.copealcoy.es\/es\/la-agricultura-sobrevive-al-aumento-del-paro-en-alcoy\/"},"author":{"name":"Cope Alcoy","@id":"https:\/\/www.copealcoy.es\/es\/#\/schema\/person\/e777c87fa024e57d40170af9df39882c"},"headline":"La agricultura sobrevive al aumento del paro en Alcoy","datePublished":"2023-11-07T10:45:16+00:00","dateModified":"2023-11-07T11:06:25+00:00","mainEntityOfPage":{"@id":"https:\/\/www.copealcoy.es\/es\/la-agricultura-sobrevive-al-aumento-del-paro-en-alcoy\/"},"wordCount":395,"commentCount":0,"image":{"@id":"https:\/\/www.copealcoy.es\/es\/la-agricultura-sobrevive-al-aumento-del-paro-en-alcoy\/#primaryimage"},"thumbnailUrl":"https:\/\/www.copealcoy.es\/wp-content\/uploads\/2015\/11\/6302127770_f4a73e2fdf1.jpg","keywords":["Agricultura","Alcoy","Comarca","Paro"],"articleSection":["Actualidad","Alcoy","Comarcas","Noticias","Pol\u00edtica y Econom\u00eda"],"inLanguage":"es"},{"@type":"WebPage","@id":"https:\/\/www.copealcoy.es\/es\/la-agricultura-sobrevive-al-aumento-del-paro-en-alcoy\/","url":"https:\/\/www.copealcoy.es\/es\/la-agricultura-sobrevive-al-aumento-del-paro-en-alcoy\/","name":"La agricultura sobrevive al aumento del paro en Alcoy - COPE Alcoy","isPartOf":{"@id":"https:\/\/www.copealcoy.es\/es\/#website"},"primaryImageOfPage":{"@id":"https:\/\/www.copealcoy.es\/es\/la-agricultura-sobrevive-al-aumento-del-paro-en-alcoy\/#primaryimage"},"image":{"@id":"https:\/\/www.copealcoy.es\/es\/la-agricultura-sobrevive-al-aumento-del-paro-en-alcoy\/#primaryimage"},"thumbnailUrl":"https:\/\/www.copealcoy.es\/wp-content\/uploads\/2015\/11\/6302127770_f4a73e2fdf1.jpg","datePublished":"2023-11-07T10:45:16+00:00","dateModified":"2023-11-07T11:06:25+00:00","author":{"@id":"https:\/\/www.copealcoy.es\/es\/#\/schema\/person\/e777c87fa024e57d40170af9df39882c"},"description":"El mes de octubre deja datos negativos en la ocupaci\u00f3n de la ciudad. Alcoy registra 59 desempleados m\u00e1s en el \u00faltimo mes, seg\u00fan las cifras ofrecidas por Labora (el Servicio Valenciano de Empleo y Formaci\u00f3n).","breadcrumb":{"@id":"https:\/\/www.copealcoy.es\/es\/la-agricultura-sobrevive-al-aumento-del-paro-en-alcoy\/#breadcrumb"},"inLanguage":"es","potentialAction":[{"@type":"ReadAction","target":["https:\/\/www.copealcoy.es\/es\/la-agricultura-sobrevive-al-aumento-del-paro-en-alcoy\/"]}]},{"@type":"ImageObject","inLanguage":"es","@id":"https:\/\/www.copealcoy.es\/es\/la-agricultura-sobrevive-al-aumento-del-paro-en-alcoy\/#primaryimage","url":"https:\/\/www.copealcoy.es\/wp-content\/uploads\/2015\/11\/6302127770_f4a73e2fdf1.jpg","contentUrl":"https:\/\/www.copealcoy.es\/wp-content\/uploads\/2015\/11\/6302127770_f4a73e2fdf1.jpg","width":464,"height":268,"caption":"La campa\u00f1a de la recogida de la oliva se ha adelantado en la comarca \/ Foto: Almazara Alquer\u00eda"},{"@type":"BreadcrumbList","@id":"https:\/\/www.copealcoy.es\/es\/la-agricultura-sobrevive-al-aumento-del-paro-en-alcoy\/#breadcrumb","itemListElement":[{"@type":"ListItem","position":1,"name":"Portada","item":"https:\/\/www.copealcoy.es\/es\/"},{"@type":"ListItem","position":2,"name":"La agricultura sobrevive al aumento del paro en Alcoy"}]},{"@type":"WebSite","@id":"https:\/\/www.copealcoy.es\/es\/#website","url":"https:\/\/www.copealcoy.es\/es\/","name":"COPE Alcoy","description":"Emisora COPE de radio local con emisi\u00f3n online. Pont de Sant Jordi 8-10 03803 Alcoy","potentialAction":[{"@type":"SearchAction","target":{"@type":"EntryPoint","urlTemplate":"https:\/\/www.copealcoy.es\/es\/?s={search_term_string}"},"query-input":{"@type":"PropertyValueSpecification","valueRequired":true,"valueName":"search_term_string"}}],"inLanguage":"es"},{"@type":"Person","@id":"https:\/\/www.copealcoy.es\/es\/#\/schema\/person\/e777c87fa024e57d40170af9df39882c","name":"Cope Alcoy","image":{"@type":"ImageObject","inLanguage":"es","@id":"https:\/\/secure.gravatar.com\/avatar\/bb65d0283347e303893ba14f0692005417c1e0e690a325a4c5d8bb2b3943ee14?s=96&d=mm&r=g","url":"https:\/\/secure.gravatar.com\/avatar\/bb65d0283347e303893ba14f0692005417c1e0e690a325a4c5d8bb2b3943ee14?s=96&d=mm&r=g","contentUrl":"https:\/\/secure.gravatar.com\/avatar\/bb65d0283347e303893ba14f0692005417c1e0e690a325a4c5d8bb2b3943ee14?s=96&d=mm&r=g","caption":"Cope Alcoy"}}]}},"_links":{"self":[{"href":"https:\/\/www.copealcoy.es\/es\/wp-json\/wp\/v2\/posts\/124563","targetHints":{"allow":["GET"]}}],"collection":[{"href":"https:\/\/www.copealcoy.es\/es\/wp-json\/wp\/v2\/posts"}],"about":[{"href":"https:\/\/www.copealcoy.es\/es\/wp-json\/wp\/v2\/types\/post"}],"author":[{"embeddable":true,"href":"https:\/\/www.copealcoy.es\/es\/wp-json\/wp\/v2\/users\/1"}],"replies":[{"embeddable":true,"href":"https:\/\/www.copealcoy.es\/es\/wp-json\/wp\/v2\/comments?post=124563"}],"version-history":[{"count":0,"href":"https:\/\/www.copealcoy.es\/es\/wp-json\/wp\/v2\/posts\/124563\/revisions"}],"wp:featuredmedia":[{"embeddable":true,"href":"https:\/\/www.copealcoy.es\/es\/wp-json\/wp\/v2\/media\/17260"}],"wp:attachment":[{"href":"https:\/\/www.copealcoy.es\/es\/wp-json\/wp\/v2\/media?parent=124563"}],"wp:term":[{"taxonomy":"category","embeddable":true,"href":"https:\/\/www.copealcoy.es\/es\/wp-json\/wp\/v2\/categories?post=124563"},{"taxonomy":"post_tag","embeddable":true,"href":"https:\/\/www.copealcoy.es\/es\/wp-json\/wp\/v2\/tags?post=124563"}],"curies":[{"name":"wp","href":"https:\/\/api.w.org\/{rel}","templated":true}]}}