{"id":12453,"date":"2015-04-22T14:45:48","date_gmt":"2015-04-22T14:45:48","guid":{"rendered":"http:\/\/copealcoi.es\/new\/?p=12453"},"modified":"2015-04-22T14:47:43","modified_gmt":"2015-04-22T14:47:43","slug":"jaume-pascual-opta-de-nuevo-a-la-reeleccion","status":"publish","type":"post","link":"https:\/\/www.copealcoy.es\/es\/jaume-pascual-opta-de-nuevo-a-la-reeleccion\/","title":{"rendered":"Jaume Pascual opta de nuevo a la reelecci\u00f3n"},"content":{"rendered":"<p style=\"text-align: justify;\">El Partido Socialista ha vuelto a confiar en Jaume Pascual como candidato a la alcald\u00eda de l\u00b4Alquer\u00eda d\u00b4Asnar en las pr\u00f3ximas elecciones municipales del 24 de mayo. El tambi\u00e9n Diputado Provincial opta de nuevo a la reelecci\u00f3n tras llevar al frente de la corporaci\u00f3n municipal casi cuarenta a\u00f1os, ya que accedi\u00f3 al Consistorio en las primeras elecciones de la democracia de 1979. De esta forma puede volver a ser uno de los alcaldes m\u00e1s veteranos de la comarca junto al de Almudaina, Jos\u00e9 Lu\u00eds Segu\u00ed.<\/p>\n<p style=\"text-align: justify;\">Jaume Pascual estar\u00e1 acompa\u00f1ado por un equipo que combina experiencia y juventud y entre sus principales objetivos est\u00e1 revalidar la alcald\u00eda y seguir trabajando por el municipio.<\/p>\n<p style=\"text-align: justify;\"><strong>Lista del PSOE de l\u00b4 Alquer\u00eda d\u00b4 Asnar<\/strong><\/p>\n<div class=\"page\" title=\"Page 19\">\n<div class=\"layoutArea\">\n<div class=\"column\">\n<ol>\n<li>FRANCISCO JAIME PASCUAL PASCUAL<\/li>\n<li>MIGUEL JORGE VIDAL MIRA<\/li>\n<li>VANESA CORTES RIVERA<\/li>\n<li>ANDREU RIPOLL I GRAU<\/li>\n<li>JUAN PRATS CASCANT<\/li>\n<li>PAULA REBAGLIATO PRATS<\/li>\n<li>MARIA JOSE JUAN LLUCH<\/li>\n<li>AITOR BLANQUER PRATS<\/li>\n<\/ol>\n<p>Suplentes<\/p>\n<ol>\n<li>AGUEDA VITORIA QUILIS<\/li>\n<li>DAVID BOT\u00cd MARTINEZ<\/li>\n<li>ALVAR GISBERT COLLADO<\/li>\n<\/ol>\n<\/div>\n<\/div>\n<\/div>\n","protected":false},"excerpt":{"rendered":"<p>El Partido Socialista ha vuelto a confiar en Jaume Pascual como candidato a la alcald\u00eda de l\u00b4Alquer\u00eda d\u00b4Asnar en las&#8230;<\/p>\n","protected":false},"author":1,"featured_media":12454,"comment_status":"open","ping_status":"open","sticky":false,"template":"","format":"standard","meta":{"footnotes":""},"categories":[744,75],"tags":[968,237,307,422],"class_list":["post-12453","post","type-post","status-publish","format-standard","has-post-thumbnail","hentry","category-elecciones","category-noticias","tag-alqueria","tag-comtat","tag-elecciones","tag-politica"],"yoast_head":"<!-- This site is optimized with the Yoast SEO plugin v27.3 - https:\/\/yoast.com\/product\/yoast-seo-wordpress\/ -->\n<title>Jaume Pascual opta de nuevo a la reelecci\u00f3n - COPE Alcoy<\/title>\n<meta name=\"robots\" content=\"index, follow, max-snippet:-1, max-image-preview:large, max-video-preview:-1\" \/>\n<link rel=\"canonical\" href=\"https:\/\/www.copealcoy.es\/es\/jaume-pascual-opta-de-nuevo-a-la-reeleccion\/\" \/>\n<meta property=\"og:locale\" content=\"es_ES\" \/>\n<meta property=\"og:type\" content=\"article\" \/>\n<meta property=\"og:title\" content=\"Jaume Pascual opta de nuevo a la reelecci\u00f3n - COPE Alcoy\" \/>\n<meta property=\"og:description\" content=\"El Partido Socialista ha vuelto a confiar en Jaume Pascual como candidato a la alcald\u00eda de l\u00b4Alquer\u00eda d\u00b4Asnar en las...\" \/>\n<meta property=\"og:url\" content=\"https:\/\/www.copealcoy.es\/es\/jaume-pascual-opta-de-nuevo-a-la-reeleccion\/\" \/>\n<meta property=\"og:site_name\" content=\"COPE Alcoy\" \/>\n<meta property=\"article:published_time\" content=\"2015-04-22T14:45:48+00:00\" \/>\n<meta property=\"article:modified_time\" content=\"2015-04-22T14:47:43+00:00\" \/>\n<meta property=\"og:image\" content=\"https:\/\/www.copealcoy.es\/wp-content\/uploads\/2015\/04\/1305732606_extras_albumes_1.jpg\" \/>\n\t<meta property=\"og:image:width\" content=\"562\" \/>\n\t<meta property=\"og:image:height\" content=\"375\" \/>\n\t<meta property=\"og:image:type\" content=\"image\/jpeg\" \/>\n<meta name=\"author\" content=\"Cope Alcoy\" \/>\n<meta name=\"twitter:label1\" content=\"Escrito por\" \/>\n\t<meta name=\"twitter:data1\" content=\"Cope Alcoy\" \/>\n\t<meta name=\"twitter:label2\" content=\"Tiempo de lectura\" \/>\n\t<meta name=\"twitter:data2\" content=\"1 minuto\" \/>\n<script type=\"application\/ld+json\" class=\"yoast-schema-graph\">{\"@context\":\"https:\\\/\\\/schema.org\",\"@graph\":[{\"@type\":\"Article\",\"@id\":\"https:\\\/\\\/www.copealcoy.es\\\/es\\\/jaume-pascual-opta-de-nuevo-a-la-reeleccion\\\/#article\",\"isPartOf\":{\"@id\":\"https:\\\/\\\/www.copealcoy.es\\\/es\\\/jaume-pascual-opta-de-nuevo-a-la-reeleccion\\\/\"},\"author\":{\"name\":\"Cope Alcoy\",\"@id\":\"https:\\\/\\\/www.copealcoy.es\\\/es\\\/#\\\/schema\\\/person\\\/e777c87fa024e57d40170af9df39882c\"},\"headline\":\"Jaume Pascual opta de nuevo a la reelecci\u00f3n\",\"datePublished\":\"2015-04-22T14:45:48+00:00\",\"dateModified\":\"2015-04-22T14:47:43+00:00\",\"mainEntityOfPage\":{\"@id\":\"https:\\\/\\\/www.copealcoy.es\\\/es\\\/jaume-pascual-opta-de-nuevo-a-la-reeleccion\\\/\"},\"wordCount\":179,\"commentCount\":0,\"image\":{\"@id\":\"https:\\\/\\\/www.copealcoy.es\\\/es\\\/jaume-pascual-opta-de-nuevo-a-la-reeleccion\\\/#primaryimage\"},\"thumbnailUrl\":\"https:\\\/\\\/www.copealcoy.es\\\/wp-content\\\/uploads\\\/2015\\\/04\\\/1305732606_extras_albumes_1.jpg\",\"keywords\":[\"Alquer\u00eda\",\"Comtat\",\"Elecciones\",\"Pol\u00edtica\"],\"articleSection\":[\"Elecciones\",\"Noticias\"],\"inLanguage\":\"es\"},{\"@type\":\"WebPage\",\"@id\":\"https:\\\/\\\/www.copealcoy.es\\\/es\\\/jaume-pascual-opta-de-nuevo-a-la-reeleccion\\\/\",\"url\":\"https:\\\/\\\/www.copealcoy.es\\\/es\\\/jaume-pascual-opta-de-nuevo-a-la-reeleccion\\\/\",\"name\":\"Jaume Pascual opta de nuevo a la reelecci\u00f3n - COPE Alcoy\",\"isPartOf\":{\"@id\":\"https:\\\/\\\/www.copealcoy.es\\\/es\\\/#website\"},\"primaryImageOfPage\":{\"@id\":\"https:\\\/\\\/www.copealcoy.es\\\/es\\\/jaume-pascual-opta-de-nuevo-a-la-reeleccion\\\/#primaryimage\"},\"image\":{\"@id\":\"https:\\\/\\\/www.copealcoy.es\\\/es\\\/jaume-pascual-opta-de-nuevo-a-la-reeleccion\\\/#primaryimage\"},\"thumbnailUrl\":\"https:\\\/\\\/www.copealcoy.es\\\/wp-content\\\/uploads\\\/2015\\\/04\\\/1305732606_extras_albumes_1.jpg\",\"datePublished\":\"2015-04-22T14:45:48+00:00\",\"dateModified\":\"2015-04-22T14:47:43+00:00\",\"author\":{\"@id\":\"https:\\\/\\\/www.copealcoy.es\\\/es\\\/#\\\/schema\\\/person\\\/e777c87fa024e57d40170af9df39882c\"},\"breadcrumb\":{\"@id\":\"https:\\\/\\\/www.copealcoy.es\\\/es\\\/jaume-pascual-opta-de-nuevo-a-la-reeleccion\\\/#breadcrumb\"},\"inLanguage\":\"es\",\"potentialAction\":[{\"@type\":\"ReadAction\",\"target\":[\"https:\\\/\\\/www.copealcoy.es\\\/es\\\/jaume-pascual-opta-de-nuevo-a-la-reeleccion\\\/\"]}]},{\"@type\":\"ImageObject\",\"inLanguage\":\"es\",\"@id\":\"https:\\\/\\\/www.copealcoy.es\\\/es\\\/jaume-pascual-opta-de-nuevo-a-la-reeleccion\\\/#primaryimage\",\"url\":\"https:\\\/\\\/www.copealcoy.es\\\/wp-content\\\/uploads\\\/2015\\\/04\\\/1305732606_extras_albumes_1.jpg\",\"contentUrl\":\"https:\\\/\\\/www.copealcoy.es\\\/wp-content\\\/uploads\\\/2015\\\/04\\\/1305732606_extras_albumes_1.jpg\",\"width\":562,\"height\":375,\"caption\":\"Jaume Pascual lleva desde el a\u00f1o 1979 al frente de la alcald\u00eda\"},{\"@type\":\"BreadcrumbList\",\"@id\":\"https:\\\/\\\/www.copealcoy.es\\\/es\\\/jaume-pascual-opta-de-nuevo-a-la-reeleccion\\\/#breadcrumb\",\"itemListElement\":[{\"@type\":\"ListItem\",\"position\":1,\"name\":\"Portada\",\"item\":\"https:\\\/\\\/www.copealcoy.es\\\/es\\\/\"},{\"@type\":\"ListItem\",\"position\":2,\"name\":\"Jaume Pascual opta de nuevo a la reelecci\u00f3n\"}]},{\"@type\":\"WebSite\",\"@id\":\"https:\\\/\\\/www.copealcoy.es\\\/es\\\/#website\",\"url\":\"https:\\\/\\\/www.copealcoy.es\\\/es\\\/\",\"name\":\"COPE Alcoy\",\"description\":\"Emisora COPE de radio local con emisi\u00f3n online. Pont de Sant Jordi 8-10 03803 Alcoy\",\"potentialAction\":[{\"@type\":\"SearchAction\",\"target\":{\"@type\":\"EntryPoint\",\"urlTemplate\":\"https:\\\/\\\/www.copealcoy.es\\\/es\\\/?s={search_term_string}\"},\"query-input\":{\"@type\":\"PropertyValueSpecification\",\"valueRequired\":true,\"valueName\":\"search_term_string\"}}],\"inLanguage\":\"es\"},{\"@type\":\"Person\",\"@id\":\"https:\\\/\\\/www.copealcoy.es\\\/es\\\/#\\\/schema\\\/person\\\/e777c87fa024e57d40170af9df39882c\",\"name\":\"Cope Alcoy\",\"image\":{\"@type\":\"ImageObject\",\"inLanguage\":\"es\",\"@id\":\"https:\\\/\\\/secure.gravatar.com\\\/avatar\\\/bb65d0283347e303893ba14f0692005417c1e0e690a325a4c5d8bb2b3943ee14?s=96&d=mm&r=g\",\"url\":\"https:\\\/\\\/secure.gravatar.com\\\/avatar\\\/bb65d0283347e303893ba14f0692005417c1e0e690a325a4c5d8bb2b3943ee14?s=96&d=mm&r=g\",\"contentUrl\":\"https:\\\/\\\/secure.gravatar.com\\\/avatar\\\/bb65d0283347e303893ba14f0692005417c1e0e690a325a4c5d8bb2b3943ee14?s=96&d=mm&r=g\",\"caption\":\"Cope Alcoy\"}}]}<\/script>\n<!-- \/ Yoast SEO plugin. -->","yoast_head_json":{"title":"Jaume Pascual opta de nuevo a la reelecci\u00f3n - COPE Alcoy","robots":{"index":"index","follow":"follow","max-snippet":"max-snippet:-1","max-image-preview":"max-image-preview:large","max-video-preview":"max-video-preview:-1"},"canonical":"https:\/\/www.copealcoy.es\/es\/jaume-pascual-opta-de-nuevo-a-la-reeleccion\/","og_locale":"es_ES","og_type":"article","og_title":"Jaume Pascual opta de nuevo a la reelecci\u00f3n - COPE Alcoy","og_description":"El Partido Socialista ha vuelto a confiar en Jaume Pascual como candidato a la alcald\u00eda de l\u00b4Alquer\u00eda d\u00b4Asnar en las...","og_url":"https:\/\/www.copealcoy.es\/es\/jaume-pascual-opta-de-nuevo-a-la-reeleccion\/","og_site_name":"COPE Alcoy","article_published_time":"2015-04-22T14:45:48+00:00","article_modified_time":"2015-04-22T14:47:43+00:00","og_image":[{"width":562,"height":375,"url":"https:\/\/www.copealcoy.es\/wp-content\/uploads\/2015\/04\/1305732606_extras_albumes_1.jpg","type":"image\/jpeg"}],"author":"Cope Alcoy","twitter_misc":{"Escrito por":"Cope Alcoy","Tiempo de lectura":"1 minuto"},"schema":{"@context":"https:\/\/schema.org","@graph":[{"@type":"Article","@id":"https:\/\/www.copealcoy.es\/es\/jaume-pascual-opta-de-nuevo-a-la-reeleccion\/#article","isPartOf":{"@id":"https:\/\/www.copealcoy.es\/es\/jaume-pascual-opta-de-nuevo-a-la-reeleccion\/"},"author":{"name":"Cope Alcoy","@id":"https:\/\/www.copealcoy.es\/es\/#\/schema\/person\/e777c87fa024e57d40170af9df39882c"},"headline":"Jaume Pascual opta de nuevo a la reelecci\u00f3n","datePublished":"2015-04-22T14:45:48+00:00","dateModified":"2015-04-22T14:47:43+00:00","mainEntityOfPage":{"@id":"https:\/\/www.copealcoy.es\/es\/jaume-pascual-opta-de-nuevo-a-la-reeleccion\/"},"wordCount":179,"commentCount":0,"image":{"@id":"https:\/\/www.copealcoy.es\/es\/jaume-pascual-opta-de-nuevo-a-la-reeleccion\/#primaryimage"},"thumbnailUrl":"https:\/\/www.copealcoy.es\/wp-content\/uploads\/2015\/04\/1305732606_extras_albumes_1.jpg","keywords":["Alquer\u00eda","Comtat","Elecciones","Pol\u00edtica"],"articleSection":["Elecciones","Noticias"],"inLanguage":"es"},{"@type":"WebPage","@id":"https:\/\/www.copealcoy.es\/es\/jaume-pascual-opta-de-nuevo-a-la-reeleccion\/","url":"https:\/\/www.copealcoy.es\/es\/jaume-pascual-opta-de-nuevo-a-la-reeleccion\/","name":"Jaume Pascual opta de nuevo a la reelecci\u00f3n - COPE Alcoy","isPartOf":{"@id":"https:\/\/www.copealcoy.es\/es\/#website"},"primaryImageOfPage":{"@id":"https:\/\/www.copealcoy.es\/es\/jaume-pascual-opta-de-nuevo-a-la-reeleccion\/#primaryimage"},"image":{"@id":"https:\/\/www.copealcoy.es\/es\/jaume-pascual-opta-de-nuevo-a-la-reeleccion\/#primaryimage"},"thumbnailUrl":"https:\/\/www.copealcoy.es\/wp-content\/uploads\/2015\/04\/1305732606_extras_albumes_1.jpg","datePublished":"2015-04-22T14:45:48+00:00","dateModified":"2015-04-22T14:47:43+00:00","author":{"@id":"https:\/\/www.copealcoy.es\/es\/#\/schema\/person\/e777c87fa024e57d40170af9df39882c"},"breadcrumb":{"@id":"https:\/\/www.copealcoy.es\/es\/jaume-pascual-opta-de-nuevo-a-la-reeleccion\/#breadcrumb"},"inLanguage":"es","potentialAction":[{"@type":"ReadAction","target":["https:\/\/www.copealcoy.es\/es\/jaume-pascual-opta-de-nuevo-a-la-reeleccion\/"]}]},{"@type":"ImageObject","inLanguage":"es","@id":"https:\/\/www.copealcoy.es\/es\/jaume-pascual-opta-de-nuevo-a-la-reeleccion\/#primaryimage","url":"https:\/\/www.copealcoy.es\/wp-content\/uploads\/2015\/04\/1305732606_extras_albumes_1.jpg","contentUrl":"https:\/\/www.copealcoy.es\/wp-content\/uploads\/2015\/04\/1305732606_extras_albumes_1.jpg","width":562,"height":375,"caption":"Jaume Pascual lleva desde el a\u00f1o 1979 al frente de la alcald\u00eda"},{"@type":"BreadcrumbList","@id":"https:\/\/www.copealcoy.es\/es\/jaume-pascual-opta-de-nuevo-a-la-reeleccion\/#breadcrumb","itemListElement":[{"@type":"ListItem","position":1,"name":"Portada","item":"https:\/\/www.copealcoy.es\/es\/"},{"@type":"ListItem","position":2,"name":"Jaume Pascual opta de nuevo a la reelecci\u00f3n"}]},{"@type":"WebSite","@id":"https:\/\/www.copealcoy.es\/es\/#website","url":"https:\/\/www.copealcoy.es\/es\/","name":"COPE Alcoy","description":"Emisora COPE de radio local con emisi\u00f3n online. Pont de Sant Jordi 8-10 03803 Alcoy","potentialAction":[{"@type":"SearchAction","target":{"@type":"EntryPoint","urlTemplate":"https:\/\/www.copealcoy.es\/es\/?s={search_term_string}"},"query-input":{"@type":"PropertyValueSpecification","valueRequired":true,"valueName":"search_term_string"}}],"inLanguage":"es"},{"@type":"Person","@id":"https:\/\/www.copealcoy.es\/es\/#\/schema\/person\/e777c87fa024e57d40170af9df39882c","name":"Cope Alcoy","image":{"@type":"ImageObject","inLanguage":"es","@id":"https:\/\/secure.gravatar.com\/avatar\/bb65d0283347e303893ba14f0692005417c1e0e690a325a4c5d8bb2b3943ee14?s=96&d=mm&r=g","url":"https:\/\/secure.gravatar.com\/avatar\/bb65d0283347e303893ba14f0692005417c1e0e690a325a4c5d8bb2b3943ee14?s=96&d=mm&r=g","contentUrl":"https:\/\/secure.gravatar.com\/avatar\/bb65d0283347e303893ba14f0692005417c1e0e690a325a4c5d8bb2b3943ee14?s=96&d=mm&r=g","caption":"Cope Alcoy"}}]}},"_links":{"self":[{"href":"https:\/\/www.copealcoy.es\/es\/wp-json\/wp\/v2\/posts\/12453","targetHints":{"allow":["GET"]}}],"collection":[{"href":"https:\/\/www.copealcoy.es\/es\/wp-json\/wp\/v2\/posts"}],"about":[{"href":"https:\/\/www.copealcoy.es\/es\/wp-json\/wp\/v2\/types\/post"}],"author":[{"embeddable":true,"href":"https:\/\/www.copealcoy.es\/es\/wp-json\/wp\/v2\/users\/1"}],"replies":[{"embeddable":true,"href":"https:\/\/www.copealcoy.es\/es\/wp-json\/wp\/v2\/comments?post=12453"}],"version-history":[{"count":0,"href":"https:\/\/www.copealcoy.es\/es\/wp-json\/wp\/v2\/posts\/12453\/revisions"}],"wp:featuredmedia":[{"embeddable":true,"href":"https:\/\/www.copealcoy.es\/es\/wp-json\/wp\/v2\/media\/12454"}],"wp:attachment":[{"href":"https:\/\/www.copealcoy.es\/es\/wp-json\/wp\/v2\/media?parent=12453"}],"wp:term":[{"taxonomy":"category","embeddable":true,"href":"https:\/\/www.copealcoy.es\/es\/wp-json\/wp\/v2\/categories?post=12453"},{"taxonomy":"post_tag","embeddable":true,"href":"https:\/\/www.copealcoy.es\/es\/wp-json\/wp\/v2\/tags?post=12453"}],"curies":[{"name":"wp","href":"https:\/\/api.w.org\/{rel}","templated":true}]}}