{"id":124504,"date":"2023-11-06T12:46:09","date_gmt":"2023-11-06T11:46:09","guid":{"rendered":"https:\/\/www.copealcoy.es\/?p=124504"},"modified":"2023-11-06T17:55:37","modified_gmt":"2023-11-06T16:55:37","slug":"alcoy-aprueba-pedir-la-generalitat-que-el-23-de-abril-sea-festivo","status":"publish","type":"post","link":"https:\/\/www.copealcoy.es\/es\/alcoy-aprueba-pedir-la-generalitat-que-el-23-de-abril-sea-festivo\/","title":{"rendered":"Alcoy aprueba pedir a la Generalitat que el 23 de abril sea festivo: la calle opina"},"content":{"rendered":"<p style=\"text-align: justify;\">Alcoy aprueba <strong>pedir a la Generalitat Valenciana otro festivo local para que el 23 de abril no sea laborable<\/strong> en esta ciudad. Para ello, solicitar\u00e1 que <strong><span style=\"color: #0000ff;\"><a style=\"color: #0000ff;\" href=\"https:\/\/www.copealcoy.es\/alcoy-movera-ficha-ante-la-generalitat-para-que-el-23-de-abril-sea-festivo\/\" target=\"_blank\" rel=\"noopener\">uno de los festivos auton\u00f3micos pase a ser festivo local<\/a><\/span><\/strong>.<\/p>\n<p style=\"text-align: justify;\">As\u00ed <strong>se ha aprobado en el Pleno del Ayuntamiento<\/strong> correspondiente al mes noviembre, aunque no con el consenso de todos los grupos pol\u00edticos. Solo <strong>Vox ha respaldado la moci\u00f3n presentada por PSOE y Comprom\u00eds<\/strong>, que tambi\u00e9n han votado a favor. Sin embargo, el <strong>Partido Popular y Guanyar Alcoi se han abstenido<\/strong>.<\/p>\n<p style=\"text-align: justify;\">En <strong>Cope Alcoy<\/strong> hemos querido salir a la calle para ver <strong>c\u00f3mo valora la ciudadan\u00eda esta moci\u00f3n<\/strong>. &#8220;A m\u00ed me parece correcto que el d\u00eda 23 sea festivo&#8221;, comentaba un alcoyano. &#8220;Hasta cierto punto igual me da. A los festeros igual les interesa, pero a m\u00ed en la realidad ni me viene ni me va&#8221;, apuntaba otro.<\/p>\n<audio class=\"wp-audio-shortcode\" id=\"audio-124504-1\" preload=\"none\" style=\"width: 100%;\" controls=\"controls\"><source type=\"audio\/mpeg\" src=\"https:\/\/www.copealcoy.es\/wp-content\/uploads\/2023\/11\/2023.11.06.-CIUDADANOS-23-ABRIL.mp3?_=1\" \/><a href=\"https:\/\/www.copealcoy.es\/wp-content\/uploads\/2023\/11\/2023.11.06.-CIUDADANOS-23-ABRIL.mp3\">https:\/\/www.copealcoy.es\/wp-content\/uploads\/2023\/11\/2023.11.06.-CIUDADANOS-23-ABRIL.mp3<\/a><\/audio>\n<p>&nbsp;<\/p>\n<p><strong>Abstenci\u00f3n del PP y Guanyar<\/strong><\/p>\n<p style=\"text-align: justify;\">Los populares han optado por la abstenci\u00f3n porque <strong>no est\u00e1n de acuerdo con el segundo punto de la moci\u00f3n<\/strong>: que las Fiestas se mantengan en su calendario de fin de semana. &#8220;No se puede quitar de la ecuaci\u00f3n de las fechas de las Fiestas a la Asociaci\u00f3n de San Jorge. Retiren este segundo punto, hablen con el Consell, hablen con la Asociaci\u00f3n y vuelvan aqu\u00ed con un calendario consensuado&#8221;, aseguraba <strong>Kiko Cant\u00f3<\/strong>, edil popular.<\/p>\n<p style=\"text-align: justify;\">Unas declaraciones que tuvieron respuesta de <strong>Jordi Mart\u00ednez<\/strong>, concejal de Fiestas. &#8220;Yo creo que <strong>hay un consenso en que las Fiestas son mejor en fin de semana<\/strong>. El mundo de la hosteler\u00eda lo agradece, las bandas que tocan en nuestra ciudad lo tienen m\u00e1s dif\u00edcil si es entre semana, la gente que trabaja fuera lo tiene m\u00e1s dif\u00edcil entre semana, para la gente que tiene una empresa -si tiene que romper un proceso productivo- no es beneficioso, la gente que estudia fuera tampoco puede venir&#8230;&#8221;.<\/p>\n<p style=\"text-align: justify;\">La abstenci\u00f3n de Guanyar, por su parte, responde a que no ven la necesidad de una petici\u00f3n como esta. &#8220;<strong>Pensamos que San Jorge tiene sentido en la Trilog\u00eda festera<\/strong> y es ah\u00ed cuando se celebra el Santo&#8221;, apuntaba su portavoz, <strong>Sergi Rodr\u00edguez<\/strong>.<\/p>\n<p><a href=\"https:\/\/www.copealcoy.es\/wp-content\/uploads\/2023\/11\/WhatsApp-Image-2023-11-06-at-12.20.19-scaled.jpeg\"><img loading=\"lazy\" decoding=\"async\" class=\"aligncenter wp-image-124524\" src=\"https:\/\/www.copealcoy.es\/wp-content\/uploads\/2023\/11\/WhatsApp-Image-2023-11-06-at-12.20.19-scaled.jpeg\" alt=\"\" width=\"600\" height=\"450\" srcset=\"https:\/\/www.copealcoy.es\/wp-content\/uploads\/2023\/11\/WhatsApp-Image-2023-11-06-at-12.20.19-scaled.jpeg 1440w, https:\/\/www.copealcoy.es\/wp-content\/uploads\/2023\/11\/WhatsApp-Image-2023-11-06-at-12.20.19-768x576.jpeg 768w, https:\/\/www.copealcoy.es\/wp-content\/uploads\/2023\/11\/WhatsApp-Image-2023-11-06-at-12.20.19-1536x1152.jpeg 1536w\" sizes=\"auto, (max-width: 600px) 100vw, 600px\" \/><\/a><\/p>\n","protected":false},"excerpt":{"rendered":"<p>Alcoy aprueba pedir a la Generalitat Valenciana otro festivo local para que el 23 de abril no sea laborable en&#8230;<\/p>\n","protected":false},"author":1,"featured_media":86608,"comment_status":"open","ping_status":"open","sticky":false,"template":"","format":"standard","meta":{"footnotes":""},"categories":[6909,97,78,75,125],"tags":[7517,1494,7344,876],"class_list":["post-124504","post","type-post","status-publish","format-standard","has-post-thumbnail","hentry","category-actualidad","category-alcoy","category-fiestaycultura","category-noticias","category-portada","tag-23-de-abril","tag-alcoy","tag-festivo-local","tag-san-jorge"],"yoast_head":"<!-- This site is optimized with the Yoast SEO plugin v27.3 - https:\/\/yoast.com\/product\/yoast-seo-wordpress\/ -->\n<title>Alcoy aprueba pedir a la Generalitat que el 23 de abril sea festivo: la calle opina - COPE Alcoy<\/title>\n<meta name=\"description\" content=\"Alcoy aprueba pedir a la Generalitat Valenciana otro festivo local para que el 23 de abril no sea laborable en esta ciudad. Para ello, solicitar\u00e1 que uno de los festivos auton\u00f3micos pase a ser festivo local.\" \/>\n<meta name=\"robots\" content=\"index, follow, max-snippet:-1, max-image-preview:large, max-video-preview:-1\" \/>\n<link rel=\"canonical\" href=\"https:\/\/www.copealcoy.es\/es\/alcoy-aprueba-pedir-la-generalitat-que-el-23-de-abril-sea-festivo\/\" \/>\n<meta property=\"og:locale\" content=\"es_ES\" \/>\n<meta property=\"og:type\" content=\"article\" \/>\n<meta property=\"og:title\" content=\"Alcoy aprueba pedir a la Generalitat que el 23 de abril sea festivo: la calle opina - COPE Alcoy\" \/>\n<meta property=\"og:description\" content=\"Alcoy aprueba pedir a la Generalitat Valenciana otro festivo local para que el 23 de abril no sea laborable en esta ciudad. Para ello, solicitar\u00e1 que uno de los festivos auton\u00f3micos pase a ser festivo local.\" \/>\n<meta property=\"og:url\" content=\"https:\/\/www.copealcoy.es\/es\/alcoy-aprueba-pedir-la-generalitat-que-el-23-de-abril-sea-festivo\/\" \/>\n<meta property=\"og:site_name\" content=\"COPE Alcoy\" \/>\n<meta property=\"article:published_time\" content=\"2023-11-06T11:46:09+00:00\" \/>\n<meta property=\"article:modified_time\" content=\"2023-11-06T16:55:37+00:00\" \/>\n<meta property=\"og:image\" content=\"https:\/\/www.copealcoy.es\/wp-content\/uploads\/2022\/04\/unnamed-51-scaled.jpg\" \/>\n\t<meta property=\"og:image:width\" content=\"1585\" \/>\n\t<meta property=\"og:image:height\" content=\"1080\" \/>\n\t<meta property=\"og:image:type\" content=\"image\/jpeg\" \/>\n<meta name=\"author\" content=\"Cope Alcoy\" \/>\n<meta name=\"twitter:label1\" content=\"Escrito por\" \/>\n\t<meta name=\"twitter:data1\" content=\"Cope Alcoy\" \/>\n\t<meta name=\"twitter:label2\" content=\"Tiempo de lectura\" \/>\n\t<meta name=\"twitter:data2\" content=\"2 minutos\" \/>\n<script type=\"application\/ld+json\" class=\"yoast-schema-graph\">{\"@context\":\"https:\\\/\\\/schema.org\",\"@graph\":[{\"@type\":\"Article\",\"@id\":\"https:\\\/\\\/www.copealcoy.es\\\/es\\\/alcoy-aprueba-pedir-la-generalitat-que-el-23-de-abril-sea-festivo\\\/#article\",\"isPartOf\":{\"@id\":\"https:\\\/\\\/www.copealcoy.es\\\/es\\\/alcoy-aprueba-pedir-la-generalitat-que-el-23-de-abril-sea-festivo\\\/\"},\"author\":{\"name\":\"Cope Alcoy\",\"@id\":\"https:\\\/\\\/www.copealcoy.es\\\/es\\\/#\\\/schema\\\/person\\\/e777c87fa024e57d40170af9df39882c\"},\"headline\":\"Alcoy aprueba pedir a la Generalitat que el 23 de abril sea festivo: la calle opina\",\"datePublished\":\"2023-11-06T11:46:09+00:00\",\"dateModified\":\"2023-11-06T16:55:37+00:00\",\"mainEntityOfPage\":{\"@id\":\"https:\\\/\\\/www.copealcoy.es\\\/es\\\/alcoy-aprueba-pedir-la-generalitat-que-el-23-de-abril-sea-festivo\\\/\"},\"wordCount\":402,\"commentCount\":0,\"image\":{\"@id\":\"https:\\\/\\\/www.copealcoy.es\\\/es\\\/alcoy-aprueba-pedir-la-generalitat-que-el-23-de-abril-sea-festivo\\\/#primaryimage\"},\"thumbnailUrl\":\"https:\\\/\\\/www.copealcoy.es\\\/wp-content\\\/uploads\\\/2022\\\/04\\\/unnamed-51-scaled.jpg\",\"keywords\":[\"23 de abril\",\"Alcoy\",\"festivo local\",\"San Jorge\"],\"articleSection\":[\"Actualidad\",\"Alcoy\",\"Fiesta y Cultura\",\"Noticias\",\"Portada\"],\"inLanguage\":\"es\"},{\"@type\":\"WebPage\",\"@id\":\"https:\\\/\\\/www.copealcoy.es\\\/es\\\/alcoy-aprueba-pedir-la-generalitat-que-el-23-de-abril-sea-festivo\\\/\",\"url\":\"https:\\\/\\\/www.copealcoy.es\\\/es\\\/alcoy-aprueba-pedir-la-generalitat-que-el-23-de-abril-sea-festivo\\\/\",\"name\":\"Alcoy aprueba pedir a la Generalitat que el 23 de abril sea festivo: la calle opina - COPE Alcoy\",\"isPartOf\":{\"@id\":\"https:\\\/\\\/www.copealcoy.es\\\/es\\\/#website\"},\"primaryImageOfPage\":{\"@id\":\"https:\\\/\\\/www.copealcoy.es\\\/es\\\/alcoy-aprueba-pedir-la-generalitat-que-el-23-de-abril-sea-festivo\\\/#primaryimage\"},\"image\":{\"@id\":\"https:\\\/\\\/www.copealcoy.es\\\/es\\\/alcoy-aprueba-pedir-la-generalitat-que-el-23-de-abril-sea-festivo\\\/#primaryimage\"},\"thumbnailUrl\":\"https:\\\/\\\/www.copealcoy.es\\\/wp-content\\\/uploads\\\/2022\\\/04\\\/unnamed-51-scaled.jpg\",\"datePublished\":\"2023-11-06T11:46:09+00:00\",\"dateModified\":\"2023-11-06T16:55:37+00:00\",\"author\":{\"@id\":\"https:\\\/\\\/www.copealcoy.es\\\/es\\\/#\\\/schema\\\/person\\\/e777c87fa024e57d40170af9df39882c\"},\"description\":\"Alcoy aprueba pedir a la Generalitat Valenciana otro festivo local para que el 23 de abril no sea laborable en esta ciudad. Para ello, solicitar\u00e1 que uno de los festivos auton\u00f3micos pase a ser festivo local.\",\"breadcrumb\":{\"@id\":\"https:\\\/\\\/www.copealcoy.es\\\/es\\\/alcoy-aprueba-pedir-la-generalitat-que-el-23-de-abril-sea-festivo\\\/#breadcrumb\"},\"inLanguage\":\"es\",\"potentialAction\":[{\"@type\":\"ReadAction\",\"target\":[\"https:\\\/\\\/www.copealcoy.es\\\/es\\\/alcoy-aprueba-pedir-la-generalitat-que-el-23-de-abril-sea-festivo\\\/\"]}]},{\"@type\":\"ImageObject\",\"inLanguage\":\"es\",\"@id\":\"https:\\\/\\\/www.copealcoy.es\\\/es\\\/alcoy-aprueba-pedir-la-generalitat-que-el-23-de-abril-sea-festivo\\\/#primaryimage\",\"url\":\"https:\\\/\\\/www.copealcoy.es\\\/wp-content\\\/uploads\\\/2022\\\/04\\\/unnamed-51-scaled.jpg\",\"contentUrl\":\"https:\\\/\\\/www.copealcoy.es\\\/wp-content\\\/uploads\\\/2022\\\/04\\\/unnamed-51-scaled.jpg\",\"width\":1585,\"height\":1080,\"caption\":\"Procesion San Jorge 2022\"},{\"@type\":\"BreadcrumbList\",\"@id\":\"https:\\\/\\\/www.copealcoy.es\\\/es\\\/alcoy-aprueba-pedir-la-generalitat-que-el-23-de-abril-sea-festivo\\\/#breadcrumb\",\"itemListElement\":[{\"@type\":\"ListItem\",\"position\":1,\"name\":\"Portada\",\"item\":\"https:\\\/\\\/www.copealcoy.es\\\/es\\\/\"},{\"@type\":\"ListItem\",\"position\":2,\"name\":\"Alcoy aprueba pedir a la Generalitat que el 23 de abril sea festivo: la calle opina\"}]},{\"@type\":\"WebSite\",\"@id\":\"https:\\\/\\\/www.copealcoy.es\\\/es\\\/#website\",\"url\":\"https:\\\/\\\/www.copealcoy.es\\\/es\\\/\",\"name\":\"COPE Alcoy\",\"description\":\"Emisora COPE de radio local con emisi\u00f3n online. Pont de Sant Jordi 8-10 03803 Alcoy\",\"potentialAction\":[{\"@type\":\"SearchAction\",\"target\":{\"@type\":\"EntryPoint\",\"urlTemplate\":\"https:\\\/\\\/www.copealcoy.es\\\/es\\\/?s={search_term_string}\"},\"query-input\":{\"@type\":\"PropertyValueSpecification\",\"valueRequired\":true,\"valueName\":\"search_term_string\"}}],\"inLanguage\":\"es\"},{\"@type\":\"Person\",\"@id\":\"https:\\\/\\\/www.copealcoy.es\\\/es\\\/#\\\/schema\\\/person\\\/e777c87fa024e57d40170af9df39882c\",\"name\":\"Cope Alcoy\",\"image\":{\"@type\":\"ImageObject\",\"inLanguage\":\"es\",\"@id\":\"https:\\\/\\\/secure.gravatar.com\\\/avatar\\\/bb65d0283347e303893ba14f0692005417c1e0e690a325a4c5d8bb2b3943ee14?s=96&d=mm&r=g\",\"url\":\"https:\\\/\\\/secure.gravatar.com\\\/avatar\\\/bb65d0283347e303893ba14f0692005417c1e0e690a325a4c5d8bb2b3943ee14?s=96&d=mm&r=g\",\"contentUrl\":\"https:\\\/\\\/secure.gravatar.com\\\/avatar\\\/bb65d0283347e303893ba14f0692005417c1e0e690a325a4c5d8bb2b3943ee14?s=96&d=mm&r=g\",\"caption\":\"Cope Alcoy\"}}]}<\/script>\n<!-- \/ Yoast SEO plugin. -->","yoast_head_json":{"title":"Alcoy aprueba pedir a la Generalitat que el 23 de abril sea festivo: la calle opina - COPE Alcoy","description":"Alcoy aprueba pedir a la Generalitat Valenciana otro festivo local para que el 23 de abril no sea laborable en esta ciudad. Para ello, solicitar\u00e1 que uno de los festivos auton\u00f3micos pase a ser festivo local.","robots":{"index":"index","follow":"follow","max-snippet":"max-snippet:-1","max-image-preview":"max-image-preview:large","max-video-preview":"max-video-preview:-1"},"canonical":"https:\/\/www.copealcoy.es\/es\/alcoy-aprueba-pedir-la-generalitat-que-el-23-de-abril-sea-festivo\/","og_locale":"es_ES","og_type":"article","og_title":"Alcoy aprueba pedir a la Generalitat que el 23 de abril sea festivo: la calle opina - COPE Alcoy","og_description":"Alcoy aprueba pedir a la Generalitat Valenciana otro festivo local para que el 23 de abril no sea laborable en esta ciudad. Para ello, solicitar\u00e1 que uno de los festivos auton\u00f3micos pase a ser festivo local.","og_url":"https:\/\/www.copealcoy.es\/es\/alcoy-aprueba-pedir-la-generalitat-que-el-23-de-abril-sea-festivo\/","og_site_name":"COPE Alcoy","article_published_time":"2023-11-06T11:46:09+00:00","article_modified_time":"2023-11-06T16:55:37+00:00","og_image":[{"width":1585,"height":1080,"url":"https:\/\/www.copealcoy.es\/wp-content\/uploads\/2022\/04\/unnamed-51-scaled.jpg","type":"image\/jpeg"}],"author":"Cope Alcoy","twitter_misc":{"Escrito por":"Cope Alcoy","Tiempo de lectura":"2 minutos"},"schema":{"@context":"https:\/\/schema.org","@graph":[{"@type":"Article","@id":"https:\/\/www.copealcoy.es\/es\/alcoy-aprueba-pedir-la-generalitat-que-el-23-de-abril-sea-festivo\/#article","isPartOf":{"@id":"https:\/\/www.copealcoy.es\/es\/alcoy-aprueba-pedir-la-generalitat-que-el-23-de-abril-sea-festivo\/"},"author":{"name":"Cope Alcoy","@id":"https:\/\/www.copealcoy.es\/es\/#\/schema\/person\/e777c87fa024e57d40170af9df39882c"},"headline":"Alcoy aprueba pedir a la Generalitat que el 23 de abril sea festivo: la calle opina","datePublished":"2023-11-06T11:46:09+00:00","dateModified":"2023-11-06T16:55:37+00:00","mainEntityOfPage":{"@id":"https:\/\/www.copealcoy.es\/es\/alcoy-aprueba-pedir-la-generalitat-que-el-23-de-abril-sea-festivo\/"},"wordCount":402,"commentCount":0,"image":{"@id":"https:\/\/www.copealcoy.es\/es\/alcoy-aprueba-pedir-la-generalitat-que-el-23-de-abril-sea-festivo\/#primaryimage"},"thumbnailUrl":"https:\/\/www.copealcoy.es\/wp-content\/uploads\/2022\/04\/unnamed-51-scaled.jpg","keywords":["23 de abril","Alcoy","festivo local","San Jorge"],"articleSection":["Actualidad","Alcoy","Fiesta y Cultura","Noticias","Portada"],"inLanguage":"es"},{"@type":"WebPage","@id":"https:\/\/www.copealcoy.es\/es\/alcoy-aprueba-pedir-la-generalitat-que-el-23-de-abril-sea-festivo\/","url":"https:\/\/www.copealcoy.es\/es\/alcoy-aprueba-pedir-la-generalitat-que-el-23-de-abril-sea-festivo\/","name":"Alcoy aprueba pedir a la Generalitat que el 23 de abril sea festivo: la calle opina - COPE Alcoy","isPartOf":{"@id":"https:\/\/www.copealcoy.es\/es\/#website"},"primaryImageOfPage":{"@id":"https:\/\/www.copealcoy.es\/es\/alcoy-aprueba-pedir-la-generalitat-que-el-23-de-abril-sea-festivo\/#primaryimage"},"image":{"@id":"https:\/\/www.copealcoy.es\/es\/alcoy-aprueba-pedir-la-generalitat-que-el-23-de-abril-sea-festivo\/#primaryimage"},"thumbnailUrl":"https:\/\/www.copealcoy.es\/wp-content\/uploads\/2022\/04\/unnamed-51-scaled.jpg","datePublished":"2023-11-06T11:46:09+00:00","dateModified":"2023-11-06T16:55:37+00:00","author":{"@id":"https:\/\/www.copealcoy.es\/es\/#\/schema\/person\/e777c87fa024e57d40170af9df39882c"},"description":"Alcoy aprueba pedir a la Generalitat Valenciana otro festivo local para que el 23 de abril no sea laborable en esta ciudad. Para ello, solicitar\u00e1 que uno de los festivos auton\u00f3micos pase a ser festivo local.","breadcrumb":{"@id":"https:\/\/www.copealcoy.es\/es\/alcoy-aprueba-pedir-la-generalitat-que-el-23-de-abril-sea-festivo\/#breadcrumb"},"inLanguage":"es","potentialAction":[{"@type":"ReadAction","target":["https:\/\/www.copealcoy.es\/es\/alcoy-aprueba-pedir-la-generalitat-que-el-23-de-abril-sea-festivo\/"]}]},{"@type":"ImageObject","inLanguage":"es","@id":"https:\/\/www.copealcoy.es\/es\/alcoy-aprueba-pedir-la-generalitat-que-el-23-de-abril-sea-festivo\/#primaryimage","url":"https:\/\/www.copealcoy.es\/wp-content\/uploads\/2022\/04\/unnamed-51-scaled.jpg","contentUrl":"https:\/\/www.copealcoy.es\/wp-content\/uploads\/2022\/04\/unnamed-51-scaled.jpg","width":1585,"height":1080,"caption":"Procesion San Jorge 2022"},{"@type":"BreadcrumbList","@id":"https:\/\/www.copealcoy.es\/es\/alcoy-aprueba-pedir-la-generalitat-que-el-23-de-abril-sea-festivo\/#breadcrumb","itemListElement":[{"@type":"ListItem","position":1,"name":"Portada","item":"https:\/\/www.copealcoy.es\/es\/"},{"@type":"ListItem","position":2,"name":"Alcoy aprueba pedir a la Generalitat que el 23 de abril sea festivo: la calle opina"}]},{"@type":"WebSite","@id":"https:\/\/www.copealcoy.es\/es\/#website","url":"https:\/\/www.copealcoy.es\/es\/","name":"COPE Alcoy","description":"Emisora COPE de radio local con emisi\u00f3n online. Pont de Sant Jordi 8-10 03803 Alcoy","potentialAction":[{"@type":"SearchAction","target":{"@type":"EntryPoint","urlTemplate":"https:\/\/www.copealcoy.es\/es\/?s={search_term_string}"},"query-input":{"@type":"PropertyValueSpecification","valueRequired":true,"valueName":"search_term_string"}}],"inLanguage":"es"},{"@type":"Person","@id":"https:\/\/www.copealcoy.es\/es\/#\/schema\/person\/e777c87fa024e57d40170af9df39882c","name":"Cope Alcoy","image":{"@type":"ImageObject","inLanguage":"es","@id":"https:\/\/secure.gravatar.com\/avatar\/bb65d0283347e303893ba14f0692005417c1e0e690a325a4c5d8bb2b3943ee14?s=96&d=mm&r=g","url":"https:\/\/secure.gravatar.com\/avatar\/bb65d0283347e303893ba14f0692005417c1e0e690a325a4c5d8bb2b3943ee14?s=96&d=mm&r=g","contentUrl":"https:\/\/secure.gravatar.com\/avatar\/bb65d0283347e303893ba14f0692005417c1e0e690a325a4c5d8bb2b3943ee14?s=96&d=mm&r=g","caption":"Cope Alcoy"}}]}},"_links":{"self":[{"href":"https:\/\/www.copealcoy.es\/es\/wp-json\/wp\/v2\/posts\/124504","targetHints":{"allow":["GET"]}}],"collection":[{"href":"https:\/\/www.copealcoy.es\/es\/wp-json\/wp\/v2\/posts"}],"about":[{"href":"https:\/\/www.copealcoy.es\/es\/wp-json\/wp\/v2\/types\/post"}],"author":[{"embeddable":true,"href":"https:\/\/www.copealcoy.es\/es\/wp-json\/wp\/v2\/users\/1"}],"replies":[{"embeddable":true,"href":"https:\/\/www.copealcoy.es\/es\/wp-json\/wp\/v2\/comments?post=124504"}],"version-history":[{"count":0,"href":"https:\/\/www.copealcoy.es\/es\/wp-json\/wp\/v2\/posts\/124504\/revisions"}],"wp:featuredmedia":[{"embeddable":true,"href":"https:\/\/www.copealcoy.es\/es\/wp-json\/wp\/v2\/media\/86608"}],"wp:attachment":[{"href":"https:\/\/www.copealcoy.es\/es\/wp-json\/wp\/v2\/media?parent=124504"}],"wp:term":[{"taxonomy":"category","embeddable":true,"href":"https:\/\/www.copealcoy.es\/es\/wp-json\/wp\/v2\/categories?post=124504"},{"taxonomy":"post_tag","embeddable":true,"href":"https:\/\/www.copealcoy.es\/es\/wp-json\/wp\/v2\/tags?post=124504"}],"curies":[{"name":"wp","href":"https:\/\/api.w.org\/{rel}","templated":true}]}}