{"id":124380,"date":"2023-11-03T13:15:20","date_gmt":"2023-11-03T12:15:20","guid":{"rendered":"https:\/\/www.copealcoy.es\/?p=124380"},"modified":"2023-11-03T17:49:25","modified_gmt":"2023-11-03T16:49:25","slug":"reabre-la-fira-de-tots-sants-de-cocentaina-a-partir-de-la-tarde-de-este-viernes","status":"publish","type":"post","link":"https:\/\/www.copealcoy.es\/es\/reabre-la-fira-de-tots-sants-de-cocentaina-a-partir-de-la-tarde-de-este-viernes\/","title":{"rendered":"Reabre la Fira de Tots Sants de Cocentaina a partir de la tarde de este viernes"},"content":{"rendered":"<p style=\"text-align: justify;\">Vuelve <a href=\"https:\/\/www.firadecocentaina.org\/\" target=\"_blank\" rel=\"noopener\"><strong><span style=\"color: #0000ff;\">la Fira de Tots Sants de Cocentaina<\/span><\/strong><\/a>. A partir de las seis de la tarde de este viernes <strong>se retoma la actividad<\/strong>, tras 24 horas de suspensi\u00f3n <strong>por las fuertes rachas de viento<\/strong> que <strong>han azotado a la comarca<\/strong> desde ayer jueves a mediod\u00eda.<\/p>\n<p style=\"text-align: justify;\">As\u00ed lo ha anunciado en COPE ALCOY el alcalde de la Villa Condal, <strong>Jordi Pla<\/strong>, durante <strong>el programa especial<\/strong> que esta casa a emitido durante la ma\u00f1ana desde el Centre Cultural El Teular con motivo de la Fira de Tots Sants. Pla <strong>ha calificado de aut\u00e9nticos h\u00e9roes a los expositores<\/strong>, que han aguantado estoicamente las adversas condiciones climatol\u00f3gicas de las \u00faltimas horas, y <strong>ha mostrado su satisfacci\u00f3n por la acci\u00f3n coordinada de todas las partes implicadas<\/strong> a la hora de hacer frente a los incidentes registrados durante las \u00faltimas horas. El primer edil tambi\u00e9n ha puesto el acento en<strong> los esfuerzos realizados\u00a0 para preparar la vuelta de la actividad<\/strong> &#8220;<em>obviamente, todos preferimos que estas cosas no pasen. Pero si algo positivo podemos extraer de esta situaci\u00f3n es demostrar y evidenciar que la Fira de Tots Sants es un acontecimiento perfectamente organizado y, lo que es m\u00e1s importante, preparado para hacer frente a las situaciones sobrevenidas y a los imprevistos, respondiendo con rapidez y rigor<\/em>&#8220;, manifest\u00f3 el propio<strong> Jordi Pla<\/strong>.<\/p>\n<p style=\"text-align: justify;\">Cabe recordar que el mismo alcalde <strong>(Jordi Pla)<\/strong>, el concejal de Seguridad <strong>(Rub\u00e9n Mu\u00f1oz)<\/strong> y la edil de Fira <strong>(Marcela Richart)<\/strong> han presidido a mediod\u00eda <strong>una nueva reuni\u00f3n con todas las partes implicadas<\/strong> as\u00ed como <strong>los efectivos de seguridad<\/strong> para evaluar la situaci\u00f3n. Tras ver las predicciones meteorol\u00f3gicas, <strong>se ha optado por la reapertura<\/strong> aunque la zona de<strong> atracciones infantiles<\/strong> seguir\u00e1 cerrada &#8220;<em>hacemos un llamamiento a recuperar la ilusi\u00f3n y quedan todos convocados a partir de las 18:00h, en la parte alta del Passeig del Comtat, para un pasacalle que simbolizar\u00e1 la reapertura<\/em>&#8220;, sentenci\u00f3 la concejala de Fira: <strong>Marcela Richart<\/strong>.<\/p>\n<p style=\"text-align: justify;\">Se\u00f1alar que en las \u00faltimas horas, <strong>el viento ha provocado algunos da\u00f1os<\/strong> en stands, carpas o productos expuestos en la calle. Todo despu\u00e9s de <strong>una noche<\/strong> marcada por las fuertes rachas de viento.<\/p>\n","protected":false},"excerpt":{"rendered":"<p>Vuelve la Fira de Tots Sants de Cocentaina. A partir de las seis de la tarde de este viernes se&#8230;<\/p>\n","protected":false},"author":1,"featured_media":124381,"comment_status":"open","ping_status":"open","sticky":false,"template":"","format":"standard","meta":{"footnotes":""},"categories":[6909,98,78,75,125],"tags":[132,414,543,635],"class_list":["post-124380","post","type-post","status-publish","format-standard","has-post-thumbnail","hentry","category-actualidad","category-comarcas","category-fiestaycultura","category-noticias","category-portada","tag-cocentaina","tag-cultura","tag-fiesta","tag-fira-de-tots-sants"],"yoast_head":"<!-- This site is optimized with the Yoast SEO plugin v27.3 - https:\/\/yoast.com\/product\/yoast-seo-wordpress\/ -->\n<title>Reabre la Fira de Tots Sants de Cocentaina a partir de la tarde de este viernes - COPE Alcoy<\/title>\n<meta name=\"description\" content=\"Vuelve la Fira de Tots Sants de Cocentaina. A partir de las seis de la tarde de este viernes se retoma la actividad, tras 24 horas de suspensi\u00f3n por las fuertes rachas de viento.\" \/>\n<meta name=\"robots\" content=\"index, follow, max-snippet:-1, max-image-preview:large, max-video-preview:-1\" \/>\n<link rel=\"canonical\" href=\"https:\/\/www.copealcoy.es\/es\/reabre-la-fira-de-tots-sants-de-cocentaina-a-partir-de-la-tarde-de-este-viernes\/\" \/>\n<meta property=\"og:locale\" content=\"es_ES\" \/>\n<meta property=\"og:type\" content=\"article\" \/>\n<meta property=\"og:title\" content=\"Reabre la Fira de Tots Sants de Cocentaina a partir de la tarde de este viernes - COPE Alcoy\" \/>\n<meta property=\"og:description\" content=\"Vuelve la Fira de Tots Sants de Cocentaina. A partir de las seis de la tarde de este viernes se retoma la actividad, tras 24 horas de suspensi\u00f3n por las fuertes rachas de viento.\" \/>\n<meta property=\"og:url\" content=\"https:\/\/www.copealcoy.es\/es\/reabre-la-fira-de-tots-sants-de-cocentaina-a-partir-de-la-tarde-de-este-viernes\/\" \/>\n<meta property=\"og:site_name\" content=\"COPE Alcoy\" \/>\n<meta property=\"article:published_time\" content=\"2023-11-03T12:15:20+00:00\" \/>\n<meta property=\"article:modified_time\" content=\"2023-11-03T16:49:25+00:00\" \/>\n<meta property=\"og:image\" content=\"https:\/\/www.copealcoy.es\/wp-content\/uploads\/2023\/11\/IMG_1932.jpg\" \/>\n\t<meta property=\"og:image:width\" content=\"828\" \/>\n\t<meta property=\"og:image:height\" content=\"504\" \/>\n\t<meta property=\"og:image:type\" content=\"image\/jpeg\" \/>\n<meta name=\"author\" content=\"Cope Alcoy\" \/>\n<meta name=\"twitter:label1\" content=\"Escrito por\" \/>\n\t<meta name=\"twitter:data1\" content=\"Cope Alcoy\" \/>\n\t<meta name=\"twitter:label2\" content=\"Tiempo de lectura\" \/>\n\t<meta name=\"twitter:data2\" content=\"2 minutos\" \/>\n<script type=\"application\/ld+json\" class=\"yoast-schema-graph\">{\"@context\":\"https:\\\/\\\/schema.org\",\"@graph\":[{\"@type\":\"Article\",\"@id\":\"https:\\\/\\\/www.copealcoy.es\\\/es\\\/reabre-la-fira-de-tots-sants-de-cocentaina-a-partir-de-la-tarde-de-este-viernes\\\/#article\",\"isPartOf\":{\"@id\":\"https:\\\/\\\/www.copealcoy.es\\\/es\\\/reabre-la-fira-de-tots-sants-de-cocentaina-a-partir-de-la-tarde-de-este-viernes\\\/\"},\"author\":{\"name\":\"Cope Alcoy\",\"@id\":\"https:\\\/\\\/www.copealcoy.es\\\/es\\\/#\\\/schema\\\/person\\\/e777c87fa024e57d40170af9df39882c\"},\"headline\":\"Reabre la Fira de Tots Sants de Cocentaina a partir de la tarde de este viernes\",\"datePublished\":\"2023-11-03T12:15:20+00:00\",\"dateModified\":\"2023-11-03T16:49:25+00:00\",\"mainEntityOfPage\":{\"@id\":\"https:\\\/\\\/www.copealcoy.es\\\/es\\\/reabre-la-fira-de-tots-sants-de-cocentaina-a-partir-de-la-tarde-de-este-viernes\\\/\"},\"wordCount\":383,\"commentCount\":0,\"image\":{\"@id\":\"https:\\\/\\\/www.copealcoy.es\\\/es\\\/reabre-la-fira-de-tots-sants-de-cocentaina-a-partir-de-la-tarde-de-este-viernes\\\/#primaryimage\"},\"thumbnailUrl\":\"https:\\\/\\\/www.copealcoy.es\\\/wp-content\\\/uploads\\\/2023\\\/11\\\/IMG_1932.jpg\",\"keywords\":[\"Cocentaina\",\"Cultura\",\"Fiesta\",\"Fira de Tots Sants\"],\"articleSection\":[\"Actualidad\",\"Comarcas\",\"Fiesta y Cultura\",\"Noticias\",\"Portada\"],\"inLanguage\":\"es\"},{\"@type\":\"WebPage\",\"@id\":\"https:\\\/\\\/www.copealcoy.es\\\/es\\\/reabre-la-fira-de-tots-sants-de-cocentaina-a-partir-de-la-tarde-de-este-viernes\\\/\",\"url\":\"https:\\\/\\\/www.copealcoy.es\\\/es\\\/reabre-la-fira-de-tots-sants-de-cocentaina-a-partir-de-la-tarde-de-este-viernes\\\/\",\"name\":\"Reabre la Fira de Tots Sants de Cocentaina a partir de la tarde de este viernes - COPE Alcoy\",\"isPartOf\":{\"@id\":\"https:\\\/\\\/www.copealcoy.es\\\/es\\\/#website\"},\"primaryImageOfPage\":{\"@id\":\"https:\\\/\\\/www.copealcoy.es\\\/es\\\/reabre-la-fira-de-tots-sants-de-cocentaina-a-partir-de-la-tarde-de-este-viernes\\\/#primaryimage\"},\"image\":{\"@id\":\"https:\\\/\\\/www.copealcoy.es\\\/es\\\/reabre-la-fira-de-tots-sants-de-cocentaina-a-partir-de-la-tarde-de-este-viernes\\\/#primaryimage\"},\"thumbnailUrl\":\"https:\\\/\\\/www.copealcoy.es\\\/wp-content\\\/uploads\\\/2023\\\/11\\\/IMG_1932.jpg\",\"datePublished\":\"2023-11-03T12:15:20+00:00\",\"dateModified\":\"2023-11-03T16:49:25+00:00\",\"author\":{\"@id\":\"https:\\\/\\\/www.copealcoy.es\\\/es\\\/#\\\/schema\\\/person\\\/e777c87fa024e57d40170af9df39882c\"},\"description\":\"Vuelve la Fira de Tots Sants de Cocentaina. A partir de las seis de la tarde de este viernes se retoma la actividad, tras 24 horas de suspensi\u00f3n por las fuertes rachas de viento.\",\"breadcrumb\":{\"@id\":\"https:\\\/\\\/www.copealcoy.es\\\/es\\\/reabre-la-fira-de-tots-sants-de-cocentaina-a-partir-de-la-tarde-de-este-viernes\\\/#breadcrumb\"},\"inLanguage\":\"es\",\"potentialAction\":[{\"@type\":\"ReadAction\",\"target\":[\"https:\\\/\\\/www.copealcoy.es\\\/es\\\/reabre-la-fira-de-tots-sants-de-cocentaina-a-partir-de-la-tarde-de-este-viernes\\\/\"]}]},{\"@type\":\"ImageObject\",\"inLanguage\":\"es\",\"@id\":\"https:\\\/\\\/www.copealcoy.es\\\/es\\\/reabre-la-fira-de-tots-sants-de-cocentaina-a-partir-de-la-tarde-de-este-viernes\\\/#primaryimage\",\"url\":\"https:\\\/\\\/www.copealcoy.es\\\/wp-content\\\/uploads\\\/2023\\\/11\\\/IMG_1932.jpg\",\"contentUrl\":\"https:\\\/\\\/www.copealcoy.es\\\/wp-content\\\/uploads\\\/2023\\\/11\\\/IMG_1932.jpg\",\"width\":828,\"height\":504},{\"@type\":\"BreadcrumbList\",\"@id\":\"https:\\\/\\\/www.copealcoy.es\\\/es\\\/reabre-la-fira-de-tots-sants-de-cocentaina-a-partir-de-la-tarde-de-este-viernes\\\/#breadcrumb\",\"itemListElement\":[{\"@type\":\"ListItem\",\"position\":1,\"name\":\"Portada\",\"item\":\"https:\\\/\\\/www.copealcoy.es\\\/es\\\/\"},{\"@type\":\"ListItem\",\"position\":2,\"name\":\"Reabre la Fira de Tots Sants de Cocentaina a partir de la tarde de este viernes\"}]},{\"@type\":\"WebSite\",\"@id\":\"https:\\\/\\\/www.copealcoy.es\\\/es\\\/#website\",\"url\":\"https:\\\/\\\/www.copealcoy.es\\\/es\\\/\",\"name\":\"COPE Alcoy\",\"description\":\"Emisora COPE de radio local con emisi\u00f3n online. Pont de Sant Jordi 8-10 03803 Alcoy\",\"potentialAction\":[{\"@type\":\"SearchAction\",\"target\":{\"@type\":\"EntryPoint\",\"urlTemplate\":\"https:\\\/\\\/www.copealcoy.es\\\/es\\\/?s={search_term_string}\"},\"query-input\":{\"@type\":\"PropertyValueSpecification\",\"valueRequired\":true,\"valueName\":\"search_term_string\"}}],\"inLanguage\":\"es\"},{\"@type\":\"Person\",\"@id\":\"https:\\\/\\\/www.copealcoy.es\\\/es\\\/#\\\/schema\\\/person\\\/e777c87fa024e57d40170af9df39882c\",\"name\":\"Cope Alcoy\",\"image\":{\"@type\":\"ImageObject\",\"inLanguage\":\"es\",\"@id\":\"https:\\\/\\\/secure.gravatar.com\\\/avatar\\\/bb65d0283347e303893ba14f0692005417c1e0e690a325a4c5d8bb2b3943ee14?s=96&d=mm&r=g\",\"url\":\"https:\\\/\\\/secure.gravatar.com\\\/avatar\\\/bb65d0283347e303893ba14f0692005417c1e0e690a325a4c5d8bb2b3943ee14?s=96&d=mm&r=g\",\"contentUrl\":\"https:\\\/\\\/secure.gravatar.com\\\/avatar\\\/bb65d0283347e303893ba14f0692005417c1e0e690a325a4c5d8bb2b3943ee14?s=96&d=mm&r=g\",\"caption\":\"Cope Alcoy\"}}]}<\/script>\n<!-- \/ Yoast SEO plugin. -->","yoast_head_json":{"title":"Reabre la Fira de Tots Sants de Cocentaina a partir de la tarde de este viernes - COPE Alcoy","description":"Vuelve la Fira de Tots Sants de Cocentaina. A partir de las seis de la tarde de este viernes se retoma la actividad, tras 24 horas de suspensi\u00f3n por las fuertes rachas de viento.","robots":{"index":"index","follow":"follow","max-snippet":"max-snippet:-1","max-image-preview":"max-image-preview:large","max-video-preview":"max-video-preview:-1"},"canonical":"https:\/\/www.copealcoy.es\/es\/reabre-la-fira-de-tots-sants-de-cocentaina-a-partir-de-la-tarde-de-este-viernes\/","og_locale":"es_ES","og_type":"article","og_title":"Reabre la Fira de Tots Sants de Cocentaina a partir de la tarde de este viernes - COPE Alcoy","og_description":"Vuelve la Fira de Tots Sants de Cocentaina. A partir de las seis de la tarde de este viernes se retoma la actividad, tras 24 horas de suspensi\u00f3n por las fuertes rachas de viento.","og_url":"https:\/\/www.copealcoy.es\/es\/reabre-la-fira-de-tots-sants-de-cocentaina-a-partir-de-la-tarde-de-este-viernes\/","og_site_name":"COPE Alcoy","article_published_time":"2023-11-03T12:15:20+00:00","article_modified_time":"2023-11-03T16:49:25+00:00","og_image":[{"width":828,"height":504,"url":"https:\/\/www.copealcoy.es\/wp-content\/uploads\/2023\/11\/IMG_1932.jpg","type":"image\/jpeg"}],"author":"Cope Alcoy","twitter_misc":{"Escrito por":"Cope Alcoy","Tiempo de lectura":"2 minutos"},"schema":{"@context":"https:\/\/schema.org","@graph":[{"@type":"Article","@id":"https:\/\/www.copealcoy.es\/es\/reabre-la-fira-de-tots-sants-de-cocentaina-a-partir-de-la-tarde-de-este-viernes\/#article","isPartOf":{"@id":"https:\/\/www.copealcoy.es\/es\/reabre-la-fira-de-tots-sants-de-cocentaina-a-partir-de-la-tarde-de-este-viernes\/"},"author":{"name":"Cope Alcoy","@id":"https:\/\/www.copealcoy.es\/es\/#\/schema\/person\/e777c87fa024e57d40170af9df39882c"},"headline":"Reabre la Fira de Tots Sants de Cocentaina a partir de la tarde de este viernes","datePublished":"2023-11-03T12:15:20+00:00","dateModified":"2023-11-03T16:49:25+00:00","mainEntityOfPage":{"@id":"https:\/\/www.copealcoy.es\/es\/reabre-la-fira-de-tots-sants-de-cocentaina-a-partir-de-la-tarde-de-este-viernes\/"},"wordCount":383,"commentCount":0,"image":{"@id":"https:\/\/www.copealcoy.es\/es\/reabre-la-fira-de-tots-sants-de-cocentaina-a-partir-de-la-tarde-de-este-viernes\/#primaryimage"},"thumbnailUrl":"https:\/\/www.copealcoy.es\/wp-content\/uploads\/2023\/11\/IMG_1932.jpg","keywords":["Cocentaina","Cultura","Fiesta","Fira de Tots Sants"],"articleSection":["Actualidad","Comarcas","Fiesta y Cultura","Noticias","Portada"],"inLanguage":"es"},{"@type":"WebPage","@id":"https:\/\/www.copealcoy.es\/es\/reabre-la-fira-de-tots-sants-de-cocentaina-a-partir-de-la-tarde-de-este-viernes\/","url":"https:\/\/www.copealcoy.es\/es\/reabre-la-fira-de-tots-sants-de-cocentaina-a-partir-de-la-tarde-de-este-viernes\/","name":"Reabre la Fira de Tots Sants de Cocentaina a partir de la tarde de este viernes - COPE Alcoy","isPartOf":{"@id":"https:\/\/www.copealcoy.es\/es\/#website"},"primaryImageOfPage":{"@id":"https:\/\/www.copealcoy.es\/es\/reabre-la-fira-de-tots-sants-de-cocentaina-a-partir-de-la-tarde-de-este-viernes\/#primaryimage"},"image":{"@id":"https:\/\/www.copealcoy.es\/es\/reabre-la-fira-de-tots-sants-de-cocentaina-a-partir-de-la-tarde-de-este-viernes\/#primaryimage"},"thumbnailUrl":"https:\/\/www.copealcoy.es\/wp-content\/uploads\/2023\/11\/IMG_1932.jpg","datePublished":"2023-11-03T12:15:20+00:00","dateModified":"2023-11-03T16:49:25+00:00","author":{"@id":"https:\/\/www.copealcoy.es\/es\/#\/schema\/person\/e777c87fa024e57d40170af9df39882c"},"description":"Vuelve la Fira de Tots Sants de Cocentaina. A partir de las seis de la tarde de este viernes se retoma la actividad, tras 24 horas de suspensi\u00f3n por las fuertes rachas de viento.","breadcrumb":{"@id":"https:\/\/www.copealcoy.es\/es\/reabre-la-fira-de-tots-sants-de-cocentaina-a-partir-de-la-tarde-de-este-viernes\/#breadcrumb"},"inLanguage":"es","potentialAction":[{"@type":"ReadAction","target":["https:\/\/www.copealcoy.es\/es\/reabre-la-fira-de-tots-sants-de-cocentaina-a-partir-de-la-tarde-de-este-viernes\/"]}]},{"@type":"ImageObject","inLanguage":"es","@id":"https:\/\/www.copealcoy.es\/es\/reabre-la-fira-de-tots-sants-de-cocentaina-a-partir-de-la-tarde-de-este-viernes\/#primaryimage","url":"https:\/\/www.copealcoy.es\/wp-content\/uploads\/2023\/11\/IMG_1932.jpg","contentUrl":"https:\/\/www.copealcoy.es\/wp-content\/uploads\/2023\/11\/IMG_1932.jpg","width":828,"height":504},{"@type":"BreadcrumbList","@id":"https:\/\/www.copealcoy.es\/es\/reabre-la-fira-de-tots-sants-de-cocentaina-a-partir-de-la-tarde-de-este-viernes\/#breadcrumb","itemListElement":[{"@type":"ListItem","position":1,"name":"Portada","item":"https:\/\/www.copealcoy.es\/es\/"},{"@type":"ListItem","position":2,"name":"Reabre la Fira de Tots Sants de Cocentaina a partir de la tarde de este viernes"}]},{"@type":"WebSite","@id":"https:\/\/www.copealcoy.es\/es\/#website","url":"https:\/\/www.copealcoy.es\/es\/","name":"COPE Alcoy","description":"Emisora COPE de radio local con emisi\u00f3n online. Pont de Sant Jordi 8-10 03803 Alcoy","potentialAction":[{"@type":"SearchAction","target":{"@type":"EntryPoint","urlTemplate":"https:\/\/www.copealcoy.es\/es\/?s={search_term_string}"},"query-input":{"@type":"PropertyValueSpecification","valueRequired":true,"valueName":"search_term_string"}}],"inLanguage":"es"},{"@type":"Person","@id":"https:\/\/www.copealcoy.es\/es\/#\/schema\/person\/e777c87fa024e57d40170af9df39882c","name":"Cope Alcoy","image":{"@type":"ImageObject","inLanguage":"es","@id":"https:\/\/secure.gravatar.com\/avatar\/bb65d0283347e303893ba14f0692005417c1e0e690a325a4c5d8bb2b3943ee14?s=96&d=mm&r=g","url":"https:\/\/secure.gravatar.com\/avatar\/bb65d0283347e303893ba14f0692005417c1e0e690a325a4c5d8bb2b3943ee14?s=96&d=mm&r=g","contentUrl":"https:\/\/secure.gravatar.com\/avatar\/bb65d0283347e303893ba14f0692005417c1e0e690a325a4c5d8bb2b3943ee14?s=96&d=mm&r=g","caption":"Cope Alcoy"}}]}},"_links":{"self":[{"href":"https:\/\/www.copealcoy.es\/es\/wp-json\/wp\/v2\/posts\/124380","targetHints":{"allow":["GET"]}}],"collection":[{"href":"https:\/\/www.copealcoy.es\/es\/wp-json\/wp\/v2\/posts"}],"about":[{"href":"https:\/\/www.copealcoy.es\/es\/wp-json\/wp\/v2\/types\/post"}],"author":[{"embeddable":true,"href":"https:\/\/www.copealcoy.es\/es\/wp-json\/wp\/v2\/users\/1"}],"replies":[{"embeddable":true,"href":"https:\/\/www.copealcoy.es\/es\/wp-json\/wp\/v2\/comments?post=124380"}],"version-history":[{"count":0,"href":"https:\/\/www.copealcoy.es\/es\/wp-json\/wp\/v2\/posts\/124380\/revisions"}],"wp:featuredmedia":[{"embeddable":true,"href":"https:\/\/www.copealcoy.es\/es\/wp-json\/wp\/v2\/media\/124381"}],"wp:attachment":[{"href":"https:\/\/www.copealcoy.es\/es\/wp-json\/wp\/v2\/media?parent=124380"}],"wp:term":[{"taxonomy":"category","embeddable":true,"href":"https:\/\/www.copealcoy.es\/es\/wp-json\/wp\/v2\/categories?post=124380"},{"taxonomy":"post_tag","embeddable":true,"href":"https:\/\/www.copealcoy.es\/es\/wp-json\/wp\/v2\/tags?post=124380"}],"curies":[{"name":"wp","href":"https:\/\/api.w.org\/{rel}","templated":true}]}}