{"id":12438,"date":"2015-04-21T18:39:17","date_gmt":"2015-04-21T18:39:17","guid":{"rendered":"http:\/\/copealcoi.es\/new\/?p=12438"},"modified":"2015-04-21T18:39:17","modified_gmt":"2015-04-21T18:39:17","slug":"la-ausencia-de-presupuesto-obliga-a-destinar-el-superavit-a-gasto-corriente","status":"publish","type":"post","link":"https:\/\/www.copealcoy.es\/es\/la-ausencia-de-presupuesto-obliga-a-destinar-el-superavit-a-gasto-corriente\/","title":{"rendered":"La ausencia de presupuesto obliga a destinar el super\u00e1vit a gasto corriente"},"content":{"rendered":"<p style=\"text-align: justify;\">El pleno del Ayuntamiento de Alcoy acord\u00f3 el lunes llevar a cabo una modificaci\u00f3n de cr\u00e9dito para destinar el super\u00e1vit del ejercicio de 2014\u00a0al gasto corriente y tambi\u00e9n a amortizar deuda municipal. La medida llega ante la ausencia de presupuesto para este a\u00f1o 2015 tras no haberse aprobado las cuentas propuestas por el Gobierno Local.<\/p>\n<p style=\"text-align: justify;\">Hay que destacar que de los 5 millones de euros de super\u00e1vit se van a invertir\u00a01,6 millones en la reducci\u00f3n de deuda, 2,1 millones a pagar las subvenciones a entidades sociales, deportivas y culturales de la ciudad y 1 mill\u00f3n para completar partidas referidas a\u00a0contratos como el Plan General de Ordenaci\u00f3n Urbana o el funcionamiento del complejo deportivo Eduardo Latorre.<\/p>\n<p style=\"text-align: justify;\">El alcalde de Alcoy, Antonio Franc\u00e9s, ha lamentado hoy en La Ma\u00f1ana de Cope Alcoy que este dinero no se haya podido destinar a inversiones necesarias para Alcoy &#8220;lo dije ya en el pleno. PP y Comprom\u00eds\u00a0han quedado en \u00a0evidencia ya que por su irresponsabilidad y la falsedad de sus argumentos Alcoy ha perdido m\u00e1s de 3 millones de euros que la futura corporaci\u00f3n hubiera podido aprovechar, pero han valido m\u00e1s los intereses partidistas y electorales que el bienestar de los alcotanas&#8221;, sentencia.<\/p>\n<p style=\"text-align: justify;\">Apuntar que en la sesi\u00f3n plenaria tampoco sali\u00f3 adelante la moci\u00f3n del Partido Popular que ped\u00eda que el Ayuntamiento retirara los contenciosos que tiene interpuestos contra Alcoinnova. PSOE, Comprom\u00eds y EU rechazaron la propuesta y volvieron a insistir que hay alternativas en la ciudad para ubicar esta iniciativa empresarial como la Zona de Pagos.<\/p>\n","protected":false},"excerpt":{"rendered":"<p>El pleno del Ayuntamiento de Alcoy acord\u00f3 el lunes llevar a cabo una modificaci\u00f3n de cr\u00e9dito para destinar el super\u00e1vit&#8230;<\/p>\n","protected":false},"author":1,"featured_media":9853,"comment_status":"open","ping_status":"open","sticky":false,"template":"","format":"standard","meta":{"footnotes":""},"categories":[97,75,125],"tags":[1494,390,521,316,848],"class_list":["post-12438","post","type-post","status-publish","format-standard","has-post-thumbnail","hentry","category-alcoy","category-noticias","category-portada","tag-alcoy","tag-economia","tag-hacienda","tag-presupuestos","tag-superavit"],"yoast_head":"<!-- This site is optimized with the Yoast SEO plugin v27.3 - https:\/\/yoast.com\/product\/yoast-seo-wordpress\/ -->\n<title>La ausencia de presupuesto obliga a destinar el super\u00e1vit a gasto corriente - COPE Alcoy<\/title>\n<meta name=\"robots\" content=\"index, follow, max-snippet:-1, max-image-preview:large, max-video-preview:-1\" \/>\n<link rel=\"canonical\" href=\"https:\/\/www.copealcoy.es\/es\/la-ausencia-de-presupuesto-obliga-a-destinar-el-superavit-a-gasto-corriente\/\" \/>\n<meta property=\"og:locale\" content=\"es_ES\" \/>\n<meta property=\"og:type\" content=\"article\" \/>\n<meta property=\"og:title\" content=\"La ausencia de presupuesto obliga a destinar el super\u00e1vit a gasto corriente - COPE Alcoy\" \/>\n<meta property=\"og:description\" content=\"El pleno del Ayuntamiento de Alcoy acord\u00f3 el lunes llevar a cabo una modificaci\u00f3n de cr\u00e9dito para destinar el super\u00e1vit...\" \/>\n<meta property=\"og:url\" content=\"https:\/\/www.copealcoy.es\/es\/la-ausencia-de-presupuesto-obliga-a-destinar-el-superavit-a-gasto-corriente\/\" \/>\n<meta property=\"og:site_name\" content=\"COPE Alcoy\" \/>\n<meta property=\"article:published_time\" content=\"2015-04-21T18:39:17+00:00\" \/>\n<meta property=\"og:image\" content=\"https:\/\/www.copealcoy.es\/wp-content\/uploads\/2015\/01\/image95.jpg\" \/>\n\t<meta property=\"og:image:width\" content=\"1024\" \/>\n\t<meta property=\"og:image:height\" content=\"576\" \/>\n\t<meta property=\"og:image:type\" content=\"image\/jpeg\" \/>\n<meta name=\"author\" content=\"Cope Alcoy\" \/>\n<meta name=\"twitter:label1\" content=\"Escrito por\" \/>\n\t<meta name=\"twitter:data1\" content=\"Cope Alcoy\" \/>\n\t<meta name=\"twitter:label2\" content=\"Tiempo de lectura\" \/>\n\t<meta name=\"twitter:data2\" content=\"1 minuto\" \/>\n<script type=\"application\/ld+json\" class=\"yoast-schema-graph\">{\"@context\":\"https:\\\/\\\/schema.org\",\"@graph\":[{\"@type\":\"Article\",\"@id\":\"https:\\\/\\\/www.copealcoy.es\\\/es\\\/la-ausencia-de-presupuesto-obliga-a-destinar-el-superavit-a-gasto-corriente\\\/#article\",\"isPartOf\":{\"@id\":\"https:\\\/\\\/www.copealcoy.es\\\/es\\\/la-ausencia-de-presupuesto-obliga-a-destinar-el-superavit-a-gasto-corriente\\\/\"},\"author\":{\"name\":\"Cope Alcoy\",\"@id\":\"https:\\\/\\\/www.copealcoy.es\\\/es\\\/#\\\/schema\\\/person\\\/e777c87fa024e57d40170af9df39882c\"},\"headline\":\"La ausencia de presupuesto obliga a destinar el super\u00e1vit a gasto corriente\",\"datePublished\":\"2015-04-21T18:39:17+00:00\",\"mainEntityOfPage\":{\"@id\":\"https:\\\/\\\/www.copealcoy.es\\\/es\\\/la-ausencia-de-presupuesto-obliga-a-destinar-el-superavit-a-gasto-corriente\\\/\"},\"wordCount\":281,\"commentCount\":0,\"image\":{\"@id\":\"https:\\\/\\\/www.copealcoy.es\\\/es\\\/la-ausencia-de-presupuesto-obliga-a-destinar-el-superavit-a-gasto-corriente\\\/#primaryimage\"},\"thumbnailUrl\":\"https:\\\/\\\/www.copealcoy.es\\\/wp-content\\\/uploads\\\/2015\\\/01\\\/image95.jpg\",\"keywords\":[\"Alcoy\",\"Econom\u00eda\",\"Hacienda\",\"Presupuestos\",\"Super\u00e1vit\"],\"articleSection\":[\"Alcoy\",\"Noticias\",\"Portada\"],\"inLanguage\":\"es\"},{\"@type\":\"WebPage\",\"@id\":\"https:\\\/\\\/www.copealcoy.es\\\/es\\\/la-ausencia-de-presupuesto-obliga-a-destinar-el-superavit-a-gasto-corriente\\\/\",\"url\":\"https:\\\/\\\/www.copealcoy.es\\\/es\\\/la-ausencia-de-presupuesto-obliga-a-destinar-el-superavit-a-gasto-corriente\\\/\",\"name\":\"La ausencia de presupuesto obliga a destinar el super\u00e1vit a gasto corriente - COPE Alcoy\",\"isPartOf\":{\"@id\":\"https:\\\/\\\/www.copealcoy.es\\\/es\\\/#website\"},\"primaryImageOfPage\":{\"@id\":\"https:\\\/\\\/www.copealcoy.es\\\/es\\\/la-ausencia-de-presupuesto-obliga-a-destinar-el-superavit-a-gasto-corriente\\\/#primaryimage\"},\"image\":{\"@id\":\"https:\\\/\\\/www.copealcoy.es\\\/es\\\/la-ausencia-de-presupuesto-obliga-a-destinar-el-superavit-a-gasto-corriente\\\/#primaryimage\"},\"thumbnailUrl\":\"https:\\\/\\\/www.copealcoy.es\\\/wp-content\\\/uploads\\\/2015\\\/01\\\/image95.jpg\",\"datePublished\":\"2015-04-21T18:39:17+00:00\",\"author\":{\"@id\":\"https:\\\/\\\/www.copealcoy.es\\\/es\\\/#\\\/schema\\\/person\\\/e777c87fa024e57d40170af9df39882c\"},\"breadcrumb\":{\"@id\":\"https:\\\/\\\/www.copealcoy.es\\\/es\\\/la-ausencia-de-presupuesto-obliga-a-destinar-el-superavit-a-gasto-corriente\\\/#breadcrumb\"},\"inLanguage\":\"es\",\"potentialAction\":[{\"@type\":\"ReadAction\",\"target\":[\"https:\\\/\\\/www.copealcoy.es\\\/es\\\/la-ausencia-de-presupuesto-obliga-a-destinar-el-superavit-a-gasto-corriente\\\/\"]}]},{\"@type\":\"ImageObject\",\"inLanguage\":\"es\",\"@id\":\"https:\\\/\\\/www.copealcoy.es\\\/es\\\/la-ausencia-de-presupuesto-obliga-a-destinar-el-superavit-a-gasto-corriente\\\/#primaryimage\",\"url\":\"https:\\\/\\\/www.copealcoy.es\\\/wp-content\\\/uploads\\\/2015\\\/01\\\/image95.jpg\",\"contentUrl\":\"https:\\\/\\\/www.copealcoy.es\\\/wp-content\\\/uploads\\\/2015\\\/01\\\/image95.jpg\",\"width\":1024,\"height\":576,\"caption\":\"El pleno no respald\u00f3 la moci\u00f3n del PP sobre Alcoinnova\"},{\"@type\":\"BreadcrumbList\",\"@id\":\"https:\\\/\\\/www.copealcoy.es\\\/es\\\/la-ausencia-de-presupuesto-obliga-a-destinar-el-superavit-a-gasto-corriente\\\/#breadcrumb\",\"itemListElement\":[{\"@type\":\"ListItem\",\"position\":1,\"name\":\"Portada\",\"item\":\"https:\\\/\\\/www.copealcoy.es\\\/es\\\/\"},{\"@type\":\"ListItem\",\"position\":2,\"name\":\"La ausencia de presupuesto obliga a destinar el super\u00e1vit a gasto corriente\"}]},{\"@type\":\"WebSite\",\"@id\":\"https:\\\/\\\/www.copealcoy.es\\\/es\\\/#website\",\"url\":\"https:\\\/\\\/www.copealcoy.es\\\/es\\\/\",\"name\":\"COPE Alcoy\",\"description\":\"Emisora COPE de radio local con emisi\u00f3n online. Pont de Sant Jordi 8-10 03803 Alcoy\",\"potentialAction\":[{\"@type\":\"SearchAction\",\"target\":{\"@type\":\"EntryPoint\",\"urlTemplate\":\"https:\\\/\\\/www.copealcoy.es\\\/es\\\/?s={search_term_string}\"},\"query-input\":{\"@type\":\"PropertyValueSpecification\",\"valueRequired\":true,\"valueName\":\"search_term_string\"}}],\"inLanguage\":\"es\"},{\"@type\":\"Person\",\"@id\":\"https:\\\/\\\/www.copealcoy.es\\\/es\\\/#\\\/schema\\\/person\\\/e777c87fa024e57d40170af9df39882c\",\"name\":\"Cope Alcoy\",\"image\":{\"@type\":\"ImageObject\",\"inLanguage\":\"es\",\"@id\":\"https:\\\/\\\/secure.gravatar.com\\\/avatar\\\/bb65d0283347e303893ba14f0692005417c1e0e690a325a4c5d8bb2b3943ee14?s=96&d=mm&r=g\",\"url\":\"https:\\\/\\\/secure.gravatar.com\\\/avatar\\\/bb65d0283347e303893ba14f0692005417c1e0e690a325a4c5d8bb2b3943ee14?s=96&d=mm&r=g\",\"contentUrl\":\"https:\\\/\\\/secure.gravatar.com\\\/avatar\\\/bb65d0283347e303893ba14f0692005417c1e0e690a325a4c5d8bb2b3943ee14?s=96&d=mm&r=g\",\"caption\":\"Cope Alcoy\"}}]}<\/script>\n<!-- \/ Yoast SEO plugin. -->","yoast_head_json":{"title":"La ausencia de presupuesto obliga a destinar el super\u00e1vit a gasto corriente - COPE Alcoy","robots":{"index":"index","follow":"follow","max-snippet":"max-snippet:-1","max-image-preview":"max-image-preview:large","max-video-preview":"max-video-preview:-1"},"canonical":"https:\/\/www.copealcoy.es\/es\/la-ausencia-de-presupuesto-obliga-a-destinar-el-superavit-a-gasto-corriente\/","og_locale":"es_ES","og_type":"article","og_title":"La ausencia de presupuesto obliga a destinar el super\u00e1vit a gasto corriente - COPE Alcoy","og_description":"El pleno del Ayuntamiento de Alcoy acord\u00f3 el lunes llevar a cabo una modificaci\u00f3n de cr\u00e9dito para destinar el super\u00e1vit...","og_url":"https:\/\/www.copealcoy.es\/es\/la-ausencia-de-presupuesto-obliga-a-destinar-el-superavit-a-gasto-corriente\/","og_site_name":"COPE Alcoy","article_published_time":"2015-04-21T18:39:17+00:00","og_image":[{"width":1024,"height":576,"url":"https:\/\/www.copealcoy.es\/wp-content\/uploads\/2015\/01\/image95.jpg","type":"image\/jpeg"}],"author":"Cope Alcoy","twitter_misc":{"Escrito por":"Cope Alcoy","Tiempo de lectura":"1 minuto"},"schema":{"@context":"https:\/\/schema.org","@graph":[{"@type":"Article","@id":"https:\/\/www.copealcoy.es\/es\/la-ausencia-de-presupuesto-obliga-a-destinar-el-superavit-a-gasto-corriente\/#article","isPartOf":{"@id":"https:\/\/www.copealcoy.es\/es\/la-ausencia-de-presupuesto-obliga-a-destinar-el-superavit-a-gasto-corriente\/"},"author":{"name":"Cope Alcoy","@id":"https:\/\/www.copealcoy.es\/es\/#\/schema\/person\/e777c87fa024e57d40170af9df39882c"},"headline":"La ausencia de presupuesto obliga a destinar el super\u00e1vit a gasto corriente","datePublished":"2015-04-21T18:39:17+00:00","mainEntityOfPage":{"@id":"https:\/\/www.copealcoy.es\/es\/la-ausencia-de-presupuesto-obliga-a-destinar-el-superavit-a-gasto-corriente\/"},"wordCount":281,"commentCount":0,"image":{"@id":"https:\/\/www.copealcoy.es\/es\/la-ausencia-de-presupuesto-obliga-a-destinar-el-superavit-a-gasto-corriente\/#primaryimage"},"thumbnailUrl":"https:\/\/www.copealcoy.es\/wp-content\/uploads\/2015\/01\/image95.jpg","keywords":["Alcoy","Econom\u00eda","Hacienda","Presupuestos","Super\u00e1vit"],"articleSection":["Alcoy","Noticias","Portada"],"inLanguage":"es"},{"@type":"WebPage","@id":"https:\/\/www.copealcoy.es\/es\/la-ausencia-de-presupuesto-obliga-a-destinar-el-superavit-a-gasto-corriente\/","url":"https:\/\/www.copealcoy.es\/es\/la-ausencia-de-presupuesto-obliga-a-destinar-el-superavit-a-gasto-corriente\/","name":"La ausencia de presupuesto obliga a destinar el super\u00e1vit a gasto corriente - COPE Alcoy","isPartOf":{"@id":"https:\/\/www.copealcoy.es\/es\/#website"},"primaryImageOfPage":{"@id":"https:\/\/www.copealcoy.es\/es\/la-ausencia-de-presupuesto-obliga-a-destinar-el-superavit-a-gasto-corriente\/#primaryimage"},"image":{"@id":"https:\/\/www.copealcoy.es\/es\/la-ausencia-de-presupuesto-obliga-a-destinar-el-superavit-a-gasto-corriente\/#primaryimage"},"thumbnailUrl":"https:\/\/www.copealcoy.es\/wp-content\/uploads\/2015\/01\/image95.jpg","datePublished":"2015-04-21T18:39:17+00:00","author":{"@id":"https:\/\/www.copealcoy.es\/es\/#\/schema\/person\/e777c87fa024e57d40170af9df39882c"},"breadcrumb":{"@id":"https:\/\/www.copealcoy.es\/es\/la-ausencia-de-presupuesto-obliga-a-destinar-el-superavit-a-gasto-corriente\/#breadcrumb"},"inLanguage":"es","potentialAction":[{"@type":"ReadAction","target":["https:\/\/www.copealcoy.es\/es\/la-ausencia-de-presupuesto-obliga-a-destinar-el-superavit-a-gasto-corriente\/"]}]},{"@type":"ImageObject","inLanguage":"es","@id":"https:\/\/www.copealcoy.es\/es\/la-ausencia-de-presupuesto-obliga-a-destinar-el-superavit-a-gasto-corriente\/#primaryimage","url":"https:\/\/www.copealcoy.es\/wp-content\/uploads\/2015\/01\/image95.jpg","contentUrl":"https:\/\/www.copealcoy.es\/wp-content\/uploads\/2015\/01\/image95.jpg","width":1024,"height":576,"caption":"El pleno no respald\u00f3 la moci\u00f3n del PP sobre Alcoinnova"},{"@type":"BreadcrumbList","@id":"https:\/\/www.copealcoy.es\/es\/la-ausencia-de-presupuesto-obliga-a-destinar-el-superavit-a-gasto-corriente\/#breadcrumb","itemListElement":[{"@type":"ListItem","position":1,"name":"Portada","item":"https:\/\/www.copealcoy.es\/es\/"},{"@type":"ListItem","position":2,"name":"La ausencia de presupuesto obliga a destinar el super\u00e1vit a gasto corriente"}]},{"@type":"WebSite","@id":"https:\/\/www.copealcoy.es\/es\/#website","url":"https:\/\/www.copealcoy.es\/es\/","name":"COPE Alcoy","description":"Emisora COPE de radio local con emisi\u00f3n online. Pont de Sant Jordi 8-10 03803 Alcoy","potentialAction":[{"@type":"SearchAction","target":{"@type":"EntryPoint","urlTemplate":"https:\/\/www.copealcoy.es\/es\/?s={search_term_string}"},"query-input":{"@type":"PropertyValueSpecification","valueRequired":true,"valueName":"search_term_string"}}],"inLanguage":"es"},{"@type":"Person","@id":"https:\/\/www.copealcoy.es\/es\/#\/schema\/person\/e777c87fa024e57d40170af9df39882c","name":"Cope Alcoy","image":{"@type":"ImageObject","inLanguage":"es","@id":"https:\/\/secure.gravatar.com\/avatar\/bb65d0283347e303893ba14f0692005417c1e0e690a325a4c5d8bb2b3943ee14?s=96&d=mm&r=g","url":"https:\/\/secure.gravatar.com\/avatar\/bb65d0283347e303893ba14f0692005417c1e0e690a325a4c5d8bb2b3943ee14?s=96&d=mm&r=g","contentUrl":"https:\/\/secure.gravatar.com\/avatar\/bb65d0283347e303893ba14f0692005417c1e0e690a325a4c5d8bb2b3943ee14?s=96&d=mm&r=g","caption":"Cope Alcoy"}}]}},"_links":{"self":[{"href":"https:\/\/www.copealcoy.es\/es\/wp-json\/wp\/v2\/posts\/12438","targetHints":{"allow":["GET"]}}],"collection":[{"href":"https:\/\/www.copealcoy.es\/es\/wp-json\/wp\/v2\/posts"}],"about":[{"href":"https:\/\/www.copealcoy.es\/es\/wp-json\/wp\/v2\/types\/post"}],"author":[{"embeddable":true,"href":"https:\/\/www.copealcoy.es\/es\/wp-json\/wp\/v2\/users\/1"}],"replies":[{"embeddable":true,"href":"https:\/\/www.copealcoy.es\/es\/wp-json\/wp\/v2\/comments?post=12438"}],"version-history":[{"count":0,"href":"https:\/\/www.copealcoy.es\/es\/wp-json\/wp\/v2\/posts\/12438\/revisions"}],"wp:featuredmedia":[{"embeddable":true,"href":"https:\/\/www.copealcoy.es\/es\/wp-json\/wp\/v2\/media\/9853"}],"wp:attachment":[{"href":"https:\/\/www.copealcoy.es\/es\/wp-json\/wp\/v2\/media?parent=12438"}],"wp:term":[{"taxonomy":"category","embeddable":true,"href":"https:\/\/www.copealcoy.es\/es\/wp-json\/wp\/v2\/categories?post=12438"},{"taxonomy":"post_tag","embeddable":true,"href":"https:\/\/www.copealcoy.es\/es\/wp-json\/wp\/v2\/tags?post=12438"}],"curies":[{"name":"wp","href":"https:\/\/api.w.org\/{rel}","templated":true}]}}