{"id":124351,"date":"2023-11-03T07:30:11","date_gmt":"2023-11-03T06:30:11","guid":{"rendered":"https:\/\/www.copealcoy.es\/?p=124351"},"modified":"2023-11-03T17:53:32","modified_gmt":"2023-11-03T16:53:32","slug":"informativo-matinal-viernes-3-de-noviembre-2023-0750h","status":"publish","type":"post","link":"https:\/\/www.copealcoy.es\/es\/informativo-matinal-viernes-3-de-noviembre-2023-0750h\/","title":{"rendered":"Informativo matinal viernes 3 de noviembre 2023 (07:50h)"},"content":{"rendered":"<p><iframe loading=\"lazy\" title=\"Informatiu Matinal Divendres 3de Novembre 2023 (07:50h)\" width=\"100%\" height=\"120\" src=\"https:\/\/www.mixcloud.com\/widget\/iframe\/?feed=https%3A%2F%2Fwww.mixcloud.com%2FCOPEAlcoy%2Finformatiu-matinal-divendres-3de-novembre-2023-0750h%2F&amp;hide_cover=1\" frameborder=\"0\"><\/iframe><\/p>\n<p style=\"text-align: justify;\">La<strong> suspensi\u00f3n de la Fira de Tots Sants de Cocentaina para la ma\u00f1ana de este viernes<\/strong> y la <strong>situaci\u00f3n del incendio de la Vall de Albaida que roza nuestras comarcas<\/strong> son algunas de las noticias destacadas de este 3 de noviembre de 2023.<\/p>\n<div class=\"entry-content-wrapper clearfix\">\n<div class=\"entry-content clearfix\">\n<p style=\"text-align: justify;\">El\u00a0<span style=\"color: #0000ff;\"><a style=\"color: #0000ff;\" href=\"https:\/\/www.firadecocentaina.org\/\" target=\"_blank\" rel=\"noopener\"><strong>Ayuntamiento de Cocentaina<\/strong><\/a><\/span> anunciaba anoche que <strong>mantiene el cierre preventivo de la Fira de Tots Sants<\/strong> para la ma\u00f1ana de este viernes <strong>ante las fuertes rachas de viento<\/strong>\u00a0que sufre la comarca.\u00a0 El alcalde\u00a0<strong>(Jordi Pla)<\/strong>, el edil de seguridad\u00a0<strong>(Rub\u00e9n Mu\u00f1oz)<\/strong>\u00a0y la concejala de Fira\u00a0<strong>(Marcela Richart)<\/strong> coordinaron <strong>una reuni\u00f3n<\/strong> a \u00faltima hora de la tarde para <strong>revisar el protocolo de seguridad<\/strong> que se hab\u00eda activado ayer jueves a mediod\u00eda.<\/p>\n<p style=\"text-align: justify;\">Las r\u00e1fagas m\u00e1s fuertes de viento, seg\u00fan informaban desde el Consistorio contestano, <strong>se esperan hasta el mediod\u00eda del viernes<\/strong>, momento en el que todas las autoridades implicadas\u00a0<strong>se volver\u00e1n a reunir para evaluar las previsiones y valorar la posible reapertura del Certamen<\/strong>. Durante las pr\u00f3ximas horas\u00a0<strong>se intensificar\u00e1n los trabajos de limpieza, vigilancia y se reforzar\u00e1 el estado de las estructuras y elementos<\/strong>\u00a0que puedan ser m\u00e1s vulnerables.<\/p>\n<p style=\"text-align: justify;\">Cabe recordar que<strong>\u00a0la Fira de Tots Sants abri\u00f3 sus puertas en el 1 de noviembre<\/strong>\u00a0con\u00a0<strong>una jornada inaugural que fue masiva<\/strong>\u00a0desde pr\u00e1cticamente primera hora de la ma\u00f1ana. Por la Villa Condal\u00a0<strong>llegaron a pasar m\u00e1s de 173.000 personas<\/strong> seg\u00fan confirmaba en COPE ALCOY el alcalde de la poblaci\u00f3n, <strong>Jordi Pla<\/strong>. La jornada del jueves, que era festivo local en la capital del Comtat,\u00a0<strong>comenz\u00f3 con tiempo relativamente apacible<\/strong>\u00a0y eso favorec\u00eda\u00a0<strong>la asistencia de visitantes<\/strong>\u00a0pero todo\u00a0<strong>comenz\u00f3 a cambiar a medida que avanzaba la ma\u00f1ana<\/strong>. Las fuertes rachas de viento<strong>\u00a0complicaban el desarrollo del evento y generaban algunos inconvenientes en la calle<\/strong>, hecho que oblig\u00f3 al Ayuntamiento a decidir el <strong>cierre preventivo de la Fira<\/strong>\u00a0con la prioridad m\u00e1xima de garantizar la seguridad tanto de visitantes como de los expositores que muestran su oferta en la calle. Este hecho\u00a0<strong>dej\u00f3 durante la tarde im\u00e1genes totalmente desoladoras<\/strong> con calles aut\u00e9nticamente vac\u00edas en un d\u00eda de plena Fira.<\/p>\n<\/div>\n<\/div>\n","protected":false},"excerpt":{"rendered":"<p>La suspensi\u00f3n de la Fira de Tots Sants de Cocentaina para la ma\u00f1ana de este viernes y la situaci\u00f3n del&#8230;<\/p>\n","protected":false},"author":1,"featured_media":110612,"comment_status":"open","ping_status":"open","sticky":false,"template":"","format":"standard","meta":{"footnotes":""},"categories":[6909,89,91],"tags":[],"class_list":["post-124351","post","type-post","status-publish","format-standard","has-post-thumbnail","hentry","category-actualidad","category-audiosdelosprogramas","category-informativos"],"yoast_head":"<!-- This site is optimized with the Yoast SEO plugin v27.3 - https:\/\/yoast.com\/product\/yoast-seo-wordpress\/ -->\n<title>Informativo matinal viernes 3 de noviembre 2023 (07:50h) - COPE Alcoy<\/title>\n<meta name=\"description\" content=\"La suspensi\u00f3n de la Fira de Tots Sants de Cocentaina para la ma\u00f1ana de este viernes y la situaci\u00f3n del incendio de la Vall de Albaida que roza nuestras comarcas son algunas de las noticias destacadas de este 3 de noviembre de 2023.\" \/>\n<meta name=\"robots\" content=\"index, follow, max-snippet:-1, max-image-preview:large, max-video-preview:-1\" \/>\n<link rel=\"canonical\" href=\"https:\/\/www.copealcoy.es\/es\/informativo-matinal-viernes-3-de-noviembre-2023-0750h\/\" \/>\n<meta property=\"og:locale\" content=\"es_ES\" \/>\n<meta property=\"og:type\" content=\"article\" \/>\n<meta property=\"og:title\" content=\"Informativo matinal viernes 3 de noviembre 2023 (07:50h) - COPE Alcoy\" \/>\n<meta property=\"og:description\" content=\"La suspensi\u00f3n de la Fira de Tots Sants de Cocentaina para la ma\u00f1ana de este viernes y la situaci\u00f3n del incendio de la Vall de Albaida que roza nuestras comarcas son algunas de las noticias destacadas de este 3 de noviembre de 2023.\" \/>\n<meta property=\"og:url\" content=\"https:\/\/www.copealcoy.es\/es\/informativo-matinal-viernes-3-de-noviembre-2023-0750h\/\" \/>\n<meta property=\"og:site_name\" content=\"COPE Alcoy\" \/>\n<meta property=\"article:published_time\" content=\"2023-11-03T06:30:11+00:00\" \/>\n<meta property=\"article:modified_time\" content=\"2023-11-03T16:53:32+00:00\" \/>\n<meta property=\"og:image\" content=\"https:\/\/www.copealcoy.es\/wp-content\/uploads\/2023\/02\/Herrera-en-COPE-Alcoy-4.png\" \/>\n\t<meta property=\"og:image:width\" content=\"357\" \/>\n\t<meta property=\"og:image:height\" content=\"290\" \/>\n\t<meta property=\"og:image:type\" content=\"image\/png\" \/>\n<meta name=\"author\" content=\"Cope Alcoy\" \/>\n<meta name=\"twitter:label1\" content=\"Escrito por\" \/>\n\t<meta name=\"twitter:data1\" content=\"Cope Alcoy\" \/>\n\t<meta name=\"twitter:label2\" content=\"Tiempo de lectura\" \/>\n\t<meta name=\"twitter:data2\" content=\"2 minutos\" \/>\n<script type=\"application\/ld+json\" class=\"yoast-schema-graph\">{\"@context\":\"https:\\\/\\\/schema.org\",\"@graph\":[{\"@type\":\"Article\",\"@id\":\"https:\\\/\\\/www.copealcoy.es\\\/es\\\/informativo-matinal-viernes-3-de-noviembre-2023-0750h\\\/#article\",\"isPartOf\":{\"@id\":\"https:\\\/\\\/www.copealcoy.es\\\/es\\\/informativo-matinal-viernes-3-de-noviembre-2023-0750h\\\/\"},\"author\":{\"name\":\"Cope Alcoy\",\"@id\":\"https:\\\/\\\/www.copealcoy.es\\\/es\\\/#\\\/schema\\\/person\\\/e777c87fa024e57d40170af9df39882c\"},\"headline\":\"Informativo matinal viernes 3 de noviembre 2023 (07:50h)\",\"datePublished\":\"2023-11-03T06:30:11+00:00\",\"dateModified\":\"2023-11-03T16:53:32+00:00\",\"mainEntityOfPage\":{\"@id\":\"https:\\\/\\\/www.copealcoy.es\\\/es\\\/informativo-matinal-viernes-3-de-noviembre-2023-0750h\\\/\"},\"wordCount\":384,\"commentCount\":0,\"image\":{\"@id\":\"https:\\\/\\\/www.copealcoy.es\\\/es\\\/informativo-matinal-viernes-3-de-noviembre-2023-0750h\\\/#primaryimage\"},\"thumbnailUrl\":\"https:\\\/\\\/www.copealcoy.es\\\/wp-content\\\/uploads\\\/2023\\\/02\\\/Herrera-en-COPE-Alcoy-4.png\",\"articleSection\":[\"Actualidad\",\"Audios de los programas\",\"Informativos\"],\"inLanguage\":\"es\"},{\"@type\":\"WebPage\",\"@id\":\"https:\\\/\\\/www.copealcoy.es\\\/es\\\/informativo-matinal-viernes-3-de-noviembre-2023-0750h\\\/\",\"url\":\"https:\\\/\\\/www.copealcoy.es\\\/es\\\/informativo-matinal-viernes-3-de-noviembre-2023-0750h\\\/\",\"name\":\"Informativo matinal viernes 3 de noviembre 2023 (07:50h) - COPE Alcoy\",\"isPartOf\":{\"@id\":\"https:\\\/\\\/www.copealcoy.es\\\/es\\\/#website\"},\"primaryImageOfPage\":{\"@id\":\"https:\\\/\\\/www.copealcoy.es\\\/es\\\/informativo-matinal-viernes-3-de-noviembre-2023-0750h\\\/#primaryimage\"},\"image\":{\"@id\":\"https:\\\/\\\/www.copealcoy.es\\\/es\\\/informativo-matinal-viernes-3-de-noviembre-2023-0750h\\\/#primaryimage\"},\"thumbnailUrl\":\"https:\\\/\\\/www.copealcoy.es\\\/wp-content\\\/uploads\\\/2023\\\/02\\\/Herrera-en-COPE-Alcoy-4.png\",\"datePublished\":\"2023-11-03T06:30:11+00:00\",\"dateModified\":\"2023-11-03T16:53:32+00:00\",\"author\":{\"@id\":\"https:\\\/\\\/www.copealcoy.es\\\/es\\\/#\\\/schema\\\/person\\\/e777c87fa024e57d40170af9df39882c\"},\"description\":\"La suspensi\u00f3n de la Fira de Tots Sants de Cocentaina para la ma\u00f1ana de este viernes y la situaci\u00f3n del incendio de la Vall de Albaida que roza nuestras comarcas son algunas de las noticias destacadas de este 3 de noviembre de 2023.\",\"breadcrumb\":{\"@id\":\"https:\\\/\\\/www.copealcoy.es\\\/es\\\/informativo-matinal-viernes-3-de-noviembre-2023-0750h\\\/#breadcrumb\"},\"inLanguage\":\"es\",\"potentialAction\":[{\"@type\":\"ReadAction\",\"target\":[\"https:\\\/\\\/www.copealcoy.es\\\/es\\\/informativo-matinal-viernes-3-de-noviembre-2023-0750h\\\/\"]}]},{\"@type\":\"ImageObject\",\"inLanguage\":\"es\",\"@id\":\"https:\\\/\\\/www.copealcoy.es\\\/es\\\/informativo-matinal-viernes-3-de-noviembre-2023-0750h\\\/#primaryimage\",\"url\":\"https:\\\/\\\/www.copealcoy.es\\\/wp-content\\\/uploads\\\/2023\\\/02\\\/Herrera-en-COPE-Alcoy-4.png\",\"contentUrl\":\"https:\\\/\\\/www.copealcoy.es\\\/wp-content\\\/uploads\\\/2023\\\/02\\\/Herrera-en-COPE-Alcoy-4.png\",\"width\":357,\"height\":290},{\"@type\":\"BreadcrumbList\",\"@id\":\"https:\\\/\\\/www.copealcoy.es\\\/es\\\/informativo-matinal-viernes-3-de-noviembre-2023-0750h\\\/#breadcrumb\",\"itemListElement\":[{\"@type\":\"ListItem\",\"position\":1,\"name\":\"Portada\",\"item\":\"https:\\\/\\\/www.copealcoy.es\\\/es\\\/\"},{\"@type\":\"ListItem\",\"position\":2,\"name\":\"Informativo matinal viernes 3 de noviembre 2023 (07:50h)\"}]},{\"@type\":\"WebSite\",\"@id\":\"https:\\\/\\\/www.copealcoy.es\\\/es\\\/#website\",\"url\":\"https:\\\/\\\/www.copealcoy.es\\\/es\\\/\",\"name\":\"COPE Alcoy\",\"description\":\"Emisora COPE de radio local con emisi\u00f3n online. Pont de Sant Jordi 8-10 03803 Alcoy\",\"potentialAction\":[{\"@type\":\"SearchAction\",\"target\":{\"@type\":\"EntryPoint\",\"urlTemplate\":\"https:\\\/\\\/www.copealcoy.es\\\/es\\\/?s={search_term_string}\"},\"query-input\":{\"@type\":\"PropertyValueSpecification\",\"valueRequired\":true,\"valueName\":\"search_term_string\"}}],\"inLanguage\":\"es\"},{\"@type\":\"Person\",\"@id\":\"https:\\\/\\\/www.copealcoy.es\\\/es\\\/#\\\/schema\\\/person\\\/e777c87fa024e57d40170af9df39882c\",\"name\":\"Cope Alcoy\",\"image\":{\"@type\":\"ImageObject\",\"inLanguage\":\"es\",\"@id\":\"https:\\\/\\\/secure.gravatar.com\\\/avatar\\\/bb65d0283347e303893ba14f0692005417c1e0e690a325a4c5d8bb2b3943ee14?s=96&d=mm&r=g\",\"url\":\"https:\\\/\\\/secure.gravatar.com\\\/avatar\\\/bb65d0283347e303893ba14f0692005417c1e0e690a325a4c5d8bb2b3943ee14?s=96&d=mm&r=g\",\"contentUrl\":\"https:\\\/\\\/secure.gravatar.com\\\/avatar\\\/bb65d0283347e303893ba14f0692005417c1e0e690a325a4c5d8bb2b3943ee14?s=96&d=mm&r=g\",\"caption\":\"Cope Alcoy\"}}]}<\/script>\n<!-- \/ Yoast SEO plugin. -->","yoast_head_json":{"title":"Informativo matinal viernes 3 de noviembre 2023 (07:50h) - COPE Alcoy","description":"La suspensi\u00f3n de la Fira de Tots Sants de Cocentaina para la ma\u00f1ana de este viernes y la situaci\u00f3n del incendio de la Vall de Albaida que roza nuestras comarcas son algunas de las noticias destacadas de este 3 de noviembre de 2023.","robots":{"index":"index","follow":"follow","max-snippet":"max-snippet:-1","max-image-preview":"max-image-preview:large","max-video-preview":"max-video-preview:-1"},"canonical":"https:\/\/www.copealcoy.es\/es\/informativo-matinal-viernes-3-de-noviembre-2023-0750h\/","og_locale":"es_ES","og_type":"article","og_title":"Informativo matinal viernes 3 de noviembre 2023 (07:50h) - COPE Alcoy","og_description":"La suspensi\u00f3n de la Fira de Tots Sants de Cocentaina para la ma\u00f1ana de este viernes y la situaci\u00f3n del incendio de la Vall de Albaida que roza nuestras comarcas son algunas de las noticias destacadas de este 3 de noviembre de 2023.","og_url":"https:\/\/www.copealcoy.es\/es\/informativo-matinal-viernes-3-de-noviembre-2023-0750h\/","og_site_name":"COPE Alcoy","article_published_time":"2023-11-03T06:30:11+00:00","article_modified_time":"2023-11-03T16:53:32+00:00","og_image":[{"width":357,"height":290,"url":"https:\/\/www.copealcoy.es\/wp-content\/uploads\/2023\/02\/Herrera-en-COPE-Alcoy-4.png","type":"image\/png"}],"author":"Cope Alcoy","twitter_misc":{"Escrito por":"Cope Alcoy","Tiempo de lectura":"2 minutos"},"schema":{"@context":"https:\/\/schema.org","@graph":[{"@type":"Article","@id":"https:\/\/www.copealcoy.es\/es\/informativo-matinal-viernes-3-de-noviembre-2023-0750h\/#article","isPartOf":{"@id":"https:\/\/www.copealcoy.es\/es\/informativo-matinal-viernes-3-de-noviembre-2023-0750h\/"},"author":{"name":"Cope Alcoy","@id":"https:\/\/www.copealcoy.es\/es\/#\/schema\/person\/e777c87fa024e57d40170af9df39882c"},"headline":"Informativo matinal viernes 3 de noviembre 2023 (07:50h)","datePublished":"2023-11-03T06:30:11+00:00","dateModified":"2023-11-03T16:53:32+00:00","mainEntityOfPage":{"@id":"https:\/\/www.copealcoy.es\/es\/informativo-matinal-viernes-3-de-noviembre-2023-0750h\/"},"wordCount":384,"commentCount":0,"image":{"@id":"https:\/\/www.copealcoy.es\/es\/informativo-matinal-viernes-3-de-noviembre-2023-0750h\/#primaryimage"},"thumbnailUrl":"https:\/\/www.copealcoy.es\/wp-content\/uploads\/2023\/02\/Herrera-en-COPE-Alcoy-4.png","articleSection":["Actualidad","Audios de los programas","Informativos"],"inLanguage":"es"},{"@type":"WebPage","@id":"https:\/\/www.copealcoy.es\/es\/informativo-matinal-viernes-3-de-noviembre-2023-0750h\/","url":"https:\/\/www.copealcoy.es\/es\/informativo-matinal-viernes-3-de-noviembre-2023-0750h\/","name":"Informativo matinal viernes 3 de noviembre 2023 (07:50h) - COPE Alcoy","isPartOf":{"@id":"https:\/\/www.copealcoy.es\/es\/#website"},"primaryImageOfPage":{"@id":"https:\/\/www.copealcoy.es\/es\/informativo-matinal-viernes-3-de-noviembre-2023-0750h\/#primaryimage"},"image":{"@id":"https:\/\/www.copealcoy.es\/es\/informativo-matinal-viernes-3-de-noviembre-2023-0750h\/#primaryimage"},"thumbnailUrl":"https:\/\/www.copealcoy.es\/wp-content\/uploads\/2023\/02\/Herrera-en-COPE-Alcoy-4.png","datePublished":"2023-11-03T06:30:11+00:00","dateModified":"2023-11-03T16:53:32+00:00","author":{"@id":"https:\/\/www.copealcoy.es\/es\/#\/schema\/person\/e777c87fa024e57d40170af9df39882c"},"description":"La suspensi\u00f3n de la Fira de Tots Sants de Cocentaina para la ma\u00f1ana de este viernes y la situaci\u00f3n del incendio de la Vall de Albaida que roza nuestras comarcas son algunas de las noticias destacadas de este 3 de noviembre de 2023.","breadcrumb":{"@id":"https:\/\/www.copealcoy.es\/es\/informativo-matinal-viernes-3-de-noviembre-2023-0750h\/#breadcrumb"},"inLanguage":"es","potentialAction":[{"@type":"ReadAction","target":["https:\/\/www.copealcoy.es\/es\/informativo-matinal-viernes-3-de-noviembre-2023-0750h\/"]}]},{"@type":"ImageObject","inLanguage":"es","@id":"https:\/\/www.copealcoy.es\/es\/informativo-matinal-viernes-3-de-noviembre-2023-0750h\/#primaryimage","url":"https:\/\/www.copealcoy.es\/wp-content\/uploads\/2023\/02\/Herrera-en-COPE-Alcoy-4.png","contentUrl":"https:\/\/www.copealcoy.es\/wp-content\/uploads\/2023\/02\/Herrera-en-COPE-Alcoy-4.png","width":357,"height":290},{"@type":"BreadcrumbList","@id":"https:\/\/www.copealcoy.es\/es\/informativo-matinal-viernes-3-de-noviembre-2023-0750h\/#breadcrumb","itemListElement":[{"@type":"ListItem","position":1,"name":"Portada","item":"https:\/\/www.copealcoy.es\/es\/"},{"@type":"ListItem","position":2,"name":"Informativo matinal viernes 3 de noviembre 2023 (07:50h)"}]},{"@type":"WebSite","@id":"https:\/\/www.copealcoy.es\/es\/#website","url":"https:\/\/www.copealcoy.es\/es\/","name":"COPE Alcoy","description":"Emisora COPE de radio local con emisi\u00f3n online. Pont de Sant Jordi 8-10 03803 Alcoy","potentialAction":[{"@type":"SearchAction","target":{"@type":"EntryPoint","urlTemplate":"https:\/\/www.copealcoy.es\/es\/?s={search_term_string}"},"query-input":{"@type":"PropertyValueSpecification","valueRequired":true,"valueName":"search_term_string"}}],"inLanguage":"es"},{"@type":"Person","@id":"https:\/\/www.copealcoy.es\/es\/#\/schema\/person\/e777c87fa024e57d40170af9df39882c","name":"Cope Alcoy","image":{"@type":"ImageObject","inLanguage":"es","@id":"https:\/\/secure.gravatar.com\/avatar\/bb65d0283347e303893ba14f0692005417c1e0e690a325a4c5d8bb2b3943ee14?s=96&d=mm&r=g","url":"https:\/\/secure.gravatar.com\/avatar\/bb65d0283347e303893ba14f0692005417c1e0e690a325a4c5d8bb2b3943ee14?s=96&d=mm&r=g","contentUrl":"https:\/\/secure.gravatar.com\/avatar\/bb65d0283347e303893ba14f0692005417c1e0e690a325a4c5d8bb2b3943ee14?s=96&d=mm&r=g","caption":"Cope Alcoy"}}]}},"_links":{"self":[{"href":"https:\/\/www.copealcoy.es\/es\/wp-json\/wp\/v2\/posts\/124351","targetHints":{"allow":["GET"]}}],"collection":[{"href":"https:\/\/www.copealcoy.es\/es\/wp-json\/wp\/v2\/posts"}],"about":[{"href":"https:\/\/www.copealcoy.es\/es\/wp-json\/wp\/v2\/types\/post"}],"author":[{"embeddable":true,"href":"https:\/\/www.copealcoy.es\/es\/wp-json\/wp\/v2\/users\/1"}],"replies":[{"embeddable":true,"href":"https:\/\/www.copealcoy.es\/es\/wp-json\/wp\/v2\/comments?post=124351"}],"version-history":[{"count":0,"href":"https:\/\/www.copealcoy.es\/es\/wp-json\/wp\/v2\/posts\/124351\/revisions"}],"wp:featuredmedia":[{"embeddable":true,"href":"https:\/\/www.copealcoy.es\/es\/wp-json\/wp\/v2\/media\/110612"}],"wp:attachment":[{"href":"https:\/\/www.copealcoy.es\/es\/wp-json\/wp\/v2\/media?parent=124351"}],"wp:term":[{"taxonomy":"category","embeddable":true,"href":"https:\/\/www.copealcoy.es\/es\/wp-json\/wp\/v2\/categories?post=124351"},{"taxonomy":"post_tag","embeddable":true,"href":"https:\/\/www.copealcoy.es\/es\/wp-json\/wp\/v2\/tags?post=124351"}],"curies":[{"name":"wp","href":"https:\/\/api.w.org\/{rel}","templated":true}]}}