{"id":124349,"date":"2023-11-03T11:25:25","date_gmt":"2023-11-03T10:25:25","guid":{"rendered":"https:\/\/www.copealcoy.es\/?p=124349"},"modified":"2023-11-03T17:04:19","modified_gmt":"2023-11-03T16:04:19","slug":"se-suspende-temporalmente-la-linea-de-tren-alcoi-xativa-por-caida-de-arboles-y-viento","status":"publish","type":"post","link":"https:\/\/www.copealcoy.es\/es\/se-suspende-temporalmente-la-linea-de-tren-alcoi-xativa-por-caida-de-arboles-y-viento\/","title":{"rendered":"Se suspende temporalmente la l\u00ednea de tren Alcoi-X\u00e0tiva por ca\u00edda de \u00e1rboles y viento"},"content":{"rendered":"<p style=\"text-align: justify;\">Queda <strong>suspendido temporalmente el servicio de tren Alcoi-X\u00e0tiva<\/strong>, debido a los fuertes vientos. As\u00ed lo ha comunicado el <strong>Ayuntamiento de Alcoy<\/strong> en la \u00faltima actualizaci\u00f3n sobre la situaci\u00f3n que se est\u00e1 viviendo desde ayer. Adem\u00e1s, <strong>se ha cerrado tambi\u00e9n el Ecoparque Municipal<\/strong>, seg\u00fan se ha informado desde el Consistorio.<\/p>\n<p style=\"text-align: justify;\">Se han superado todas las previsiones. El viento<strong> ha alcanzado en la Zona Alta de Alcoy los 126 kil\u00f3metros por hora este jueves<\/strong>, seg\u00fan los datos ofrecidos por <strong>AVAMET<\/strong>.<\/p>\n<p style=\"text-align: justify;\">Seg\u00fan se inform\u00f3 desde el Ayuntamiento de Alcoy, se esperaba que la velocidad del viento llegara a los 80 km\/h. Sin embargo, esta cifra se super\u00f3 en buena parte de la ciudad. Tambi\u00e9n la \u00faltima actualizaci\u00f3n de AVAMET confirma que, en lo que va de viernes, <strong>el viento ha alcanzado los 111 km\/h en la Zona Alta de Alcoy y los 114 en la Font Roja<\/strong>.<\/p>\n<p style=\"text-align: justify;\">El dispositivo especial de la <strong>Polic\u00eda Local de Alcoy<\/strong> ha recibido<strong> m\u00e1s de 40 avisos por diferentes incidencias<\/strong>. Las m\u00e1s destacadas, ramas ca\u00eddas, motocicletas volcadas&#8230; Tambi\u00e9n se est\u00e1n revisando los accesos a colegios, los parques, las farolas (propiedad del Ayuntamiento) y la V\u00eda Verde.<\/p>\n<p style=\"text-align: justify;\">El viento deja ya algunos incidentes rese\u00f1ables, como la <span style=\"color: #0000ff;\"><a style=\"color: #0000ff;\" href=\"https:\/\/www.copealcoy.es\/suspenden-las-clases-en-la-salle-de-alcoy-tras-caer-parte-del-techo-por-el-viento\/\" target=\"_blank\" rel=\"noopener\"><strong>ca\u00edda de parte del techo del colegio La Salle de Alcoy<\/strong><\/a><\/span>, que ha tenido que suspender sus clases para este viernes.<\/p>\n<p style=\"text-align: justify;\">Se mantienen las medidas adoptadas este jueves mientras se mantenga el nivel 1 de emergencia por el viento. Quedan <strong>suspendidas las actividades deportivas al aire libre y las instalaciones deportivas municipales y los parques permanecer\u00e1n cerrados<\/strong>. Adem\u00e1s, desde el Departamento de Seguridad realizan una serie de recomendaciones. Por ejemplo, evitar que los ni\u00f1os salgan al patio en los colegios e intentar permanecer en casa. \u00abTambi\u00e9n se recomienda no pasear por parques, jardines y plazas con \u00e1rboles y se han cerrado las puertas de los parques\u00bb, apuntaba Ra\u00fcl Llopis, edil de Seguridad.<\/p>\n<p style=\"text-align: justify;\"><span style=\"color: #0000ff;\"><strong>Previsi\u00f3n<\/strong><\/span><\/p>\n<p style=\"text-align: justify;\">Para este viernes se prev\u00e9 que el viento siga soplando con fuerza. Sin embargo, disminuir\u00e1 de cara a la pr\u00f3xima jornada. &#8220;Est\u00e1 previsto que este viernes se mantenga esa alerta de rachas de viento que pueden superar los 70-90 km\/h, aunque <strong>ir\u00e1n a menos de cara a la tarde del viernes y a ma\u00f1ana s\u00e1bado<\/strong>. Sin embargo, <strong>el domingo se espera la entrada de una nueva borrasca, &#8216;Domingos&#8217;<\/strong>, bastante activa, que someter\u00e1 a la provincia a rachas de viento fuertes&#8221;, ha explicado <strong>Jorge Olcina<\/strong>, catedr\u00e1tico de Climatolog\u00eda de la <strong>Universidad de Alicante (UA)<\/strong>, en declaraciones a <strong>Cope Alcoy<\/strong>. A\u00fan as\u00ed, la nueva borrasca no ser\u00e1 tan intensa como &#8216;Ciri\u00e1n&#8217;, la que ha sometido a toda la pen\u00ednsula en las \u00faltimas horas. Eso s\u00ed, a\u00f1ade Olcina,<strong> no est\u00e1n previstas precipitaciones<\/strong> por el paso de estas borrascas.<\/p>\n","protected":false},"excerpt":{"rendered":"<p>Queda suspendido temporalmente el servicio de tren Alcoi-X\u00e0tiva, debido a los fuertes vientos. As\u00ed lo ha comunicado el Ayuntamiento de&#8230;<\/p>\n","protected":false},"author":1,"featured_media":115348,"comment_status":"open","ping_status":"open","sticky":false,"template":"","format":"standard","meta":{"footnotes":""},"categories":[6909,97,75,80],"tags":[594,1494,577,644],"class_list":["post-124349","post","type-post","status-publish","format-standard","has-post-thumbnail","hentry","category-actualidad","category-alcoy","category-noticias","category-sucesos","tag-alcoi-xativa","tag-alcoy","tag-tren","tag-viento"],"yoast_head":"<!-- This site is optimized with the Yoast SEO plugin v27.3 - https:\/\/yoast.com\/product\/yoast-seo-wordpress\/ -->\n<title>Se suspende temporalmente la l\u00ednea de tren Alcoi-X\u00e0tiva por ca\u00edda de \u00e1rboles y viento - COPE Alcoy<\/title>\n<meta name=\"description\" content=\"Queda suspendido temporalmente el servicio de tren Alcoi-X\u00e0tiva, debido a los fuertes vientos. As\u00ed lo ha comunicado el Ayuntamiento de Alcoy en la \u00faltima actualizaci\u00f3n sobre la situaci\u00f3n que se est\u00e1 viviendo desde ayer. Adem\u00e1s, se ha cerrado tambi\u00e9n el Ecoparque Municipal, seg\u00fan se ha informado desde el Consistorio.\" \/>\n<meta name=\"robots\" content=\"index, follow, max-snippet:-1, max-image-preview:large, max-video-preview:-1\" \/>\n<link rel=\"canonical\" href=\"https:\/\/www.copealcoy.es\/es\/se-suspende-temporalmente-la-linea-de-tren-alcoi-xativa-por-caida-de-arboles-y-viento\/\" \/>\n<meta property=\"og:locale\" content=\"es_ES\" \/>\n<meta property=\"og:type\" content=\"article\" \/>\n<meta property=\"og:title\" content=\"Se suspende temporalmente la l\u00ednea de tren Alcoi-X\u00e0tiva por ca\u00edda de \u00e1rboles y viento - COPE Alcoy\" \/>\n<meta property=\"og:description\" content=\"Queda suspendido temporalmente el servicio de tren Alcoi-X\u00e0tiva, debido a los fuertes vientos. As\u00ed lo ha comunicado el Ayuntamiento de Alcoy en la \u00faltima actualizaci\u00f3n sobre la situaci\u00f3n que se est\u00e1 viviendo desde ayer. Adem\u00e1s, se ha cerrado tambi\u00e9n el Ecoparque Municipal, seg\u00fan se ha informado desde el Consistorio.\" \/>\n<meta property=\"og:url\" content=\"https:\/\/www.copealcoy.es\/es\/se-suspende-temporalmente-la-linea-de-tren-alcoi-xativa-por-caida-de-arboles-y-viento\/\" \/>\n<meta property=\"og:site_name\" content=\"COPE Alcoy\" \/>\n<meta property=\"article:published_time\" content=\"2023-11-03T10:25:25+00:00\" \/>\n<meta property=\"article:modified_time\" content=\"2023-11-03T16:04:19+00:00\" \/>\n<meta property=\"og:image\" content=\"https:\/\/www.copealcoy.es\/wp-content\/uploads\/2023\/05\/311947624_451970693705408_6831224780160960497_n.jpg\" \/>\n\t<meta property=\"og:image:width\" content=\"1280\" \/>\n\t<meta property=\"og:image:height\" content=\"720\" \/>\n\t<meta property=\"og:image:type\" content=\"image\/jpeg\" \/>\n<meta name=\"author\" content=\"Cope Alcoy\" \/>\n<meta name=\"twitter:label1\" content=\"Escrito por\" \/>\n\t<meta name=\"twitter:data1\" content=\"Cope Alcoy\" \/>\n\t<meta name=\"twitter:label2\" content=\"Tiempo de lectura\" \/>\n\t<meta name=\"twitter:data2\" content=\"3 minutos\" \/>\n<script type=\"application\/ld+json\" class=\"yoast-schema-graph\">{\"@context\":\"https:\\\/\\\/schema.org\",\"@graph\":[{\"@type\":\"Article\",\"@id\":\"https:\\\/\\\/www.copealcoy.es\\\/es\\\/se-suspende-temporalmente-la-linea-de-tren-alcoi-xativa-por-caida-de-arboles-y-viento\\\/#article\",\"isPartOf\":{\"@id\":\"https:\\\/\\\/www.copealcoy.es\\\/es\\\/se-suspende-temporalmente-la-linea-de-tren-alcoi-xativa-por-caida-de-arboles-y-viento\\\/\"},\"author\":{\"name\":\"Cope Alcoy\",\"@id\":\"https:\\\/\\\/www.copealcoy.es\\\/es\\\/#\\\/schema\\\/person\\\/e777c87fa024e57d40170af9df39882c\"},\"headline\":\"Se suspende temporalmente la l\u00ednea de tren Alcoi-X\u00e0tiva por ca\u00edda de \u00e1rboles y viento\",\"datePublished\":\"2023-11-03T10:25:25+00:00\",\"dateModified\":\"2023-11-03T16:04:19+00:00\",\"mainEntityOfPage\":{\"@id\":\"https:\\\/\\\/www.copealcoy.es\\\/es\\\/se-suspende-temporalmente-la-linea-de-tren-alcoi-xativa-por-caida-de-arboles-y-viento\\\/\"},\"wordCount\":496,\"commentCount\":0,\"image\":{\"@id\":\"https:\\\/\\\/www.copealcoy.es\\\/es\\\/se-suspende-temporalmente-la-linea-de-tren-alcoi-xativa-por-caida-de-arboles-y-viento\\\/#primaryimage\"},\"thumbnailUrl\":\"https:\\\/\\\/www.copealcoy.es\\\/wp-content\\\/uploads\\\/2023\\\/05\\\/311947624_451970693705408_6831224780160960497_n.jpg\",\"keywords\":[\"Alcoi - X\u00e0tiva\",\"Alcoy\",\"Tren\",\"Viento\"],\"articleSection\":[\"Actualidad\",\"Alcoy\",\"Noticias\",\"Sucesos\"],\"inLanguage\":\"es\"},{\"@type\":\"WebPage\",\"@id\":\"https:\\\/\\\/www.copealcoy.es\\\/es\\\/se-suspende-temporalmente-la-linea-de-tren-alcoi-xativa-por-caida-de-arboles-y-viento\\\/\",\"url\":\"https:\\\/\\\/www.copealcoy.es\\\/es\\\/se-suspende-temporalmente-la-linea-de-tren-alcoi-xativa-por-caida-de-arboles-y-viento\\\/\",\"name\":\"Se suspende temporalmente la l\u00ednea de tren Alcoi-X\u00e0tiva por ca\u00edda de \u00e1rboles y viento - COPE Alcoy\",\"isPartOf\":{\"@id\":\"https:\\\/\\\/www.copealcoy.es\\\/es\\\/#website\"},\"primaryImageOfPage\":{\"@id\":\"https:\\\/\\\/www.copealcoy.es\\\/es\\\/se-suspende-temporalmente-la-linea-de-tren-alcoi-xativa-por-caida-de-arboles-y-viento\\\/#primaryimage\"},\"image\":{\"@id\":\"https:\\\/\\\/www.copealcoy.es\\\/es\\\/se-suspende-temporalmente-la-linea-de-tren-alcoi-xativa-por-caida-de-arboles-y-viento\\\/#primaryimage\"},\"thumbnailUrl\":\"https:\\\/\\\/www.copealcoy.es\\\/wp-content\\\/uploads\\\/2023\\\/05\\\/311947624_451970693705408_6831224780160960497_n.jpg\",\"datePublished\":\"2023-11-03T10:25:25+00:00\",\"dateModified\":\"2023-11-03T16:04:19+00:00\",\"author\":{\"@id\":\"https:\\\/\\\/www.copealcoy.es\\\/es\\\/#\\\/schema\\\/person\\\/e777c87fa024e57d40170af9df39882c\"},\"description\":\"Queda suspendido temporalmente el servicio de tren Alcoi-X\u00e0tiva, debido a los fuertes vientos. As\u00ed lo ha comunicado el Ayuntamiento de Alcoy en la \u00faltima actualizaci\u00f3n sobre la situaci\u00f3n que se est\u00e1 viviendo desde ayer. Adem\u00e1s, se ha cerrado tambi\u00e9n el Ecoparque Municipal, seg\u00fan se ha informado desde el Consistorio.\",\"breadcrumb\":{\"@id\":\"https:\\\/\\\/www.copealcoy.es\\\/es\\\/se-suspende-temporalmente-la-linea-de-tren-alcoi-xativa-por-caida-de-arboles-y-viento\\\/#breadcrumb\"},\"inLanguage\":\"es\",\"potentialAction\":[{\"@type\":\"ReadAction\",\"target\":[\"https:\\\/\\\/www.copealcoy.es\\\/es\\\/se-suspende-temporalmente-la-linea-de-tren-alcoi-xativa-por-caida-de-arboles-y-viento\\\/\"]}]},{\"@type\":\"ImageObject\",\"inLanguage\":\"es\",\"@id\":\"https:\\\/\\\/www.copealcoy.es\\\/es\\\/se-suspende-temporalmente-la-linea-de-tren-alcoi-xativa-por-caida-de-arboles-y-viento\\\/#primaryimage\",\"url\":\"https:\\\/\\\/www.copealcoy.es\\\/wp-content\\\/uploads\\\/2023\\\/05\\\/311947624_451970693705408_6831224780160960497_n.jpg\",\"contentUrl\":\"https:\\\/\\\/www.copealcoy.es\\\/wp-content\\\/uploads\\\/2023\\\/05\\\/311947624_451970693705408_6831224780160960497_n.jpg\",\"width\":1280,\"height\":720},{\"@type\":\"BreadcrumbList\",\"@id\":\"https:\\\/\\\/www.copealcoy.es\\\/es\\\/se-suspende-temporalmente-la-linea-de-tren-alcoi-xativa-por-caida-de-arboles-y-viento\\\/#breadcrumb\",\"itemListElement\":[{\"@type\":\"ListItem\",\"position\":1,\"name\":\"Portada\",\"item\":\"https:\\\/\\\/www.copealcoy.es\\\/es\\\/\"},{\"@type\":\"ListItem\",\"position\":2,\"name\":\"Se suspende temporalmente la l\u00ednea de tren Alcoi-X\u00e0tiva por ca\u00edda de \u00e1rboles y viento\"}]},{\"@type\":\"WebSite\",\"@id\":\"https:\\\/\\\/www.copealcoy.es\\\/es\\\/#website\",\"url\":\"https:\\\/\\\/www.copealcoy.es\\\/es\\\/\",\"name\":\"COPE Alcoy\",\"description\":\"Emisora COPE de radio local con emisi\u00f3n online. Pont de Sant Jordi 8-10 03803 Alcoy\",\"potentialAction\":[{\"@type\":\"SearchAction\",\"target\":{\"@type\":\"EntryPoint\",\"urlTemplate\":\"https:\\\/\\\/www.copealcoy.es\\\/es\\\/?s={search_term_string}\"},\"query-input\":{\"@type\":\"PropertyValueSpecification\",\"valueRequired\":true,\"valueName\":\"search_term_string\"}}],\"inLanguage\":\"es\"},{\"@type\":\"Person\",\"@id\":\"https:\\\/\\\/www.copealcoy.es\\\/es\\\/#\\\/schema\\\/person\\\/e777c87fa024e57d40170af9df39882c\",\"name\":\"Cope Alcoy\",\"image\":{\"@type\":\"ImageObject\",\"inLanguage\":\"es\",\"@id\":\"https:\\\/\\\/secure.gravatar.com\\\/avatar\\\/bb65d0283347e303893ba14f0692005417c1e0e690a325a4c5d8bb2b3943ee14?s=96&d=mm&r=g\",\"url\":\"https:\\\/\\\/secure.gravatar.com\\\/avatar\\\/bb65d0283347e303893ba14f0692005417c1e0e690a325a4c5d8bb2b3943ee14?s=96&d=mm&r=g\",\"contentUrl\":\"https:\\\/\\\/secure.gravatar.com\\\/avatar\\\/bb65d0283347e303893ba14f0692005417c1e0e690a325a4c5d8bb2b3943ee14?s=96&d=mm&r=g\",\"caption\":\"Cope Alcoy\"}}]}<\/script>\n<!-- \/ Yoast SEO plugin. -->","yoast_head_json":{"title":"Se suspende temporalmente la l\u00ednea de tren Alcoi-X\u00e0tiva por ca\u00edda de \u00e1rboles y viento - COPE Alcoy","description":"Queda suspendido temporalmente el servicio de tren Alcoi-X\u00e0tiva, debido a los fuertes vientos. As\u00ed lo ha comunicado el Ayuntamiento de Alcoy en la \u00faltima actualizaci\u00f3n sobre la situaci\u00f3n que se est\u00e1 viviendo desde ayer. Adem\u00e1s, se ha cerrado tambi\u00e9n el Ecoparque Municipal, seg\u00fan se ha informado desde el Consistorio.","robots":{"index":"index","follow":"follow","max-snippet":"max-snippet:-1","max-image-preview":"max-image-preview:large","max-video-preview":"max-video-preview:-1"},"canonical":"https:\/\/www.copealcoy.es\/es\/se-suspende-temporalmente-la-linea-de-tren-alcoi-xativa-por-caida-de-arboles-y-viento\/","og_locale":"es_ES","og_type":"article","og_title":"Se suspende temporalmente la l\u00ednea de tren Alcoi-X\u00e0tiva por ca\u00edda de \u00e1rboles y viento - COPE Alcoy","og_description":"Queda suspendido temporalmente el servicio de tren Alcoi-X\u00e0tiva, debido a los fuertes vientos. As\u00ed lo ha comunicado el Ayuntamiento de Alcoy en la \u00faltima actualizaci\u00f3n sobre la situaci\u00f3n que se est\u00e1 viviendo desde ayer. Adem\u00e1s, se ha cerrado tambi\u00e9n el Ecoparque Municipal, seg\u00fan se ha informado desde el Consistorio.","og_url":"https:\/\/www.copealcoy.es\/es\/se-suspende-temporalmente-la-linea-de-tren-alcoi-xativa-por-caida-de-arboles-y-viento\/","og_site_name":"COPE Alcoy","article_published_time":"2023-11-03T10:25:25+00:00","article_modified_time":"2023-11-03T16:04:19+00:00","og_image":[{"width":1280,"height":720,"url":"https:\/\/www.copealcoy.es\/wp-content\/uploads\/2023\/05\/311947624_451970693705408_6831224780160960497_n.jpg","type":"image\/jpeg"}],"author":"Cope Alcoy","twitter_misc":{"Escrito por":"Cope Alcoy","Tiempo de lectura":"3 minutos"},"schema":{"@context":"https:\/\/schema.org","@graph":[{"@type":"Article","@id":"https:\/\/www.copealcoy.es\/es\/se-suspende-temporalmente-la-linea-de-tren-alcoi-xativa-por-caida-de-arboles-y-viento\/#article","isPartOf":{"@id":"https:\/\/www.copealcoy.es\/es\/se-suspende-temporalmente-la-linea-de-tren-alcoi-xativa-por-caida-de-arboles-y-viento\/"},"author":{"name":"Cope Alcoy","@id":"https:\/\/www.copealcoy.es\/es\/#\/schema\/person\/e777c87fa024e57d40170af9df39882c"},"headline":"Se suspende temporalmente la l\u00ednea de tren Alcoi-X\u00e0tiva por ca\u00edda de \u00e1rboles y viento","datePublished":"2023-11-03T10:25:25+00:00","dateModified":"2023-11-03T16:04:19+00:00","mainEntityOfPage":{"@id":"https:\/\/www.copealcoy.es\/es\/se-suspende-temporalmente-la-linea-de-tren-alcoi-xativa-por-caida-de-arboles-y-viento\/"},"wordCount":496,"commentCount":0,"image":{"@id":"https:\/\/www.copealcoy.es\/es\/se-suspende-temporalmente-la-linea-de-tren-alcoi-xativa-por-caida-de-arboles-y-viento\/#primaryimage"},"thumbnailUrl":"https:\/\/www.copealcoy.es\/wp-content\/uploads\/2023\/05\/311947624_451970693705408_6831224780160960497_n.jpg","keywords":["Alcoi - X\u00e0tiva","Alcoy","Tren","Viento"],"articleSection":["Actualidad","Alcoy","Noticias","Sucesos"],"inLanguage":"es"},{"@type":"WebPage","@id":"https:\/\/www.copealcoy.es\/es\/se-suspende-temporalmente-la-linea-de-tren-alcoi-xativa-por-caida-de-arboles-y-viento\/","url":"https:\/\/www.copealcoy.es\/es\/se-suspende-temporalmente-la-linea-de-tren-alcoi-xativa-por-caida-de-arboles-y-viento\/","name":"Se suspende temporalmente la l\u00ednea de tren Alcoi-X\u00e0tiva por ca\u00edda de \u00e1rboles y viento - COPE Alcoy","isPartOf":{"@id":"https:\/\/www.copealcoy.es\/es\/#website"},"primaryImageOfPage":{"@id":"https:\/\/www.copealcoy.es\/es\/se-suspende-temporalmente-la-linea-de-tren-alcoi-xativa-por-caida-de-arboles-y-viento\/#primaryimage"},"image":{"@id":"https:\/\/www.copealcoy.es\/es\/se-suspende-temporalmente-la-linea-de-tren-alcoi-xativa-por-caida-de-arboles-y-viento\/#primaryimage"},"thumbnailUrl":"https:\/\/www.copealcoy.es\/wp-content\/uploads\/2023\/05\/311947624_451970693705408_6831224780160960497_n.jpg","datePublished":"2023-11-03T10:25:25+00:00","dateModified":"2023-11-03T16:04:19+00:00","author":{"@id":"https:\/\/www.copealcoy.es\/es\/#\/schema\/person\/e777c87fa024e57d40170af9df39882c"},"description":"Queda suspendido temporalmente el servicio de tren Alcoi-X\u00e0tiva, debido a los fuertes vientos. As\u00ed lo ha comunicado el Ayuntamiento de Alcoy en la \u00faltima actualizaci\u00f3n sobre la situaci\u00f3n que se est\u00e1 viviendo desde ayer. Adem\u00e1s, se ha cerrado tambi\u00e9n el Ecoparque Municipal, seg\u00fan se ha informado desde el Consistorio.","breadcrumb":{"@id":"https:\/\/www.copealcoy.es\/es\/se-suspende-temporalmente-la-linea-de-tren-alcoi-xativa-por-caida-de-arboles-y-viento\/#breadcrumb"},"inLanguage":"es","potentialAction":[{"@type":"ReadAction","target":["https:\/\/www.copealcoy.es\/es\/se-suspende-temporalmente-la-linea-de-tren-alcoi-xativa-por-caida-de-arboles-y-viento\/"]}]},{"@type":"ImageObject","inLanguage":"es","@id":"https:\/\/www.copealcoy.es\/es\/se-suspende-temporalmente-la-linea-de-tren-alcoi-xativa-por-caida-de-arboles-y-viento\/#primaryimage","url":"https:\/\/www.copealcoy.es\/wp-content\/uploads\/2023\/05\/311947624_451970693705408_6831224780160960497_n.jpg","contentUrl":"https:\/\/www.copealcoy.es\/wp-content\/uploads\/2023\/05\/311947624_451970693705408_6831224780160960497_n.jpg","width":1280,"height":720},{"@type":"BreadcrumbList","@id":"https:\/\/www.copealcoy.es\/es\/se-suspende-temporalmente-la-linea-de-tren-alcoi-xativa-por-caida-de-arboles-y-viento\/#breadcrumb","itemListElement":[{"@type":"ListItem","position":1,"name":"Portada","item":"https:\/\/www.copealcoy.es\/es\/"},{"@type":"ListItem","position":2,"name":"Se suspende temporalmente la l\u00ednea de tren Alcoi-X\u00e0tiva por ca\u00edda de \u00e1rboles y viento"}]},{"@type":"WebSite","@id":"https:\/\/www.copealcoy.es\/es\/#website","url":"https:\/\/www.copealcoy.es\/es\/","name":"COPE Alcoy","description":"Emisora COPE de radio local con emisi\u00f3n online. Pont de Sant Jordi 8-10 03803 Alcoy","potentialAction":[{"@type":"SearchAction","target":{"@type":"EntryPoint","urlTemplate":"https:\/\/www.copealcoy.es\/es\/?s={search_term_string}"},"query-input":{"@type":"PropertyValueSpecification","valueRequired":true,"valueName":"search_term_string"}}],"inLanguage":"es"},{"@type":"Person","@id":"https:\/\/www.copealcoy.es\/es\/#\/schema\/person\/e777c87fa024e57d40170af9df39882c","name":"Cope Alcoy","image":{"@type":"ImageObject","inLanguage":"es","@id":"https:\/\/secure.gravatar.com\/avatar\/bb65d0283347e303893ba14f0692005417c1e0e690a325a4c5d8bb2b3943ee14?s=96&d=mm&r=g","url":"https:\/\/secure.gravatar.com\/avatar\/bb65d0283347e303893ba14f0692005417c1e0e690a325a4c5d8bb2b3943ee14?s=96&d=mm&r=g","contentUrl":"https:\/\/secure.gravatar.com\/avatar\/bb65d0283347e303893ba14f0692005417c1e0e690a325a4c5d8bb2b3943ee14?s=96&d=mm&r=g","caption":"Cope Alcoy"}}]}},"_links":{"self":[{"href":"https:\/\/www.copealcoy.es\/es\/wp-json\/wp\/v2\/posts\/124349","targetHints":{"allow":["GET"]}}],"collection":[{"href":"https:\/\/www.copealcoy.es\/es\/wp-json\/wp\/v2\/posts"}],"about":[{"href":"https:\/\/www.copealcoy.es\/es\/wp-json\/wp\/v2\/types\/post"}],"author":[{"embeddable":true,"href":"https:\/\/www.copealcoy.es\/es\/wp-json\/wp\/v2\/users\/1"}],"replies":[{"embeddable":true,"href":"https:\/\/www.copealcoy.es\/es\/wp-json\/wp\/v2\/comments?post=124349"}],"version-history":[{"count":0,"href":"https:\/\/www.copealcoy.es\/es\/wp-json\/wp\/v2\/posts\/124349\/revisions"}],"wp:featuredmedia":[{"embeddable":true,"href":"https:\/\/www.copealcoy.es\/es\/wp-json\/wp\/v2\/media\/115348"}],"wp:attachment":[{"href":"https:\/\/www.copealcoy.es\/es\/wp-json\/wp\/v2\/media?parent=124349"}],"wp:term":[{"taxonomy":"category","embeddable":true,"href":"https:\/\/www.copealcoy.es\/es\/wp-json\/wp\/v2\/categories?post=124349"},{"taxonomy":"post_tag","embeddable":true,"href":"https:\/\/www.copealcoy.es\/es\/wp-json\/wp\/v2\/tags?post=124349"}],"curies":[{"name":"wp","href":"https:\/\/api.w.org\/{rel}","templated":true}]}}