{"id":124296,"date":"2023-11-02T16:37:54","date_gmt":"2023-11-02T15:37:54","guid":{"rendered":"https:\/\/www.copealcoy.es\/?p=124296"},"modified":"2023-11-02T20:05:03","modified_gmt":"2023-11-02T19:05:03","slug":"suspenden-las-clases-en-la-salle-de-alcoy-tras-caer-parte-del-techo-por-el-viento","status":"publish","type":"post","link":"https:\/\/www.copealcoy.es\/es\/suspenden-las-clases-en-la-salle-de-alcoy-tras-caer-parte-del-techo-por-el-viento\/","title":{"rendered":"Suspenden las clases en La Salle de Alcoy tras caer parte del techo por el viento"},"content":{"rendered":"<p style=\"text-align: justify;\">Las fuertes rachas de viento que se vienen dando en las \u00faltimas horas comienzan a causar incidencias en la ciudad. <strong>Parte del techo del Colegio La Salle de Alcoy ha ca\u00eddo<\/strong>, dejando la acera llena de escombros. Afortunadamente no se han registrado da\u00f1os personales.<\/p>\n<p style=\"text-align: justify;\">Uno de los accesos al centro educativo ha quedado bloqueado y la <strong>Polic\u00eda Local de Alcoy<\/strong> ha acordonado la zona. La <strong>Conselleria de Educaci\u00f3n<\/strong> ha confirmado que <strong>se suspenden las clases<\/strong> en el centro educativo para este viernes.<\/p>\n<p style=\"text-align: justify;\">M\u00e1s all\u00e1 de este incidente, a esta hora, <strong>el viento deja tambi\u00e9n ramas de \u00e1rboles ca\u00eddas<\/strong> en distintas zonas de Alcoy.<\/p>\n<p style=\"text-align: justify;\">Y es que, seg\u00fan la \u00faltima actualizaci\u00f3n de datos ofrecida por <span style=\"color: #000080;\"><a style=\"color: #000080;\" href=\"https:\/\/www.avamet.org\/mxo-mxo.php?territori=c27\" target=\"_blank\" rel=\"noopener\"><strong>AVAMET<\/strong><\/a><\/span>, se han superado los 80 kil\u00f3metros por hora en algunos puntos de la ciudad. <strong>En la Zona Alta se han llegado a registrar 93 km\/h y en la Font Roja, 92 km\/h<\/strong>.<\/p>\n<p style=\"text-align: justify;\">Ante la situaci\u00f3n, <strong>el Ayuntamiento de Alcoy ha anunciado que quedan suspendidas las actividades deportivas al aire libre<\/strong>\u00a0en espacios municipales y que <strong>los parques permanecer\u00e1n cerrados<\/strong>. Adem\u00e1s, desde el Departamento de Seguridad realizan una serie de recomendaciones. &#8220;Tambi\u00e9n se recomienda no pasear por parques, jardines y plazas con \u00e1rboles y se han cerrado las puertas de los parques&#8221;, ha asegurado <strong>Ra\u00fcl Llopis<\/strong>, edil de Seguridad.<\/p>\n<p style=\"text-align: justify;\"><span style=\"color: #0000ff;\"><strong>La Fira de Tots Sants suspende su actividad<\/strong><\/span><\/p>\n<p style=\"text-align: justify;\">\u00daltima hora en relaci\u00f3n a la Fira de Tots Sants de Cocentaina. Las<strong>\u00a0fuertes rachas de viento<\/strong>\u00a0que se est\u00e1n experimentando en las \u00faltimas horas han obligado a\u00a0<strong>suspender la actividad hasta nuevo aviso<\/strong>. As\u00ed lo ha anunciado\u00a0<strong>Jordi Pla<\/strong>, alcalde de la localidad, en declaraciones a\u00a0<strong>Cope Alcoy<\/strong>\u00a0durante su programa especial.<\/p>\n<p style=\"text-align: justify;\">\u00abAcabamos de tener la reuni\u00f3n todos los agentes implicados. Hemos tomado la decisi\u00f3n de clausurar y cerrar la Fira esta tarde. La alerta se incrementa y hemos tenido muchos problemas con carpas, lonas\u2026 Es lo m\u00e1s responsable\u00bb, ha explicado el alcalde. Y es que\u00a0<strong>se est\u00e1n registrando rachas de viento de 70 a 90 kil\u00f3metros por hora<\/strong>.<\/p>\n<p style=\"text-align: justify;\">A las ocho de la tarde tendr\u00e1n una\u00a0<strong>nueva reuni\u00f3n para valorar la situaci\u00f3n de cara a la jornada del viernes<\/strong>. \u00abPara ma\u00f1ana seg\u00fan los informes meteorol\u00f3gicos nos indican que el viento ser\u00e1 normal\u00bb, a\u00f1ade Pla.<\/p>\n<p style=\"text-align: justify;\">Imagen: redes sociales<\/p>\n","protected":false},"excerpt":{"rendered":"<p>Las fuertes rachas de viento que se vienen dando en las \u00faltimas horas comienzan a causar incidencias en la ciudad&#8230;.<\/p>\n","protected":false},"author":1,"featured_media":124297,"comment_status":"open","ping_status":"open","sticky":false,"template":"","format":"standard","meta":{"footnotes":""},"categories":[6909,97,75,80],"tags":[1494,14796,741,644],"class_list":["post-124296","post","type-post","status-publish","format-standard","has-post-thumbnail","hentry","category-actualidad","category-alcoy","category-noticias","category-sucesos","tag-alcoy","tag-incidentes","tag-sucesos","tag-viento"],"yoast_head":"<!-- This site is optimized with the Yoast SEO plugin v27.3 - https:\/\/yoast.com\/product\/yoast-seo-wordpress\/ -->\n<title>Suspenden las clases en La Salle de Alcoy tras caer parte del techo por el viento - COPE Alcoy<\/title>\n<meta name=\"description\" content=\"Las fuertes rachas de viento que se vienen dando en las \u00faltimas horas comienzan a causar incidencias en la ciudad. Parte del techo del Colegio La Salle de Alcoy ha ca\u00eddo, dejando la acera llena de escombros. Afortunadamente no se han registrado da\u00f1os personales.\" \/>\n<meta name=\"robots\" content=\"index, follow, max-snippet:-1, max-image-preview:large, max-video-preview:-1\" \/>\n<link rel=\"canonical\" href=\"https:\/\/www.copealcoy.es\/es\/suspenden-las-clases-en-la-salle-de-alcoy-tras-caer-parte-del-techo-por-el-viento\/\" \/>\n<meta property=\"og:locale\" content=\"es_ES\" \/>\n<meta property=\"og:type\" content=\"article\" \/>\n<meta property=\"og:title\" content=\"Suspenden las clases en La Salle de Alcoy tras caer parte del techo por el viento - COPE Alcoy\" \/>\n<meta property=\"og:description\" content=\"Las fuertes rachas de viento que se vienen dando en las \u00faltimas horas comienzan a causar incidencias en la ciudad. Parte del techo del Colegio La Salle de Alcoy ha ca\u00eddo, dejando la acera llena de escombros. Afortunadamente no se han registrado da\u00f1os personales.\" \/>\n<meta property=\"og:url\" content=\"https:\/\/www.copealcoy.es\/es\/suspenden-las-clases-en-la-salle-de-alcoy-tras-caer-parte-del-techo-por-el-viento\/\" \/>\n<meta property=\"og:site_name\" content=\"COPE Alcoy\" \/>\n<meta property=\"article:published_time\" content=\"2023-11-02T15:37:54+00:00\" \/>\n<meta property=\"article:modified_time\" content=\"2023-11-02T19:05:03+00:00\" \/>\n<meta property=\"og:image\" content=\"https:\/\/www.copealcoy.es\/wp-content\/uploads\/2023\/11\/397900959_10232765939231964_8486439352296091476_n.jpg\" \/>\n\t<meta property=\"og:image:width\" content=\"900\" \/>\n\t<meta property=\"og:image:height\" content=\"760\" \/>\n\t<meta property=\"og:image:type\" content=\"image\/jpeg\" \/>\n<meta name=\"author\" content=\"Cope Alcoy\" \/>\n<meta name=\"twitter:label1\" content=\"Escrito por\" \/>\n\t<meta name=\"twitter:data1\" content=\"Cope Alcoy\" \/>\n\t<meta name=\"twitter:label2\" content=\"Tiempo de lectura\" \/>\n\t<meta name=\"twitter:data2\" content=\"2 minutos\" \/>\n<script type=\"application\/ld+json\" class=\"yoast-schema-graph\">{\"@context\":\"https:\\\/\\\/schema.org\",\"@graph\":[{\"@type\":\"Article\",\"@id\":\"https:\\\/\\\/www.copealcoy.es\\\/es\\\/suspenden-las-clases-en-la-salle-de-alcoy-tras-caer-parte-del-techo-por-el-viento\\\/#article\",\"isPartOf\":{\"@id\":\"https:\\\/\\\/www.copealcoy.es\\\/es\\\/suspenden-las-clases-en-la-salle-de-alcoy-tras-caer-parte-del-techo-por-el-viento\\\/\"},\"author\":{\"name\":\"Cope Alcoy\",\"@id\":\"https:\\\/\\\/www.copealcoy.es\\\/es\\\/#\\\/schema\\\/person\\\/e777c87fa024e57d40170af9df39882c\"},\"headline\":\"Suspenden las clases en La Salle de Alcoy tras caer parte del techo por el viento\",\"datePublished\":\"2023-11-02T15:37:54+00:00\",\"dateModified\":\"2023-11-02T19:05:03+00:00\",\"mainEntityOfPage\":{\"@id\":\"https:\\\/\\\/www.copealcoy.es\\\/es\\\/suspenden-las-clases-en-la-salle-de-alcoy-tras-caer-parte-del-techo-por-el-viento\\\/\"},\"wordCount\":412,\"commentCount\":0,\"image\":{\"@id\":\"https:\\\/\\\/www.copealcoy.es\\\/es\\\/suspenden-las-clases-en-la-salle-de-alcoy-tras-caer-parte-del-techo-por-el-viento\\\/#primaryimage\"},\"thumbnailUrl\":\"https:\\\/\\\/www.copealcoy.es\\\/wp-content\\\/uploads\\\/2023\\\/11\\\/397900959_10232765939231964_8486439352296091476_n.jpg\",\"keywords\":[\"Alcoy\",\"incidentes\",\"Sucesos\",\"Viento\"],\"articleSection\":[\"Actualidad\",\"Alcoy\",\"Noticias\",\"Sucesos\"],\"inLanguage\":\"es\"},{\"@type\":\"WebPage\",\"@id\":\"https:\\\/\\\/www.copealcoy.es\\\/es\\\/suspenden-las-clases-en-la-salle-de-alcoy-tras-caer-parte-del-techo-por-el-viento\\\/\",\"url\":\"https:\\\/\\\/www.copealcoy.es\\\/es\\\/suspenden-las-clases-en-la-salle-de-alcoy-tras-caer-parte-del-techo-por-el-viento\\\/\",\"name\":\"Suspenden las clases en La Salle de Alcoy tras caer parte del techo por el viento - COPE Alcoy\",\"isPartOf\":{\"@id\":\"https:\\\/\\\/www.copealcoy.es\\\/es\\\/#website\"},\"primaryImageOfPage\":{\"@id\":\"https:\\\/\\\/www.copealcoy.es\\\/es\\\/suspenden-las-clases-en-la-salle-de-alcoy-tras-caer-parte-del-techo-por-el-viento\\\/#primaryimage\"},\"image\":{\"@id\":\"https:\\\/\\\/www.copealcoy.es\\\/es\\\/suspenden-las-clases-en-la-salle-de-alcoy-tras-caer-parte-del-techo-por-el-viento\\\/#primaryimage\"},\"thumbnailUrl\":\"https:\\\/\\\/www.copealcoy.es\\\/wp-content\\\/uploads\\\/2023\\\/11\\\/397900959_10232765939231964_8486439352296091476_n.jpg\",\"datePublished\":\"2023-11-02T15:37:54+00:00\",\"dateModified\":\"2023-11-02T19:05:03+00:00\",\"author\":{\"@id\":\"https:\\\/\\\/www.copealcoy.es\\\/es\\\/#\\\/schema\\\/person\\\/e777c87fa024e57d40170af9df39882c\"},\"description\":\"Las fuertes rachas de viento que se vienen dando en las \u00faltimas horas comienzan a causar incidencias en la ciudad. Parte del techo del Colegio La Salle de Alcoy ha ca\u00eddo, dejando la acera llena de escombros. Afortunadamente no se han registrado da\u00f1os personales.\",\"breadcrumb\":{\"@id\":\"https:\\\/\\\/www.copealcoy.es\\\/es\\\/suspenden-las-clases-en-la-salle-de-alcoy-tras-caer-parte-del-techo-por-el-viento\\\/#breadcrumb\"},\"inLanguage\":\"es\",\"potentialAction\":[{\"@type\":\"ReadAction\",\"target\":[\"https:\\\/\\\/www.copealcoy.es\\\/es\\\/suspenden-las-clases-en-la-salle-de-alcoy-tras-caer-parte-del-techo-por-el-viento\\\/\"]}]},{\"@type\":\"ImageObject\",\"inLanguage\":\"es\",\"@id\":\"https:\\\/\\\/www.copealcoy.es\\\/es\\\/suspenden-las-clases-en-la-salle-de-alcoy-tras-caer-parte-del-techo-por-el-viento\\\/#primaryimage\",\"url\":\"https:\\\/\\\/www.copealcoy.es\\\/wp-content\\\/uploads\\\/2023\\\/11\\\/397900959_10232765939231964_8486439352296091476_n.jpg\",\"contentUrl\":\"https:\\\/\\\/www.copealcoy.es\\\/wp-content\\\/uploads\\\/2023\\\/11\\\/397900959_10232765939231964_8486439352296091476_n.jpg\",\"width\":900,\"height\":760},{\"@type\":\"BreadcrumbList\",\"@id\":\"https:\\\/\\\/www.copealcoy.es\\\/es\\\/suspenden-las-clases-en-la-salle-de-alcoy-tras-caer-parte-del-techo-por-el-viento\\\/#breadcrumb\",\"itemListElement\":[{\"@type\":\"ListItem\",\"position\":1,\"name\":\"Portada\",\"item\":\"https:\\\/\\\/www.copealcoy.es\\\/es\\\/\"},{\"@type\":\"ListItem\",\"position\":2,\"name\":\"Suspenden las clases en La Salle de Alcoy tras caer parte del techo por el viento\"}]},{\"@type\":\"WebSite\",\"@id\":\"https:\\\/\\\/www.copealcoy.es\\\/es\\\/#website\",\"url\":\"https:\\\/\\\/www.copealcoy.es\\\/es\\\/\",\"name\":\"COPE Alcoy\",\"description\":\"Emisora COPE de radio local con emisi\u00f3n online. Pont de Sant Jordi 8-10 03803 Alcoy\",\"potentialAction\":[{\"@type\":\"SearchAction\",\"target\":{\"@type\":\"EntryPoint\",\"urlTemplate\":\"https:\\\/\\\/www.copealcoy.es\\\/es\\\/?s={search_term_string}\"},\"query-input\":{\"@type\":\"PropertyValueSpecification\",\"valueRequired\":true,\"valueName\":\"search_term_string\"}}],\"inLanguage\":\"es\"},{\"@type\":\"Person\",\"@id\":\"https:\\\/\\\/www.copealcoy.es\\\/es\\\/#\\\/schema\\\/person\\\/e777c87fa024e57d40170af9df39882c\",\"name\":\"Cope Alcoy\",\"image\":{\"@type\":\"ImageObject\",\"inLanguage\":\"es\",\"@id\":\"https:\\\/\\\/secure.gravatar.com\\\/avatar\\\/bb65d0283347e303893ba14f0692005417c1e0e690a325a4c5d8bb2b3943ee14?s=96&d=mm&r=g\",\"url\":\"https:\\\/\\\/secure.gravatar.com\\\/avatar\\\/bb65d0283347e303893ba14f0692005417c1e0e690a325a4c5d8bb2b3943ee14?s=96&d=mm&r=g\",\"contentUrl\":\"https:\\\/\\\/secure.gravatar.com\\\/avatar\\\/bb65d0283347e303893ba14f0692005417c1e0e690a325a4c5d8bb2b3943ee14?s=96&d=mm&r=g\",\"caption\":\"Cope Alcoy\"}}]}<\/script>\n<!-- \/ Yoast SEO plugin. -->","yoast_head_json":{"title":"Suspenden las clases en La Salle de Alcoy tras caer parte del techo por el viento - COPE Alcoy","description":"Las fuertes rachas de viento que se vienen dando en las \u00faltimas horas comienzan a causar incidencias en la ciudad. Parte del techo del Colegio La Salle de Alcoy ha ca\u00eddo, dejando la acera llena de escombros. Afortunadamente no se han registrado da\u00f1os personales.","robots":{"index":"index","follow":"follow","max-snippet":"max-snippet:-1","max-image-preview":"max-image-preview:large","max-video-preview":"max-video-preview:-1"},"canonical":"https:\/\/www.copealcoy.es\/es\/suspenden-las-clases-en-la-salle-de-alcoy-tras-caer-parte-del-techo-por-el-viento\/","og_locale":"es_ES","og_type":"article","og_title":"Suspenden las clases en La Salle de Alcoy tras caer parte del techo por el viento - COPE Alcoy","og_description":"Las fuertes rachas de viento que se vienen dando en las \u00faltimas horas comienzan a causar incidencias en la ciudad. Parte del techo del Colegio La Salle de Alcoy ha ca\u00eddo, dejando la acera llena de escombros. Afortunadamente no se han registrado da\u00f1os personales.","og_url":"https:\/\/www.copealcoy.es\/es\/suspenden-las-clases-en-la-salle-de-alcoy-tras-caer-parte-del-techo-por-el-viento\/","og_site_name":"COPE Alcoy","article_published_time":"2023-11-02T15:37:54+00:00","article_modified_time":"2023-11-02T19:05:03+00:00","og_image":[{"width":900,"height":760,"url":"https:\/\/www.copealcoy.es\/wp-content\/uploads\/2023\/11\/397900959_10232765939231964_8486439352296091476_n.jpg","type":"image\/jpeg"}],"author":"Cope Alcoy","twitter_misc":{"Escrito por":"Cope Alcoy","Tiempo de lectura":"2 minutos"},"schema":{"@context":"https:\/\/schema.org","@graph":[{"@type":"Article","@id":"https:\/\/www.copealcoy.es\/es\/suspenden-las-clases-en-la-salle-de-alcoy-tras-caer-parte-del-techo-por-el-viento\/#article","isPartOf":{"@id":"https:\/\/www.copealcoy.es\/es\/suspenden-las-clases-en-la-salle-de-alcoy-tras-caer-parte-del-techo-por-el-viento\/"},"author":{"name":"Cope Alcoy","@id":"https:\/\/www.copealcoy.es\/es\/#\/schema\/person\/e777c87fa024e57d40170af9df39882c"},"headline":"Suspenden las clases en La Salle de Alcoy tras caer parte del techo por el viento","datePublished":"2023-11-02T15:37:54+00:00","dateModified":"2023-11-02T19:05:03+00:00","mainEntityOfPage":{"@id":"https:\/\/www.copealcoy.es\/es\/suspenden-las-clases-en-la-salle-de-alcoy-tras-caer-parte-del-techo-por-el-viento\/"},"wordCount":412,"commentCount":0,"image":{"@id":"https:\/\/www.copealcoy.es\/es\/suspenden-las-clases-en-la-salle-de-alcoy-tras-caer-parte-del-techo-por-el-viento\/#primaryimage"},"thumbnailUrl":"https:\/\/www.copealcoy.es\/wp-content\/uploads\/2023\/11\/397900959_10232765939231964_8486439352296091476_n.jpg","keywords":["Alcoy","incidentes","Sucesos","Viento"],"articleSection":["Actualidad","Alcoy","Noticias","Sucesos"],"inLanguage":"es"},{"@type":"WebPage","@id":"https:\/\/www.copealcoy.es\/es\/suspenden-las-clases-en-la-salle-de-alcoy-tras-caer-parte-del-techo-por-el-viento\/","url":"https:\/\/www.copealcoy.es\/es\/suspenden-las-clases-en-la-salle-de-alcoy-tras-caer-parte-del-techo-por-el-viento\/","name":"Suspenden las clases en La Salle de Alcoy tras caer parte del techo por el viento - COPE Alcoy","isPartOf":{"@id":"https:\/\/www.copealcoy.es\/es\/#website"},"primaryImageOfPage":{"@id":"https:\/\/www.copealcoy.es\/es\/suspenden-las-clases-en-la-salle-de-alcoy-tras-caer-parte-del-techo-por-el-viento\/#primaryimage"},"image":{"@id":"https:\/\/www.copealcoy.es\/es\/suspenden-las-clases-en-la-salle-de-alcoy-tras-caer-parte-del-techo-por-el-viento\/#primaryimage"},"thumbnailUrl":"https:\/\/www.copealcoy.es\/wp-content\/uploads\/2023\/11\/397900959_10232765939231964_8486439352296091476_n.jpg","datePublished":"2023-11-02T15:37:54+00:00","dateModified":"2023-11-02T19:05:03+00:00","author":{"@id":"https:\/\/www.copealcoy.es\/es\/#\/schema\/person\/e777c87fa024e57d40170af9df39882c"},"description":"Las fuertes rachas de viento que se vienen dando en las \u00faltimas horas comienzan a causar incidencias en la ciudad. Parte del techo del Colegio La Salle de Alcoy ha ca\u00eddo, dejando la acera llena de escombros. Afortunadamente no se han registrado da\u00f1os personales.","breadcrumb":{"@id":"https:\/\/www.copealcoy.es\/es\/suspenden-las-clases-en-la-salle-de-alcoy-tras-caer-parte-del-techo-por-el-viento\/#breadcrumb"},"inLanguage":"es","potentialAction":[{"@type":"ReadAction","target":["https:\/\/www.copealcoy.es\/es\/suspenden-las-clases-en-la-salle-de-alcoy-tras-caer-parte-del-techo-por-el-viento\/"]}]},{"@type":"ImageObject","inLanguage":"es","@id":"https:\/\/www.copealcoy.es\/es\/suspenden-las-clases-en-la-salle-de-alcoy-tras-caer-parte-del-techo-por-el-viento\/#primaryimage","url":"https:\/\/www.copealcoy.es\/wp-content\/uploads\/2023\/11\/397900959_10232765939231964_8486439352296091476_n.jpg","contentUrl":"https:\/\/www.copealcoy.es\/wp-content\/uploads\/2023\/11\/397900959_10232765939231964_8486439352296091476_n.jpg","width":900,"height":760},{"@type":"BreadcrumbList","@id":"https:\/\/www.copealcoy.es\/es\/suspenden-las-clases-en-la-salle-de-alcoy-tras-caer-parte-del-techo-por-el-viento\/#breadcrumb","itemListElement":[{"@type":"ListItem","position":1,"name":"Portada","item":"https:\/\/www.copealcoy.es\/es\/"},{"@type":"ListItem","position":2,"name":"Suspenden las clases en La Salle de Alcoy tras caer parte del techo por el viento"}]},{"@type":"WebSite","@id":"https:\/\/www.copealcoy.es\/es\/#website","url":"https:\/\/www.copealcoy.es\/es\/","name":"COPE Alcoy","description":"Emisora COPE de radio local con emisi\u00f3n online. Pont de Sant Jordi 8-10 03803 Alcoy","potentialAction":[{"@type":"SearchAction","target":{"@type":"EntryPoint","urlTemplate":"https:\/\/www.copealcoy.es\/es\/?s={search_term_string}"},"query-input":{"@type":"PropertyValueSpecification","valueRequired":true,"valueName":"search_term_string"}}],"inLanguage":"es"},{"@type":"Person","@id":"https:\/\/www.copealcoy.es\/es\/#\/schema\/person\/e777c87fa024e57d40170af9df39882c","name":"Cope Alcoy","image":{"@type":"ImageObject","inLanguage":"es","@id":"https:\/\/secure.gravatar.com\/avatar\/bb65d0283347e303893ba14f0692005417c1e0e690a325a4c5d8bb2b3943ee14?s=96&d=mm&r=g","url":"https:\/\/secure.gravatar.com\/avatar\/bb65d0283347e303893ba14f0692005417c1e0e690a325a4c5d8bb2b3943ee14?s=96&d=mm&r=g","contentUrl":"https:\/\/secure.gravatar.com\/avatar\/bb65d0283347e303893ba14f0692005417c1e0e690a325a4c5d8bb2b3943ee14?s=96&d=mm&r=g","caption":"Cope Alcoy"}}]}},"_links":{"self":[{"href":"https:\/\/www.copealcoy.es\/es\/wp-json\/wp\/v2\/posts\/124296","targetHints":{"allow":["GET"]}}],"collection":[{"href":"https:\/\/www.copealcoy.es\/es\/wp-json\/wp\/v2\/posts"}],"about":[{"href":"https:\/\/www.copealcoy.es\/es\/wp-json\/wp\/v2\/types\/post"}],"author":[{"embeddable":true,"href":"https:\/\/www.copealcoy.es\/es\/wp-json\/wp\/v2\/users\/1"}],"replies":[{"embeddable":true,"href":"https:\/\/www.copealcoy.es\/es\/wp-json\/wp\/v2\/comments?post=124296"}],"version-history":[{"count":0,"href":"https:\/\/www.copealcoy.es\/es\/wp-json\/wp\/v2\/posts\/124296\/revisions"}],"wp:featuredmedia":[{"embeddable":true,"href":"https:\/\/www.copealcoy.es\/es\/wp-json\/wp\/v2\/media\/124297"}],"wp:attachment":[{"href":"https:\/\/www.copealcoy.es\/es\/wp-json\/wp\/v2\/media?parent=124296"}],"wp:term":[{"taxonomy":"category","embeddable":true,"href":"https:\/\/www.copealcoy.es\/es\/wp-json\/wp\/v2\/categories?post=124296"},{"taxonomy":"post_tag","embeddable":true,"href":"https:\/\/www.copealcoy.es\/es\/wp-json\/wp\/v2\/tags?post=124296"}],"curies":[{"name":"wp","href":"https:\/\/api.w.org\/{rel}","templated":true}]}}