{"id":124290,"date":"2023-11-02T13:55:49","date_gmt":"2023-11-02T12:55:49","guid":{"rendered":"https:\/\/www.copealcoy.es\/?p=124290"},"modified":"2023-11-02T20:12:27","modified_gmt":"2023-11-02T19:12:27","slug":"se-suspende-la-fira-de-tots-sants-de-cocentaina-por-el-viento-hasta-nuevo-aviso","status":"publish","type":"post","link":"https:\/\/www.copealcoy.es\/es\/se-suspende-la-fira-de-tots-sants-de-cocentaina-por-el-viento-hasta-nuevo-aviso\/","title":{"rendered":"Se suspende la Fira de Tots Sants de Cocentaina por el viento hasta nuevo aviso"},"content":{"rendered":"<p style=\"text-align: justify;\">\u00daltima hora en relaci\u00f3n a la Fira de Tots Sants de Cocentaina. Las<strong> fuertes rachas de viento<\/strong> que se est\u00e1n experimentando en las \u00faltimas horas han obligado a <strong>suspender la actividad hasta nuevo aviso<\/strong>. As\u00ed lo ha anunciado <strong>Jordi Pla<\/strong>, alcalde de la localidad, en declaraciones a <strong>Cope Alcoy<\/strong> durante su programa especial.<\/p>\n<p style=\"text-align: justify;\">&#8220;Acabamos de tener la reuni\u00f3n todos los agentes implicados. Hemos tomado la decisi\u00f3n de clausurar y cerrar la Fira esta tarde. La alerta se incrementa y hemos tenido muchos problemas con carpas, lonas&#8230; Es lo m\u00e1s responsable&#8221;, ha explicado el alcalde. Y es que <strong>se est\u00e1n registrando rachas de viento de 70 a 90 kil\u00f3metros por hora<\/strong>.<\/p>\n<p style=\"text-align: justify;\">A las ocho de la tarde tendr\u00e1n una <strong>nueva reuni\u00f3n para valorar la situaci\u00f3n de cara a la jornada del viernes<\/strong>. &#8220;Para ma\u00f1ana seg\u00fan los informes meteorol\u00f3gicos nos indican que el viento ser\u00e1 normal&#8221;, a\u00f1ade Pla. Por el momento, los expositores y estands ya est\u00e1n cerrando.<\/p>\n<p style=\"text-align: justify;\"><span style=\"color: #0000ff;\"><strong>Inauguraci\u00f3n de la Fira<\/strong><\/span><\/p>\n<p style=\"text-align: justify;\">Cocentaina estren\u00f3 ayer mi\u00e9rcoles <span style=\"color: #000080;\"><a style=\"color: #000080;\" href=\"https:\/\/www.copealcoy.es\/cocentaina-estrena-de-forma-apoteosica-su-677-fira-de-tots-sants\/\" target=\"_blank\" rel=\"noopener\"><strong>la 677 edici\u00f3n de la Fira de Tots Sants<\/strong><\/a><\/span> y lo hizo en<strong>\u00a0el d\u00eda grande de esta cita<\/strong>\u00a0puesto que\u00a0<strong>la jornada inaugural coincidi\u00f3 con el 1 de noviembre<\/strong>. La jornada, que amanci\u00f3 algo nubosa,<strong> transcurri\u00f3 con gran ambiente festivo<\/strong> en unas calles que desde primera hora de la ma\u00f1ana comenzaron a ser <strong>un aut\u00e9ntico hervidero<\/strong>\u00a0de visitantes.<\/p>\n<p style=\"text-align: justify;\">La inauguraci\u00f3n dio inicio en las inmediaciones del Pla de la Font, donde se estaba celebrando <strong>el tradicional \u2018Esmorzar de Fira\u2019<\/strong>, con\u00a0<strong>la recepci\u00f3n de autoridades<\/strong>\u00a0d\u00e1ndose paso posteriormente a\u00a0<strong>un recorrido de la comitiva<\/strong>\u00a0por las principales calles del casco antiguo de la Villa Condal. Esta\u00a0<strong>amplia representaci\u00f3n institucional<\/strong>, con el alcalde\u00a0<strong>Jordi Pla<\/strong> al frente, se detuvo en El Pla <strong>para esperar la llegada del Presidente de la Generalitat Valenciana<\/strong>. Carlos Maz\u00f3n, que aterriz\u00f3 en el municipio con casi una hora de retraso, <strong>pudo estar finalmente en el balc\u00f3n del Palau Comtal presidiendo el momento en el que el magistrado contestano Ximo Gadea le\u00eda el Privilegi<\/strong> otorgado en 1346 a la localidad por el Rey Pere IV El Cerimoni\u00f3ns; documento que autorizaba a la celebraci\u00f3n de una Feria con car\u00e1cter anual. As\u00ed arranc\u00f3 una 677 edici\u00f3n de la Fira de Tots Sants por la que pasaron ayer<strong> m\u00e1s de 173.000 visitantes<\/strong>.<\/p>\n","protected":false},"excerpt":{"rendered":"<p>\u00daltima hora en relaci\u00f3n a la Fira de Tots Sants de Cocentaina. Las fuertes rachas de viento que se est\u00e1n&#8230;<\/p>\n","protected":false},"author":1,"featured_media":124291,"comment_status":"open","ping_status":"open","sticky":false,"template":"","format":"standard","meta":{"footnotes":""},"categories":[6909,97,75,125],"tags":[132,1541,15839,644],"class_list":["post-124290","post","type-post","status-publish","format-standard","has-post-thumbnail","hentry","category-actualidad","category-alcoy","category-noticias","category-portada","tag-cocentaina","tag-fira-tots-sants","tag-ultima-hora","tag-viento"],"yoast_head":"<!-- This site is optimized with the Yoast SEO plugin v27.3 - https:\/\/yoast.com\/product\/yoast-seo-wordpress\/ -->\n<title>Se suspende la Fira de Tots Sants de Cocentaina por el viento hasta nuevo aviso - COPE Alcoy<\/title>\n<meta name=\"description\" content=\"\u00dalltima hora en relaci\u00f3n a la Fira de Tots Sants de cocentaina. Las fuertes rachas de viento que se est\u00e1n experimentando en las \u00faltimas horas han obligado a suspender la actividad hasta nuevo aviso. As\u00ed lo ha anunciado Jordi Pla, alcalde de la localidad, en declaraciones a Cope Alcoy durante su programa especial.\" \/>\n<meta name=\"robots\" content=\"index, follow, max-snippet:-1, max-image-preview:large, max-video-preview:-1\" \/>\n<link rel=\"canonical\" href=\"https:\/\/www.copealcoy.es\/es\/se-suspende-la-fira-de-tots-sants-de-cocentaina-por-el-viento-hasta-nuevo-aviso\/\" \/>\n<meta property=\"og:locale\" content=\"es_ES\" \/>\n<meta property=\"og:type\" content=\"article\" \/>\n<meta property=\"og:title\" content=\"Se suspende la Fira de Tots Sants de Cocentaina por el viento hasta nuevo aviso - COPE Alcoy\" \/>\n<meta property=\"og:description\" content=\"\u00dalltima hora en relaci\u00f3n a la Fira de Tots Sants de cocentaina. Las fuertes rachas de viento que se est\u00e1n experimentando en las \u00faltimas horas han obligado a suspender la actividad hasta nuevo aviso. As\u00ed lo ha anunciado Jordi Pla, alcalde de la localidad, en declaraciones a Cope Alcoy durante su programa especial.\" \/>\n<meta property=\"og:url\" content=\"https:\/\/www.copealcoy.es\/es\/se-suspende-la-fira-de-tots-sants-de-cocentaina-por-el-viento-hasta-nuevo-aviso\/\" \/>\n<meta property=\"og:site_name\" content=\"COPE Alcoy\" \/>\n<meta property=\"article:published_time\" content=\"2023-11-02T12:55:49+00:00\" \/>\n<meta property=\"article:modified_time\" content=\"2023-11-02T19:12:27+00:00\" \/>\n<meta property=\"og:image\" content=\"https:\/\/www.copealcoy.es\/wp-content\/uploads\/2023\/11\/WhatsApp-Image-2023-11-02-at-13.45.48-1-scaled.jpeg\" \/>\n\t<meta property=\"og:image:width\" content=\"1920\" \/>\n\t<meta property=\"og:image:height\" content=\"1080\" \/>\n\t<meta property=\"og:image:type\" content=\"image\/jpeg\" \/>\n<meta name=\"author\" content=\"Cope Alcoy\" \/>\n<meta name=\"twitter:label1\" content=\"Escrito por\" \/>\n\t<meta name=\"twitter:data1\" content=\"Cope Alcoy\" \/>\n\t<meta name=\"twitter:label2\" content=\"Tiempo de lectura\" \/>\n\t<meta name=\"twitter:data2\" content=\"2 minutos\" \/>\n<script type=\"application\/ld+json\" class=\"yoast-schema-graph\">{\"@context\":\"https:\\\/\\\/schema.org\",\"@graph\":[{\"@type\":\"Article\",\"@id\":\"https:\\\/\\\/www.copealcoy.es\\\/es\\\/se-suspende-la-fira-de-tots-sants-de-cocentaina-por-el-viento-hasta-nuevo-aviso\\\/#article\",\"isPartOf\":{\"@id\":\"https:\\\/\\\/www.copealcoy.es\\\/es\\\/se-suspende-la-fira-de-tots-sants-de-cocentaina-por-el-viento-hasta-nuevo-aviso\\\/\"},\"author\":{\"name\":\"Cope Alcoy\",\"@id\":\"https:\\\/\\\/www.copealcoy.es\\\/es\\\/#\\\/schema\\\/person\\\/e777c87fa024e57d40170af9df39882c\"},\"headline\":\"Se suspende la Fira de Tots Sants de Cocentaina por el viento hasta nuevo aviso\",\"datePublished\":\"2023-11-02T12:55:49+00:00\",\"dateModified\":\"2023-11-02T19:12:27+00:00\",\"mainEntityOfPage\":{\"@id\":\"https:\\\/\\\/www.copealcoy.es\\\/es\\\/se-suspende-la-fira-de-tots-sants-de-cocentaina-por-el-viento-hasta-nuevo-aviso\\\/\"},\"wordCount\":417,\"commentCount\":0,\"image\":{\"@id\":\"https:\\\/\\\/www.copealcoy.es\\\/es\\\/se-suspende-la-fira-de-tots-sants-de-cocentaina-por-el-viento-hasta-nuevo-aviso\\\/#primaryimage\"},\"thumbnailUrl\":\"https:\\\/\\\/www.copealcoy.es\\\/wp-content\\\/uploads\\\/2023\\\/11\\\/WhatsApp-Image-2023-11-02-at-13.45.48-1-scaled.jpeg\",\"keywords\":[\"Cocentaina\",\"Fira Tots Sants\",\"\u00faltima hora\",\"Viento\"],\"articleSection\":[\"Actualidad\",\"Alcoy\",\"Noticias\",\"Portada\"],\"inLanguage\":\"es\"},{\"@type\":\"WebPage\",\"@id\":\"https:\\\/\\\/www.copealcoy.es\\\/es\\\/se-suspende-la-fira-de-tots-sants-de-cocentaina-por-el-viento-hasta-nuevo-aviso\\\/\",\"url\":\"https:\\\/\\\/www.copealcoy.es\\\/es\\\/se-suspende-la-fira-de-tots-sants-de-cocentaina-por-el-viento-hasta-nuevo-aviso\\\/\",\"name\":\"Se suspende la Fira de Tots Sants de Cocentaina por el viento hasta nuevo aviso - COPE Alcoy\",\"isPartOf\":{\"@id\":\"https:\\\/\\\/www.copealcoy.es\\\/es\\\/#website\"},\"primaryImageOfPage\":{\"@id\":\"https:\\\/\\\/www.copealcoy.es\\\/es\\\/se-suspende-la-fira-de-tots-sants-de-cocentaina-por-el-viento-hasta-nuevo-aviso\\\/#primaryimage\"},\"image\":{\"@id\":\"https:\\\/\\\/www.copealcoy.es\\\/es\\\/se-suspende-la-fira-de-tots-sants-de-cocentaina-por-el-viento-hasta-nuevo-aviso\\\/#primaryimage\"},\"thumbnailUrl\":\"https:\\\/\\\/www.copealcoy.es\\\/wp-content\\\/uploads\\\/2023\\\/11\\\/WhatsApp-Image-2023-11-02-at-13.45.48-1-scaled.jpeg\",\"datePublished\":\"2023-11-02T12:55:49+00:00\",\"dateModified\":\"2023-11-02T19:12:27+00:00\",\"author\":{\"@id\":\"https:\\\/\\\/www.copealcoy.es\\\/es\\\/#\\\/schema\\\/person\\\/e777c87fa024e57d40170af9df39882c\"},\"description\":\"\u00dalltima hora en relaci\u00f3n a la Fira de Tots Sants de cocentaina. Las fuertes rachas de viento que se est\u00e1n experimentando en las \u00faltimas horas han obligado a suspender la actividad hasta nuevo aviso. As\u00ed lo ha anunciado Jordi Pla, alcalde de la localidad, en declaraciones a Cope Alcoy durante su programa especial.\",\"breadcrumb\":{\"@id\":\"https:\\\/\\\/www.copealcoy.es\\\/es\\\/se-suspende-la-fira-de-tots-sants-de-cocentaina-por-el-viento-hasta-nuevo-aviso\\\/#breadcrumb\"},\"inLanguage\":\"es\",\"potentialAction\":[{\"@type\":\"ReadAction\",\"target\":[\"https:\\\/\\\/www.copealcoy.es\\\/es\\\/se-suspende-la-fira-de-tots-sants-de-cocentaina-por-el-viento-hasta-nuevo-aviso\\\/\"]}]},{\"@type\":\"ImageObject\",\"inLanguage\":\"es\",\"@id\":\"https:\\\/\\\/www.copealcoy.es\\\/es\\\/se-suspende-la-fira-de-tots-sants-de-cocentaina-por-el-viento-hasta-nuevo-aviso\\\/#primaryimage\",\"url\":\"https:\\\/\\\/www.copealcoy.es\\\/wp-content\\\/uploads\\\/2023\\\/11\\\/WhatsApp-Image-2023-11-02-at-13.45.48-1-scaled.jpeg\",\"contentUrl\":\"https:\\\/\\\/www.copealcoy.es\\\/wp-content\\\/uploads\\\/2023\\\/11\\\/WhatsApp-Image-2023-11-02-at-13.45.48-1-scaled.jpeg\",\"width\":1920,\"height\":1080},{\"@type\":\"BreadcrumbList\",\"@id\":\"https:\\\/\\\/www.copealcoy.es\\\/es\\\/se-suspende-la-fira-de-tots-sants-de-cocentaina-por-el-viento-hasta-nuevo-aviso\\\/#breadcrumb\",\"itemListElement\":[{\"@type\":\"ListItem\",\"position\":1,\"name\":\"Portada\",\"item\":\"https:\\\/\\\/www.copealcoy.es\\\/es\\\/\"},{\"@type\":\"ListItem\",\"position\":2,\"name\":\"Se suspende la Fira de Tots Sants de Cocentaina por el viento hasta nuevo aviso\"}]},{\"@type\":\"WebSite\",\"@id\":\"https:\\\/\\\/www.copealcoy.es\\\/es\\\/#website\",\"url\":\"https:\\\/\\\/www.copealcoy.es\\\/es\\\/\",\"name\":\"COPE Alcoy\",\"description\":\"Emisora COPE de radio local con emisi\u00f3n online. Pont de Sant Jordi 8-10 03803 Alcoy\",\"potentialAction\":[{\"@type\":\"SearchAction\",\"target\":{\"@type\":\"EntryPoint\",\"urlTemplate\":\"https:\\\/\\\/www.copealcoy.es\\\/es\\\/?s={search_term_string}\"},\"query-input\":{\"@type\":\"PropertyValueSpecification\",\"valueRequired\":true,\"valueName\":\"search_term_string\"}}],\"inLanguage\":\"es\"},{\"@type\":\"Person\",\"@id\":\"https:\\\/\\\/www.copealcoy.es\\\/es\\\/#\\\/schema\\\/person\\\/e777c87fa024e57d40170af9df39882c\",\"name\":\"Cope Alcoy\",\"image\":{\"@type\":\"ImageObject\",\"inLanguage\":\"es\",\"@id\":\"https:\\\/\\\/secure.gravatar.com\\\/avatar\\\/bb65d0283347e303893ba14f0692005417c1e0e690a325a4c5d8bb2b3943ee14?s=96&d=mm&r=g\",\"url\":\"https:\\\/\\\/secure.gravatar.com\\\/avatar\\\/bb65d0283347e303893ba14f0692005417c1e0e690a325a4c5d8bb2b3943ee14?s=96&d=mm&r=g\",\"contentUrl\":\"https:\\\/\\\/secure.gravatar.com\\\/avatar\\\/bb65d0283347e303893ba14f0692005417c1e0e690a325a4c5d8bb2b3943ee14?s=96&d=mm&r=g\",\"caption\":\"Cope Alcoy\"}}]}<\/script>\n<!-- \/ Yoast SEO plugin. -->","yoast_head_json":{"title":"Se suspende la Fira de Tots Sants de Cocentaina por el viento hasta nuevo aviso - COPE Alcoy","description":"\u00dalltima hora en relaci\u00f3n a la Fira de Tots Sants de cocentaina. Las fuertes rachas de viento que se est\u00e1n experimentando en las \u00faltimas horas han obligado a suspender la actividad hasta nuevo aviso. As\u00ed lo ha anunciado Jordi Pla, alcalde de la localidad, en declaraciones a Cope Alcoy durante su programa especial.","robots":{"index":"index","follow":"follow","max-snippet":"max-snippet:-1","max-image-preview":"max-image-preview:large","max-video-preview":"max-video-preview:-1"},"canonical":"https:\/\/www.copealcoy.es\/es\/se-suspende-la-fira-de-tots-sants-de-cocentaina-por-el-viento-hasta-nuevo-aviso\/","og_locale":"es_ES","og_type":"article","og_title":"Se suspende la Fira de Tots Sants de Cocentaina por el viento hasta nuevo aviso - COPE Alcoy","og_description":"\u00dalltima hora en relaci\u00f3n a la Fira de Tots Sants de cocentaina. Las fuertes rachas de viento que se est\u00e1n experimentando en las \u00faltimas horas han obligado a suspender la actividad hasta nuevo aviso. As\u00ed lo ha anunciado Jordi Pla, alcalde de la localidad, en declaraciones a Cope Alcoy durante su programa especial.","og_url":"https:\/\/www.copealcoy.es\/es\/se-suspende-la-fira-de-tots-sants-de-cocentaina-por-el-viento-hasta-nuevo-aviso\/","og_site_name":"COPE Alcoy","article_published_time":"2023-11-02T12:55:49+00:00","article_modified_time":"2023-11-02T19:12:27+00:00","og_image":[{"width":1920,"height":1080,"url":"https:\/\/www.copealcoy.es\/wp-content\/uploads\/2023\/11\/WhatsApp-Image-2023-11-02-at-13.45.48-1-scaled.jpeg","type":"image\/jpeg"}],"author":"Cope Alcoy","twitter_misc":{"Escrito por":"Cope Alcoy","Tiempo de lectura":"2 minutos"},"schema":{"@context":"https:\/\/schema.org","@graph":[{"@type":"Article","@id":"https:\/\/www.copealcoy.es\/es\/se-suspende-la-fira-de-tots-sants-de-cocentaina-por-el-viento-hasta-nuevo-aviso\/#article","isPartOf":{"@id":"https:\/\/www.copealcoy.es\/es\/se-suspende-la-fira-de-tots-sants-de-cocentaina-por-el-viento-hasta-nuevo-aviso\/"},"author":{"name":"Cope Alcoy","@id":"https:\/\/www.copealcoy.es\/es\/#\/schema\/person\/e777c87fa024e57d40170af9df39882c"},"headline":"Se suspende la Fira de Tots Sants de Cocentaina por el viento hasta nuevo aviso","datePublished":"2023-11-02T12:55:49+00:00","dateModified":"2023-11-02T19:12:27+00:00","mainEntityOfPage":{"@id":"https:\/\/www.copealcoy.es\/es\/se-suspende-la-fira-de-tots-sants-de-cocentaina-por-el-viento-hasta-nuevo-aviso\/"},"wordCount":417,"commentCount":0,"image":{"@id":"https:\/\/www.copealcoy.es\/es\/se-suspende-la-fira-de-tots-sants-de-cocentaina-por-el-viento-hasta-nuevo-aviso\/#primaryimage"},"thumbnailUrl":"https:\/\/www.copealcoy.es\/wp-content\/uploads\/2023\/11\/WhatsApp-Image-2023-11-02-at-13.45.48-1-scaled.jpeg","keywords":["Cocentaina","Fira Tots Sants","\u00faltima hora","Viento"],"articleSection":["Actualidad","Alcoy","Noticias","Portada"],"inLanguage":"es"},{"@type":"WebPage","@id":"https:\/\/www.copealcoy.es\/es\/se-suspende-la-fira-de-tots-sants-de-cocentaina-por-el-viento-hasta-nuevo-aviso\/","url":"https:\/\/www.copealcoy.es\/es\/se-suspende-la-fira-de-tots-sants-de-cocentaina-por-el-viento-hasta-nuevo-aviso\/","name":"Se suspende la Fira de Tots Sants de Cocentaina por el viento hasta nuevo aviso - COPE Alcoy","isPartOf":{"@id":"https:\/\/www.copealcoy.es\/es\/#website"},"primaryImageOfPage":{"@id":"https:\/\/www.copealcoy.es\/es\/se-suspende-la-fira-de-tots-sants-de-cocentaina-por-el-viento-hasta-nuevo-aviso\/#primaryimage"},"image":{"@id":"https:\/\/www.copealcoy.es\/es\/se-suspende-la-fira-de-tots-sants-de-cocentaina-por-el-viento-hasta-nuevo-aviso\/#primaryimage"},"thumbnailUrl":"https:\/\/www.copealcoy.es\/wp-content\/uploads\/2023\/11\/WhatsApp-Image-2023-11-02-at-13.45.48-1-scaled.jpeg","datePublished":"2023-11-02T12:55:49+00:00","dateModified":"2023-11-02T19:12:27+00:00","author":{"@id":"https:\/\/www.copealcoy.es\/es\/#\/schema\/person\/e777c87fa024e57d40170af9df39882c"},"description":"\u00dalltima hora en relaci\u00f3n a la Fira de Tots Sants de cocentaina. Las fuertes rachas de viento que se est\u00e1n experimentando en las \u00faltimas horas han obligado a suspender la actividad hasta nuevo aviso. As\u00ed lo ha anunciado Jordi Pla, alcalde de la localidad, en declaraciones a Cope Alcoy durante su programa especial.","breadcrumb":{"@id":"https:\/\/www.copealcoy.es\/es\/se-suspende-la-fira-de-tots-sants-de-cocentaina-por-el-viento-hasta-nuevo-aviso\/#breadcrumb"},"inLanguage":"es","potentialAction":[{"@type":"ReadAction","target":["https:\/\/www.copealcoy.es\/es\/se-suspende-la-fira-de-tots-sants-de-cocentaina-por-el-viento-hasta-nuevo-aviso\/"]}]},{"@type":"ImageObject","inLanguage":"es","@id":"https:\/\/www.copealcoy.es\/es\/se-suspende-la-fira-de-tots-sants-de-cocentaina-por-el-viento-hasta-nuevo-aviso\/#primaryimage","url":"https:\/\/www.copealcoy.es\/wp-content\/uploads\/2023\/11\/WhatsApp-Image-2023-11-02-at-13.45.48-1-scaled.jpeg","contentUrl":"https:\/\/www.copealcoy.es\/wp-content\/uploads\/2023\/11\/WhatsApp-Image-2023-11-02-at-13.45.48-1-scaled.jpeg","width":1920,"height":1080},{"@type":"BreadcrumbList","@id":"https:\/\/www.copealcoy.es\/es\/se-suspende-la-fira-de-tots-sants-de-cocentaina-por-el-viento-hasta-nuevo-aviso\/#breadcrumb","itemListElement":[{"@type":"ListItem","position":1,"name":"Portada","item":"https:\/\/www.copealcoy.es\/es\/"},{"@type":"ListItem","position":2,"name":"Se suspende la Fira de Tots Sants de Cocentaina por el viento hasta nuevo aviso"}]},{"@type":"WebSite","@id":"https:\/\/www.copealcoy.es\/es\/#website","url":"https:\/\/www.copealcoy.es\/es\/","name":"COPE Alcoy","description":"Emisora COPE de radio local con emisi\u00f3n online. Pont de Sant Jordi 8-10 03803 Alcoy","potentialAction":[{"@type":"SearchAction","target":{"@type":"EntryPoint","urlTemplate":"https:\/\/www.copealcoy.es\/es\/?s={search_term_string}"},"query-input":{"@type":"PropertyValueSpecification","valueRequired":true,"valueName":"search_term_string"}}],"inLanguage":"es"},{"@type":"Person","@id":"https:\/\/www.copealcoy.es\/es\/#\/schema\/person\/e777c87fa024e57d40170af9df39882c","name":"Cope Alcoy","image":{"@type":"ImageObject","inLanguage":"es","@id":"https:\/\/secure.gravatar.com\/avatar\/bb65d0283347e303893ba14f0692005417c1e0e690a325a4c5d8bb2b3943ee14?s=96&d=mm&r=g","url":"https:\/\/secure.gravatar.com\/avatar\/bb65d0283347e303893ba14f0692005417c1e0e690a325a4c5d8bb2b3943ee14?s=96&d=mm&r=g","contentUrl":"https:\/\/secure.gravatar.com\/avatar\/bb65d0283347e303893ba14f0692005417c1e0e690a325a4c5d8bb2b3943ee14?s=96&d=mm&r=g","caption":"Cope Alcoy"}}]}},"_links":{"self":[{"href":"https:\/\/www.copealcoy.es\/es\/wp-json\/wp\/v2\/posts\/124290","targetHints":{"allow":["GET"]}}],"collection":[{"href":"https:\/\/www.copealcoy.es\/es\/wp-json\/wp\/v2\/posts"}],"about":[{"href":"https:\/\/www.copealcoy.es\/es\/wp-json\/wp\/v2\/types\/post"}],"author":[{"embeddable":true,"href":"https:\/\/www.copealcoy.es\/es\/wp-json\/wp\/v2\/users\/1"}],"replies":[{"embeddable":true,"href":"https:\/\/www.copealcoy.es\/es\/wp-json\/wp\/v2\/comments?post=124290"}],"version-history":[{"count":0,"href":"https:\/\/www.copealcoy.es\/es\/wp-json\/wp\/v2\/posts\/124290\/revisions"}],"wp:featuredmedia":[{"embeddable":true,"href":"https:\/\/www.copealcoy.es\/es\/wp-json\/wp\/v2\/media\/124291"}],"wp:attachment":[{"href":"https:\/\/www.copealcoy.es\/es\/wp-json\/wp\/v2\/media?parent=124290"}],"wp:term":[{"taxonomy":"category","embeddable":true,"href":"https:\/\/www.copealcoy.es\/es\/wp-json\/wp\/v2\/categories?post=124290"},{"taxonomy":"post_tag","embeddable":true,"href":"https:\/\/www.copealcoy.es\/es\/wp-json\/wp\/v2\/tags?post=124290"}],"curies":[{"name":"wp","href":"https:\/\/api.w.org\/{rel}","templated":true}]}}