{"id":124157,"date":"2023-10-31T21:42:54","date_gmt":"2023-10-31T20:42:54","guid":{"rendered":"https:\/\/www.copealcoy.es\/?p=124157"},"modified":"2023-10-31T21:56:01","modified_gmt":"2023-10-31T20:56:01","slug":"el-president-mazon-inaugura-manana-la-fira-de-cocentaina","status":"publish","type":"post","link":"https:\/\/www.copealcoy.es\/es\/el-president-mazon-inaugura-manana-la-fira-de-cocentaina\/","title":{"rendered":"El President Maz\u00f3n inaugura ma\u00f1ana la Fira de Cocentaina"},"content":{"rendered":"<p style=\"text-align: justify;\">Todo ya est\u00e1 preparado en Cocentaina para que <strong>ma\u00f1ana <\/strong>arranque <strong>la 677 edici\u00f3n<\/strong> de <a href=\"https:\/\/www.firadecocentaina.org\/es\/\" target=\"_blank\" rel=\"noopener\"><span style=\"color: #0000ff;\"><strong>la Fira de Tots Sants<\/strong><\/span><\/a>, una cita que <strong>llega con destacados cambios<\/strong> que hacen que este gran evento est\u00e9 siempre en <strong>constante evoluci\u00f3n<\/strong> para adaptarse a las necesidades de cada momento. El certamen <strong>abrir\u00e1 oficialmente sus puertas el mi\u00e9rcoles por la ma\u00f1ana con una inauguraci\u00f3n oficial que coincide este a\u00f1o en el d\u00eda grande de Tots Sants<\/strong>, lo cual har\u00e1 que el acto de apertura tenga lugar ante miles de personas que no fallan nunca a su cita tradicional con la Fira del 1 de noviembre.<\/p>\n<p style=\"text-align: justify;\">En la mencionada inauguraci\u00f3n tendr\u00e1 un papel destacado <strong>el magistrado contestano Ximo Gadea<\/strong> ya que este <strong>ser\u00e1 el encargado de leer el privilegi<\/strong> a trav\u00e9s del cual el Rei Pere IV El Cerimoni\u00f3s autoriz\u00f3 en 1346 a la celebraci\u00f3n de una Feria con car\u00e1cter anual. A la ceremonia han confirmado su asistencia el <strong>Pesident de la Generalitat Valenciana<\/strong>, Carlos Maz\u00f3n, junto a <strong>la titular de Turismo<\/strong> del gobierno auton\u00f3mico, Nuria Montes. Tambi\u00e9n se prev\u00e9 la presencia del <strong>Subdelegado del Gobierno en la provincia de Alicante<\/strong> (Carlos S\u00e1nchez Heras) y de <strong>diversos altos cargos de los partidos pol\u00edticos presentes en les Corts Valencianes<\/strong> junto a <strong>diputados nacionales, auton\u00f3micos y provinciales<\/strong> sin dejar de lado <strong>alcaldes de estas comarcas<\/strong> e incluso <strong>representantes del \u00e1mbito empresarial, social, econ\u00f3mico, educativo o universitario<\/strong>. El alcalde de la Villa Condal conf\u00eda en que <strong>el cambio de color pol\u00edtico en el Consell no se traduzca en una merma de los apoyos que fragu\u00f3 el anterior gobierno auton\u00f3mico del Bot\u00e0nic con la Fira de Fires<\/strong> al mismo tiempo que avanza los datos que se manejan para esta edici\u00f3n \u201c<em>las m\u00e1s altas instituciones valencianas deben de seguir apoyando un gran evento como este, que es un aut\u00e9ntico motor econ\u00f3mico y tur\u00edstico con m\u00e1s de seiscientos a\u00f1os de historia, y esperamos que contin\u00fae tanto el respaldo institucional como econ\u00f3mico que se le ha dado a nuestra Fira en los \u00faltimos tiempos. Las previsiones para este 2023 son muy buenas y si la climatolog\u00eda acompa\u00f1a en las cinco jornadas, volveremos a estar ante una edici\u00f3n de r\u00e9cord que superar\u00e1 el medio mill\u00f3n de visitantes\u201d, <\/em>afirmaba esta semana <strong>Jordi Pla<\/strong>.<\/p>\n<p style=\"text-align: justify;\">Con la inauguraci\u00f3n oficial de este mi\u00e9rcoles, dar\u00e1 inicio <strong>una de las ediciones de la Fira de Cocentaina m\u00e1s longevas de los \u00faltimos a\u00f1os<\/strong> en la que m\u00e1s de 800 expositores vuelven a mostrar en la calle <strong>una amplia oferta comercial<\/strong> que se reparte por casi 140.000 metros cuadrados de exposici\u00f3n. De nuevo la capital del Comtat obra el milagro de hacer que sus calles sean, por Tots Sants, <strong>un espacio de sensaciones \u00fanico<\/strong> que sin olvidar sus ra\u00edces agr\u00edcolas avanza con \u00e9xito por la modernidad presumiendo tambi\u00e9n de ser <strong>Bien de Inter\u00e9s Cultural (BIC) y Fiesta de Inter\u00e9s Tur\u00edstico Internacional<\/strong>.<\/p>\n","protected":false},"excerpt":{"rendered":"<p>Todo ya est\u00e1 preparado en Cocentaina para que ma\u00f1ana arranque la 677 edici\u00f3n de la Fira de Tots Sants, una&#8230;<\/p>\n","protected":false},"author":1,"featured_media":124158,"comment_status":"open","ping_status":"open","sticky":false,"template":"","format":"standard","meta":{"footnotes":""},"categories":[6909,98,75,125],"tags":[15831,6922,132,635,4692,2092,15566],"class_list":["post-124157","post","type-post","status-publish","format-standard","has-post-thumbnail","hentry","category-actualidad","category-comarcas","category-noticias","category-portada","tag-677-edicion","tag-carlos-mazon","tag-cocentaina","tag-fira-de-tots-sants","tag-inauguracion-oficial","tag-jordi-pla","tag-ximo-gadea"],"yoast_head":"<!-- This site is optimized with the Yoast SEO plugin v27.3 - https:\/\/yoast.com\/product\/yoast-seo-wordpress\/ -->\n<title>El President Maz\u00f3n inaugura ma\u00f1ana la Fira de Cocentaina - COPE Alcoy<\/title>\n<meta name=\"description\" content=\"El Presidente de la Generalitat, Carlos Maz\u00f3n, inaugura este mi\u00e9rcoles la 677 edici\u00f3n de la Fira de Tots Sants de Cocentaina\" \/>\n<meta name=\"robots\" content=\"index, follow, max-snippet:-1, max-image-preview:large, max-video-preview:-1\" \/>\n<link rel=\"canonical\" href=\"https:\/\/www.copealcoy.es\/es\/el-president-mazon-inaugura-manana-la-fira-de-cocentaina\/\" \/>\n<meta property=\"og:locale\" content=\"es_ES\" \/>\n<meta property=\"og:type\" content=\"article\" \/>\n<meta property=\"og:title\" content=\"El President Maz\u00f3n inaugura ma\u00f1ana la Fira de Cocentaina - COPE Alcoy\" \/>\n<meta property=\"og:description\" content=\"El Presidente de la Generalitat, Carlos Maz\u00f3n, inaugura este mi\u00e9rcoles la 677 edici\u00f3n de la Fira de Tots Sants de Cocentaina\" \/>\n<meta property=\"og:url\" content=\"https:\/\/www.copealcoy.es\/es\/el-president-mazon-inaugura-manana-la-fira-de-cocentaina\/\" \/>\n<meta property=\"og:site_name\" content=\"COPE Alcoy\" \/>\n<meta property=\"article:published_time\" content=\"2023-10-31T20:42:54+00:00\" \/>\n<meta property=\"article:modified_time\" content=\"2023-10-31T20:56:01+00:00\" \/>\n<meta property=\"og:image\" content=\"https:\/\/www.copealcoy.es\/wp-content\/uploads\/2023\/10\/1-1.jpg\" \/>\n\t<meta property=\"og:image:width\" content=\"1053\" \/>\n\t<meta property=\"og:image:height\" content=\"702\" \/>\n\t<meta property=\"og:image:type\" content=\"image\/jpeg\" \/>\n<meta name=\"author\" content=\"Cope Alcoy\" \/>\n<meta name=\"twitter:label1\" content=\"Escrito por\" \/>\n\t<meta name=\"twitter:data1\" content=\"Cope Alcoy\" \/>\n\t<meta name=\"twitter:label2\" content=\"Tiempo de lectura\" \/>\n\t<meta name=\"twitter:data2\" content=\"3 minutos\" \/>\n<script type=\"application\/ld+json\" class=\"yoast-schema-graph\">{\"@context\":\"https:\\\/\\\/schema.org\",\"@graph\":[{\"@type\":\"Article\",\"@id\":\"https:\\\/\\\/www.copealcoy.es\\\/es\\\/el-president-mazon-inaugura-manana-la-fira-de-cocentaina\\\/#article\",\"isPartOf\":{\"@id\":\"https:\\\/\\\/www.copealcoy.es\\\/es\\\/el-president-mazon-inaugura-manana-la-fira-de-cocentaina\\\/\"},\"author\":{\"name\":\"Cope Alcoy\",\"@id\":\"https:\\\/\\\/www.copealcoy.es\\\/es\\\/#\\\/schema\\\/person\\\/e777c87fa024e57d40170af9df39882c\"},\"headline\":\"El President Maz\u00f3n inaugura ma\u00f1ana la Fira de Cocentaina\",\"datePublished\":\"2023-10-31T20:42:54+00:00\",\"dateModified\":\"2023-10-31T20:56:01+00:00\",\"mainEntityOfPage\":{\"@id\":\"https:\\\/\\\/www.copealcoy.es\\\/es\\\/el-president-mazon-inaugura-manana-la-fira-de-cocentaina\\\/\"},\"wordCount\":524,\"commentCount\":0,\"image\":{\"@id\":\"https:\\\/\\\/www.copealcoy.es\\\/es\\\/el-president-mazon-inaugura-manana-la-fira-de-cocentaina\\\/#primaryimage\"},\"thumbnailUrl\":\"https:\\\/\\\/www.copealcoy.es\\\/wp-content\\\/uploads\\\/2023\\\/10\\\/1-1.jpg\",\"keywords\":[\"677 edici\u00f3n\",\"Carlos Maz\u00f3n\",\"Cocentaina\",\"Fira de Tots Sants\",\"Inauguraci\u00f3n Oficial\",\"Jordi Pla\",\"Ximo Gadea\"],\"articleSection\":[\"Actualidad\",\"Comarcas\",\"Noticias\",\"Portada\"],\"inLanguage\":\"es\"},{\"@type\":\"WebPage\",\"@id\":\"https:\\\/\\\/www.copealcoy.es\\\/es\\\/el-president-mazon-inaugura-manana-la-fira-de-cocentaina\\\/\",\"url\":\"https:\\\/\\\/www.copealcoy.es\\\/es\\\/el-president-mazon-inaugura-manana-la-fira-de-cocentaina\\\/\",\"name\":\"El President Maz\u00f3n inaugura ma\u00f1ana la Fira de Cocentaina - COPE Alcoy\",\"isPartOf\":{\"@id\":\"https:\\\/\\\/www.copealcoy.es\\\/es\\\/#website\"},\"primaryImageOfPage\":{\"@id\":\"https:\\\/\\\/www.copealcoy.es\\\/es\\\/el-president-mazon-inaugura-manana-la-fira-de-cocentaina\\\/#primaryimage\"},\"image\":{\"@id\":\"https:\\\/\\\/www.copealcoy.es\\\/es\\\/el-president-mazon-inaugura-manana-la-fira-de-cocentaina\\\/#primaryimage\"},\"thumbnailUrl\":\"https:\\\/\\\/www.copealcoy.es\\\/wp-content\\\/uploads\\\/2023\\\/10\\\/1-1.jpg\",\"datePublished\":\"2023-10-31T20:42:54+00:00\",\"dateModified\":\"2023-10-31T20:56:01+00:00\",\"author\":{\"@id\":\"https:\\\/\\\/www.copealcoy.es\\\/es\\\/#\\\/schema\\\/person\\\/e777c87fa024e57d40170af9df39882c\"},\"description\":\"El Presidente de la Generalitat, Carlos Maz\u00f3n, inaugura este mi\u00e9rcoles la 677 edici\u00f3n de la Fira de Tots Sants de Cocentaina\",\"breadcrumb\":{\"@id\":\"https:\\\/\\\/www.copealcoy.es\\\/es\\\/el-president-mazon-inaugura-manana-la-fira-de-cocentaina\\\/#breadcrumb\"},\"inLanguage\":\"es\",\"potentialAction\":[{\"@type\":\"ReadAction\",\"target\":[\"https:\\\/\\\/www.copealcoy.es\\\/es\\\/el-president-mazon-inaugura-manana-la-fira-de-cocentaina\\\/\"]}]},{\"@type\":\"ImageObject\",\"inLanguage\":\"es\",\"@id\":\"https:\\\/\\\/www.copealcoy.es\\\/es\\\/el-president-mazon-inaugura-manana-la-fira-de-cocentaina\\\/#primaryimage\",\"url\":\"https:\\\/\\\/www.copealcoy.es\\\/wp-content\\\/uploads\\\/2023\\\/10\\\/1-1.jpg\",\"contentUrl\":\"https:\\\/\\\/www.copealcoy.es\\\/wp-content\\\/uploads\\\/2023\\\/10\\\/1-1.jpg\",\"width\":1053,\"height\":702},{\"@type\":\"BreadcrumbList\",\"@id\":\"https:\\\/\\\/www.copealcoy.es\\\/es\\\/el-president-mazon-inaugura-manana-la-fira-de-cocentaina\\\/#breadcrumb\",\"itemListElement\":[{\"@type\":\"ListItem\",\"position\":1,\"name\":\"Portada\",\"item\":\"https:\\\/\\\/www.copealcoy.es\\\/es\\\/\"},{\"@type\":\"ListItem\",\"position\":2,\"name\":\"El President Maz\u00f3n inaugura ma\u00f1ana la Fira de Cocentaina\"}]},{\"@type\":\"WebSite\",\"@id\":\"https:\\\/\\\/www.copealcoy.es\\\/es\\\/#website\",\"url\":\"https:\\\/\\\/www.copealcoy.es\\\/es\\\/\",\"name\":\"COPE Alcoy\",\"description\":\"Emisora COPE de radio local con emisi\u00f3n online. Pont de Sant Jordi 8-10 03803 Alcoy\",\"potentialAction\":[{\"@type\":\"SearchAction\",\"target\":{\"@type\":\"EntryPoint\",\"urlTemplate\":\"https:\\\/\\\/www.copealcoy.es\\\/es\\\/?s={search_term_string}\"},\"query-input\":{\"@type\":\"PropertyValueSpecification\",\"valueRequired\":true,\"valueName\":\"search_term_string\"}}],\"inLanguage\":\"es\"},{\"@type\":\"Person\",\"@id\":\"https:\\\/\\\/www.copealcoy.es\\\/es\\\/#\\\/schema\\\/person\\\/e777c87fa024e57d40170af9df39882c\",\"name\":\"Cope Alcoy\",\"image\":{\"@type\":\"ImageObject\",\"inLanguage\":\"es\",\"@id\":\"https:\\\/\\\/secure.gravatar.com\\\/avatar\\\/bb65d0283347e303893ba14f0692005417c1e0e690a325a4c5d8bb2b3943ee14?s=96&d=mm&r=g\",\"url\":\"https:\\\/\\\/secure.gravatar.com\\\/avatar\\\/bb65d0283347e303893ba14f0692005417c1e0e690a325a4c5d8bb2b3943ee14?s=96&d=mm&r=g\",\"contentUrl\":\"https:\\\/\\\/secure.gravatar.com\\\/avatar\\\/bb65d0283347e303893ba14f0692005417c1e0e690a325a4c5d8bb2b3943ee14?s=96&d=mm&r=g\",\"caption\":\"Cope Alcoy\"}}]}<\/script>\n<!-- \/ Yoast SEO plugin. -->","yoast_head_json":{"title":"El President Maz\u00f3n inaugura ma\u00f1ana la Fira de Cocentaina - COPE Alcoy","description":"El Presidente de la Generalitat, Carlos Maz\u00f3n, inaugura este mi\u00e9rcoles la 677 edici\u00f3n de la Fira de Tots Sants de Cocentaina","robots":{"index":"index","follow":"follow","max-snippet":"max-snippet:-1","max-image-preview":"max-image-preview:large","max-video-preview":"max-video-preview:-1"},"canonical":"https:\/\/www.copealcoy.es\/es\/el-president-mazon-inaugura-manana-la-fira-de-cocentaina\/","og_locale":"es_ES","og_type":"article","og_title":"El President Maz\u00f3n inaugura ma\u00f1ana la Fira de Cocentaina - COPE Alcoy","og_description":"El Presidente de la Generalitat, Carlos Maz\u00f3n, inaugura este mi\u00e9rcoles la 677 edici\u00f3n de la Fira de Tots Sants de Cocentaina","og_url":"https:\/\/www.copealcoy.es\/es\/el-president-mazon-inaugura-manana-la-fira-de-cocentaina\/","og_site_name":"COPE Alcoy","article_published_time":"2023-10-31T20:42:54+00:00","article_modified_time":"2023-10-31T20:56:01+00:00","og_image":[{"width":1053,"height":702,"url":"https:\/\/www.copealcoy.es\/wp-content\/uploads\/2023\/10\/1-1.jpg","type":"image\/jpeg"}],"author":"Cope Alcoy","twitter_misc":{"Escrito por":"Cope Alcoy","Tiempo de lectura":"3 minutos"},"schema":{"@context":"https:\/\/schema.org","@graph":[{"@type":"Article","@id":"https:\/\/www.copealcoy.es\/es\/el-president-mazon-inaugura-manana-la-fira-de-cocentaina\/#article","isPartOf":{"@id":"https:\/\/www.copealcoy.es\/es\/el-president-mazon-inaugura-manana-la-fira-de-cocentaina\/"},"author":{"name":"Cope Alcoy","@id":"https:\/\/www.copealcoy.es\/es\/#\/schema\/person\/e777c87fa024e57d40170af9df39882c"},"headline":"El President Maz\u00f3n inaugura ma\u00f1ana la Fira de Cocentaina","datePublished":"2023-10-31T20:42:54+00:00","dateModified":"2023-10-31T20:56:01+00:00","mainEntityOfPage":{"@id":"https:\/\/www.copealcoy.es\/es\/el-president-mazon-inaugura-manana-la-fira-de-cocentaina\/"},"wordCount":524,"commentCount":0,"image":{"@id":"https:\/\/www.copealcoy.es\/es\/el-president-mazon-inaugura-manana-la-fira-de-cocentaina\/#primaryimage"},"thumbnailUrl":"https:\/\/www.copealcoy.es\/wp-content\/uploads\/2023\/10\/1-1.jpg","keywords":["677 edici\u00f3n","Carlos Maz\u00f3n","Cocentaina","Fira de Tots Sants","Inauguraci\u00f3n Oficial","Jordi Pla","Ximo Gadea"],"articleSection":["Actualidad","Comarcas","Noticias","Portada"],"inLanguage":"es"},{"@type":"WebPage","@id":"https:\/\/www.copealcoy.es\/es\/el-president-mazon-inaugura-manana-la-fira-de-cocentaina\/","url":"https:\/\/www.copealcoy.es\/es\/el-president-mazon-inaugura-manana-la-fira-de-cocentaina\/","name":"El President Maz\u00f3n inaugura ma\u00f1ana la Fira de Cocentaina - COPE Alcoy","isPartOf":{"@id":"https:\/\/www.copealcoy.es\/es\/#website"},"primaryImageOfPage":{"@id":"https:\/\/www.copealcoy.es\/es\/el-president-mazon-inaugura-manana-la-fira-de-cocentaina\/#primaryimage"},"image":{"@id":"https:\/\/www.copealcoy.es\/es\/el-president-mazon-inaugura-manana-la-fira-de-cocentaina\/#primaryimage"},"thumbnailUrl":"https:\/\/www.copealcoy.es\/wp-content\/uploads\/2023\/10\/1-1.jpg","datePublished":"2023-10-31T20:42:54+00:00","dateModified":"2023-10-31T20:56:01+00:00","author":{"@id":"https:\/\/www.copealcoy.es\/es\/#\/schema\/person\/e777c87fa024e57d40170af9df39882c"},"description":"El Presidente de la Generalitat, Carlos Maz\u00f3n, inaugura este mi\u00e9rcoles la 677 edici\u00f3n de la Fira de Tots Sants de Cocentaina","breadcrumb":{"@id":"https:\/\/www.copealcoy.es\/es\/el-president-mazon-inaugura-manana-la-fira-de-cocentaina\/#breadcrumb"},"inLanguage":"es","potentialAction":[{"@type":"ReadAction","target":["https:\/\/www.copealcoy.es\/es\/el-president-mazon-inaugura-manana-la-fira-de-cocentaina\/"]}]},{"@type":"ImageObject","inLanguage":"es","@id":"https:\/\/www.copealcoy.es\/es\/el-president-mazon-inaugura-manana-la-fira-de-cocentaina\/#primaryimage","url":"https:\/\/www.copealcoy.es\/wp-content\/uploads\/2023\/10\/1-1.jpg","contentUrl":"https:\/\/www.copealcoy.es\/wp-content\/uploads\/2023\/10\/1-1.jpg","width":1053,"height":702},{"@type":"BreadcrumbList","@id":"https:\/\/www.copealcoy.es\/es\/el-president-mazon-inaugura-manana-la-fira-de-cocentaina\/#breadcrumb","itemListElement":[{"@type":"ListItem","position":1,"name":"Portada","item":"https:\/\/www.copealcoy.es\/es\/"},{"@type":"ListItem","position":2,"name":"El President Maz\u00f3n inaugura ma\u00f1ana la Fira de Cocentaina"}]},{"@type":"WebSite","@id":"https:\/\/www.copealcoy.es\/es\/#website","url":"https:\/\/www.copealcoy.es\/es\/","name":"COPE Alcoy","description":"Emisora COPE de radio local con emisi\u00f3n online. Pont de Sant Jordi 8-10 03803 Alcoy","potentialAction":[{"@type":"SearchAction","target":{"@type":"EntryPoint","urlTemplate":"https:\/\/www.copealcoy.es\/es\/?s={search_term_string}"},"query-input":{"@type":"PropertyValueSpecification","valueRequired":true,"valueName":"search_term_string"}}],"inLanguage":"es"},{"@type":"Person","@id":"https:\/\/www.copealcoy.es\/es\/#\/schema\/person\/e777c87fa024e57d40170af9df39882c","name":"Cope Alcoy","image":{"@type":"ImageObject","inLanguage":"es","@id":"https:\/\/secure.gravatar.com\/avatar\/bb65d0283347e303893ba14f0692005417c1e0e690a325a4c5d8bb2b3943ee14?s=96&d=mm&r=g","url":"https:\/\/secure.gravatar.com\/avatar\/bb65d0283347e303893ba14f0692005417c1e0e690a325a4c5d8bb2b3943ee14?s=96&d=mm&r=g","contentUrl":"https:\/\/secure.gravatar.com\/avatar\/bb65d0283347e303893ba14f0692005417c1e0e690a325a4c5d8bb2b3943ee14?s=96&d=mm&r=g","caption":"Cope Alcoy"}}]}},"_links":{"self":[{"href":"https:\/\/www.copealcoy.es\/es\/wp-json\/wp\/v2\/posts\/124157","targetHints":{"allow":["GET"]}}],"collection":[{"href":"https:\/\/www.copealcoy.es\/es\/wp-json\/wp\/v2\/posts"}],"about":[{"href":"https:\/\/www.copealcoy.es\/es\/wp-json\/wp\/v2\/types\/post"}],"author":[{"embeddable":true,"href":"https:\/\/www.copealcoy.es\/es\/wp-json\/wp\/v2\/users\/1"}],"replies":[{"embeddable":true,"href":"https:\/\/www.copealcoy.es\/es\/wp-json\/wp\/v2\/comments?post=124157"}],"version-history":[{"count":0,"href":"https:\/\/www.copealcoy.es\/es\/wp-json\/wp\/v2\/posts\/124157\/revisions"}],"wp:featuredmedia":[{"embeddable":true,"href":"https:\/\/www.copealcoy.es\/es\/wp-json\/wp\/v2\/media\/124158"}],"wp:attachment":[{"href":"https:\/\/www.copealcoy.es\/es\/wp-json\/wp\/v2\/media?parent=124157"}],"wp:term":[{"taxonomy":"category","embeddable":true,"href":"https:\/\/www.copealcoy.es\/es\/wp-json\/wp\/v2\/categories?post=124157"},{"taxonomy":"post_tag","embeddable":true,"href":"https:\/\/www.copealcoy.es\/es\/wp-json\/wp\/v2\/tags?post=124157"}],"curies":[{"name":"wp","href":"https:\/\/api.w.org\/{rel}","templated":true}]}}