{"id":124097,"date":"2023-10-31T08:52:53","date_gmt":"2023-10-31T07:52:53","guid":{"rendered":"https:\/\/www.copealcoy.es\/?p=124097"},"modified":"2023-11-04T08:05:39","modified_gmt":"2023-11-04T07:05:39","slug":"ni-dos-horas-puedes-pasar-en-la-fira-de-cocentaina-si-quieres-llegar-en-tren","status":"publish","type":"post","link":"https:\/\/www.copealcoy.es\/es\/ni-dos-horas-puedes-pasar-en-la-fira-de-cocentaina-si-quieres-llegar-en-tren\/","title":{"rendered":"Ni dos horas puedes pasar en la Fira de Cocentaina si quieres llegar en tren"},"content":{"rendered":"<p style=\"text-align: justify;\">Si quieres visitar la Fira de Cocentaina y vives fuera, tienes varias opciones para llegar. Sin embargo, si optas por el transporte p\u00fablico, quiz\u00e1 el tren no sea la que m\u00e1s te interese. Al menos, si pretendes venir el s\u00e1bado 4 de noviembre, el d\u00eda que mayor afluencia se espera. Tan <strong>solo hay programados dos trenes desde Valencia hasta Alcoy, a las doce del mediod\u00eda y a las cinco y media de la tarde<\/strong>.<\/p>\n<p style=\"text-align: justify;\">El primero llega a las tres de la tarde. Sin embargo, <strong>a esa misma hora sale el \u00faltimo de los trenes de regreso a Valencia<\/strong>. Con una situaci\u00f3n como esta, coger el tren est\u00e1 pr\u00e1cticamente descartado. <strong>Desde Salvem el Tren han pedido que se aumente la frecuencia de trenes para la Fira<\/strong>, como ocurre en Fallas. Sin embargo, esto no se ha llevado a cabo. &#8220;Es cierto que de Alcoy a Cocentaina hay autobuses. Nosotros nos referimos, sobre todo, de Cocentaina hasta Valencia <strong>la de gente que podr\u00eda acudir a la Fira si los horarios de los trenes se refuerzan y son adecuados<\/strong> a las actividades que se quieren realizar una vez se llegue a la Fira&#8221;, ha asegurado <strong>Pau Mart\u00ednez<\/strong>, miembro de Salvem el Tren, en declaraciones a<strong> Cope Alcoy<\/strong>.<\/p>\n<p style=\"text-align: justify;\">La cosa est\u00e1 m\u00e1s f\u00e1cil para d\u00edas como el 1 y el 5 de noviembre. Al ser festivo hay m\u00e1s frecuencias. Sin embargo, estas <strong>siguen siendo insuficientes<\/strong>. Por ejemplo, tan solo hay dos trenes programados para antes del mediod\u00eda, uno a las nueve de la ma\u00f1ana y otro a las doce. Y, de cara a la tarde, para regresar a Valencia, los trenes son a las tres de la tarde y a las ocho menos veinte. Sin embargo, teniendo en cuenta que<strong> la Fira espera la asistencia de medio mill\u00f3n de personas<\/strong>, las frecuencias resultan insuficientes.<\/p>\n<p style=\"text-align: justify;\">Seg\u00fan ha podido saber Cope Alcoy, <strong>el Ayuntamiento de Cocentaina ha solicitado a Renfe esa ampliaci\u00f3n<\/strong> de frecuencias de cara a la Fira. Sin embargo, hasta el momento, no han recibido respuesta.<\/p>\n<p style=\"text-align: justify;\">No obstante, el Consistorio ha tomado <strong>medidas como la puesta en marcha de un autob\u00fas lanzadera<\/strong> que conectar\u00e1 el apeadero del paraje de Santa B\u00e1rbara con el casco urbano, para acercar a los visitantes que vengan en tren a la Fira en los horarios habituales.<\/p>\n","protected":false},"excerpt":{"rendered":"<p>Si quieres visitar la Fira de Cocentaina y vives fuera, tienes varias opciones para llegar. Sin embargo, si optas por&#8230;<\/p>\n","protected":false},"author":1,"featured_media":93742,"comment_status":"open","ping_status":"open","sticky":false,"template":"","format":"standard","meta":{"footnotes":""},"categories":[6909,97,75,125],"tags":[132,1541,13546,577],"class_list":["post-124097","post","type-post","status-publish","format-standard","has-post-thumbnail","hentry","category-actualidad","category-alcoy","category-noticias","category-portada","tag-cocentaina","tag-fira-tots-sants","tag-salvem-el-tren","tag-tren"],"yoast_head":"<!-- This site is optimized with the Yoast SEO plugin v27.3 - https:\/\/yoast.com\/product\/yoast-seo-wordpress\/ -->\n<title>Ni dos horas puedes pasar en la Fira de Cocentaina si quieres llegar en tren - COPE Alcoy<\/title>\n<meta name=\"description\" content=\"Si quieres visitar la Fira de Cocentaina y vives fuera, tienes varias opciones para llegar. Sin embargo, si optas por el transporte p\u00fablico, quiz\u00e1 el tren no sea la que m\u00e1s te interese. Al menos, si pretendes venir el s\u00e1bado 4 de noviembre, el d\u00eda que mayor afluencia se espera. Tan solo hay programados dos trenes desde Valencia hasta Alcoy, a las doce del mediod\u00eda y a las cinco y media de la tarde.\" \/>\n<meta name=\"robots\" content=\"index, follow, max-snippet:-1, max-image-preview:large, max-video-preview:-1\" \/>\n<link rel=\"canonical\" href=\"https:\/\/www.copealcoy.es\/es\/ni-dos-horas-puedes-pasar-en-la-fira-de-cocentaina-si-quieres-llegar-en-tren\/\" \/>\n<meta property=\"og:locale\" content=\"es_ES\" \/>\n<meta property=\"og:type\" content=\"article\" \/>\n<meta property=\"og:title\" content=\"Ni dos horas puedes pasar en la Fira de Cocentaina si quieres llegar en tren - COPE Alcoy\" \/>\n<meta property=\"og:description\" content=\"Si quieres visitar la Fira de Cocentaina y vives fuera, tienes varias opciones para llegar. Sin embargo, si optas por el transporte p\u00fablico, quiz\u00e1 el tren no sea la que m\u00e1s te interese. Al menos, si pretendes venir el s\u00e1bado 4 de noviembre, el d\u00eda que mayor afluencia se espera. Tan solo hay programados dos trenes desde Valencia hasta Alcoy, a las doce del mediod\u00eda y a las cinco y media de la tarde.\" \/>\n<meta property=\"og:url\" content=\"https:\/\/www.copealcoy.es\/es\/ni-dos-horas-puedes-pasar-en-la-fira-de-cocentaina-si-quieres-llegar-en-tren\/\" \/>\n<meta property=\"og:site_name\" content=\"COPE Alcoy\" \/>\n<meta property=\"article:published_time\" content=\"2023-10-31T07:52:53+00:00\" \/>\n<meta property=\"article:modified_time\" content=\"2023-11-04T07:05:39+00:00\" \/>\n<meta property=\"og:image\" content=\"https:\/\/www.copealcoy.es\/wp-content\/uploads\/2022\/11\/unnamed-6-scaled-e1667401096820.jpg\" \/>\n\t<meta property=\"og:image:width\" content=\"640\" \/>\n\t<meta property=\"og:image:height\" content=\"420\" \/>\n\t<meta property=\"og:image:type\" content=\"image\/jpeg\" \/>\n<meta name=\"author\" content=\"Cope Alcoy\" \/>\n<meta name=\"twitter:label1\" content=\"Escrito por\" \/>\n\t<meta name=\"twitter:data1\" content=\"Cope Alcoy\" \/>\n\t<meta name=\"twitter:label2\" content=\"Tiempo de lectura\" \/>\n\t<meta name=\"twitter:data2\" content=\"2 minutos\" \/>\n<script type=\"application\/ld+json\" class=\"yoast-schema-graph\">{\"@context\":\"https:\\\/\\\/schema.org\",\"@graph\":[{\"@type\":\"Article\",\"@id\":\"https:\\\/\\\/www.copealcoy.es\\\/es\\\/ni-dos-horas-puedes-pasar-en-la-fira-de-cocentaina-si-quieres-llegar-en-tren\\\/#article\",\"isPartOf\":{\"@id\":\"https:\\\/\\\/www.copealcoy.es\\\/es\\\/ni-dos-horas-puedes-pasar-en-la-fira-de-cocentaina-si-quieres-llegar-en-tren\\\/\"},\"author\":{\"name\":\"Cope Alcoy\",\"@id\":\"https:\\\/\\\/www.copealcoy.es\\\/es\\\/#\\\/schema\\\/person\\\/e777c87fa024e57d40170af9df39882c\"},\"headline\":\"Ni dos horas puedes pasar en la Fira de Cocentaina si quieres llegar en tren\",\"datePublished\":\"2023-10-31T07:52:53+00:00\",\"dateModified\":\"2023-11-04T07:05:39+00:00\",\"mainEntityOfPage\":{\"@id\":\"https:\\\/\\\/www.copealcoy.es\\\/es\\\/ni-dos-horas-puedes-pasar-en-la-fira-de-cocentaina-si-quieres-llegar-en-tren\\\/\"},\"wordCount\":410,\"commentCount\":0,\"image\":{\"@id\":\"https:\\\/\\\/www.copealcoy.es\\\/es\\\/ni-dos-horas-puedes-pasar-en-la-fira-de-cocentaina-si-quieres-llegar-en-tren\\\/#primaryimage\"},\"thumbnailUrl\":\"https:\\\/\\\/www.copealcoy.es\\\/wp-content\\\/uploads\\\/2022\\\/11\\\/unnamed-6-scaled-e1667401096820.jpg\",\"keywords\":[\"Cocentaina\",\"Fira Tots Sants\",\"Salvem el Tren\",\"Tren\"],\"articleSection\":[\"Actualidad\",\"Alcoy\",\"Noticias\",\"Portada\"],\"inLanguage\":\"es\"},{\"@type\":\"WebPage\",\"@id\":\"https:\\\/\\\/www.copealcoy.es\\\/es\\\/ni-dos-horas-puedes-pasar-en-la-fira-de-cocentaina-si-quieres-llegar-en-tren\\\/\",\"url\":\"https:\\\/\\\/www.copealcoy.es\\\/es\\\/ni-dos-horas-puedes-pasar-en-la-fira-de-cocentaina-si-quieres-llegar-en-tren\\\/\",\"name\":\"Ni dos horas puedes pasar en la Fira de Cocentaina si quieres llegar en tren - COPE Alcoy\",\"isPartOf\":{\"@id\":\"https:\\\/\\\/www.copealcoy.es\\\/es\\\/#website\"},\"primaryImageOfPage\":{\"@id\":\"https:\\\/\\\/www.copealcoy.es\\\/es\\\/ni-dos-horas-puedes-pasar-en-la-fira-de-cocentaina-si-quieres-llegar-en-tren\\\/#primaryimage\"},\"image\":{\"@id\":\"https:\\\/\\\/www.copealcoy.es\\\/es\\\/ni-dos-horas-puedes-pasar-en-la-fira-de-cocentaina-si-quieres-llegar-en-tren\\\/#primaryimage\"},\"thumbnailUrl\":\"https:\\\/\\\/www.copealcoy.es\\\/wp-content\\\/uploads\\\/2022\\\/11\\\/unnamed-6-scaled-e1667401096820.jpg\",\"datePublished\":\"2023-10-31T07:52:53+00:00\",\"dateModified\":\"2023-11-04T07:05:39+00:00\",\"author\":{\"@id\":\"https:\\\/\\\/www.copealcoy.es\\\/es\\\/#\\\/schema\\\/person\\\/e777c87fa024e57d40170af9df39882c\"},\"description\":\"Si quieres visitar la Fira de Cocentaina y vives fuera, tienes varias opciones para llegar. Sin embargo, si optas por el transporte p\u00fablico, quiz\u00e1 el tren no sea la que m\u00e1s te interese. Al menos, si pretendes venir el s\u00e1bado 4 de noviembre, el d\u00eda que mayor afluencia se espera. Tan solo hay programados dos trenes desde Valencia hasta Alcoy, a las doce del mediod\u00eda y a las cinco y media de la tarde.\",\"breadcrumb\":{\"@id\":\"https:\\\/\\\/www.copealcoy.es\\\/es\\\/ni-dos-horas-puedes-pasar-en-la-fira-de-cocentaina-si-quieres-llegar-en-tren\\\/#breadcrumb\"},\"inLanguage\":\"es\",\"potentialAction\":[{\"@type\":\"ReadAction\",\"target\":[\"https:\\\/\\\/www.copealcoy.es\\\/es\\\/ni-dos-horas-puedes-pasar-en-la-fira-de-cocentaina-si-quieres-llegar-en-tren\\\/\"]}]},{\"@type\":\"ImageObject\",\"inLanguage\":\"es\",\"@id\":\"https:\\\/\\\/www.copealcoy.es\\\/es\\\/ni-dos-horas-puedes-pasar-en-la-fira-de-cocentaina-si-quieres-llegar-en-tren\\\/#primaryimage\",\"url\":\"https:\\\/\\\/www.copealcoy.es\\\/wp-content\\\/uploads\\\/2022\\\/11\\\/unnamed-6-scaled-e1667401096820.jpg\",\"contentUrl\":\"https:\\\/\\\/www.copealcoy.es\\\/wp-content\\\/uploads\\\/2022\\\/11\\\/unnamed-6-scaled-e1667401096820.jpg\",\"width\":640,\"height\":420},{\"@type\":\"BreadcrumbList\",\"@id\":\"https:\\\/\\\/www.copealcoy.es\\\/es\\\/ni-dos-horas-puedes-pasar-en-la-fira-de-cocentaina-si-quieres-llegar-en-tren\\\/#breadcrumb\",\"itemListElement\":[{\"@type\":\"ListItem\",\"position\":1,\"name\":\"Portada\",\"item\":\"https:\\\/\\\/www.copealcoy.es\\\/es\\\/\"},{\"@type\":\"ListItem\",\"position\":2,\"name\":\"Ni dos horas puedes pasar en la Fira de Cocentaina si quieres llegar en tren\"}]},{\"@type\":\"WebSite\",\"@id\":\"https:\\\/\\\/www.copealcoy.es\\\/es\\\/#website\",\"url\":\"https:\\\/\\\/www.copealcoy.es\\\/es\\\/\",\"name\":\"COPE Alcoy\",\"description\":\"Emisora COPE de radio local con emisi\u00f3n online. Pont de Sant Jordi 8-10 03803 Alcoy\",\"potentialAction\":[{\"@type\":\"SearchAction\",\"target\":{\"@type\":\"EntryPoint\",\"urlTemplate\":\"https:\\\/\\\/www.copealcoy.es\\\/es\\\/?s={search_term_string}\"},\"query-input\":{\"@type\":\"PropertyValueSpecification\",\"valueRequired\":true,\"valueName\":\"search_term_string\"}}],\"inLanguage\":\"es\"},{\"@type\":\"Person\",\"@id\":\"https:\\\/\\\/www.copealcoy.es\\\/es\\\/#\\\/schema\\\/person\\\/e777c87fa024e57d40170af9df39882c\",\"name\":\"Cope Alcoy\",\"image\":{\"@type\":\"ImageObject\",\"inLanguage\":\"es\",\"@id\":\"https:\\\/\\\/secure.gravatar.com\\\/avatar\\\/bb65d0283347e303893ba14f0692005417c1e0e690a325a4c5d8bb2b3943ee14?s=96&d=mm&r=g\",\"url\":\"https:\\\/\\\/secure.gravatar.com\\\/avatar\\\/bb65d0283347e303893ba14f0692005417c1e0e690a325a4c5d8bb2b3943ee14?s=96&d=mm&r=g\",\"contentUrl\":\"https:\\\/\\\/secure.gravatar.com\\\/avatar\\\/bb65d0283347e303893ba14f0692005417c1e0e690a325a4c5d8bb2b3943ee14?s=96&d=mm&r=g\",\"caption\":\"Cope Alcoy\"}}]}<\/script>\n<!-- \/ Yoast SEO plugin. -->","yoast_head_json":{"title":"Ni dos horas puedes pasar en la Fira de Cocentaina si quieres llegar en tren - COPE Alcoy","description":"Si quieres visitar la Fira de Cocentaina y vives fuera, tienes varias opciones para llegar. Sin embargo, si optas por el transporte p\u00fablico, quiz\u00e1 el tren no sea la que m\u00e1s te interese. Al menos, si pretendes venir el s\u00e1bado 4 de noviembre, el d\u00eda que mayor afluencia se espera. Tan solo hay programados dos trenes desde Valencia hasta Alcoy, a las doce del mediod\u00eda y a las cinco y media de la tarde.","robots":{"index":"index","follow":"follow","max-snippet":"max-snippet:-1","max-image-preview":"max-image-preview:large","max-video-preview":"max-video-preview:-1"},"canonical":"https:\/\/www.copealcoy.es\/es\/ni-dos-horas-puedes-pasar-en-la-fira-de-cocentaina-si-quieres-llegar-en-tren\/","og_locale":"es_ES","og_type":"article","og_title":"Ni dos horas puedes pasar en la Fira de Cocentaina si quieres llegar en tren - COPE Alcoy","og_description":"Si quieres visitar la Fira de Cocentaina y vives fuera, tienes varias opciones para llegar. Sin embargo, si optas por el transporte p\u00fablico, quiz\u00e1 el tren no sea la que m\u00e1s te interese. Al menos, si pretendes venir el s\u00e1bado 4 de noviembre, el d\u00eda que mayor afluencia se espera. Tan solo hay programados dos trenes desde Valencia hasta Alcoy, a las doce del mediod\u00eda y a las cinco y media de la tarde.","og_url":"https:\/\/www.copealcoy.es\/es\/ni-dos-horas-puedes-pasar-en-la-fira-de-cocentaina-si-quieres-llegar-en-tren\/","og_site_name":"COPE Alcoy","article_published_time":"2023-10-31T07:52:53+00:00","article_modified_time":"2023-11-04T07:05:39+00:00","og_image":[{"width":640,"height":420,"url":"https:\/\/www.copealcoy.es\/wp-content\/uploads\/2022\/11\/unnamed-6-scaled-e1667401096820.jpg","type":"image\/jpeg"}],"author":"Cope Alcoy","twitter_misc":{"Escrito por":"Cope Alcoy","Tiempo de lectura":"2 minutos"},"schema":{"@context":"https:\/\/schema.org","@graph":[{"@type":"Article","@id":"https:\/\/www.copealcoy.es\/es\/ni-dos-horas-puedes-pasar-en-la-fira-de-cocentaina-si-quieres-llegar-en-tren\/#article","isPartOf":{"@id":"https:\/\/www.copealcoy.es\/es\/ni-dos-horas-puedes-pasar-en-la-fira-de-cocentaina-si-quieres-llegar-en-tren\/"},"author":{"name":"Cope Alcoy","@id":"https:\/\/www.copealcoy.es\/es\/#\/schema\/person\/e777c87fa024e57d40170af9df39882c"},"headline":"Ni dos horas puedes pasar en la Fira de Cocentaina si quieres llegar en tren","datePublished":"2023-10-31T07:52:53+00:00","dateModified":"2023-11-04T07:05:39+00:00","mainEntityOfPage":{"@id":"https:\/\/www.copealcoy.es\/es\/ni-dos-horas-puedes-pasar-en-la-fira-de-cocentaina-si-quieres-llegar-en-tren\/"},"wordCount":410,"commentCount":0,"image":{"@id":"https:\/\/www.copealcoy.es\/es\/ni-dos-horas-puedes-pasar-en-la-fira-de-cocentaina-si-quieres-llegar-en-tren\/#primaryimage"},"thumbnailUrl":"https:\/\/www.copealcoy.es\/wp-content\/uploads\/2022\/11\/unnamed-6-scaled-e1667401096820.jpg","keywords":["Cocentaina","Fira Tots Sants","Salvem el Tren","Tren"],"articleSection":["Actualidad","Alcoy","Noticias","Portada"],"inLanguage":"es"},{"@type":"WebPage","@id":"https:\/\/www.copealcoy.es\/es\/ni-dos-horas-puedes-pasar-en-la-fira-de-cocentaina-si-quieres-llegar-en-tren\/","url":"https:\/\/www.copealcoy.es\/es\/ni-dos-horas-puedes-pasar-en-la-fira-de-cocentaina-si-quieres-llegar-en-tren\/","name":"Ni dos horas puedes pasar en la Fira de Cocentaina si quieres llegar en tren - COPE Alcoy","isPartOf":{"@id":"https:\/\/www.copealcoy.es\/es\/#website"},"primaryImageOfPage":{"@id":"https:\/\/www.copealcoy.es\/es\/ni-dos-horas-puedes-pasar-en-la-fira-de-cocentaina-si-quieres-llegar-en-tren\/#primaryimage"},"image":{"@id":"https:\/\/www.copealcoy.es\/es\/ni-dos-horas-puedes-pasar-en-la-fira-de-cocentaina-si-quieres-llegar-en-tren\/#primaryimage"},"thumbnailUrl":"https:\/\/www.copealcoy.es\/wp-content\/uploads\/2022\/11\/unnamed-6-scaled-e1667401096820.jpg","datePublished":"2023-10-31T07:52:53+00:00","dateModified":"2023-11-04T07:05:39+00:00","author":{"@id":"https:\/\/www.copealcoy.es\/es\/#\/schema\/person\/e777c87fa024e57d40170af9df39882c"},"description":"Si quieres visitar la Fira de Cocentaina y vives fuera, tienes varias opciones para llegar. Sin embargo, si optas por el transporte p\u00fablico, quiz\u00e1 el tren no sea la que m\u00e1s te interese. Al menos, si pretendes venir el s\u00e1bado 4 de noviembre, el d\u00eda que mayor afluencia se espera. Tan solo hay programados dos trenes desde Valencia hasta Alcoy, a las doce del mediod\u00eda y a las cinco y media de la tarde.","breadcrumb":{"@id":"https:\/\/www.copealcoy.es\/es\/ni-dos-horas-puedes-pasar-en-la-fira-de-cocentaina-si-quieres-llegar-en-tren\/#breadcrumb"},"inLanguage":"es","potentialAction":[{"@type":"ReadAction","target":["https:\/\/www.copealcoy.es\/es\/ni-dos-horas-puedes-pasar-en-la-fira-de-cocentaina-si-quieres-llegar-en-tren\/"]}]},{"@type":"ImageObject","inLanguage":"es","@id":"https:\/\/www.copealcoy.es\/es\/ni-dos-horas-puedes-pasar-en-la-fira-de-cocentaina-si-quieres-llegar-en-tren\/#primaryimage","url":"https:\/\/www.copealcoy.es\/wp-content\/uploads\/2022\/11\/unnamed-6-scaled-e1667401096820.jpg","contentUrl":"https:\/\/www.copealcoy.es\/wp-content\/uploads\/2022\/11\/unnamed-6-scaled-e1667401096820.jpg","width":640,"height":420},{"@type":"BreadcrumbList","@id":"https:\/\/www.copealcoy.es\/es\/ni-dos-horas-puedes-pasar-en-la-fira-de-cocentaina-si-quieres-llegar-en-tren\/#breadcrumb","itemListElement":[{"@type":"ListItem","position":1,"name":"Portada","item":"https:\/\/www.copealcoy.es\/es\/"},{"@type":"ListItem","position":2,"name":"Ni dos horas puedes pasar en la Fira de Cocentaina si quieres llegar en tren"}]},{"@type":"WebSite","@id":"https:\/\/www.copealcoy.es\/es\/#website","url":"https:\/\/www.copealcoy.es\/es\/","name":"COPE Alcoy","description":"Emisora COPE de radio local con emisi\u00f3n online. Pont de Sant Jordi 8-10 03803 Alcoy","potentialAction":[{"@type":"SearchAction","target":{"@type":"EntryPoint","urlTemplate":"https:\/\/www.copealcoy.es\/es\/?s={search_term_string}"},"query-input":{"@type":"PropertyValueSpecification","valueRequired":true,"valueName":"search_term_string"}}],"inLanguage":"es"},{"@type":"Person","@id":"https:\/\/www.copealcoy.es\/es\/#\/schema\/person\/e777c87fa024e57d40170af9df39882c","name":"Cope Alcoy","image":{"@type":"ImageObject","inLanguage":"es","@id":"https:\/\/secure.gravatar.com\/avatar\/bb65d0283347e303893ba14f0692005417c1e0e690a325a4c5d8bb2b3943ee14?s=96&d=mm&r=g","url":"https:\/\/secure.gravatar.com\/avatar\/bb65d0283347e303893ba14f0692005417c1e0e690a325a4c5d8bb2b3943ee14?s=96&d=mm&r=g","contentUrl":"https:\/\/secure.gravatar.com\/avatar\/bb65d0283347e303893ba14f0692005417c1e0e690a325a4c5d8bb2b3943ee14?s=96&d=mm&r=g","caption":"Cope Alcoy"}}]}},"_links":{"self":[{"href":"https:\/\/www.copealcoy.es\/es\/wp-json\/wp\/v2\/posts\/124097","targetHints":{"allow":["GET"]}}],"collection":[{"href":"https:\/\/www.copealcoy.es\/es\/wp-json\/wp\/v2\/posts"}],"about":[{"href":"https:\/\/www.copealcoy.es\/es\/wp-json\/wp\/v2\/types\/post"}],"author":[{"embeddable":true,"href":"https:\/\/www.copealcoy.es\/es\/wp-json\/wp\/v2\/users\/1"}],"replies":[{"embeddable":true,"href":"https:\/\/www.copealcoy.es\/es\/wp-json\/wp\/v2\/comments?post=124097"}],"version-history":[{"count":0,"href":"https:\/\/www.copealcoy.es\/es\/wp-json\/wp\/v2\/posts\/124097\/revisions"}],"wp:featuredmedia":[{"embeddable":true,"href":"https:\/\/www.copealcoy.es\/es\/wp-json\/wp\/v2\/media\/93742"}],"wp:attachment":[{"href":"https:\/\/www.copealcoy.es\/es\/wp-json\/wp\/v2\/media?parent=124097"}],"wp:term":[{"taxonomy":"category","embeddable":true,"href":"https:\/\/www.copealcoy.es\/es\/wp-json\/wp\/v2\/categories?post=124097"},{"taxonomy":"post_tag","embeddable":true,"href":"https:\/\/www.copealcoy.es\/es\/wp-json\/wp\/v2\/tags?post=124097"}],"curies":[{"name":"wp","href":"https:\/\/api.w.org\/{rel}","templated":true}]}}