{"id":124004,"date":"2023-10-27T15:21:22","date_gmt":"2023-10-27T14:21:22","guid":{"rendered":"https:\/\/www.copealcoy.es\/?p=124004"},"modified":"2023-10-27T21:01:26","modified_gmt":"2023-10-27T20:01:26","slug":"habra-luces-y-camaras-de-seguridad-en-todo-el-recorrido-de-la-via-verde-de-alcoy","status":"publish","type":"post","link":"https:\/\/www.copealcoy.es\/es\/habra-luces-y-camaras-de-seguridad-en-todo-el-recorrido-de-la-via-verde-de-alcoy\/","title":{"rendered":"Habr\u00e1 luces y c\u00e1maras de seguridad en todo el recorrido de la V\u00eda Verde de Alcoy"},"content":{"rendered":"<p style=\"text-align: justify;\">En Alcoy son muchos los recorridos por nuestras monta\u00f1as y parajes naturales por los que hacer deporte. Uno de los m\u00e1s transitados es la V\u00eda Verde, por la que cada d\u00eda numerosas personas de distintos grupos de edad pasean, corren o van en bicicleta. Sin embargo, cuando cae la noche -cada vez antes y, m\u00e1s a\u00fan, con el cambio de hora de este fin de semana-, esto puede ser disuasorio. Y es que hay tramos que no est\u00e1n iluminados.<\/p>\n<p style=\"text-align: justify;\">Sin embargo, esto va a cambiar. <strong>Habr\u00e1 luz y c\u00e1maras de seguridad en todo el recorrido de la V\u00eda Verde<\/strong>. Una propuesta presentada por <strong>Vox<\/strong>, que ha pasado a ser Declaraci\u00f3n Institucional por contar con el <strong>consenso de todos los grupos pol\u00edticos<\/strong> de la corporaci\u00f3n municipal. De esta forma, aumentar\u00e1 la seguridad en la zona. &#8220;Es precisamente la facilidad de su recorrido lo que la hace practicable a cualquier hora del d\u00eda y de ah\u00ed la necesidad de iluminaci\u00f3n que, junto con la instalaci\u00f3n de c\u00e1maras, aumentar\u00e1 la tranquilidad y seguridad de los usuarios\u201d, ha asegurado <strong>Mayte Peidro<\/strong>, edil de Vox.<\/p>\n<p style=\"text-align: justify;\">Ahora, tras el acuerdo alcanzado entre las formaciones pol\u00edticas, el departamento repsonsable estudiar\u00e1 la viabilidad de estas propuestas y, en caso de ser positiva, se proceder\u00e1 a buscar las subvenciones y ayudas necesarias. En concreto, la moci\u00f3n contempla la instalaci\u00f3n aislada de autoconsumo para la iluminaci\u00f3n e instalaci\u00f3n de c\u00e1maras de seguridad.<\/p>\n<p style=\"text-align: justify;\">En <strong>Cope Alcoy hemos querido saber qu\u00e9 opina la ciudadan\u00eda<\/strong>. &#8220;Me parece una propuesta muy aceptada. En el tema de la iluminaci\u00f3n, va a ser un gran beneficio para aquellas personas que vayan a pasear o practiquen deporte durante las horas del d\u00eda con menos luz natural. Reducir\u00e1 el riesgo de ca\u00eddas y tropiezos&#8221;, asegura un ciudadano que tambi\u00e9n valora positivamente la instalaci\u00f3n de c\u00e1maras. &#8220;Aunque se a un tema que pueda generar controversia <strong>s\u00ed que puede dar una mayor sensaci\u00f3n de seguridad<\/strong>&#8220;.<\/p>\n<p style=\"text-align: justify;\">&#8220;<strong>Es algo que llevamos esperando much\u00edsimo tiempo<\/strong>. Hay algunos t\u00faneles m\u00e1s largos que otros y somo muchas las personas que vamos por ah\u00ed y nos podemos chocar&#8221;, explica otra.<\/p>\n","protected":false},"excerpt":{"rendered":"<p>En Alcoy son muchos los recorridos por nuestras monta\u00f1as y parajes naturales por los que hacer deporte. Uno de los&#8230;<\/p>\n","protected":false},"author":1,"featured_media":59700,"comment_status":"open","ping_status":"open","sticky":false,"template":"","format":"standard","meta":{"footnotes":""},"categories":[6909,97,75],"tags":[1494,15815,290,725],"class_list":["post-124004","post","type-post","status-publish","format-standard","has-post-thumbnail","hentry","category-actualidad","category-alcoy","category-noticias","tag-alcoy","tag-camaras-de-seguridad","tag-luces","tag-via-verde"],"yoast_head":"<!-- This site is optimized with the Yoast SEO plugin v27.3 - https:\/\/yoast.com\/product\/yoast-seo-wordpress\/ -->\n<title>Habr\u00e1 luces y c\u00e1maras de seguridad en todo el recorrido de la V\u00eda Verde de Alcoy - COPE Alcoy<\/title>\n<meta name=\"description\" content=\"En Alcoy son muchos los recorridos por nuestras monta\u00f1as y parajes naturales por los que hacer deporte. Uno de los m\u00e1s transitados es la V\u00eda Verde, por la que cada d\u00eda numerosas personas de distintos grupos de edad pasean, corren o van en bicicleta. Sin embargo, cuando cae la noche -cada vez antes y, m\u00e1s a\u00fan, con el cambio de hora de este fin de semana-, esto puede ser disuasorio. Y es que hay tramos que no est\u00e1n iluminados.\" \/>\n<meta name=\"robots\" content=\"index, follow, max-snippet:-1, max-image-preview:large, max-video-preview:-1\" \/>\n<link rel=\"canonical\" href=\"https:\/\/www.copealcoy.es\/es\/habra-luces-y-camaras-de-seguridad-en-todo-el-recorrido-de-la-via-verde-de-alcoy\/\" \/>\n<meta property=\"og:locale\" content=\"es_ES\" \/>\n<meta property=\"og:type\" content=\"article\" \/>\n<meta property=\"og:title\" content=\"Habr\u00e1 luces y c\u00e1maras de seguridad en todo el recorrido de la V\u00eda Verde de Alcoy - COPE Alcoy\" \/>\n<meta property=\"og:description\" content=\"En Alcoy son muchos los recorridos por nuestras monta\u00f1as y parajes naturales por los que hacer deporte. Uno de los m\u00e1s transitados es la V\u00eda Verde, por la que cada d\u00eda numerosas personas de distintos grupos de edad pasean, corren o van en bicicleta. Sin embargo, cuando cae la noche -cada vez antes y, m\u00e1s a\u00fan, con el cambio de hora de este fin de semana-, esto puede ser disuasorio. Y es que hay tramos que no est\u00e1n iluminados.\" \/>\n<meta property=\"og:url\" content=\"https:\/\/www.copealcoy.es\/es\/habra-luces-y-camaras-de-seguridad-en-todo-el-recorrido-de-la-via-verde-de-alcoy\/\" \/>\n<meta property=\"og:site_name\" content=\"COPE Alcoy\" \/>\n<meta property=\"article:published_time\" content=\"2023-10-27T14:21:22+00:00\" \/>\n<meta property=\"article:modified_time\" content=\"2023-10-27T20:01:26+00:00\" \/>\n<meta property=\"og:image\" content=\"https:\/\/www.copealcoy.es\/wp-content\/uploads\/2020\/02\/baranes-i-paviment-1-scaled.jpg\" \/>\n\t<meta property=\"og:image:width\" content=\"2560\" \/>\n\t<meta property=\"og:image:height\" content=\"1440\" \/>\n\t<meta property=\"og:image:type\" content=\"image\/jpeg\" \/>\n<meta name=\"author\" content=\"Cope Alcoy\" \/>\n<meta name=\"twitter:label1\" content=\"Escrito por\" \/>\n\t<meta name=\"twitter:data1\" content=\"Cope Alcoy\" \/>\n\t<meta name=\"twitter:label2\" content=\"Tiempo de lectura\" \/>\n\t<meta name=\"twitter:data2\" content=\"2 minutos\" \/>\n<script type=\"application\/ld+json\" class=\"yoast-schema-graph\">{\"@context\":\"https:\\\/\\\/schema.org\",\"@graph\":[{\"@type\":\"Article\",\"@id\":\"https:\\\/\\\/www.copealcoy.es\\\/es\\\/habra-luces-y-camaras-de-seguridad-en-todo-el-recorrido-de-la-via-verde-de-alcoy\\\/#article\",\"isPartOf\":{\"@id\":\"https:\\\/\\\/www.copealcoy.es\\\/es\\\/habra-luces-y-camaras-de-seguridad-en-todo-el-recorrido-de-la-via-verde-de-alcoy\\\/\"},\"author\":{\"name\":\"Cope Alcoy\",\"@id\":\"https:\\\/\\\/www.copealcoy.es\\\/es\\\/#\\\/schema\\\/person\\\/e777c87fa024e57d40170af9df39882c\"},\"headline\":\"Habr\u00e1 luces y c\u00e1maras de seguridad en todo el recorrido de la V\u00eda Verde de Alcoy\",\"datePublished\":\"2023-10-27T14:21:22+00:00\",\"dateModified\":\"2023-10-27T20:01:26+00:00\",\"mainEntityOfPage\":{\"@id\":\"https:\\\/\\\/www.copealcoy.es\\\/es\\\/habra-luces-y-camaras-de-seguridad-en-todo-el-recorrido-de-la-via-verde-de-alcoy\\\/\"},\"wordCount\":395,\"commentCount\":0,\"image\":{\"@id\":\"https:\\\/\\\/www.copealcoy.es\\\/es\\\/habra-luces-y-camaras-de-seguridad-en-todo-el-recorrido-de-la-via-verde-de-alcoy\\\/#primaryimage\"},\"thumbnailUrl\":\"https:\\\/\\\/www.copealcoy.es\\\/wp-content\\\/uploads\\\/2020\\\/02\\\/baranes-i-paviment-1-scaled.jpg\",\"keywords\":[\"Alcoy\",\"c\u00e1maras de seguridad\",\"Luces\",\"V\u00eda Verde\"],\"articleSection\":[\"Actualidad\",\"Alcoy\",\"Noticias\"],\"inLanguage\":\"es\"},{\"@type\":\"WebPage\",\"@id\":\"https:\\\/\\\/www.copealcoy.es\\\/es\\\/habra-luces-y-camaras-de-seguridad-en-todo-el-recorrido-de-la-via-verde-de-alcoy\\\/\",\"url\":\"https:\\\/\\\/www.copealcoy.es\\\/es\\\/habra-luces-y-camaras-de-seguridad-en-todo-el-recorrido-de-la-via-verde-de-alcoy\\\/\",\"name\":\"Habr\u00e1 luces y c\u00e1maras de seguridad en todo el recorrido de la V\u00eda Verde de Alcoy - COPE Alcoy\",\"isPartOf\":{\"@id\":\"https:\\\/\\\/www.copealcoy.es\\\/es\\\/#website\"},\"primaryImageOfPage\":{\"@id\":\"https:\\\/\\\/www.copealcoy.es\\\/es\\\/habra-luces-y-camaras-de-seguridad-en-todo-el-recorrido-de-la-via-verde-de-alcoy\\\/#primaryimage\"},\"image\":{\"@id\":\"https:\\\/\\\/www.copealcoy.es\\\/es\\\/habra-luces-y-camaras-de-seguridad-en-todo-el-recorrido-de-la-via-verde-de-alcoy\\\/#primaryimage\"},\"thumbnailUrl\":\"https:\\\/\\\/www.copealcoy.es\\\/wp-content\\\/uploads\\\/2020\\\/02\\\/baranes-i-paviment-1-scaled.jpg\",\"datePublished\":\"2023-10-27T14:21:22+00:00\",\"dateModified\":\"2023-10-27T20:01:26+00:00\",\"author\":{\"@id\":\"https:\\\/\\\/www.copealcoy.es\\\/es\\\/#\\\/schema\\\/person\\\/e777c87fa024e57d40170af9df39882c\"},\"description\":\"En Alcoy son muchos los recorridos por nuestras monta\u00f1as y parajes naturales por los que hacer deporte. Uno de los m\u00e1s transitados es la V\u00eda Verde, por la que cada d\u00eda numerosas personas de distintos grupos de edad pasean, corren o van en bicicleta. Sin embargo, cuando cae la noche -cada vez antes y, m\u00e1s a\u00fan, con el cambio de hora de este fin de semana-, esto puede ser disuasorio. Y es que hay tramos que no est\u00e1n iluminados.\",\"breadcrumb\":{\"@id\":\"https:\\\/\\\/www.copealcoy.es\\\/es\\\/habra-luces-y-camaras-de-seguridad-en-todo-el-recorrido-de-la-via-verde-de-alcoy\\\/#breadcrumb\"},\"inLanguage\":\"es\",\"potentialAction\":[{\"@type\":\"ReadAction\",\"target\":[\"https:\\\/\\\/www.copealcoy.es\\\/es\\\/habra-luces-y-camaras-de-seguridad-en-todo-el-recorrido-de-la-via-verde-de-alcoy\\\/\"]}]},{\"@type\":\"ImageObject\",\"inLanguage\":\"es\",\"@id\":\"https:\\\/\\\/www.copealcoy.es\\\/es\\\/habra-luces-y-camaras-de-seguridad-en-todo-el-recorrido-de-la-via-verde-de-alcoy\\\/#primaryimage\",\"url\":\"https:\\\/\\\/www.copealcoy.es\\\/wp-content\\\/uploads\\\/2020\\\/02\\\/baranes-i-paviment-1-scaled.jpg\",\"contentUrl\":\"https:\\\/\\\/www.copealcoy.es\\\/wp-content\\\/uploads\\\/2020\\\/02\\\/baranes-i-paviment-1-scaled.jpg\",\"width\":2560,\"height\":1440,\"caption\":\"Las obras se han llevado a cabo en los \u00faltimos meses \\\/ Foto: Ajuntament d'Alcoi\"},{\"@type\":\"BreadcrumbList\",\"@id\":\"https:\\\/\\\/www.copealcoy.es\\\/es\\\/habra-luces-y-camaras-de-seguridad-en-todo-el-recorrido-de-la-via-verde-de-alcoy\\\/#breadcrumb\",\"itemListElement\":[{\"@type\":\"ListItem\",\"position\":1,\"name\":\"Portada\",\"item\":\"https:\\\/\\\/www.copealcoy.es\\\/es\\\/\"},{\"@type\":\"ListItem\",\"position\":2,\"name\":\"Habr\u00e1 luces y c\u00e1maras de seguridad en todo el recorrido de la V\u00eda Verde de Alcoy\"}]},{\"@type\":\"WebSite\",\"@id\":\"https:\\\/\\\/www.copealcoy.es\\\/es\\\/#website\",\"url\":\"https:\\\/\\\/www.copealcoy.es\\\/es\\\/\",\"name\":\"COPE Alcoy\",\"description\":\"Emisora COPE de radio local con emisi\u00f3n online. Pont de Sant Jordi 8-10 03803 Alcoy\",\"potentialAction\":[{\"@type\":\"SearchAction\",\"target\":{\"@type\":\"EntryPoint\",\"urlTemplate\":\"https:\\\/\\\/www.copealcoy.es\\\/es\\\/?s={search_term_string}\"},\"query-input\":{\"@type\":\"PropertyValueSpecification\",\"valueRequired\":true,\"valueName\":\"search_term_string\"}}],\"inLanguage\":\"es\"},{\"@type\":\"Person\",\"@id\":\"https:\\\/\\\/www.copealcoy.es\\\/es\\\/#\\\/schema\\\/person\\\/e777c87fa024e57d40170af9df39882c\",\"name\":\"Cope Alcoy\",\"image\":{\"@type\":\"ImageObject\",\"inLanguage\":\"es\",\"@id\":\"https:\\\/\\\/secure.gravatar.com\\\/avatar\\\/bb65d0283347e303893ba14f0692005417c1e0e690a325a4c5d8bb2b3943ee14?s=96&d=mm&r=g\",\"url\":\"https:\\\/\\\/secure.gravatar.com\\\/avatar\\\/bb65d0283347e303893ba14f0692005417c1e0e690a325a4c5d8bb2b3943ee14?s=96&d=mm&r=g\",\"contentUrl\":\"https:\\\/\\\/secure.gravatar.com\\\/avatar\\\/bb65d0283347e303893ba14f0692005417c1e0e690a325a4c5d8bb2b3943ee14?s=96&d=mm&r=g\",\"caption\":\"Cope Alcoy\"}}]}<\/script>\n<!-- \/ Yoast SEO plugin. -->","yoast_head_json":{"title":"Habr\u00e1 luces y c\u00e1maras de seguridad en todo el recorrido de la V\u00eda Verde de Alcoy - COPE Alcoy","description":"En Alcoy son muchos los recorridos por nuestras monta\u00f1as y parajes naturales por los que hacer deporte. Uno de los m\u00e1s transitados es la V\u00eda Verde, por la que cada d\u00eda numerosas personas de distintos grupos de edad pasean, corren o van en bicicleta. Sin embargo, cuando cae la noche -cada vez antes y, m\u00e1s a\u00fan, con el cambio de hora de este fin de semana-, esto puede ser disuasorio. Y es que hay tramos que no est\u00e1n iluminados.","robots":{"index":"index","follow":"follow","max-snippet":"max-snippet:-1","max-image-preview":"max-image-preview:large","max-video-preview":"max-video-preview:-1"},"canonical":"https:\/\/www.copealcoy.es\/es\/habra-luces-y-camaras-de-seguridad-en-todo-el-recorrido-de-la-via-verde-de-alcoy\/","og_locale":"es_ES","og_type":"article","og_title":"Habr\u00e1 luces y c\u00e1maras de seguridad en todo el recorrido de la V\u00eda Verde de Alcoy - COPE Alcoy","og_description":"En Alcoy son muchos los recorridos por nuestras monta\u00f1as y parajes naturales por los que hacer deporte. Uno de los m\u00e1s transitados es la V\u00eda Verde, por la que cada d\u00eda numerosas personas de distintos grupos de edad pasean, corren o van en bicicleta. Sin embargo, cuando cae la noche -cada vez antes y, m\u00e1s a\u00fan, con el cambio de hora de este fin de semana-, esto puede ser disuasorio. Y es que hay tramos que no est\u00e1n iluminados.","og_url":"https:\/\/www.copealcoy.es\/es\/habra-luces-y-camaras-de-seguridad-en-todo-el-recorrido-de-la-via-verde-de-alcoy\/","og_site_name":"COPE Alcoy","article_published_time":"2023-10-27T14:21:22+00:00","article_modified_time":"2023-10-27T20:01:26+00:00","og_image":[{"width":2560,"height":1440,"url":"https:\/\/www.copealcoy.es\/wp-content\/uploads\/2020\/02\/baranes-i-paviment-1-scaled.jpg","type":"image\/jpeg"}],"author":"Cope Alcoy","twitter_misc":{"Escrito por":"Cope Alcoy","Tiempo de lectura":"2 minutos"},"schema":{"@context":"https:\/\/schema.org","@graph":[{"@type":"Article","@id":"https:\/\/www.copealcoy.es\/es\/habra-luces-y-camaras-de-seguridad-en-todo-el-recorrido-de-la-via-verde-de-alcoy\/#article","isPartOf":{"@id":"https:\/\/www.copealcoy.es\/es\/habra-luces-y-camaras-de-seguridad-en-todo-el-recorrido-de-la-via-verde-de-alcoy\/"},"author":{"name":"Cope Alcoy","@id":"https:\/\/www.copealcoy.es\/es\/#\/schema\/person\/e777c87fa024e57d40170af9df39882c"},"headline":"Habr\u00e1 luces y c\u00e1maras de seguridad en todo el recorrido de la V\u00eda Verde de Alcoy","datePublished":"2023-10-27T14:21:22+00:00","dateModified":"2023-10-27T20:01:26+00:00","mainEntityOfPage":{"@id":"https:\/\/www.copealcoy.es\/es\/habra-luces-y-camaras-de-seguridad-en-todo-el-recorrido-de-la-via-verde-de-alcoy\/"},"wordCount":395,"commentCount":0,"image":{"@id":"https:\/\/www.copealcoy.es\/es\/habra-luces-y-camaras-de-seguridad-en-todo-el-recorrido-de-la-via-verde-de-alcoy\/#primaryimage"},"thumbnailUrl":"https:\/\/www.copealcoy.es\/wp-content\/uploads\/2020\/02\/baranes-i-paviment-1-scaled.jpg","keywords":["Alcoy","c\u00e1maras de seguridad","Luces","V\u00eda Verde"],"articleSection":["Actualidad","Alcoy","Noticias"],"inLanguage":"es"},{"@type":"WebPage","@id":"https:\/\/www.copealcoy.es\/es\/habra-luces-y-camaras-de-seguridad-en-todo-el-recorrido-de-la-via-verde-de-alcoy\/","url":"https:\/\/www.copealcoy.es\/es\/habra-luces-y-camaras-de-seguridad-en-todo-el-recorrido-de-la-via-verde-de-alcoy\/","name":"Habr\u00e1 luces y c\u00e1maras de seguridad en todo el recorrido de la V\u00eda Verde de Alcoy - COPE Alcoy","isPartOf":{"@id":"https:\/\/www.copealcoy.es\/es\/#website"},"primaryImageOfPage":{"@id":"https:\/\/www.copealcoy.es\/es\/habra-luces-y-camaras-de-seguridad-en-todo-el-recorrido-de-la-via-verde-de-alcoy\/#primaryimage"},"image":{"@id":"https:\/\/www.copealcoy.es\/es\/habra-luces-y-camaras-de-seguridad-en-todo-el-recorrido-de-la-via-verde-de-alcoy\/#primaryimage"},"thumbnailUrl":"https:\/\/www.copealcoy.es\/wp-content\/uploads\/2020\/02\/baranes-i-paviment-1-scaled.jpg","datePublished":"2023-10-27T14:21:22+00:00","dateModified":"2023-10-27T20:01:26+00:00","author":{"@id":"https:\/\/www.copealcoy.es\/es\/#\/schema\/person\/e777c87fa024e57d40170af9df39882c"},"description":"En Alcoy son muchos los recorridos por nuestras monta\u00f1as y parajes naturales por los que hacer deporte. Uno de los m\u00e1s transitados es la V\u00eda Verde, por la que cada d\u00eda numerosas personas de distintos grupos de edad pasean, corren o van en bicicleta. Sin embargo, cuando cae la noche -cada vez antes y, m\u00e1s a\u00fan, con el cambio de hora de este fin de semana-, esto puede ser disuasorio. Y es que hay tramos que no est\u00e1n iluminados.","breadcrumb":{"@id":"https:\/\/www.copealcoy.es\/es\/habra-luces-y-camaras-de-seguridad-en-todo-el-recorrido-de-la-via-verde-de-alcoy\/#breadcrumb"},"inLanguage":"es","potentialAction":[{"@type":"ReadAction","target":["https:\/\/www.copealcoy.es\/es\/habra-luces-y-camaras-de-seguridad-en-todo-el-recorrido-de-la-via-verde-de-alcoy\/"]}]},{"@type":"ImageObject","inLanguage":"es","@id":"https:\/\/www.copealcoy.es\/es\/habra-luces-y-camaras-de-seguridad-en-todo-el-recorrido-de-la-via-verde-de-alcoy\/#primaryimage","url":"https:\/\/www.copealcoy.es\/wp-content\/uploads\/2020\/02\/baranes-i-paviment-1-scaled.jpg","contentUrl":"https:\/\/www.copealcoy.es\/wp-content\/uploads\/2020\/02\/baranes-i-paviment-1-scaled.jpg","width":2560,"height":1440,"caption":"Las obras se han llevado a cabo en los \u00faltimos meses \/ Foto: Ajuntament d'Alcoi"},{"@type":"BreadcrumbList","@id":"https:\/\/www.copealcoy.es\/es\/habra-luces-y-camaras-de-seguridad-en-todo-el-recorrido-de-la-via-verde-de-alcoy\/#breadcrumb","itemListElement":[{"@type":"ListItem","position":1,"name":"Portada","item":"https:\/\/www.copealcoy.es\/es\/"},{"@type":"ListItem","position":2,"name":"Habr\u00e1 luces y c\u00e1maras de seguridad en todo el recorrido de la V\u00eda Verde de Alcoy"}]},{"@type":"WebSite","@id":"https:\/\/www.copealcoy.es\/es\/#website","url":"https:\/\/www.copealcoy.es\/es\/","name":"COPE Alcoy","description":"Emisora COPE de radio local con emisi\u00f3n online. Pont de Sant Jordi 8-10 03803 Alcoy","potentialAction":[{"@type":"SearchAction","target":{"@type":"EntryPoint","urlTemplate":"https:\/\/www.copealcoy.es\/es\/?s={search_term_string}"},"query-input":{"@type":"PropertyValueSpecification","valueRequired":true,"valueName":"search_term_string"}}],"inLanguage":"es"},{"@type":"Person","@id":"https:\/\/www.copealcoy.es\/es\/#\/schema\/person\/e777c87fa024e57d40170af9df39882c","name":"Cope Alcoy","image":{"@type":"ImageObject","inLanguage":"es","@id":"https:\/\/secure.gravatar.com\/avatar\/bb65d0283347e303893ba14f0692005417c1e0e690a325a4c5d8bb2b3943ee14?s=96&d=mm&r=g","url":"https:\/\/secure.gravatar.com\/avatar\/bb65d0283347e303893ba14f0692005417c1e0e690a325a4c5d8bb2b3943ee14?s=96&d=mm&r=g","contentUrl":"https:\/\/secure.gravatar.com\/avatar\/bb65d0283347e303893ba14f0692005417c1e0e690a325a4c5d8bb2b3943ee14?s=96&d=mm&r=g","caption":"Cope Alcoy"}}]}},"_links":{"self":[{"href":"https:\/\/www.copealcoy.es\/es\/wp-json\/wp\/v2\/posts\/124004","targetHints":{"allow":["GET"]}}],"collection":[{"href":"https:\/\/www.copealcoy.es\/es\/wp-json\/wp\/v2\/posts"}],"about":[{"href":"https:\/\/www.copealcoy.es\/es\/wp-json\/wp\/v2\/types\/post"}],"author":[{"embeddable":true,"href":"https:\/\/www.copealcoy.es\/es\/wp-json\/wp\/v2\/users\/1"}],"replies":[{"embeddable":true,"href":"https:\/\/www.copealcoy.es\/es\/wp-json\/wp\/v2\/comments?post=124004"}],"version-history":[{"count":0,"href":"https:\/\/www.copealcoy.es\/es\/wp-json\/wp\/v2\/posts\/124004\/revisions"}],"wp:featuredmedia":[{"embeddable":true,"href":"https:\/\/www.copealcoy.es\/es\/wp-json\/wp\/v2\/media\/59700"}],"wp:attachment":[{"href":"https:\/\/www.copealcoy.es\/es\/wp-json\/wp\/v2\/media?parent=124004"}],"wp:term":[{"taxonomy":"category","embeddable":true,"href":"https:\/\/www.copealcoy.es\/es\/wp-json\/wp\/v2\/categories?post=124004"},{"taxonomy":"post_tag","embeddable":true,"href":"https:\/\/www.copealcoy.es\/es\/wp-json\/wp\/v2\/tags?post=124004"}],"curies":[{"name":"wp","href":"https:\/\/api.w.org\/{rel}","templated":true}]}}