{"id":123991,"date":"2023-10-27T06:43:34","date_gmt":"2023-10-27T05:43:34","guid":{"rendered":"https:\/\/www.copealcoy.es\/?p=123991"},"modified":"2023-10-27T22:09:28","modified_gmt":"2023-10-27T21:09:28","slug":"informativo-matinal-viernes-27-de-octubre-2023-0720h","status":"publish","type":"post","link":"https:\/\/www.copealcoy.es\/es\/informativo-matinal-viernes-27-de-octubre-2023-0720h\/","title":{"rendered":"Informativo matinal viernes 27 de octubre 2023 (07:20h)"},"content":{"rendered":"<p><iframe loading=\"lazy\" title=\"Informatiu Matinal Divendres 27 D&#039;Octubre 2023 (07:20h)\" width=\"100%\" height=\"120\" src=\"https:\/\/www.mixcloud.com\/widget\/iframe\/?feed=https%3A%2F%2Fwww.mixcloud.com%2FCOPEAlcoy%2Finformatiu-matinal-divendres-27-doctubre-2023-0720h%2F&amp;hide_cover=1\" frameborder=\"0\"><\/iframe><\/p>\n<p style=\"text-align: justify;\">La <strong>novedad en la venta de entradas para el Campamento Real 2024<\/strong> y el <strong>aumento de la seguridad en la Via Verda<\/strong> de Alcoy son algunas de las noticias destacadas de este 27 de octubre de 2023.<\/p>\n<p style=\"text-align: justify;\">El\u00a0<strong>Campamento Real de 2024<\/strong>\u00a0trae novedades. Entre ellas, el cambio en el m\u00e9todo de venta de entradas. Para evitar que se repitan situaciones como las de a\u00f1os anteriores, como el colapso a la hora de realizar la compra,<strong>\u00a0la venta se realizar\u00e1 por sorteo<\/strong>.<\/p>\n<p style=\"text-align: justify;\">Para ello, desde la\u00a0<span style=\"color: #0000ff;\"><a style=\"color: #0000ff;\" href=\"https:\/\/www.acsamarita.com\/\" target=\"_blank\" rel=\"noopener\"><strong>Asociaci\u00f3n Cultural Samarita<\/strong><\/a><\/span>\u00a0habilitar\u00e1n una\u00a0<strong>aplicaci\u00f3n m\u00f3vil en la que se podr\u00e1 realizar la inscripci\u00f3n<\/strong>\u00a0al sorteo. Con el nombre de \u2018Campamento Real\u2019, la aplicaci\u00f3n estar\u00e1 disponible tanto para Apple como para Android en los pr\u00f3ximos d\u00edas. Habr\u00e1 que registrarse con el correo electr\u00f3nico y se pueden pedir un m\u00e1ximo de cinco entradas por cada correo.<\/p>\n<p style=\"text-align: justify;\">El\u00a0<strong>plazo de inscripci\u00f3n es del 6 al 30 de noviembre<\/strong>. Adem\u00e1s, los s\u00e1bados 11, 18 y 25 de noviembre (en horario de 11 a 13 horas), se podr\u00e1 acudir al Caf\u00e9 Samarita si se requiere ayuda con la inscripci\u00f3n.<strong>\u00a0El sorteo se realizar\u00e1 en directo el 1 de diciembre<\/strong>. Los ganadores ser\u00e1n notificados por correo electr\u00f3nico. A partir de este d\u00eda, tendr\u00e1n hasta el 15 de diciembre para realizar el pago de las entradas a trav\u00e9s del enlace que les llegar\u00e1 al correo.<\/p>\n<p style=\"text-align: justify;\">Para el Campamento Real de 2024\u00a0<strong>hay previstas 6.000 entradas, 3.000 en bus y otras 3.000 a pie<\/strong>. De ellas, 4.400 se sacar\u00e1n a sorteo. El resto se reservan para compromisos. En cuanto a los precios,\u00a0<strong>las entradas a pie cuestan 4 euros y las de autob\u00fas, 5<\/strong>. Se trata de donativos, con los que se pretende mejorar los servicios que el Campamento ofrece a la ciudadan\u00eda.<\/p>\n<p style=\"text-align: justify;\"><strong>M\u00e1s detalles<\/strong><\/p>\n<p style=\"text-align: justify;\">En la rueda de prensa ofrecida por\u00a0<strong>David Ponsoda<\/strong>, de la Asociaci\u00f3n Cultural Samarita, y\u00a0<strong>Jordi Mart\u00ednez<\/strong>, concejal de Fiestas, se han dado m\u00e1s detalles sobre la edici\u00f3n de 2024 del Campamento. Como en a\u00f1os anteriores, la salida de los autobuses se realizar\u00e1 desde la plaza Al Azraq (dependiendo del horario para el que se tenga la entrada).<\/p>\n<p style=\"text-align: justify;\">Adem\u00e1s,\u00a0<strong>vuelve el concurso de cartas XXL<\/strong>, un certamen que corre a cargo del Centro Comercial Alzamora. En la elecci\u00f3n de las mejores cartas colaborar\u00e1n la familia del Sant Jordiet, Mauro Abell\u00e1n, y la Fil\u00e0 Jud\u00edos.<\/p>\n<p style=\"text-align: justify;\">En cuanto a los accesos al Campamento, en los pr\u00f3ximos d\u00edas comenzar\u00e1n los preparativos y tareas para que est\u00e9n en buen estado para la ciudadan\u00eda.<\/p>\n","protected":false},"excerpt":{"rendered":"<p>La novedad en la venta de entradas para el Campamento Real 2024 y el aumento de la seguridad en la&#8230;<\/p>\n","protected":false},"author":1,"featured_media":110612,"comment_status":"open","ping_status":"open","sticky":false,"template":"","format":"standard","meta":{"footnotes":""},"categories":[6909,89,91],"tags":[],"class_list":["post-123991","post","type-post","status-publish","format-standard","has-post-thumbnail","hentry","category-actualidad","category-audiosdelosprogramas","category-informativos"],"yoast_head":"<!-- This site is optimized with the Yoast SEO plugin v27.3 - https:\/\/yoast.com\/product\/yoast-seo-wordpress\/ -->\n<title>Informativo matinal viernes 27 de octubre 2023 (07:20h) - COPE Alcoy<\/title>\n<meta name=\"description\" content=\"La novedad en la venta de entradas para el Campamento Real 2024 y el aumento de la seguridad en la Via Verda de Alcoy son algunas de las noticias destacadas de este 27 de octubre de 2023.\" \/>\n<meta name=\"robots\" content=\"index, follow, max-snippet:-1, max-image-preview:large, max-video-preview:-1\" \/>\n<link rel=\"canonical\" href=\"https:\/\/www.copealcoy.es\/es\/informativo-matinal-viernes-27-de-octubre-2023-0720h\/\" \/>\n<meta property=\"og:locale\" content=\"es_ES\" \/>\n<meta property=\"og:type\" content=\"article\" \/>\n<meta property=\"og:title\" content=\"Informativo matinal viernes 27 de octubre 2023 (07:20h) - COPE Alcoy\" \/>\n<meta property=\"og:description\" content=\"La novedad en la venta de entradas para el Campamento Real 2024 y el aumento de la seguridad en la Via Verda de Alcoy son algunas de las noticias destacadas de este 27 de octubre de 2023.\" \/>\n<meta property=\"og:url\" content=\"https:\/\/www.copealcoy.es\/es\/informativo-matinal-viernes-27-de-octubre-2023-0720h\/\" \/>\n<meta property=\"og:site_name\" content=\"COPE Alcoy\" \/>\n<meta property=\"article:published_time\" content=\"2023-10-27T05:43:34+00:00\" \/>\n<meta property=\"article:modified_time\" content=\"2023-10-27T21:09:28+00:00\" \/>\n<meta property=\"og:image\" content=\"https:\/\/www.copealcoy.es\/wp-content\/uploads\/2023\/02\/Herrera-en-COPE-Alcoy-4.png\" \/>\n\t<meta property=\"og:image:width\" content=\"357\" \/>\n\t<meta property=\"og:image:height\" content=\"290\" \/>\n\t<meta property=\"og:image:type\" content=\"image\/png\" \/>\n<meta name=\"author\" content=\"Cope Alcoy\" \/>\n<meta name=\"twitter:label1\" content=\"Escrito por\" \/>\n\t<meta name=\"twitter:data1\" content=\"Cope Alcoy\" \/>\n\t<meta name=\"twitter:label2\" content=\"Tiempo de lectura\" \/>\n\t<meta name=\"twitter:data2\" content=\"2 minutos\" \/>\n<script type=\"application\/ld+json\" class=\"yoast-schema-graph\">{\"@context\":\"https:\\\/\\\/schema.org\",\"@graph\":[{\"@type\":\"Article\",\"@id\":\"https:\\\/\\\/www.copealcoy.es\\\/es\\\/informativo-matinal-viernes-27-de-octubre-2023-0720h\\\/#article\",\"isPartOf\":{\"@id\":\"https:\\\/\\\/www.copealcoy.es\\\/es\\\/informativo-matinal-viernes-27-de-octubre-2023-0720h\\\/\"},\"author\":{\"name\":\"Cope Alcoy\",\"@id\":\"https:\\\/\\\/www.copealcoy.es\\\/es\\\/#\\\/schema\\\/person\\\/e777c87fa024e57d40170af9df39882c\"},\"headline\":\"Informativo matinal viernes 27 de octubre 2023 (07:20h)\",\"datePublished\":\"2023-10-27T05:43:34+00:00\",\"dateModified\":\"2023-10-27T21:09:28+00:00\",\"mainEntityOfPage\":{\"@id\":\"https:\\\/\\\/www.copealcoy.es\\\/es\\\/informativo-matinal-viernes-27-de-octubre-2023-0720h\\\/\"},\"wordCount\":448,\"commentCount\":0,\"image\":{\"@id\":\"https:\\\/\\\/www.copealcoy.es\\\/es\\\/informativo-matinal-viernes-27-de-octubre-2023-0720h\\\/#primaryimage\"},\"thumbnailUrl\":\"https:\\\/\\\/www.copealcoy.es\\\/wp-content\\\/uploads\\\/2023\\\/02\\\/Herrera-en-COPE-Alcoy-4.png\",\"articleSection\":[\"Actualidad\",\"Audios de los programas\",\"Informativos\"],\"inLanguage\":\"es\"},{\"@type\":\"WebPage\",\"@id\":\"https:\\\/\\\/www.copealcoy.es\\\/es\\\/informativo-matinal-viernes-27-de-octubre-2023-0720h\\\/\",\"url\":\"https:\\\/\\\/www.copealcoy.es\\\/es\\\/informativo-matinal-viernes-27-de-octubre-2023-0720h\\\/\",\"name\":\"Informativo matinal viernes 27 de octubre 2023 (07:20h) - COPE Alcoy\",\"isPartOf\":{\"@id\":\"https:\\\/\\\/www.copealcoy.es\\\/es\\\/#website\"},\"primaryImageOfPage\":{\"@id\":\"https:\\\/\\\/www.copealcoy.es\\\/es\\\/informativo-matinal-viernes-27-de-octubre-2023-0720h\\\/#primaryimage\"},\"image\":{\"@id\":\"https:\\\/\\\/www.copealcoy.es\\\/es\\\/informativo-matinal-viernes-27-de-octubre-2023-0720h\\\/#primaryimage\"},\"thumbnailUrl\":\"https:\\\/\\\/www.copealcoy.es\\\/wp-content\\\/uploads\\\/2023\\\/02\\\/Herrera-en-COPE-Alcoy-4.png\",\"datePublished\":\"2023-10-27T05:43:34+00:00\",\"dateModified\":\"2023-10-27T21:09:28+00:00\",\"author\":{\"@id\":\"https:\\\/\\\/www.copealcoy.es\\\/es\\\/#\\\/schema\\\/person\\\/e777c87fa024e57d40170af9df39882c\"},\"description\":\"La novedad en la venta de entradas para el Campamento Real 2024 y el aumento de la seguridad en la Via Verda de Alcoy son algunas de las noticias destacadas de este 27 de octubre de 2023.\",\"breadcrumb\":{\"@id\":\"https:\\\/\\\/www.copealcoy.es\\\/es\\\/informativo-matinal-viernes-27-de-octubre-2023-0720h\\\/#breadcrumb\"},\"inLanguage\":\"es\",\"potentialAction\":[{\"@type\":\"ReadAction\",\"target\":[\"https:\\\/\\\/www.copealcoy.es\\\/es\\\/informativo-matinal-viernes-27-de-octubre-2023-0720h\\\/\"]}]},{\"@type\":\"ImageObject\",\"inLanguage\":\"es\",\"@id\":\"https:\\\/\\\/www.copealcoy.es\\\/es\\\/informativo-matinal-viernes-27-de-octubre-2023-0720h\\\/#primaryimage\",\"url\":\"https:\\\/\\\/www.copealcoy.es\\\/wp-content\\\/uploads\\\/2023\\\/02\\\/Herrera-en-COPE-Alcoy-4.png\",\"contentUrl\":\"https:\\\/\\\/www.copealcoy.es\\\/wp-content\\\/uploads\\\/2023\\\/02\\\/Herrera-en-COPE-Alcoy-4.png\",\"width\":357,\"height\":290},{\"@type\":\"BreadcrumbList\",\"@id\":\"https:\\\/\\\/www.copealcoy.es\\\/es\\\/informativo-matinal-viernes-27-de-octubre-2023-0720h\\\/#breadcrumb\",\"itemListElement\":[{\"@type\":\"ListItem\",\"position\":1,\"name\":\"Portada\",\"item\":\"https:\\\/\\\/www.copealcoy.es\\\/es\\\/\"},{\"@type\":\"ListItem\",\"position\":2,\"name\":\"Informativo matinal viernes 27 de octubre 2023 (07:20h)\"}]},{\"@type\":\"WebSite\",\"@id\":\"https:\\\/\\\/www.copealcoy.es\\\/es\\\/#website\",\"url\":\"https:\\\/\\\/www.copealcoy.es\\\/es\\\/\",\"name\":\"COPE Alcoy\",\"description\":\"Emisora COPE de radio local con emisi\u00f3n online. Pont de Sant Jordi 8-10 03803 Alcoy\",\"potentialAction\":[{\"@type\":\"SearchAction\",\"target\":{\"@type\":\"EntryPoint\",\"urlTemplate\":\"https:\\\/\\\/www.copealcoy.es\\\/es\\\/?s={search_term_string}\"},\"query-input\":{\"@type\":\"PropertyValueSpecification\",\"valueRequired\":true,\"valueName\":\"search_term_string\"}}],\"inLanguage\":\"es\"},{\"@type\":\"Person\",\"@id\":\"https:\\\/\\\/www.copealcoy.es\\\/es\\\/#\\\/schema\\\/person\\\/e777c87fa024e57d40170af9df39882c\",\"name\":\"Cope Alcoy\",\"image\":{\"@type\":\"ImageObject\",\"inLanguage\":\"es\",\"@id\":\"https:\\\/\\\/secure.gravatar.com\\\/avatar\\\/bb65d0283347e303893ba14f0692005417c1e0e690a325a4c5d8bb2b3943ee14?s=96&d=mm&r=g\",\"url\":\"https:\\\/\\\/secure.gravatar.com\\\/avatar\\\/bb65d0283347e303893ba14f0692005417c1e0e690a325a4c5d8bb2b3943ee14?s=96&d=mm&r=g\",\"contentUrl\":\"https:\\\/\\\/secure.gravatar.com\\\/avatar\\\/bb65d0283347e303893ba14f0692005417c1e0e690a325a4c5d8bb2b3943ee14?s=96&d=mm&r=g\",\"caption\":\"Cope Alcoy\"}}]}<\/script>\n<!-- \/ Yoast SEO plugin. -->","yoast_head_json":{"title":"Informativo matinal viernes 27 de octubre 2023 (07:20h) - COPE Alcoy","description":"La novedad en la venta de entradas para el Campamento Real 2024 y el aumento de la seguridad en la Via Verda de Alcoy son algunas de las noticias destacadas de este 27 de octubre de 2023.","robots":{"index":"index","follow":"follow","max-snippet":"max-snippet:-1","max-image-preview":"max-image-preview:large","max-video-preview":"max-video-preview:-1"},"canonical":"https:\/\/www.copealcoy.es\/es\/informativo-matinal-viernes-27-de-octubre-2023-0720h\/","og_locale":"es_ES","og_type":"article","og_title":"Informativo matinal viernes 27 de octubre 2023 (07:20h) - COPE Alcoy","og_description":"La novedad en la venta de entradas para el Campamento Real 2024 y el aumento de la seguridad en la Via Verda de Alcoy son algunas de las noticias destacadas de este 27 de octubre de 2023.","og_url":"https:\/\/www.copealcoy.es\/es\/informativo-matinal-viernes-27-de-octubre-2023-0720h\/","og_site_name":"COPE Alcoy","article_published_time":"2023-10-27T05:43:34+00:00","article_modified_time":"2023-10-27T21:09:28+00:00","og_image":[{"width":357,"height":290,"url":"https:\/\/www.copealcoy.es\/wp-content\/uploads\/2023\/02\/Herrera-en-COPE-Alcoy-4.png","type":"image\/png"}],"author":"Cope Alcoy","twitter_misc":{"Escrito por":"Cope Alcoy","Tiempo de lectura":"2 minutos"},"schema":{"@context":"https:\/\/schema.org","@graph":[{"@type":"Article","@id":"https:\/\/www.copealcoy.es\/es\/informativo-matinal-viernes-27-de-octubre-2023-0720h\/#article","isPartOf":{"@id":"https:\/\/www.copealcoy.es\/es\/informativo-matinal-viernes-27-de-octubre-2023-0720h\/"},"author":{"name":"Cope Alcoy","@id":"https:\/\/www.copealcoy.es\/es\/#\/schema\/person\/e777c87fa024e57d40170af9df39882c"},"headline":"Informativo matinal viernes 27 de octubre 2023 (07:20h)","datePublished":"2023-10-27T05:43:34+00:00","dateModified":"2023-10-27T21:09:28+00:00","mainEntityOfPage":{"@id":"https:\/\/www.copealcoy.es\/es\/informativo-matinal-viernes-27-de-octubre-2023-0720h\/"},"wordCount":448,"commentCount":0,"image":{"@id":"https:\/\/www.copealcoy.es\/es\/informativo-matinal-viernes-27-de-octubre-2023-0720h\/#primaryimage"},"thumbnailUrl":"https:\/\/www.copealcoy.es\/wp-content\/uploads\/2023\/02\/Herrera-en-COPE-Alcoy-4.png","articleSection":["Actualidad","Audios de los programas","Informativos"],"inLanguage":"es"},{"@type":"WebPage","@id":"https:\/\/www.copealcoy.es\/es\/informativo-matinal-viernes-27-de-octubre-2023-0720h\/","url":"https:\/\/www.copealcoy.es\/es\/informativo-matinal-viernes-27-de-octubre-2023-0720h\/","name":"Informativo matinal viernes 27 de octubre 2023 (07:20h) - COPE Alcoy","isPartOf":{"@id":"https:\/\/www.copealcoy.es\/es\/#website"},"primaryImageOfPage":{"@id":"https:\/\/www.copealcoy.es\/es\/informativo-matinal-viernes-27-de-octubre-2023-0720h\/#primaryimage"},"image":{"@id":"https:\/\/www.copealcoy.es\/es\/informativo-matinal-viernes-27-de-octubre-2023-0720h\/#primaryimage"},"thumbnailUrl":"https:\/\/www.copealcoy.es\/wp-content\/uploads\/2023\/02\/Herrera-en-COPE-Alcoy-4.png","datePublished":"2023-10-27T05:43:34+00:00","dateModified":"2023-10-27T21:09:28+00:00","author":{"@id":"https:\/\/www.copealcoy.es\/es\/#\/schema\/person\/e777c87fa024e57d40170af9df39882c"},"description":"La novedad en la venta de entradas para el Campamento Real 2024 y el aumento de la seguridad en la Via Verda de Alcoy son algunas de las noticias destacadas de este 27 de octubre de 2023.","breadcrumb":{"@id":"https:\/\/www.copealcoy.es\/es\/informativo-matinal-viernes-27-de-octubre-2023-0720h\/#breadcrumb"},"inLanguage":"es","potentialAction":[{"@type":"ReadAction","target":["https:\/\/www.copealcoy.es\/es\/informativo-matinal-viernes-27-de-octubre-2023-0720h\/"]}]},{"@type":"ImageObject","inLanguage":"es","@id":"https:\/\/www.copealcoy.es\/es\/informativo-matinal-viernes-27-de-octubre-2023-0720h\/#primaryimage","url":"https:\/\/www.copealcoy.es\/wp-content\/uploads\/2023\/02\/Herrera-en-COPE-Alcoy-4.png","contentUrl":"https:\/\/www.copealcoy.es\/wp-content\/uploads\/2023\/02\/Herrera-en-COPE-Alcoy-4.png","width":357,"height":290},{"@type":"BreadcrumbList","@id":"https:\/\/www.copealcoy.es\/es\/informativo-matinal-viernes-27-de-octubre-2023-0720h\/#breadcrumb","itemListElement":[{"@type":"ListItem","position":1,"name":"Portada","item":"https:\/\/www.copealcoy.es\/es\/"},{"@type":"ListItem","position":2,"name":"Informativo matinal viernes 27 de octubre 2023 (07:20h)"}]},{"@type":"WebSite","@id":"https:\/\/www.copealcoy.es\/es\/#website","url":"https:\/\/www.copealcoy.es\/es\/","name":"COPE Alcoy","description":"Emisora COPE de radio local con emisi\u00f3n online. Pont de Sant Jordi 8-10 03803 Alcoy","potentialAction":[{"@type":"SearchAction","target":{"@type":"EntryPoint","urlTemplate":"https:\/\/www.copealcoy.es\/es\/?s={search_term_string}"},"query-input":{"@type":"PropertyValueSpecification","valueRequired":true,"valueName":"search_term_string"}}],"inLanguage":"es"},{"@type":"Person","@id":"https:\/\/www.copealcoy.es\/es\/#\/schema\/person\/e777c87fa024e57d40170af9df39882c","name":"Cope Alcoy","image":{"@type":"ImageObject","inLanguage":"es","@id":"https:\/\/secure.gravatar.com\/avatar\/bb65d0283347e303893ba14f0692005417c1e0e690a325a4c5d8bb2b3943ee14?s=96&d=mm&r=g","url":"https:\/\/secure.gravatar.com\/avatar\/bb65d0283347e303893ba14f0692005417c1e0e690a325a4c5d8bb2b3943ee14?s=96&d=mm&r=g","contentUrl":"https:\/\/secure.gravatar.com\/avatar\/bb65d0283347e303893ba14f0692005417c1e0e690a325a4c5d8bb2b3943ee14?s=96&d=mm&r=g","caption":"Cope Alcoy"}}]}},"_links":{"self":[{"href":"https:\/\/www.copealcoy.es\/es\/wp-json\/wp\/v2\/posts\/123991","targetHints":{"allow":["GET"]}}],"collection":[{"href":"https:\/\/www.copealcoy.es\/es\/wp-json\/wp\/v2\/posts"}],"about":[{"href":"https:\/\/www.copealcoy.es\/es\/wp-json\/wp\/v2\/types\/post"}],"author":[{"embeddable":true,"href":"https:\/\/www.copealcoy.es\/es\/wp-json\/wp\/v2\/users\/1"}],"replies":[{"embeddable":true,"href":"https:\/\/www.copealcoy.es\/es\/wp-json\/wp\/v2\/comments?post=123991"}],"version-history":[{"count":0,"href":"https:\/\/www.copealcoy.es\/es\/wp-json\/wp\/v2\/posts\/123991\/revisions"}],"wp:featuredmedia":[{"embeddable":true,"href":"https:\/\/www.copealcoy.es\/es\/wp-json\/wp\/v2\/media\/110612"}],"wp:attachment":[{"href":"https:\/\/www.copealcoy.es\/es\/wp-json\/wp\/v2\/media?parent=123991"}],"wp:term":[{"taxonomy":"category","embeddable":true,"href":"https:\/\/www.copealcoy.es\/es\/wp-json\/wp\/v2\/categories?post=123991"},{"taxonomy":"post_tag","embeddable":true,"href":"https:\/\/www.copealcoy.es\/es\/wp-json\/wp\/v2\/tags?post=123991"}],"curies":[{"name":"wp","href":"https:\/\/api.w.org\/{rel}","templated":true}]}}