{"id":123949,"date":"2023-10-26T15:08:51","date_gmt":"2023-10-26T14:08:51","guid":{"rendered":"https:\/\/www.copealcoy.es\/?p=123949"},"modified":"2023-10-30T21:46:07","modified_gmt":"2023-10-30T20:46:07","slug":"baja-el-indice-de-pobreza-en-alcoy-pero-la-atencion-a-la-poblacion-vulnerable-se-mantiene","status":"publish","type":"post","link":"https:\/\/www.copealcoy.es\/es\/baja-el-indice-de-pobreza-en-alcoy-pero-la-atencion-a-la-poblacion-vulnerable-se-mantiene\/","title":{"rendered":"Baja el \u00edndice de pobreza en Alcoy pero la atenci\u00f3n a la poblaci\u00f3n vulnerable se mantiene"},"content":{"rendered":"<p style=\"text-align: justify;\">La comarca de l&#8217;Alcoi\u00e0 registra en estos momentos <strong>la tasa de pobreza m\u00e1s baja de toda la provincia<\/strong>, una cifra que <strong>se sit\u00faa en el 14&#8217;8%<\/strong> y que tambi\u00e9n <strong>es una de las m\u00e1s inferiores de toda la Comunitat Valenciana<\/strong>. De hecho, <strong>el dato ha bajado en comparaci\u00f3n al pasado a\u00f1o<\/strong> y desde el Ayuntamiento del Alcoy <strong>lo valoran de forma positiva<\/strong> destacando el gobierno local <strong>las medidas que se han implementado para reducir las desigualdades<\/strong> aunque reconocen que <strong>todav\u00eda sigue habiendo personas que se encuentran en situaci\u00f3n de vulnerabilidad<\/strong>.<\/p>\n<p style=\"text-align: justify;\">Precisamente la atenci\u00f3n a esa poblaci\u00f3n m\u00e1s vulnerable <strong>no ha disminuido en servicios como el del economato de<\/strong> <a href=\"https:\/\/www.facebook.com\/CaritasAlcoy\" target=\"_blank\" rel=\"noopener\"><strong><span style=\"color: #0000ff;\">C\u00e1ritas Alcoy<\/span><\/strong><\/a>. Sus responsables se\u00f1alan que <strong>ahora mismo se est\u00e1 atendiendo a unas 300 familias en la ciudad<\/strong> y recuerdan que esto se traduce en que <strong>se presta apoyo a m\u00e1s de mil personas<\/strong>, muchas de ellas de otras nacionalidades y <strong>originarias de otros puntos del mundo<\/strong> como Am\u00e9rica del Sur que est\u00e1n afincadas en la capital de l&#8217;Alcoi\u00e0. Adem\u00e1s inciden en c<strong>ada semana hay un importante n\u00famero de atenciones<\/strong> &#8220;<em>unas 90 o 100 personas pasan por el economato cada semana por lo que esto nos demuestra que la situaci\u00f3n sigue siendo complicada y que los \u00edndices de pobreza no disminuyen tanto como nos gustar\u00eda<\/em>&#8220;, se\u00f1alaba en COPE ALCOY <strong>Juanjo Garrido<\/strong> como coordinador del mismo economato de Alcoy. Garrido pone <strong>tambi\u00e9n un ejemplo clarificador<\/strong> &#8220;<em>en el economato quien no puede pagar no paga absolutamente nada pero quien puede abona una peque\u00f1a cantidad, por poner en valor la dignidad de la persona, y hay quienes solo pueden hacer frente a tan solo nueve euros pese a que se llevan una compra que tiene un coste superior. La situaci\u00f3n muchas veces es tan precaria que estos usuarios ni siquiera llegan a los nueve euros y acaban pagando 8 con algo, lo cual nos demuestra que estamos en una situaci\u00f3n econ\u00f3mica complicada para muchos ciudadanos<\/em>&#8220;, concluye Garrido.<\/p>\n<p style=\"text-align: justify;\">Seg\u00fan datos del Consistorio alcoyano, <strong>la tasa de riesgo de pobreza ha bajado en cinco puntos<\/strong> durante el \u00faltimo a\u00f1o pasando del 19,8 a la cifra de 14,8 mencionada anteriormente. La <strong>media provincial<\/strong> del riesgo de pobreza es del 22 en estos momentos y<strong> la auton\u00f3mica<\/strong> est\u00e1 situada en 18.<\/p>\n","protected":false},"excerpt":{"rendered":"<p>La comarca de l&#8217;Alcoi\u00e0 registra en estos momentos la tasa de pobreza m\u00e1s baja de toda la provincia, una cifra&#8230;<\/p>\n","protected":false},"author":1,"featured_media":67412,"comment_status":"open","ping_status":"open","sticky":false,"template":"","format":"standard","meta":{"footnotes":""},"categories":[6909,97,75,125],"tags":[1494,1425,460,15805,1086],"class_list":["post-123949","post","type-post","status-publish","format-standard","has-post-thumbnail","hentry","category-actualidad","category-alcoy","category-noticias","category-portada","tag-alcoy","tag-atencion","tag-caritas","tag-indice-de-pobreza","tag-usuarios"],"yoast_head":"<!-- This site is optimized with the Yoast SEO plugin v27.3 - https:\/\/yoast.com\/product\/yoast-seo-wordpress\/ -->\n<title>Baja el \u00edndice de pobreza en Alcoy pero la atenci\u00f3n a la poblaci\u00f3n vulnerable se mantiene - COPE Alcoy<\/title>\n<meta name=\"description\" content=\"Pese a que baja el \u00edndice de pobreza en Alcoy, servicios como el economato de C\u00e1ritas no ven que desciende el n\u00famero de usuarios\" \/>\n<meta name=\"robots\" content=\"index, follow, max-snippet:-1, max-image-preview:large, max-video-preview:-1\" \/>\n<link rel=\"canonical\" href=\"https:\/\/www.copealcoy.es\/es\/baja-el-indice-de-pobreza-en-alcoy-pero-la-atencion-a-la-poblacion-vulnerable-se-mantiene\/\" \/>\n<meta property=\"og:locale\" content=\"es_ES\" \/>\n<meta property=\"og:type\" content=\"article\" \/>\n<meta property=\"og:title\" content=\"Baja el \u00edndice de pobreza en Alcoy pero la atenci\u00f3n a la poblaci\u00f3n vulnerable se mantiene - COPE Alcoy\" \/>\n<meta property=\"og:description\" content=\"Pese a que baja el \u00edndice de pobreza en Alcoy, servicios como el economato de C\u00e1ritas no ven que desciende el n\u00famero de usuarios\" \/>\n<meta property=\"og:url\" content=\"https:\/\/www.copealcoy.es\/es\/baja-el-indice-de-pobreza-en-alcoy-pero-la-atencion-a-la-poblacion-vulnerable-se-mantiene\/\" \/>\n<meta property=\"og:site_name\" content=\"COPE Alcoy\" \/>\n<meta property=\"article:published_time\" content=\"2023-10-26T14:08:51+00:00\" \/>\n<meta property=\"article:modified_time\" content=\"2023-10-30T20:46:07+00:00\" \/>\n<meta property=\"og:image\" content=\"https:\/\/www.copealcoy.es\/wp-content\/uploads\/2020\/11\/121091776_1086347221827541_8985222354154527027_n.jpg\" \/>\n\t<meta property=\"og:image:width\" content=\"960\" \/>\n\t<meta property=\"og:image:height\" content=\"720\" \/>\n\t<meta property=\"og:image:type\" content=\"image\/jpeg\" \/>\n<meta name=\"author\" content=\"Cope Alcoy\" \/>\n<meta name=\"twitter:label1\" content=\"Escrito por\" \/>\n\t<meta name=\"twitter:data1\" content=\"Cope Alcoy\" \/>\n\t<meta name=\"twitter:label2\" content=\"Tiempo de lectura\" \/>\n\t<meta name=\"twitter:data2\" content=\"2 minutos\" \/>\n<script type=\"application\/ld+json\" class=\"yoast-schema-graph\">{\"@context\":\"https:\\\/\\\/schema.org\",\"@graph\":[{\"@type\":\"Article\",\"@id\":\"https:\\\/\\\/www.copealcoy.es\\\/es\\\/baja-el-indice-de-pobreza-en-alcoy-pero-la-atencion-a-la-poblacion-vulnerable-se-mantiene\\\/#article\",\"isPartOf\":{\"@id\":\"https:\\\/\\\/www.copealcoy.es\\\/es\\\/baja-el-indice-de-pobreza-en-alcoy-pero-la-atencion-a-la-poblacion-vulnerable-se-mantiene\\\/\"},\"author\":{\"name\":\"Cope Alcoy\",\"@id\":\"https:\\\/\\\/www.copealcoy.es\\\/es\\\/#\\\/schema\\\/person\\\/e777c87fa024e57d40170af9df39882c\"},\"headline\":\"Baja el \u00edndice de pobreza en Alcoy pero la atenci\u00f3n a la poblaci\u00f3n vulnerable se mantiene\",\"datePublished\":\"2023-10-26T14:08:51+00:00\",\"dateModified\":\"2023-10-30T20:46:07+00:00\",\"mainEntityOfPage\":{\"@id\":\"https:\\\/\\\/www.copealcoy.es\\\/es\\\/baja-el-indice-de-pobreza-en-alcoy-pero-la-atencion-a-la-poblacion-vulnerable-se-mantiene\\\/\"},\"wordCount\":412,\"commentCount\":0,\"image\":{\"@id\":\"https:\\\/\\\/www.copealcoy.es\\\/es\\\/baja-el-indice-de-pobreza-en-alcoy-pero-la-atencion-a-la-poblacion-vulnerable-se-mantiene\\\/#primaryimage\"},\"thumbnailUrl\":\"https:\\\/\\\/www.copealcoy.es\\\/wp-content\\\/uploads\\\/2020\\\/11\\\/121091776_1086347221827541_8985222354154527027_n.jpg\",\"keywords\":[\"Alcoy\",\"atenci\u00f3n\",\"C\u00e1ritas\",\"\u00edndice de pobreza\",\"usuarios\"],\"articleSection\":[\"Actualidad\",\"Alcoy\",\"Noticias\",\"Portada\"],\"inLanguage\":\"es\"},{\"@type\":\"WebPage\",\"@id\":\"https:\\\/\\\/www.copealcoy.es\\\/es\\\/baja-el-indice-de-pobreza-en-alcoy-pero-la-atencion-a-la-poblacion-vulnerable-se-mantiene\\\/\",\"url\":\"https:\\\/\\\/www.copealcoy.es\\\/es\\\/baja-el-indice-de-pobreza-en-alcoy-pero-la-atencion-a-la-poblacion-vulnerable-se-mantiene\\\/\",\"name\":\"Baja el \u00edndice de pobreza en Alcoy pero la atenci\u00f3n a la poblaci\u00f3n vulnerable se mantiene - COPE Alcoy\",\"isPartOf\":{\"@id\":\"https:\\\/\\\/www.copealcoy.es\\\/es\\\/#website\"},\"primaryImageOfPage\":{\"@id\":\"https:\\\/\\\/www.copealcoy.es\\\/es\\\/baja-el-indice-de-pobreza-en-alcoy-pero-la-atencion-a-la-poblacion-vulnerable-se-mantiene\\\/#primaryimage\"},\"image\":{\"@id\":\"https:\\\/\\\/www.copealcoy.es\\\/es\\\/baja-el-indice-de-pobreza-en-alcoy-pero-la-atencion-a-la-poblacion-vulnerable-se-mantiene\\\/#primaryimage\"},\"thumbnailUrl\":\"https:\\\/\\\/www.copealcoy.es\\\/wp-content\\\/uploads\\\/2020\\\/11\\\/121091776_1086347221827541_8985222354154527027_n.jpg\",\"datePublished\":\"2023-10-26T14:08:51+00:00\",\"dateModified\":\"2023-10-30T20:46:07+00:00\",\"author\":{\"@id\":\"https:\\\/\\\/www.copealcoy.es\\\/es\\\/#\\\/schema\\\/person\\\/e777c87fa024e57d40170af9df39882c\"},\"description\":\"Pese a que baja el \u00edndice de pobreza en Alcoy, servicios como el economato de C\u00e1ritas no ven que desciende el n\u00famero de usuarios\",\"breadcrumb\":{\"@id\":\"https:\\\/\\\/www.copealcoy.es\\\/es\\\/baja-el-indice-de-pobreza-en-alcoy-pero-la-atencion-a-la-poblacion-vulnerable-se-mantiene\\\/#breadcrumb\"},\"inLanguage\":\"es\",\"potentialAction\":[{\"@type\":\"ReadAction\",\"target\":[\"https:\\\/\\\/www.copealcoy.es\\\/es\\\/baja-el-indice-de-pobreza-en-alcoy-pero-la-atencion-a-la-poblacion-vulnerable-se-mantiene\\\/\"]}]},{\"@type\":\"ImageObject\",\"inLanguage\":\"es\",\"@id\":\"https:\\\/\\\/www.copealcoy.es\\\/es\\\/baja-el-indice-de-pobreza-en-alcoy-pero-la-atencion-a-la-poblacion-vulnerable-se-mantiene\\\/#primaryimage\",\"url\":\"https:\\\/\\\/www.copealcoy.es\\\/wp-content\\\/uploads\\\/2020\\\/11\\\/121091776_1086347221827541_8985222354154527027_n.jpg\",\"contentUrl\":\"https:\\\/\\\/www.copealcoy.es\\\/wp-content\\\/uploads\\\/2020\\\/11\\\/121091776_1086347221827541_8985222354154527027_n.jpg\",\"width\":960,\"height\":720},{\"@type\":\"BreadcrumbList\",\"@id\":\"https:\\\/\\\/www.copealcoy.es\\\/es\\\/baja-el-indice-de-pobreza-en-alcoy-pero-la-atencion-a-la-poblacion-vulnerable-se-mantiene\\\/#breadcrumb\",\"itemListElement\":[{\"@type\":\"ListItem\",\"position\":1,\"name\":\"Portada\",\"item\":\"https:\\\/\\\/www.copealcoy.es\\\/es\\\/\"},{\"@type\":\"ListItem\",\"position\":2,\"name\":\"Baja el \u00edndice de pobreza en Alcoy pero la atenci\u00f3n a la poblaci\u00f3n vulnerable se mantiene\"}]},{\"@type\":\"WebSite\",\"@id\":\"https:\\\/\\\/www.copealcoy.es\\\/es\\\/#website\",\"url\":\"https:\\\/\\\/www.copealcoy.es\\\/es\\\/\",\"name\":\"COPE Alcoy\",\"description\":\"Emisora COPE de radio local con emisi\u00f3n online. Pont de Sant Jordi 8-10 03803 Alcoy\",\"potentialAction\":[{\"@type\":\"SearchAction\",\"target\":{\"@type\":\"EntryPoint\",\"urlTemplate\":\"https:\\\/\\\/www.copealcoy.es\\\/es\\\/?s={search_term_string}\"},\"query-input\":{\"@type\":\"PropertyValueSpecification\",\"valueRequired\":true,\"valueName\":\"search_term_string\"}}],\"inLanguage\":\"es\"},{\"@type\":\"Person\",\"@id\":\"https:\\\/\\\/www.copealcoy.es\\\/es\\\/#\\\/schema\\\/person\\\/e777c87fa024e57d40170af9df39882c\",\"name\":\"Cope Alcoy\",\"image\":{\"@type\":\"ImageObject\",\"inLanguage\":\"es\",\"@id\":\"https:\\\/\\\/secure.gravatar.com\\\/avatar\\\/bb65d0283347e303893ba14f0692005417c1e0e690a325a4c5d8bb2b3943ee14?s=96&d=mm&r=g\",\"url\":\"https:\\\/\\\/secure.gravatar.com\\\/avatar\\\/bb65d0283347e303893ba14f0692005417c1e0e690a325a4c5d8bb2b3943ee14?s=96&d=mm&r=g\",\"contentUrl\":\"https:\\\/\\\/secure.gravatar.com\\\/avatar\\\/bb65d0283347e303893ba14f0692005417c1e0e690a325a4c5d8bb2b3943ee14?s=96&d=mm&r=g\",\"caption\":\"Cope Alcoy\"}}]}<\/script>\n<!-- \/ Yoast SEO plugin. -->","yoast_head_json":{"title":"Baja el \u00edndice de pobreza en Alcoy pero la atenci\u00f3n a la poblaci\u00f3n vulnerable se mantiene - COPE Alcoy","description":"Pese a que baja el \u00edndice de pobreza en Alcoy, servicios como el economato de C\u00e1ritas no ven que desciende el n\u00famero de usuarios","robots":{"index":"index","follow":"follow","max-snippet":"max-snippet:-1","max-image-preview":"max-image-preview:large","max-video-preview":"max-video-preview:-1"},"canonical":"https:\/\/www.copealcoy.es\/es\/baja-el-indice-de-pobreza-en-alcoy-pero-la-atencion-a-la-poblacion-vulnerable-se-mantiene\/","og_locale":"es_ES","og_type":"article","og_title":"Baja el \u00edndice de pobreza en Alcoy pero la atenci\u00f3n a la poblaci\u00f3n vulnerable se mantiene - COPE Alcoy","og_description":"Pese a que baja el \u00edndice de pobreza en Alcoy, servicios como el economato de C\u00e1ritas no ven que desciende el n\u00famero de usuarios","og_url":"https:\/\/www.copealcoy.es\/es\/baja-el-indice-de-pobreza-en-alcoy-pero-la-atencion-a-la-poblacion-vulnerable-se-mantiene\/","og_site_name":"COPE Alcoy","article_published_time":"2023-10-26T14:08:51+00:00","article_modified_time":"2023-10-30T20:46:07+00:00","og_image":[{"width":960,"height":720,"url":"https:\/\/www.copealcoy.es\/wp-content\/uploads\/2020\/11\/121091776_1086347221827541_8985222354154527027_n.jpg","type":"image\/jpeg"}],"author":"Cope Alcoy","twitter_misc":{"Escrito por":"Cope Alcoy","Tiempo de lectura":"2 minutos"},"schema":{"@context":"https:\/\/schema.org","@graph":[{"@type":"Article","@id":"https:\/\/www.copealcoy.es\/es\/baja-el-indice-de-pobreza-en-alcoy-pero-la-atencion-a-la-poblacion-vulnerable-se-mantiene\/#article","isPartOf":{"@id":"https:\/\/www.copealcoy.es\/es\/baja-el-indice-de-pobreza-en-alcoy-pero-la-atencion-a-la-poblacion-vulnerable-se-mantiene\/"},"author":{"name":"Cope Alcoy","@id":"https:\/\/www.copealcoy.es\/es\/#\/schema\/person\/e777c87fa024e57d40170af9df39882c"},"headline":"Baja el \u00edndice de pobreza en Alcoy pero la atenci\u00f3n a la poblaci\u00f3n vulnerable se mantiene","datePublished":"2023-10-26T14:08:51+00:00","dateModified":"2023-10-30T20:46:07+00:00","mainEntityOfPage":{"@id":"https:\/\/www.copealcoy.es\/es\/baja-el-indice-de-pobreza-en-alcoy-pero-la-atencion-a-la-poblacion-vulnerable-se-mantiene\/"},"wordCount":412,"commentCount":0,"image":{"@id":"https:\/\/www.copealcoy.es\/es\/baja-el-indice-de-pobreza-en-alcoy-pero-la-atencion-a-la-poblacion-vulnerable-se-mantiene\/#primaryimage"},"thumbnailUrl":"https:\/\/www.copealcoy.es\/wp-content\/uploads\/2020\/11\/121091776_1086347221827541_8985222354154527027_n.jpg","keywords":["Alcoy","atenci\u00f3n","C\u00e1ritas","\u00edndice de pobreza","usuarios"],"articleSection":["Actualidad","Alcoy","Noticias","Portada"],"inLanguage":"es"},{"@type":"WebPage","@id":"https:\/\/www.copealcoy.es\/es\/baja-el-indice-de-pobreza-en-alcoy-pero-la-atencion-a-la-poblacion-vulnerable-se-mantiene\/","url":"https:\/\/www.copealcoy.es\/es\/baja-el-indice-de-pobreza-en-alcoy-pero-la-atencion-a-la-poblacion-vulnerable-se-mantiene\/","name":"Baja el \u00edndice de pobreza en Alcoy pero la atenci\u00f3n a la poblaci\u00f3n vulnerable se mantiene - COPE Alcoy","isPartOf":{"@id":"https:\/\/www.copealcoy.es\/es\/#website"},"primaryImageOfPage":{"@id":"https:\/\/www.copealcoy.es\/es\/baja-el-indice-de-pobreza-en-alcoy-pero-la-atencion-a-la-poblacion-vulnerable-se-mantiene\/#primaryimage"},"image":{"@id":"https:\/\/www.copealcoy.es\/es\/baja-el-indice-de-pobreza-en-alcoy-pero-la-atencion-a-la-poblacion-vulnerable-se-mantiene\/#primaryimage"},"thumbnailUrl":"https:\/\/www.copealcoy.es\/wp-content\/uploads\/2020\/11\/121091776_1086347221827541_8985222354154527027_n.jpg","datePublished":"2023-10-26T14:08:51+00:00","dateModified":"2023-10-30T20:46:07+00:00","author":{"@id":"https:\/\/www.copealcoy.es\/es\/#\/schema\/person\/e777c87fa024e57d40170af9df39882c"},"description":"Pese a que baja el \u00edndice de pobreza en Alcoy, servicios como el economato de C\u00e1ritas no ven que desciende el n\u00famero de usuarios","breadcrumb":{"@id":"https:\/\/www.copealcoy.es\/es\/baja-el-indice-de-pobreza-en-alcoy-pero-la-atencion-a-la-poblacion-vulnerable-se-mantiene\/#breadcrumb"},"inLanguage":"es","potentialAction":[{"@type":"ReadAction","target":["https:\/\/www.copealcoy.es\/es\/baja-el-indice-de-pobreza-en-alcoy-pero-la-atencion-a-la-poblacion-vulnerable-se-mantiene\/"]}]},{"@type":"ImageObject","inLanguage":"es","@id":"https:\/\/www.copealcoy.es\/es\/baja-el-indice-de-pobreza-en-alcoy-pero-la-atencion-a-la-poblacion-vulnerable-se-mantiene\/#primaryimage","url":"https:\/\/www.copealcoy.es\/wp-content\/uploads\/2020\/11\/121091776_1086347221827541_8985222354154527027_n.jpg","contentUrl":"https:\/\/www.copealcoy.es\/wp-content\/uploads\/2020\/11\/121091776_1086347221827541_8985222354154527027_n.jpg","width":960,"height":720},{"@type":"BreadcrumbList","@id":"https:\/\/www.copealcoy.es\/es\/baja-el-indice-de-pobreza-en-alcoy-pero-la-atencion-a-la-poblacion-vulnerable-se-mantiene\/#breadcrumb","itemListElement":[{"@type":"ListItem","position":1,"name":"Portada","item":"https:\/\/www.copealcoy.es\/es\/"},{"@type":"ListItem","position":2,"name":"Baja el \u00edndice de pobreza en Alcoy pero la atenci\u00f3n a la poblaci\u00f3n vulnerable se mantiene"}]},{"@type":"WebSite","@id":"https:\/\/www.copealcoy.es\/es\/#website","url":"https:\/\/www.copealcoy.es\/es\/","name":"COPE Alcoy","description":"Emisora COPE de radio local con emisi\u00f3n online. Pont de Sant Jordi 8-10 03803 Alcoy","potentialAction":[{"@type":"SearchAction","target":{"@type":"EntryPoint","urlTemplate":"https:\/\/www.copealcoy.es\/es\/?s={search_term_string}"},"query-input":{"@type":"PropertyValueSpecification","valueRequired":true,"valueName":"search_term_string"}}],"inLanguage":"es"},{"@type":"Person","@id":"https:\/\/www.copealcoy.es\/es\/#\/schema\/person\/e777c87fa024e57d40170af9df39882c","name":"Cope Alcoy","image":{"@type":"ImageObject","inLanguage":"es","@id":"https:\/\/secure.gravatar.com\/avatar\/bb65d0283347e303893ba14f0692005417c1e0e690a325a4c5d8bb2b3943ee14?s=96&d=mm&r=g","url":"https:\/\/secure.gravatar.com\/avatar\/bb65d0283347e303893ba14f0692005417c1e0e690a325a4c5d8bb2b3943ee14?s=96&d=mm&r=g","contentUrl":"https:\/\/secure.gravatar.com\/avatar\/bb65d0283347e303893ba14f0692005417c1e0e690a325a4c5d8bb2b3943ee14?s=96&d=mm&r=g","caption":"Cope Alcoy"}}]}},"_links":{"self":[{"href":"https:\/\/www.copealcoy.es\/es\/wp-json\/wp\/v2\/posts\/123949","targetHints":{"allow":["GET"]}}],"collection":[{"href":"https:\/\/www.copealcoy.es\/es\/wp-json\/wp\/v2\/posts"}],"about":[{"href":"https:\/\/www.copealcoy.es\/es\/wp-json\/wp\/v2\/types\/post"}],"author":[{"embeddable":true,"href":"https:\/\/www.copealcoy.es\/es\/wp-json\/wp\/v2\/users\/1"}],"replies":[{"embeddable":true,"href":"https:\/\/www.copealcoy.es\/es\/wp-json\/wp\/v2\/comments?post=123949"}],"version-history":[{"count":0,"href":"https:\/\/www.copealcoy.es\/es\/wp-json\/wp\/v2\/posts\/123949\/revisions"}],"wp:featuredmedia":[{"embeddable":true,"href":"https:\/\/www.copealcoy.es\/es\/wp-json\/wp\/v2\/media\/67412"}],"wp:attachment":[{"href":"https:\/\/www.copealcoy.es\/es\/wp-json\/wp\/v2\/media?parent=123949"}],"wp:term":[{"taxonomy":"category","embeddable":true,"href":"https:\/\/www.copealcoy.es\/es\/wp-json\/wp\/v2\/categories?post=123949"},{"taxonomy":"post_tag","embeddable":true,"href":"https:\/\/www.copealcoy.es\/es\/wp-json\/wp\/v2\/tags?post=123949"}],"curies":[{"name":"wp","href":"https:\/\/api.w.org\/{rel}","templated":true}]}}