{"id":123837,"date":"2023-10-24T12:35:22","date_gmt":"2023-10-24T11:35:22","guid":{"rendered":"https:\/\/www.copealcoy.es\/?p=123837"},"modified":"2023-10-25T07:48:45","modified_gmt":"2023-10-25T06:48:45","slug":"martinez-descarta-su-dimision-y-la-de-frances-por-la-peatonalizacion-del-centro-de-alcoy","status":"publish","type":"post","link":"https:\/\/www.copealcoy.es\/es\/martinez-descarta-su-dimision-y-la-de-frances-por-la-peatonalizacion-del-centro-de-alcoy\/","title":{"rendered":"Mart\u00ednez descarta su dimisi\u00f3n y la de Franc\u00e9s por la peatonalizaci\u00f3n del Centro de Alcoy"},"content":{"rendered":"<p style=\"text-align: justify;\">Hay <strong>respuesta del concejal de Movilidad Sostenible, Jordi Mart\u00ednez<\/strong>, a la <span style=\"color: #000080;\"><a style=\"color: #000080;\" href=\"https:\/\/www.copealcoy.es\/el-pp-pide-la-dimision-de-frances-despues-de-la-fallida-peatonalizacion-del-centro\/\" target=\"_blank\" rel=\"noopener\">petici\u00f3n de dimisi\u00f3n por parte del Partido Popula<\/a><\/span>r tras conocerse que <span style=\"color: #000080;\"><a style=\"color: #000080;\" href=\"https:\/\/www.copealcoy.es\/fin-a-la-peatonalizacion-del-centro-de-alcoy-el-ayuntamiento-no-recurrira-la-sentencia\/\" target=\"_blank\" rel=\"noopener\">el Ayuntamiento no recurrir\u00e1 la sentencia que anula la peatonalizaci\u00f3n<\/a><\/span>. &#8220;Lo tiene muy f\u00e1cil. En vez de hacer todos estos teatros, \u00e9l presenta una <strong>moci\u00f3n de censura<\/strong> y si la gente cree que no tenemos que estar gobernando, el alcalde se va&#8221;, ha puntualizado Mart\u00ednez, durante el <strong>Tiempo de An\u00e1lisis<\/strong> de este martes de <strong>Cope Alcoy<\/strong>.<\/p>\n<p style=\"text-align: justify;\">Por su parte,<strong> Lirios Garc\u00eda<\/strong>, edil popular, ha insistido en esa petici\u00f3n de dimisi\u00f3n. &#8220;<strong>Por supuesto que deber\u00edan dimitir<\/strong> el alcalde y el concejal con responsabilidades en movilidad. Entendemos que no va a ocurrir. Nosotros lo vamos a pedir&#8221;.<\/p>\n<p style=\"text-align: justify;\">Para <strong>Sergi Rodr\u00edguez<\/strong>, de Guanyar Alcoi, tambi\u00e9n tendr\u00eda que haber una disculpa por parte del Ayuntamiento. &#8220;Es cierto que no se han hecho las cosas bien. <strong>No estar\u00eda mal reconocerse los errores<\/strong>&#8220;. Y Rodr\u00edguez va, incluso, m\u00e1s all\u00e1. &#8220;Yo creo que hay que asumir responsabilidades. Creo que <strong>habr\u00eda que poner, Jordi, tu cargo a disposici\u00f3n del alcalde<\/strong> para que pueda defender o no la posibilidad de que t\u00fa asumas esa responsabilidad&#8221;.<\/p>\n<p style=\"text-align: justify;\">Adem\u00e1s, el portavoz de Guanyar ha matizado la &#8216;vuelta atr\u00e1s&#8217; y p\u00e9rdida de recursos que ha supuesto la anulaci\u00f3n de la peatonalizaci\u00f3n. Algo en lo que ha coincidido <strong>David Abad<\/strong>, de Vox. Rodr\u00edguez, adem\u00e1s, ha pedido que se busque el consenso cuando se abra ese proceso para una nueva peatonalizaci\u00f3n.<\/p>\n<p style=\"text-align: justify;\">Precisamente, seg\u00fan han explicado Mart\u00ednez y <strong>\u00c1lex Cerradelo<\/strong>, vicealcalde y portavoz de Comprom\u00eds, este lunes se mantuvo una <strong>reuni\u00f3n con comerciantes y vecinos del Centro<\/strong>. &#8220;Detectamos que los comerciantes que vinieron no est\u00e1n en contra de la peatonalizaci\u00f3n&#8221;, ha explicado Mart\u00ednez. El vicealcalde ha insistido en ese nuevo proceso que se abre ahora. &#8220;Todos vamos a tener que poner de nuestra parte. La ordenanza buena ser\u00e1 en la que todos tengamos que ceder un poco&#8221;.<\/p>\n<p style=\"text-align: justify;\">Desde el Partido Popular, a trav\u00e9s de redes sociales, han pedido precisamente a Cerradelo que explique la posici\u00f3n de Comprom\u00eds en el asunto de la peatonalizaci\u00f3n. El vicealcalde ha aprovecha los micr\u00f3fonos de Cope Alcoy para explicar su postura. &#8220;<strong>Queremos cumplir la sentencia y queremos una peatonalizaci\u00f3n consensuada<\/strong> entre todos. Esta es la posici\u00f3n de Comprom\u00eds en todo momento&#8221;.<\/p>\n<p style=\"text-align: justify;\">Sobre la sentencia tambi\u00e9n se ha posicionado Vox. &#8220;<strong>Tampoco se ha dado a los ciudadanos de toda la informaci\u00f3n<\/strong>. Ten\u00edan un estudio de impacto en la ciudad y el Gobierno no inform\u00f3 a los ciudadanos de ese estudio&#8221;, ha matizado Abad.<\/p>\n<p><iframe loading=\"lazy\" title=\"&#039;Tiempo De An\u00e1lisis&#039; Dimarts 24 D&#039;Octubre 2023\" width=\"100%\" height=\"120\" src=\"https:\/\/www.mixcloud.com\/widget\/iframe\/?feed=https%3A%2F%2Fwww.mixcloud.com%2FCOPEAlcoy%2Ftiempo-de-an%25C3%25A1lisis-dimarts-24-doctubre-2023%2F&amp;hide_cover=1\" frameborder=\"0\"><\/iframe><\/p>\n","protected":false},"excerpt":{"rendered":"<p>Hay respuesta del concejal de Movilidad Sostenible, Jordi Mart\u00ednez, a la petici\u00f3n de dimisi\u00f3n por parte del Partido Popular tras&#8230;<\/p>\n","protected":false},"author":1,"featured_media":72474,"comment_status":"open","ping_status":"open","sticky":false,"template":"","format":"standard","meta":{"footnotes":""},"categories":[6909,97,75,125],"tags":[1494,204,294,2431],"class_list":["post-123837","post","type-post","status-publish","format-standard","has-post-thumbnail","hentry","category-actualidad","category-alcoy","category-noticias","category-portada","tag-alcoy","tag-movilidad","tag-peatonalizacion","tag-tiempo-de-analisis"],"yoast_head":"<!-- This site is optimized with the Yoast SEO plugin v27.3 - https:\/\/yoast.com\/product\/yoast-seo-wordpress\/ -->\n<title>Mart\u00ednez descarta su dimisi\u00f3n y la de Franc\u00e9s por la peatonalizaci\u00f3n del Centro de Alcoy - COPE Alcoy<\/title>\n<meta name=\"description\" content=\"Hay respuesta del concejal de Movilidad Sostenible, Jordi Mart\u00ednez, a la petici\u00f3n de dimisi\u00f3n por parte del Partido Popular tras conocerse que el Ayuntamiento no recurrir\u00e1 la sentencia que anula la peatonalizaci\u00f3n. &quot;Lo tiene muy f\u00e1cil. En vez de hacer todos estos teatros, \u00e9l presenta una moci\u00f3n de censura y si la gente cree que no tenemos que estar gobernando, el alcalde se va&quot;, ha puntualizado Mart\u00ednez, durante el Tiempo de An\u00e1lisis de este martes de Cope Alcoy.\" \/>\n<meta name=\"robots\" content=\"index, follow, max-snippet:-1, max-image-preview:large, max-video-preview:-1\" \/>\n<link rel=\"canonical\" href=\"https:\/\/www.copealcoy.es\/es\/martinez-descarta-su-dimision-y-la-de-frances-por-la-peatonalizacion-del-centro-de-alcoy\/\" \/>\n<meta property=\"og:locale\" content=\"es_ES\" \/>\n<meta property=\"og:type\" content=\"article\" \/>\n<meta property=\"og:title\" content=\"Mart\u00ednez descarta su dimisi\u00f3n y la de Franc\u00e9s por la peatonalizaci\u00f3n del Centro de Alcoy - COPE Alcoy\" \/>\n<meta property=\"og:description\" content=\"Hay respuesta del concejal de Movilidad Sostenible, Jordi Mart\u00ednez, a la petici\u00f3n de dimisi\u00f3n por parte del Partido Popular tras conocerse que el Ayuntamiento no recurrir\u00e1 la sentencia que anula la peatonalizaci\u00f3n. &quot;Lo tiene muy f\u00e1cil. En vez de hacer todos estos teatros, \u00e9l presenta una moci\u00f3n de censura y si la gente cree que no tenemos que estar gobernando, el alcalde se va&quot;, ha puntualizado Mart\u00ednez, durante el Tiempo de An\u00e1lisis de este martes de Cope Alcoy.\" \/>\n<meta property=\"og:url\" content=\"https:\/\/www.copealcoy.es\/es\/martinez-descarta-su-dimision-y-la-de-frances-por-la-peatonalizacion-del-centro-de-alcoy\/\" \/>\n<meta property=\"og:site_name\" content=\"COPE Alcoy\" \/>\n<meta property=\"article:published_time\" content=\"2023-10-24T11:35:22+00:00\" \/>\n<meta property=\"article:modified_time\" content=\"2023-10-25T06:48:45+00:00\" \/>\n<meta property=\"og:image\" content=\"https:\/\/www.copealcoy.es\/wp-content\/uploads\/2021\/03\/image80-1024x768-1.jpg\" \/>\n\t<meta property=\"og:image:width\" content=\"875\" \/>\n\t<meta property=\"og:image:height\" content=\"614\" \/>\n\t<meta property=\"og:image:type\" content=\"image\/jpeg\" \/>\n<meta name=\"author\" content=\"Cope Alcoy\" \/>\n<meta name=\"twitter:label1\" content=\"Escrito por\" \/>\n\t<meta name=\"twitter:data1\" content=\"Cope Alcoy\" \/>\n\t<meta name=\"twitter:label2\" content=\"Tiempo de lectura\" \/>\n\t<meta name=\"twitter:data2\" content=\"2 minutos\" \/>\n<script type=\"application\/ld+json\" class=\"yoast-schema-graph\">{\"@context\":\"https:\\\/\\\/schema.org\",\"@graph\":[{\"@type\":\"Article\",\"@id\":\"https:\\\/\\\/www.copealcoy.es\\\/es\\\/martinez-descarta-su-dimision-y-la-de-frances-por-la-peatonalizacion-del-centro-de-alcoy\\\/#article\",\"isPartOf\":{\"@id\":\"https:\\\/\\\/www.copealcoy.es\\\/es\\\/martinez-descarta-su-dimision-y-la-de-frances-por-la-peatonalizacion-del-centro-de-alcoy\\\/\"},\"author\":{\"name\":\"Cope Alcoy\",\"@id\":\"https:\\\/\\\/www.copealcoy.es\\\/es\\\/#\\\/schema\\\/person\\\/e777c87fa024e57d40170af9df39882c\"},\"headline\":\"Mart\u00ednez descarta su dimisi\u00f3n y la de Franc\u00e9s por la peatonalizaci\u00f3n del Centro de Alcoy\",\"datePublished\":\"2023-10-24T11:35:22+00:00\",\"dateModified\":\"2023-10-25T06:48:45+00:00\",\"mainEntityOfPage\":{\"@id\":\"https:\\\/\\\/www.copealcoy.es\\\/es\\\/martinez-descarta-su-dimision-y-la-de-frances-por-la-peatonalizacion-del-centro-de-alcoy\\\/\"},\"wordCount\":487,\"commentCount\":0,\"image\":{\"@id\":\"https:\\\/\\\/www.copealcoy.es\\\/es\\\/martinez-descarta-su-dimision-y-la-de-frances-por-la-peatonalizacion-del-centro-de-alcoy\\\/#primaryimage\"},\"thumbnailUrl\":\"https:\\\/\\\/www.copealcoy.es\\\/wp-content\\\/uploads\\\/2021\\\/03\\\/image80-1024x768-1.jpg\",\"keywords\":[\"Alcoy\",\"Movilidad\",\"Peatonalizaci\u00f3n\",\"Tiempo de An\u00e1lisis\"],\"articleSection\":[\"Actualidad\",\"Alcoy\",\"Noticias\",\"Portada\"],\"inLanguage\":\"es\"},{\"@type\":\"WebPage\",\"@id\":\"https:\\\/\\\/www.copealcoy.es\\\/es\\\/martinez-descarta-su-dimision-y-la-de-frances-por-la-peatonalizacion-del-centro-de-alcoy\\\/\",\"url\":\"https:\\\/\\\/www.copealcoy.es\\\/es\\\/martinez-descarta-su-dimision-y-la-de-frances-por-la-peatonalizacion-del-centro-de-alcoy\\\/\",\"name\":\"Mart\u00ednez descarta su dimisi\u00f3n y la de Franc\u00e9s por la peatonalizaci\u00f3n del Centro de Alcoy - COPE Alcoy\",\"isPartOf\":{\"@id\":\"https:\\\/\\\/www.copealcoy.es\\\/es\\\/#website\"},\"primaryImageOfPage\":{\"@id\":\"https:\\\/\\\/www.copealcoy.es\\\/es\\\/martinez-descarta-su-dimision-y-la-de-frances-por-la-peatonalizacion-del-centro-de-alcoy\\\/#primaryimage\"},\"image\":{\"@id\":\"https:\\\/\\\/www.copealcoy.es\\\/es\\\/martinez-descarta-su-dimision-y-la-de-frances-por-la-peatonalizacion-del-centro-de-alcoy\\\/#primaryimage\"},\"thumbnailUrl\":\"https:\\\/\\\/www.copealcoy.es\\\/wp-content\\\/uploads\\\/2021\\\/03\\\/image80-1024x768-1.jpg\",\"datePublished\":\"2023-10-24T11:35:22+00:00\",\"dateModified\":\"2023-10-25T06:48:45+00:00\",\"author\":{\"@id\":\"https:\\\/\\\/www.copealcoy.es\\\/es\\\/#\\\/schema\\\/person\\\/e777c87fa024e57d40170af9df39882c\"},\"description\":\"Hay respuesta del concejal de Movilidad Sostenible, Jordi Mart\u00ednez, a la petici\u00f3n de dimisi\u00f3n por parte del Partido Popular tras conocerse que el Ayuntamiento no recurrir\u00e1 la sentencia que anula la peatonalizaci\u00f3n. \\\"Lo tiene muy f\u00e1cil. En vez de hacer todos estos teatros, \u00e9l presenta una moci\u00f3n de censura y si la gente cree que no tenemos que estar gobernando, el alcalde se va\\\", ha puntualizado Mart\u00ednez, durante el Tiempo de An\u00e1lisis de este martes de Cope Alcoy.\",\"breadcrumb\":{\"@id\":\"https:\\\/\\\/www.copealcoy.es\\\/es\\\/martinez-descarta-su-dimision-y-la-de-frances-por-la-peatonalizacion-del-centro-de-alcoy\\\/#breadcrumb\"},\"inLanguage\":\"es\",\"potentialAction\":[{\"@type\":\"ReadAction\",\"target\":[\"https:\\\/\\\/www.copealcoy.es\\\/es\\\/martinez-descarta-su-dimision-y-la-de-frances-por-la-peatonalizacion-del-centro-de-alcoy\\\/\"]}]},{\"@type\":\"ImageObject\",\"inLanguage\":\"es\",\"@id\":\"https:\\\/\\\/www.copealcoy.es\\\/es\\\/martinez-descarta-su-dimision-y-la-de-frances-por-la-peatonalizacion-del-centro-de-alcoy\\\/#primaryimage\",\"url\":\"https:\\\/\\\/www.copealcoy.es\\\/wp-content\\\/uploads\\\/2021\\\/03\\\/image80-1024x768-1.jpg\",\"contentUrl\":\"https:\\\/\\\/www.copealcoy.es\\\/wp-content\\\/uploads\\\/2021\\\/03\\\/image80-1024x768-1.jpg\",\"width\":875,\"height\":614},{\"@type\":\"BreadcrumbList\",\"@id\":\"https:\\\/\\\/www.copealcoy.es\\\/es\\\/martinez-descarta-su-dimision-y-la-de-frances-por-la-peatonalizacion-del-centro-de-alcoy\\\/#breadcrumb\",\"itemListElement\":[{\"@type\":\"ListItem\",\"position\":1,\"name\":\"Portada\",\"item\":\"https:\\\/\\\/www.copealcoy.es\\\/es\\\/\"},{\"@type\":\"ListItem\",\"position\":2,\"name\":\"Mart\u00ednez descarta su dimisi\u00f3n y la de Franc\u00e9s por la peatonalizaci\u00f3n del Centro de Alcoy\"}]},{\"@type\":\"WebSite\",\"@id\":\"https:\\\/\\\/www.copealcoy.es\\\/es\\\/#website\",\"url\":\"https:\\\/\\\/www.copealcoy.es\\\/es\\\/\",\"name\":\"COPE Alcoy\",\"description\":\"Emisora COPE de radio local con emisi\u00f3n online. Pont de Sant Jordi 8-10 03803 Alcoy\",\"potentialAction\":[{\"@type\":\"SearchAction\",\"target\":{\"@type\":\"EntryPoint\",\"urlTemplate\":\"https:\\\/\\\/www.copealcoy.es\\\/es\\\/?s={search_term_string}\"},\"query-input\":{\"@type\":\"PropertyValueSpecification\",\"valueRequired\":true,\"valueName\":\"search_term_string\"}}],\"inLanguage\":\"es\"},{\"@type\":\"Person\",\"@id\":\"https:\\\/\\\/www.copealcoy.es\\\/es\\\/#\\\/schema\\\/person\\\/e777c87fa024e57d40170af9df39882c\",\"name\":\"Cope Alcoy\",\"image\":{\"@type\":\"ImageObject\",\"inLanguage\":\"es\",\"@id\":\"https:\\\/\\\/secure.gravatar.com\\\/avatar\\\/bb65d0283347e303893ba14f0692005417c1e0e690a325a4c5d8bb2b3943ee14?s=96&d=mm&r=g\",\"url\":\"https:\\\/\\\/secure.gravatar.com\\\/avatar\\\/bb65d0283347e303893ba14f0692005417c1e0e690a325a4c5d8bb2b3943ee14?s=96&d=mm&r=g\",\"contentUrl\":\"https:\\\/\\\/secure.gravatar.com\\\/avatar\\\/bb65d0283347e303893ba14f0692005417c1e0e690a325a4c5d8bb2b3943ee14?s=96&d=mm&r=g\",\"caption\":\"Cope Alcoy\"}}]}<\/script>\n<!-- \/ Yoast SEO plugin. -->","yoast_head_json":{"title":"Mart\u00ednez descarta su dimisi\u00f3n y la de Franc\u00e9s por la peatonalizaci\u00f3n del Centro de Alcoy - COPE Alcoy","description":"Hay respuesta del concejal de Movilidad Sostenible, Jordi Mart\u00ednez, a la petici\u00f3n de dimisi\u00f3n por parte del Partido Popular tras conocerse que el Ayuntamiento no recurrir\u00e1 la sentencia que anula la peatonalizaci\u00f3n. \"Lo tiene muy f\u00e1cil. En vez de hacer todos estos teatros, \u00e9l presenta una moci\u00f3n de censura y si la gente cree que no tenemos que estar gobernando, el alcalde se va\", ha puntualizado Mart\u00ednez, durante el Tiempo de An\u00e1lisis de este martes de Cope Alcoy.","robots":{"index":"index","follow":"follow","max-snippet":"max-snippet:-1","max-image-preview":"max-image-preview:large","max-video-preview":"max-video-preview:-1"},"canonical":"https:\/\/www.copealcoy.es\/es\/martinez-descarta-su-dimision-y-la-de-frances-por-la-peatonalizacion-del-centro-de-alcoy\/","og_locale":"es_ES","og_type":"article","og_title":"Mart\u00ednez descarta su dimisi\u00f3n y la de Franc\u00e9s por la peatonalizaci\u00f3n del Centro de Alcoy - COPE Alcoy","og_description":"Hay respuesta del concejal de Movilidad Sostenible, Jordi Mart\u00ednez, a la petici\u00f3n de dimisi\u00f3n por parte del Partido Popular tras conocerse que el Ayuntamiento no recurrir\u00e1 la sentencia que anula la peatonalizaci\u00f3n. \"Lo tiene muy f\u00e1cil. En vez de hacer todos estos teatros, \u00e9l presenta una moci\u00f3n de censura y si la gente cree que no tenemos que estar gobernando, el alcalde se va\", ha puntualizado Mart\u00ednez, durante el Tiempo de An\u00e1lisis de este martes de Cope Alcoy.","og_url":"https:\/\/www.copealcoy.es\/es\/martinez-descarta-su-dimision-y-la-de-frances-por-la-peatonalizacion-del-centro-de-alcoy\/","og_site_name":"COPE Alcoy","article_published_time":"2023-10-24T11:35:22+00:00","article_modified_time":"2023-10-25T06:48:45+00:00","og_image":[{"width":875,"height":614,"url":"https:\/\/www.copealcoy.es\/wp-content\/uploads\/2021\/03\/image80-1024x768-1.jpg","type":"image\/jpeg"}],"author":"Cope Alcoy","twitter_misc":{"Escrito por":"Cope Alcoy","Tiempo de lectura":"2 minutos"},"schema":{"@context":"https:\/\/schema.org","@graph":[{"@type":"Article","@id":"https:\/\/www.copealcoy.es\/es\/martinez-descarta-su-dimision-y-la-de-frances-por-la-peatonalizacion-del-centro-de-alcoy\/#article","isPartOf":{"@id":"https:\/\/www.copealcoy.es\/es\/martinez-descarta-su-dimision-y-la-de-frances-por-la-peatonalizacion-del-centro-de-alcoy\/"},"author":{"name":"Cope Alcoy","@id":"https:\/\/www.copealcoy.es\/es\/#\/schema\/person\/e777c87fa024e57d40170af9df39882c"},"headline":"Mart\u00ednez descarta su dimisi\u00f3n y la de Franc\u00e9s por la peatonalizaci\u00f3n del Centro de Alcoy","datePublished":"2023-10-24T11:35:22+00:00","dateModified":"2023-10-25T06:48:45+00:00","mainEntityOfPage":{"@id":"https:\/\/www.copealcoy.es\/es\/martinez-descarta-su-dimision-y-la-de-frances-por-la-peatonalizacion-del-centro-de-alcoy\/"},"wordCount":487,"commentCount":0,"image":{"@id":"https:\/\/www.copealcoy.es\/es\/martinez-descarta-su-dimision-y-la-de-frances-por-la-peatonalizacion-del-centro-de-alcoy\/#primaryimage"},"thumbnailUrl":"https:\/\/www.copealcoy.es\/wp-content\/uploads\/2021\/03\/image80-1024x768-1.jpg","keywords":["Alcoy","Movilidad","Peatonalizaci\u00f3n","Tiempo de An\u00e1lisis"],"articleSection":["Actualidad","Alcoy","Noticias","Portada"],"inLanguage":"es"},{"@type":"WebPage","@id":"https:\/\/www.copealcoy.es\/es\/martinez-descarta-su-dimision-y-la-de-frances-por-la-peatonalizacion-del-centro-de-alcoy\/","url":"https:\/\/www.copealcoy.es\/es\/martinez-descarta-su-dimision-y-la-de-frances-por-la-peatonalizacion-del-centro-de-alcoy\/","name":"Mart\u00ednez descarta su dimisi\u00f3n y la de Franc\u00e9s por la peatonalizaci\u00f3n del Centro de Alcoy - COPE Alcoy","isPartOf":{"@id":"https:\/\/www.copealcoy.es\/es\/#website"},"primaryImageOfPage":{"@id":"https:\/\/www.copealcoy.es\/es\/martinez-descarta-su-dimision-y-la-de-frances-por-la-peatonalizacion-del-centro-de-alcoy\/#primaryimage"},"image":{"@id":"https:\/\/www.copealcoy.es\/es\/martinez-descarta-su-dimision-y-la-de-frances-por-la-peatonalizacion-del-centro-de-alcoy\/#primaryimage"},"thumbnailUrl":"https:\/\/www.copealcoy.es\/wp-content\/uploads\/2021\/03\/image80-1024x768-1.jpg","datePublished":"2023-10-24T11:35:22+00:00","dateModified":"2023-10-25T06:48:45+00:00","author":{"@id":"https:\/\/www.copealcoy.es\/es\/#\/schema\/person\/e777c87fa024e57d40170af9df39882c"},"description":"Hay respuesta del concejal de Movilidad Sostenible, Jordi Mart\u00ednez, a la petici\u00f3n de dimisi\u00f3n por parte del Partido Popular tras conocerse que el Ayuntamiento no recurrir\u00e1 la sentencia que anula la peatonalizaci\u00f3n. \"Lo tiene muy f\u00e1cil. En vez de hacer todos estos teatros, \u00e9l presenta una moci\u00f3n de censura y si la gente cree que no tenemos que estar gobernando, el alcalde se va\", ha puntualizado Mart\u00ednez, durante el Tiempo de An\u00e1lisis de este martes de Cope Alcoy.","breadcrumb":{"@id":"https:\/\/www.copealcoy.es\/es\/martinez-descarta-su-dimision-y-la-de-frances-por-la-peatonalizacion-del-centro-de-alcoy\/#breadcrumb"},"inLanguage":"es","potentialAction":[{"@type":"ReadAction","target":["https:\/\/www.copealcoy.es\/es\/martinez-descarta-su-dimision-y-la-de-frances-por-la-peatonalizacion-del-centro-de-alcoy\/"]}]},{"@type":"ImageObject","inLanguage":"es","@id":"https:\/\/www.copealcoy.es\/es\/martinez-descarta-su-dimision-y-la-de-frances-por-la-peatonalizacion-del-centro-de-alcoy\/#primaryimage","url":"https:\/\/www.copealcoy.es\/wp-content\/uploads\/2021\/03\/image80-1024x768-1.jpg","contentUrl":"https:\/\/www.copealcoy.es\/wp-content\/uploads\/2021\/03\/image80-1024x768-1.jpg","width":875,"height":614},{"@type":"BreadcrumbList","@id":"https:\/\/www.copealcoy.es\/es\/martinez-descarta-su-dimision-y-la-de-frances-por-la-peatonalizacion-del-centro-de-alcoy\/#breadcrumb","itemListElement":[{"@type":"ListItem","position":1,"name":"Portada","item":"https:\/\/www.copealcoy.es\/es\/"},{"@type":"ListItem","position":2,"name":"Mart\u00ednez descarta su dimisi\u00f3n y la de Franc\u00e9s por la peatonalizaci\u00f3n del Centro de Alcoy"}]},{"@type":"WebSite","@id":"https:\/\/www.copealcoy.es\/es\/#website","url":"https:\/\/www.copealcoy.es\/es\/","name":"COPE Alcoy","description":"Emisora COPE de radio local con emisi\u00f3n online. Pont de Sant Jordi 8-10 03803 Alcoy","potentialAction":[{"@type":"SearchAction","target":{"@type":"EntryPoint","urlTemplate":"https:\/\/www.copealcoy.es\/es\/?s={search_term_string}"},"query-input":{"@type":"PropertyValueSpecification","valueRequired":true,"valueName":"search_term_string"}}],"inLanguage":"es"},{"@type":"Person","@id":"https:\/\/www.copealcoy.es\/es\/#\/schema\/person\/e777c87fa024e57d40170af9df39882c","name":"Cope Alcoy","image":{"@type":"ImageObject","inLanguage":"es","@id":"https:\/\/secure.gravatar.com\/avatar\/bb65d0283347e303893ba14f0692005417c1e0e690a325a4c5d8bb2b3943ee14?s=96&d=mm&r=g","url":"https:\/\/secure.gravatar.com\/avatar\/bb65d0283347e303893ba14f0692005417c1e0e690a325a4c5d8bb2b3943ee14?s=96&d=mm&r=g","contentUrl":"https:\/\/secure.gravatar.com\/avatar\/bb65d0283347e303893ba14f0692005417c1e0e690a325a4c5d8bb2b3943ee14?s=96&d=mm&r=g","caption":"Cope Alcoy"}}]}},"_links":{"self":[{"href":"https:\/\/www.copealcoy.es\/es\/wp-json\/wp\/v2\/posts\/123837","targetHints":{"allow":["GET"]}}],"collection":[{"href":"https:\/\/www.copealcoy.es\/es\/wp-json\/wp\/v2\/posts"}],"about":[{"href":"https:\/\/www.copealcoy.es\/es\/wp-json\/wp\/v2\/types\/post"}],"author":[{"embeddable":true,"href":"https:\/\/www.copealcoy.es\/es\/wp-json\/wp\/v2\/users\/1"}],"replies":[{"embeddable":true,"href":"https:\/\/www.copealcoy.es\/es\/wp-json\/wp\/v2\/comments?post=123837"}],"version-history":[{"count":0,"href":"https:\/\/www.copealcoy.es\/es\/wp-json\/wp\/v2\/posts\/123837\/revisions"}],"wp:featuredmedia":[{"embeddable":true,"href":"https:\/\/www.copealcoy.es\/es\/wp-json\/wp\/v2\/media\/72474"}],"wp:attachment":[{"href":"https:\/\/www.copealcoy.es\/es\/wp-json\/wp\/v2\/media?parent=123837"}],"wp:term":[{"taxonomy":"category","embeddable":true,"href":"https:\/\/www.copealcoy.es\/es\/wp-json\/wp\/v2\/categories?post=123837"},{"taxonomy":"post_tag","embeddable":true,"href":"https:\/\/www.copealcoy.es\/es\/wp-json\/wp\/v2\/tags?post=123837"}],"curies":[{"name":"wp","href":"https:\/\/api.w.org\/{rel}","templated":true}]}}