{"id":123760,"date":"2023-10-23T08:00:26","date_gmt":"2023-10-23T07:00:26","guid":{"rendered":"https:\/\/www.copealcoy.es\/?p=123760"},"modified":"2023-10-23T11:54:42","modified_gmt":"2023-10-23T10:54:42","slug":"cope-alcoy-vivio-el-mig-any-desde-la-glorieta","status":"publish","type":"post","link":"https:\/\/www.copealcoy.es\/es\/cope-alcoy-vivio-el-mig-any-desde-la-glorieta\/","title":{"rendered":"Cope Alcoy vivi\u00f3 el Mig Any desde la Glorieta"},"content":{"rendered":"<p style=\"text-align: justify;\">Con la vista puesta ya en las Fiestas de Moros y Cristianos de 2024, para las que quedan tan solo seis meses,\u00a0<strong>Alcoy celebra este s\u00e1bado el Mig Any<\/strong>. Desde primera hora de la ma\u00f1ana,<strong>\u00a0las 28 Filaes han comenzado con los preparativos de su Olleta en la Glorieta<\/strong>.<\/p>\n<p style=\"text-align: justify;\">Y, como cada a\u00f1o,\u00a0<strong>Cope Alcoy ha dedicado un programa especial<\/strong>\u00a0desde all\u00ed, conducido por<strong>\u00a0Abril Peidro<\/strong>. A lo largo de la ma\u00f1ana, los protagonistas del d\u00eda han contado a esta emisora c\u00f3mo viven la jornada y tambi\u00e9n c\u00f3mo avanzan todo esos preparativos para las las pr\u00f3ximas Fiestas. Los primeros en acercarse han sido\u00a0<strong>Jordi Segu\u00ed y David Antol\u00ed<\/strong>, Sargentos Cristiano y Moro, respectivamente. A continuaci\u00f3n, los Embajadores,\u00a0<strong>\u00d3scar Mart\u00ednez<\/strong>\u00a0(moro) y\u00a0<strong>Tono Delgado<\/strong>\u00a0(cristiano).<\/p>\n<p style=\"text-align: justify;\">Poco despu\u00e9s ha llegado el turno de algunos cargos.\u00a0<strong>Dani Cano<\/strong>, que ser\u00e1 el Capit\u00e1n Cristiano de la Fil\u00e0 Alcodianos, ha pasado por los micr\u00f3fonos de Cope Alcoy. Tambi\u00e9n lo han hecho\u00a0<strong>Santi Castell\u00f3<\/strong>, Alf\u00e9rez Cristiano de la Fil\u00e0 Aragoneses, y\u00a0<strong>Toni Navarro<\/strong>, Moss\u00e9n Torregrossa.<\/p>\n<p style=\"text-align: justify;\">Y en un programa sobre el Mig Any no pod\u00edan faltar el concejal de Fiestas,\u00a0<strong>Jordi Mart\u00ednez<\/strong>, y el alcalde de la ciudad,\u00a0<strong>Toni Franc\u00e9s<\/strong>. Ambos han comentado tambi\u00e9n esos cambios en el formato, de los que hemos hablado -adem\u00e1s- con\u00a0<strong>Juan Jos\u00e9 Olcina<\/strong>, presidente de la\u00a0<strong>Asociaci\u00f3n de San Jorge (ASJ)<\/strong>, y\u00a0<strong>Juan Antonio Canalejas<\/strong>, ponente de actos de la ASJ.<\/p>\n<p style=\"text-align: justify;\">Tampoco ha faltado el testimonio del Capit\u00e1n Moro de la Fil\u00e0 Mud\u00e9jares,\u00a0<strong>Jordi Peidro<\/strong>, y del Alf\u00e9rez Moro de la Fil\u00e0 Abencerrajes,\u00a0<strong>Kiko Cano<\/strong>. Y, como no, ha estado tambi\u00e9n presente el gran protagonista de las Fiestas de Moros y Cristianos de 2024, el Sant Jordiet. Un cargo que ser\u00e1 representado por\u00a0<strong>Mauro Abell\u00e1n<\/strong>, de la Fil\u00e0 Jud\u00edos.<\/p>\n<p style=\"text-align: justify;\">Finalmente, hemos podido hablar con\u00a0<strong>Paco Nicolau<\/strong>, de la Pe\u00f1a Fontilles, y con los ganadores del Campeonato de Cotos, J<strong>os\u00e9 Agust\u00edn Copel y Jorge Garc\u00eda<\/strong>, de la Fil\u00e0 Cides.<\/p>\n<p style=\"text-align: justify;\">El programa ha sido posible gracias a\u00a0<strong>Autos Mart\u00ednez, Altamira Restaurante Braser\u00eda, Tadeo Rentacar, Fernando Cano, Caixa Ontinyent, Persianas San Valent\u00edn, Destiler\u00edas Sinc, Levantina Carpa y Aura +<\/strong>.<\/p>\n<p><iframe loading=\"lazy\" title=\"Programa Especial Mig Any 2023\" width=\"100%\" height=\"120\" src=\"https:\/\/www.mixcloud.com\/widget\/iframe\/?feed=https%3A%2F%2Fwww.mixcloud.com%2FCOPEAlcoy%2Fprograma-especial-mig-any-2023%2F&amp;hide_cover=1\" frameborder=\"0\"><\/iframe><\/p>\n","protected":false},"excerpt":{"rendered":"<p>Con la vista puesta ya en las Fiestas de Moros y Cristianos de 2024, para las que quedan tan solo&#8230;<\/p>\n","protected":false},"author":1,"featured_media":123707,"comment_status":"open","ping_status":"open","sticky":false,"template":"","format":"standard","meta":{"footnotes":""},"categories":[6909,97,78,75],"tags":[1494,2001,3882,1455,4009],"class_list":["post-123760","post","type-post","status-publish","format-standard","has-post-thumbnail","hentry","category-actualidad","category-alcoy","category-fiestaycultura","category-noticias","tag-alcoy","tag-fiestas-de-moros-y-cristianos","tag-la-glorieta","tag-mig-any","tag-programa-especial"],"yoast_head":"<!-- This site is optimized with the Yoast SEO plugin v27.3 - https:\/\/yoast.com\/product\/yoast-seo-wordpress\/ -->\n<title>Cope Alcoy vivi\u00f3 el Mig Any desde la Glorieta - COPE Alcoy<\/title>\n<meta name=\"description\" content=\"COPE ALCOY estuvo el s\u00e1bado en La Glorieta ofreciendo un programa especial con motivo de la celebraci\u00f3n del Mig Any\" \/>\n<meta name=\"robots\" content=\"index, follow, max-snippet:-1, max-image-preview:large, max-video-preview:-1\" \/>\n<link rel=\"canonical\" href=\"https:\/\/www.copealcoy.es\/es\/cope-alcoy-vivio-el-mig-any-desde-la-glorieta\/\" \/>\n<meta property=\"og:locale\" content=\"es_ES\" \/>\n<meta property=\"og:type\" content=\"article\" \/>\n<meta property=\"og:title\" content=\"Cope Alcoy vivi\u00f3 el Mig Any desde la Glorieta - COPE Alcoy\" \/>\n<meta property=\"og:description\" content=\"COPE ALCOY estuvo el s\u00e1bado en La Glorieta ofreciendo un programa especial con motivo de la celebraci\u00f3n del Mig Any\" \/>\n<meta property=\"og:url\" content=\"https:\/\/www.copealcoy.es\/es\/cope-alcoy-vivio-el-mig-any-desde-la-glorieta\/\" \/>\n<meta property=\"og:site_name\" content=\"COPE Alcoy\" \/>\n<meta property=\"article:published_time\" content=\"2023-10-23T07:00:26+00:00\" \/>\n<meta property=\"article:modified_time\" content=\"2023-10-23T10:54:42+00:00\" \/>\n<meta property=\"og:image\" content=\"https:\/\/www.copealcoy.es\/wp-content\/uploads\/2023\/10\/WhatsApp-Image-2023-10-21-at-13.47.09-1.jpeg\" \/>\n\t<meta property=\"og:image:width\" content=\"1440\" \/>\n\t<meta property=\"og:image:height\" content=\"1080\" \/>\n\t<meta property=\"og:image:type\" content=\"image\/jpeg\" \/>\n<meta name=\"author\" content=\"Cope Alcoy\" \/>\n<meta name=\"twitter:label1\" content=\"Escrito por\" \/>\n\t<meta name=\"twitter:data1\" content=\"Cope Alcoy\" \/>\n\t<meta name=\"twitter:label2\" content=\"Tiempo de lectura\" \/>\n\t<meta name=\"twitter:data2\" content=\"2 minutos\" \/>\n<script type=\"application\/ld+json\" class=\"yoast-schema-graph\">{\"@context\":\"https:\\\/\\\/schema.org\",\"@graph\":[{\"@type\":\"Article\",\"@id\":\"https:\\\/\\\/www.copealcoy.es\\\/es\\\/cope-alcoy-vivio-el-mig-any-desde-la-glorieta\\\/#article\",\"isPartOf\":{\"@id\":\"https:\\\/\\\/www.copealcoy.es\\\/es\\\/cope-alcoy-vivio-el-mig-any-desde-la-glorieta\\\/\"},\"author\":{\"name\":\"Cope Alcoy\",\"@id\":\"https:\\\/\\\/www.copealcoy.es\\\/es\\\/#\\\/schema\\\/person\\\/e777c87fa024e57d40170af9df39882c\"},\"headline\":\"Cope Alcoy vivi\u00f3 el Mig Any desde la Glorieta\",\"datePublished\":\"2023-10-23T07:00:26+00:00\",\"dateModified\":\"2023-10-23T10:54:42+00:00\",\"mainEntityOfPage\":{\"@id\":\"https:\\\/\\\/www.copealcoy.es\\\/es\\\/cope-alcoy-vivio-el-mig-any-desde-la-glorieta\\\/\"},\"wordCount\":393,\"commentCount\":0,\"image\":{\"@id\":\"https:\\\/\\\/www.copealcoy.es\\\/es\\\/cope-alcoy-vivio-el-mig-any-desde-la-glorieta\\\/#primaryimage\"},\"thumbnailUrl\":\"https:\\\/\\\/www.copealcoy.es\\\/wp-content\\\/uploads\\\/2023\\\/10\\\/WhatsApp-Image-2023-10-21-at-13.47.09-1.jpeg\",\"keywords\":[\"Alcoy\",\"Fiestas de Moros y Cristianos\",\"La Glorieta\",\"Mig Any\",\"programa especial\"],\"articleSection\":[\"Actualidad\",\"Alcoy\",\"Fiesta y Cultura\",\"Noticias\"],\"inLanguage\":\"es\"},{\"@type\":\"WebPage\",\"@id\":\"https:\\\/\\\/www.copealcoy.es\\\/es\\\/cope-alcoy-vivio-el-mig-any-desde-la-glorieta\\\/\",\"url\":\"https:\\\/\\\/www.copealcoy.es\\\/es\\\/cope-alcoy-vivio-el-mig-any-desde-la-glorieta\\\/\",\"name\":\"Cope Alcoy vivi\u00f3 el Mig Any desde la Glorieta - COPE Alcoy\",\"isPartOf\":{\"@id\":\"https:\\\/\\\/www.copealcoy.es\\\/es\\\/#website\"},\"primaryImageOfPage\":{\"@id\":\"https:\\\/\\\/www.copealcoy.es\\\/es\\\/cope-alcoy-vivio-el-mig-any-desde-la-glorieta\\\/#primaryimage\"},\"image\":{\"@id\":\"https:\\\/\\\/www.copealcoy.es\\\/es\\\/cope-alcoy-vivio-el-mig-any-desde-la-glorieta\\\/#primaryimage\"},\"thumbnailUrl\":\"https:\\\/\\\/www.copealcoy.es\\\/wp-content\\\/uploads\\\/2023\\\/10\\\/WhatsApp-Image-2023-10-21-at-13.47.09-1.jpeg\",\"datePublished\":\"2023-10-23T07:00:26+00:00\",\"dateModified\":\"2023-10-23T10:54:42+00:00\",\"author\":{\"@id\":\"https:\\\/\\\/www.copealcoy.es\\\/es\\\/#\\\/schema\\\/person\\\/e777c87fa024e57d40170af9df39882c\"},\"description\":\"COPE ALCOY estuvo el s\u00e1bado en La Glorieta ofreciendo un programa especial con motivo de la celebraci\u00f3n del Mig Any\",\"breadcrumb\":{\"@id\":\"https:\\\/\\\/www.copealcoy.es\\\/es\\\/cope-alcoy-vivio-el-mig-any-desde-la-glorieta\\\/#breadcrumb\"},\"inLanguage\":\"es\",\"potentialAction\":[{\"@type\":\"ReadAction\",\"target\":[\"https:\\\/\\\/www.copealcoy.es\\\/es\\\/cope-alcoy-vivio-el-mig-any-desde-la-glorieta\\\/\"]}]},{\"@type\":\"ImageObject\",\"inLanguage\":\"es\",\"@id\":\"https:\\\/\\\/www.copealcoy.es\\\/es\\\/cope-alcoy-vivio-el-mig-any-desde-la-glorieta\\\/#primaryimage\",\"url\":\"https:\\\/\\\/www.copealcoy.es\\\/wp-content\\\/uploads\\\/2023\\\/10\\\/WhatsApp-Image-2023-10-21-at-13.47.09-1.jpeg\",\"contentUrl\":\"https:\\\/\\\/www.copealcoy.es\\\/wp-content\\\/uploads\\\/2023\\\/10\\\/WhatsApp-Image-2023-10-21-at-13.47.09-1.jpeg\",\"width\":1440,\"height\":1080},{\"@type\":\"BreadcrumbList\",\"@id\":\"https:\\\/\\\/www.copealcoy.es\\\/es\\\/cope-alcoy-vivio-el-mig-any-desde-la-glorieta\\\/#breadcrumb\",\"itemListElement\":[{\"@type\":\"ListItem\",\"position\":1,\"name\":\"Portada\",\"item\":\"https:\\\/\\\/www.copealcoy.es\\\/es\\\/\"},{\"@type\":\"ListItem\",\"position\":2,\"name\":\"Cope Alcoy vivi\u00f3 el Mig Any desde la Glorieta\"}]},{\"@type\":\"WebSite\",\"@id\":\"https:\\\/\\\/www.copealcoy.es\\\/es\\\/#website\",\"url\":\"https:\\\/\\\/www.copealcoy.es\\\/es\\\/\",\"name\":\"COPE Alcoy\",\"description\":\"Emisora COPE de radio local con emisi\u00f3n online. Pont de Sant Jordi 8-10 03803 Alcoy\",\"potentialAction\":[{\"@type\":\"SearchAction\",\"target\":{\"@type\":\"EntryPoint\",\"urlTemplate\":\"https:\\\/\\\/www.copealcoy.es\\\/es\\\/?s={search_term_string}\"},\"query-input\":{\"@type\":\"PropertyValueSpecification\",\"valueRequired\":true,\"valueName\":\"search_term_string\"}}],\"inLanguage\":\"es\"},{\"@type\":\"Person\",\"@id\":\"https:\\\/\\\/www.copealcoy.es\\\/es\\\/#\\\/schema\\\/person\\\/e777c87fa024e57d40170af9df39882c\",\"name\":\"Cope Alcoy\",\"image\":{\"@type\":\"ImageObject\",\"inLanguage\":\"es\",\"@id\":\"https:\\\/\\\/secure.gravatar.com\\\/avatar\\\/bb65d0283347e303893ba14f0692005417c1e0e690a325a4c5d8bb2b3943ee14?s=96&d=mm&r=g\",\"url\":\"https:\\\/\\\/secure.gravatar.com\\\/avatar\\\/bb65d0283347e303893ba14f0692005417c1e0e690a325a4c5d8bb2b3943ee14?s=96&d=mm&r=g\",\"contentUrl\":\"https:\\\/\\\/secure.gravatar.com\\\/avatar\\\/bb65d0283347e303893ba14f0692005417c1e0e690a325a4c5d8bb2b3943ee14?s=96&d=mm&r=g\",\"caption\":\"Cope Alcoy\"}}]}<\/script>\n<!-- \/ Yoast SEO plugin. -->","yoast_head_json":{"title":"Cope Alcoy vivi\u00f3 el Mig Any desde la Glorieta - COPE Alcoy","description":"COPE ALCOY estuvo el s\u00e1bado en La Glorieta ofreciendo un programa especial con motivo de la celebraci\u00f3n del Mig Any","robots":{"index":"index","follow":"follow","max-snippet":"max-snippet:-1","max-image-preview":"max-image-preview:large","max-video-preview":"max-video-preview:-1"},"canonical":"https:\/\/www.copealcoy.es\/es\/cope-alcoy-vivio-el-mig-any-desde-la-glorieta\/","og_locale":"es_ES","og_type":"article","og_title":"Cope Alcoy vivi\u00f3 el Mig Any desde la Glorieta - COPE Alcoy","og_description":"COPE ALCOY estuvo el s\u00e1bado en La Glorieta ofreciendo un programa especial con motivo de la celebraci\u00f3n del Mig Any","og_url":"https:\/\/www.copealcoy.es\/es\/cope-alcoy-vivio-el-mig-any-desde-la-glorieta\/","og_site_name":"COPE Alcoy","article_published_time":"2023-10-23T07:00:26+00:00","article_modified_time":"2023-10-23T10:54:42+00:00","og_image":[{"width":1440,"height":1080,"url":"https:\/\/www.copealcoy.es\/wp-content\/uploads\/2023\/10\/WhatsApp-Image-2023-10-21-at-13.47.09-1.jpeg","type":"image\/jpeg"}],"author":"Cope Alcoy","twitter_misc":{"Escrito por":"Cope Alcoy","Tiempo de lectura":"2 minutos"},"schema":{"@context":"https:\/\/schema.org","@graph":[{"@type":"Article","@id":"https:\/\/www.copealcoy.es\/es\/cope-alcoy-vivio-el-mig-any-desde-la-glorieta\/#article","isPartOf":{"@id":"https:\/\/www.copealcoy.es\/es\/cope-alcoy-vivio-el-mig-any-desde-la-glorieta\/"},"author":{"name":"Cope Alcoy","@id":"https:\/\/www.copealcoy.es\/es\/#\/schema\/person\/e777c87fa024e57d40170af9df39882c"},"headline":"Cope Alcoy vivi\u00f3 el Mig Any desde la Glorieta","datePublished":"2023-10-23T07:00:26+00:00","dateModified":"2023-10-23T10:54:42+00:00","mainEntityOfPage":{"@id":"https:\/\/www.copealcoy.es\/es\/cope-alcoy-vivio-el-mig-any-desde-la-glorieta\/"},"wordCount":393,"commentCount":0,"image":{"@id":"https:\/\/www.copealcoy.es\/es\/cope-alcoy-vivio-el-mig-any-desde-la-glorieta\/#primaryimage"},"thumbnailUrl":"https:\/\/www.copealcoy.es\/wp-content\/uploads\/2023\/10\/WhatsApp-Image-2023-10-21-at-13.47.09-1.jpeg","keywords":["Alcoy","Fiestas de Moros y Cristianos","La Glorieta","Mig Any","programa especial"],"articleSection":["Actualidad","Alcoy","Fiesta y Cultura","Noticias"],"inLanguage":"es"},{"@type":"WebPage","@id":"https:\/\/www.copealcoy.es\/es\/cope-alcoy-vivio-el-mig-any-desde-la-glorieta\/","url":"https:\/\/www.copealcoy.es\/es\/cope-alcoy-vivio-el-mig-any-desde-la-glorieta\/","name":"Cope Alcoy vivi\u00f3 el Mig Any desde la Glorieta - COPE Alcoy","isPartOf":{"@id":"https:\/\/www.copealcoy.es\/es\/#website"},"primaryImageOfPage":{"@id":"https:\/\/www.copealcoy.es\/es\/cope-alcoy-vivio-el-mig-any-desde-la-glorieta\/#primaryimage"},"image":{"@id":"https:\/\/www.copealcoy.es\/es\/cope-alcoy-vivio-el-mig-any-desde-la-glorieta\/#primaryimage"},"thumbnailUrl":"https:\/\/www.copealcoy.es\/wp-content\/uploads\/2023\/10\/WhatsApp-Image-2023-10-21-at-13.47.09-1.jpeg","datePublished":"2023-10-23T07:00:26+00:00","dateModified":"2023-10-23T10:54:42+00:00","author":{"@id":"https:\/\/www.copealcoy.es\/es\/#\/schema\/person\/e777c87fa024e57d40170af9df39882c"},"description":"COPE ALCOY estuvo el s\u00e1bado en La Glorieta ofreciendo un programa especial con motivo de la celebraci\u00f3n del Mig Any","breadcrumb":{"@id":"https:\/\/www.copealcoy.es\/es\/cope-alcoy-vivio-el-mig-any-desde-la-glorieta\/#breadcrumb"},"inLanguage":"es","potentialAction":[{"@type":"ReadAction","target":["https:\/\/www.copealcoy.es\/es\/cope-alcoy-vivio-el-mig-any-desde-la-glorieta\/"]}]},{"@type":"ImageObject","inLanguage":"es","@id":"https:\/\/www.copealcoy.es\/es\/cope-alcoy-vivio-el-mig-any-desde-la-glorieta\/#primaryimage","url":"https:\/\/www.copealcoy.es\/wp-content\/uploads\/2023\/10\/WhatsApp-Image-2023-10-21-at-13.47.09-1.jpeg","contentUrl":"https:\/\/www.copealcoy.es\/wp-content\/uploads\/2023\/10\/WhatsApp-Image-2023-10-21-at-13.47.09-1.jpeg","width":1440,"height":1080},{"@type":"BreadcrumbList","@id":"https:\/\/www.copealcoy.es\/es\/cope-alcoy-vivio-el-mig-any-desde-la-glorieta\/#breadcrumb","itemListElement":[{"@type":"ListItem","position":1,"name":"Portada","item":"https:\/\/www.copealcoy.es\/es\/"},{"@type":"ListItem","position":2,"name":"Cope Alcoy vivi\u00f3 el Mig Any desde la Glorieta"}]},{"@type":"WebSite","@id":"https:\/\/www.copealcoy.es\/es\/#website","url":"https:\/\/www.copealcoy.es\/es\/","name":"COPE Alcoy","description":"Emisora COPE de radio local con emisi\u00f3n online. Pont de Sant Jordi 8-10 03803 Alcoy","potentialAction":[{"@type":"SearchAction","target":{"@type":"EntryPoint","urlTemplate":"https:\/\/www.copealcoy.es\/es\/?s={search_term_string}"},"query-input":{"@type":"PropertyValueSpecification","valueRequired":true,"valueName":"search_term_string"}}],"inLanguage":"es"},{"@type":"Person","@id":"https:\/\/www.copealcoy.es\/es\/#\/schema\/person\/e777c87fa024e57d40170af9df39882c","name":"Cope Alcoy","image":{"@type":"ImageObject","inLanguage":"es","@id":"https:\/\/secure.gravatar.com\/avatar\/bb65d0283347e303893ba14f0692005417c1e0e690a325a4c5d8bb2b3943ee14?s=96&d=mm&r=g","url":"https:\/\/secure.gravatar.com\/avatar\/bb65d0283347e303893ba14f0692005417c1e0e690a325a4c5d8bb2b3943ee14?s=96&d=mm&r=g","contentUrl":"https:\/\/secure.gravatar.com\/avatar\/bb65d0283347e303893ba14f0692005417c1e0e690a325a4c5d8bb2b3943ee14?s=96&d=mm&r=g","caption":"Cope Alcoy"}}]}},"_links":{"self":[{"href":"https:\/\/www.copealcoy.es\/es\/wp-json\/wp\/v2\/posts\/123760","targetHints":{"allow":["GET"]}}],"collection":[{"href":"https:\/\/www.copealcoy.es\/es\/wp-json\/wp\/v2\/posts"}],"about":[{"href":"https:\/\/www.copealcoy.es\/es\/wp-json\/wp\/v2\/types\/post"}],"author":[{"embeddable":true,"href":"https:\/\/www.copealcoy.es\/es\/wp-json\/wp\/v2\/users\/1"}],"replies":[{"embeddable":true,"href":"https:\/\/www.copealcoy.es\/es\/wp-json\/wp\/v2\/comments?post=123760"}],"version-history":[{"count":0,"href":"https:\/\/www.copealcoy.es\/es\/wp-json\/wp\/v2\/posts\/123760\/revisions"}],"wp:featuredmedia":[{"embeddable":true,"href":"https:\/\/www.copealcoy.es\/es\/wp-json\/wp\/v2\/media\/123707"}],"wp:attachment":[{"href":"https:\/\/www.copealcoy.es\/es\/wp-json\/wp\/v2\/media?parent=123760"}],"wp:term":[{"taxonomy":"category","embeddable":true,"href":"https:\/\/www.copealcoy.es\/es\/wp-json\/wp\/v2\/categories?post=123760"},{"taxonomy":"post_tag","embeddable":true,"href":"https:\/\/www.copealcoy.es\/es\/wp-json\/wp\/v2\/tags?post=123760"}],"curies":[{"name":"wp","href":"https:\/\/api.w.org\/{rel}","templated":true}]}}