{"id":123752,"date":"2023-10-23T12:33:27","date_gmt":"2023-10-23T11:33:27","guid":{"rendered":"https:\/\/www.copealcoy.es\/?p=123752"},"modified":"2023-10-23T16:21:33","modified_gmt":"2023-10-23T15:21:33","slug":"nuevas-fechas-de-la-mostra-de-teatre-dalcoi-convencen-al-sector-de-las-artes-escenicas","status":"publish","type":"post","link":"https:\/\/www.copealcoy.es\/es\/nuevas-fechas-de-la-mostra-de-teatre-dalcoi-convencen-al-sector-de-las-artes-escenicas\/","title":{"rendered":"Las nuevas fechas de la Mostra de Teatre d&#8217;Alcoi convencen al sector de las artes esc\u00e9nicas"},"content":{"rendered":"<p style=\"text-align: justify;\">Arranca la <span style=\"color: #000080;\"><a style=\"color: #000080;\" href=\"https:\/\/mostrateatre.com\/\" target=\"_blank\" rel=\"noopener\"><strong>Mostra de Teatre d&#8217;Alcoi de 2023<\/strong><\/a><\/span>. Una semana en la que Alcoy acoge 23 espect\u00e1culos, ocho de ellos de estreno, en los <strong>Teatros Calder\u00f3n, Salesianos, Principal, Centre Cultural, IVAM CADA y Sala \u00c1gora<\/strong>.<\/p>\n<p style=\"text-align: justify;\">Una Mostra que, a diferencia de a\u00f1os anteriores, tiene lugar a finales de octubre. Este <strong>cambio de fechas<\/strong> busca poder <strong>facilitar la presencia de los profesionales del sector de las artes esc\u00e9nicas.<\/strong> Y es que en estos momentos se est\u00e1n creando las programaciones para la pr\u00f3xima temporada, por lo que a las compa\u00f1\u00edas les interesa que los espect\u00e1culos se muestren ahora. Sin embargo, entre mayo y junio, los meses en los que se celebraba la Mostra hasta ahora, las programaciones ya est\u00e1n cerradas. &#8220;Permite contar tambi\u00e9n con m\u00e1s estrenos de espect\u00e1culos, puesto que es ahora cuando se estrenan&#8221;, ha explicado <strong>Miquel Santamar\u00eda,<\/strong> director de la Mostra, en declaraciones a <strong>Cope Alcoy<\/strong>.<\/p>\n<p style=\"text-align: justify;\">En cuanto a la <strong>aceptaci\u00f3n del p\u00fablico<\/strong>, habr\u00e1 que esperar hasta la pr\u00f3xima semana para saber c\u00f3mo ha sido. &#8220;A partir de la semana que viene se podr\u00e1 valorar si ha sido mejor. Por ahora vemos que la reacci\u00f3n en general est\u00e1 siendo buena. Hay gente que nos est\u00e1 dando ese apoyo&#8221;, ha asegurado<strong> Kuki Guillem<\/strong>, edil de Cultura, en declaraciones a Cope Alcoy.<\/p>\n<p style=\"text-align: justify;\">Tambi\u00e9n las nuevas fechas favorecen a los centros educativos. &#8220;De cara a los colegios e institutos, no coincide con la \u00e9poca de ex\u00e1menes&#8221;, a\u00f1ade Guillem.<\/p>\n<p style=\"text-align: justify;\"><span style=\"color: #0000ff;\"><strong>Programaci\u00f3n lunes 23 de octubre<\/strong><\/span><\/p>\n<p style=\"text-align: justify;\">Esta tarde el Teatre Principal acoger\u00e1 la <strong>inauguraci\u00f3n de la Mostra<\/strong>. En cuanto a la programaci\u00f3n para este lunes destaca <strong><em>Cosnci\u00e8ncia<\/em><\/strong>, obra de teatro ofrecida por <strong>La Dependent<\/strong>, en el Principal a partir de las ocho de la tarde.<\/p>\n<p style=\"text-align: justify;\">A las seis de la tarde el Sal\u00f3 CADA acoger\u00e1 <strong><em>Oreto i les formigues<\/em><\/strong>, teatro de objetos de la compa\u00f1\u00eda <strong>Paraules d&#8217;Aire<\/strong>. En el Calder\u00f3n, a las diez y media, <strong>Bego\u00f1a Tena<\/strong> representar\u00e1 la obra teatral <strong><em>Viva<\/em><\/strong>.<\/p>\n","protected":false},"excerpt":{"rendered":"<p>Arranca la Mostra de Teatre d&#8217;Alcoi de 2023. Una semana en la que Alcoy acoge 23 espect\u00e1culos, ocho de ellos&#8230;<\/p>\n","protected":false},"author":1,"featured_media":87771,"comment_status":"open","ping_status":"open","sticky":false,"template":"","format":"standard","meta":{"footnotes":""},"categories":[6909,97,78,75],"tags":[160,414,15781,1416],"class_list":["post-123752","post","type-post","status-publish","format-standard","has-post-thumbnail","hentry","category-actualidad","category-alcoy","category-fiestaycultura","category-noticias","tag-alcoi","tag-cultura","tag-mostra-teatre-dalcoi","tag-teatre"],"yoast_head":"<!-- This site is optimized with the Yoast SEO plugin v27.3 - https:\/\/yoast.com\/product\/yoast-seo-wordpress\/ -->\n<title>Las nuevas fechas de la Mostra de Teatre d&#039;Alcoi convencen al sector de las artes esc\u00e9nicas - COPE Alcoy<\/title>\n<meta name=\"description\" content=\"Arranca la Mostra de Teatre d&#039;Alcoi de 2023. Una semana en la que Alcoy acoge 23 espect\u00e1culos, ocho de ellos de estreno, en los Teatros Calder\u00f3n, Salesianos, Principal, Centre Cultural, IVAM CADA y Sala \u00c1gora.\" \/>\n<meta name=\"robots\" content=\"index, follow, max-snippet:-1, max-image-preview:large, max-video-preview:-1\" \/>\n<link rel=\"canonical\" href=\"https:\/\/www.copealcoy.es\/es\/nuevas-fechas-de-la-mostra-de-teatre-dalcoi-convencen-al-sector-de-las-artes-escenicas\/\" \/>\n<meta property=\"og:locale\" content=\"es_ES\" \/>\n<meta property=\"og:type\" content=\"article\" \/>\n<meta property=\"og:title\" content=\"Las nuevas fechas de la Mostra de Teatre d&#039;Alcoi convencen al sector de las artes esc\u00e9nicas - COPE Alcoy\" \/>\n<meta property=\"og:description\" content=\"Arranca la Mostra de Teatre d&#039;Alcoi de 2023. Una semana en la que Alcoy acoge 23 espect\u00e1culos, ocho de ellos de estreno, en los Teatros Calder\u00f3n, Salesianos, Principal, Centre Cultural, IVAM CADA y Sala \u00c1gora.\" \/>\n<meta property=\"og:url\" content=\"https:\/\/www.copealcoy.es\/es\/nuevas-fechas-de-la-mostra-de-teatre-dalcoi-convencen-al-sector-de-las-artes-escenicas\/\" \/>\n<meta property=\"og:site_name\" content=\"COPE Alcoy\" \/>\n<meta property=\"article:published_time\" content=\"2023-10-23T11:33:27+00:00\" \/>\n<meta property=\"article:modified_time\" content=\"2023-10-23T15:21:33+00:00\" \/>\n<meta property=\"og:image\" content=\"https:\/\/www.copealcoy.es\/wp-content\/uploads\/2022\/05\/283596312_10228515591342917_5817170877539372241_n-scaled.jpg\" \/>\n\t<meta property=\"og:image:width\" content=\"1440\" \/>\n\t<meta property=\"og:image:height\" content=\"1080\" \/>\n\t<meta property=\"og:image:type\" content=\"image\/jpeg\" \/>\n<meta name=\"author\" content=\"Cope Alcoy\" \/>\n<meta name=\"twitter:label1\" content=\"Escrito por\" \/>\n\t<meta name=\"twitter:data1\" content=\"Cope Alcoy\" \/>\n\t<meta name=\"twitter:label2\" content=\"Tiempo de lectura\" \/>\n\t<meta name=\"twitter:data2\" content=\"2 minutos\" \/>\n<script type=\"application\/ld+json\" class=\"yoast-schema-graph\">{\"@context\":\"https:\\\/\\\/schema.org\",\"@graph\":[{\"@type\":\"Article\",\"@id\":\"https:\\\/\\\/www.copealcoy.es\\\/es\\\/nuevas-fechas-de-la-mostra-de-teatre-dalcoi-convencen-al-sector-de-las-artes-escenicas\\\/#article\",\"isPartOf\":{\"@id\":\"https:\\\/\\\/www.copealcoy.es\\\/es\\\/nuevas-fechas-de-la-mostra-de-teatre-dalcoi-convencen-al-sector-de-las-artes-escenicas\\\/\"},\"author\":{\"name\":\"Cope Alcoy\",\"@id\":\"https:\\\/\\\/www.copealcoy.es\\\/es\\\/#\\\/schema\\\/person\\\/e777c87fa024e57d40170af9df39882c\"},\"headline\":\"Las nuevas fechas de la Mostra de Teatre d&#8217;Alcoi convencen al sector de las artes esc\u00e9nicas\",\"datePublished\":\"2023-10-23T11:33:27+00:00\",\"dateModified\":\"2023-10-23T15:21:33+00:00\",\"mainEntityOfPage\":{\"@id\":\"https:\\\/\\\/www.copealcoy.es\\\/es\\\/nuevas-fechas-de-la-mostra-de-teatre-dalcoi-convencen-al-sector-de-las-artes-escenicas\\\/\"},\"wordCount\":361,\"commentCount\":0,\"image\":{\"@id\":\"https:\\\/\\\/www.copealcoy.es\\\/es\\\/nuevas-fechas-de-la-mostra-de-teatre-dalcoi-convencen-al-sector-de-las-artes-escenicas\\\/#primaryimage\"},\"thumbnailUrl\":\"https:\\\/\\\/www.copealcoy.es\\\/wp-content\\\/uploads\\\/2022\\\/05\\\/283596312_10228515591342917_5817170877539372241_n-scaled.jpg\",\"keywords\":[\"Alcoi\",\"Cultura\",\"Mostra Teatre d'Alcoi\",\"Teatre\"],\"articleSection\":[\"Actualidad\",\"Alcoy\",\"Fiesta y Cultura\",\"Noticias\"],\"inLanguage\":\"es\"},{\"@type\":\"WebPage\",\"@id\":\"https:\\\/\\\/www.copealcoy.es\\\/es\\\/nuevas-fechas-de-la-mostra-de-teatre-dalcoi-convencen-al-sector-de-las-artes-escenicas\\\/\",\"url\":\"https:\\\/\\\/www.copealcoy.es\\\/es\\\/nuevas-fechas-de-la-mostra-de-teatre-dalcoi-convencen-al-sector-de-las-artes-escenicas\\\/\",\"name\":\"Las nuevas fechas de la Mostra de Teatre d'Alcoi convencen al sector de las artes esc\u00e9nicas - COPE Alcoy\",\"isPartOf\":{\"@id\":\"https:\\\/\\\/www.copealcoy.es\\\/es\\\/#website\"},\"primaryImageOfPage\":{\"@id\":\"https:\\\/\\\/www.copealcoy.es\\\/es\\\/nuevas-fechas-de-la-mostra-de-teatre-dalcoi-convencen-al-sector-de-las-artes-escenicas\\\/#primaryimage\"},\"image\":{\"@id\":\"https:\\\/\\\/www.copealcoy.es\\\/es\\\/nuevas-fechas-de-la-mostra-de-teatre-dalcoi-convencen-al-sector-de-las-artes-escenicas\\\/#primaryimage\"},\"thumbnailUrl\":\"https:\\\/\\\/www.copealcoy.es\\\/wp-content\\\/uploads\\\/2022\\\/05\\\/283596312_10228515591342917_5817170877539372241_n-scaled.jpg\",\"datePublished\":\"2023-10-23T11:33:27+00:00\",\"dateModified\":\"2023-10-23T15:21:33+00:00\",\"author\":{\"@id\":\"https:\\\/\\\/www.copealcoy.es\\\/es\\\/#\\\/schema\\\/person\\\/e777c87fa024e57d40170af9df39882c\"},\"description\":\"Arranca la Mostra de Teatre d'Alcoi de 2023. Una semana en la que Alcoy acoge 23 espect\u00e1culos, ocho de ellos de estreno, en los Teatros Calder\u00f3n, Salesianos, Principal, Centre Cultural, IVAM CADA y Sala \u00c1gora.\",\"breadcrumb\":{\"@id\":\"https:\\\/\\\/www.copealcoy.es\\\/es\\\/nuevas-fechas-de-la-mostra-de-teatre-dalcoi-convencen-al-sector-de-las-artes-escenicas\\\/#breadcrumb\"},\"inLanguage\":\"es\",\"potentialAction\":[{\"@type\":\"ReadAction\",\"target\":[\"https:\\\/\\\/www.copealcoy.es\\\/es\\\/nuevas-fechas-de-la-mostra-de-teatre-dalcoi-convencen-al-sector-de-las-artes-escenicas\\\/\"]}]},{\"@type\":\"ImageObject\",\"inLanguage\":\"es\",\"@id\":\"https:\\\/\\\/www.copealcoy.es\\\/es\\\/nuevas-fechas-de-la-mostra-de-teatre-dalcoi-convencen-al-sector-de-las-artes-escenicas\\\/#primaryimage\",\"url\":\"https:\\\/\\\/www.copealcoy.es\\\/wp-content\\\/uploads\\\/2022\\\/05\\\/283596312_10228515591342917_5817170877539372241_n-scaled.jpg\",\"contentUrl\":\"https:\\\/\\\/www.copealcoy.es\\\/wp-content\\\/uploads\\\/2022\\\/05\\\/283596312_10228515591342917_5817170877539372241_n-scaled.jpg\",\"width\":1440,\"height\":1080},{\"@type\":\"BreadcrumbList\",\"@id\":\"https:\\\/\\\/www.copealcoy.es\\\/es\\\/nuevas-fechas-de-la-mostra-de-teatre-dalcoi-convencen-al-sector-de-las-artes-escenicas\\\/#breadcrumb\",\"itemListElement\":[{\"@type\":\"ListItem\",\"position\":1,\"name\":\"Portada\",\"item\":\"https:\\\/\\\/www.copealcoy.es\\\/es\\\/\"},{\"@type\":\"ListItem\",\"position\":2,\"name\":\"Las nuevas fechas de la Mostra de Teatre d&#8217;Alcoi convencen al sector de las artes esc\u00e9nicas\"}]},{\"@type\":\"WebSite\",\"@id\":\"https:\\\/\\\/www.copealcoy.es\\\/es\\\/#website\",\"url\":\"https:\\\/\\\/www.copealcoy.es\\\/es\\\/\",\"name\":\"COPE Alcoy\",\"description\":\"Emisora COPE de radio local con emisi\u00f3n online. Pont de Sant Jordi 8-10 03803 Alcoy\",\"potentialAction\":[{\"@type\":\"SearchAction\",\"target\":{\"@type\":\"EntryPoint\",\"urlTemplate\":\"https:\\\/\\\/www.copealcoy.es\\\/es\\\/?s={search_term_string}\"},\"query-input\":{\"@type\":\"PropertyValueSpecification\",\"valueRequired\":true,\"valueName\":\"search_term_string\"}}],\"inLanguage\":\"es\"},{\"@type\":\"Person\",\"@id\":\"https:\\\/\\\/www.copealcoy.es\\\/es\\\/#\\\/schema\\\/person\\\/e777c87fa024e57d40170af9df39882c\",\"name\":\"Cope Alcoy\",\"image\":{\"@type\":\"ImageObject\",\"inLanguage\":\"es\",\"@id\":\"https:\\\/\\\/secure.gravatar.com\\\/avatar\\\/bb65d0283347e303893ba14f0692005417c1e0e690a325a4c5d8bb2b3943ee14?s=96&d=mm&r=g\",\"url\":\"https:\\\/\\\/secure.gravatar.com\\\/avatar\\\/bb65d0283347e303893ba14f0692005417c1e0e690a325a4c5d8bb2b3943ee14?s=96&d=mm&r=g\",\"contentUrl\":\"https:\\\/\\\/secure.gravatar.com\\\/avatar\\\/bb65d0283347e303893ba14f0692005417c1e0e690a325a4c5d8bb2b3943ee14?s=96&d=mm&r=g\",\"caption\":\"Cope Alcoy\"}}]}<\/script>\n<!-- \/ Yoast SEO plugin. -->","yoast_head_json":{"title":"Las nuevas fechas de la Mostra de Teatre d'Alcoi convencen al sector de las artes esc\u00e9nicas - COPE Alcoy","description":"Arranca la Mostra de Teatre d'Alcoi de 2023. Una semana en la que Alcoy acoge 23 espect\u00e1culos, ocho de ellos de estreno, en los Teatros Calder\u00f3n, Salesianos, Principal, Centre Cultural, IVAM CADA y Sala \u00c1gora.","robots":{"index":"index","follow":"follow","max-snippet":"max-snippet:-1","max-image-preview":"max-image-preview:large","max-video-preview":"max-video-preview:-1"},"canonical":"https:\/\/www.copealcoy.es\/es\/nuevas-fechas-de-la-mostra-de-teatre-dalcoi-convencen-al-sector-de-las-artes-escenicas\/","og_locale":"es_ES","og_type":"article","og_title":"Las nuevas fechas de la Mostra de Teatre d'Alcoi convencen al sector de las artes esc\u00e9nicas - COPE Alcoy","og_description":"Arranca la Mostra de Teatre d'Alcoi de 2023. Una semana en la que Alcoy acoge 23 espect\u00e1culos, ocho de ellos de estreno, en los Teatros Calder\u00f3n, Salesianos, Principal, Centre Cultural, IVAM CADA y Sala \u00c1gora.","og_url":"https:\/\/www.copealcoy.es\/es\/nuevas-fechas-de-la-mostra-de-teatre-dalcoi-convencen-al-sector-de-las-artes-escenicas\/","og_site_name":"COPE Alcoy","article_published_time":"2023-10-23T11:33:27+00:00","article_modified_time":"2023-10-23T15:21:33+00:00","og_image":[{"width":1440,"height":1080,"url":"https:\/\/www.copealcoy.es\/wp-content\/uploads\/2022\/05\/283596312_10228515591342917_5817170877539372241_n-scaled.jpg","type":"image\/jpeg"}],"author":"Cope Alcoy","twitter_misc":{"Escrito por":"Cope Alcoy","Tiempo de lectura":"2 minutos"},"schema":{"@context":"https:\/\/schema.org","@graph":[{"@type":"Article","@id":"https:\/\/www.copealcoy.es\/es\/nuevas-fechas-de-la-mostra-de-teatre-dalcoi-convencen-al-sector-de-las-artes-escenicas\/#article","isPartOf":{"@id":"https:\/\/www.copealcoy.es\/es\/nuevas-fechas-de-la-mostra-de-teatre-dalcoi-convencen-al-sector-de-las-artes-escenicas\/"},"author":{"name":"Cope Alcoy","@id":"https:\/\/www.copealcoy.es\/es\/#\/schema\/person\/e777c87fa024e57d40170af9df39882c"},"headline":"Las nuevas fechas de la Mostra de Teatre d&#8217;Alcoi convencen al sector de las artes esc\u00e9nicas","datePublished":"2023-10-23T11:33:27+00:00","dateModified":"2023-10-23T15:21:33+00:00","mainEntityOfPage":{"@id":"https:\/\/www.copealcoy.es\/es\/nuevas-fechas-de-la-mostra-de-teatre-dalcoi-convencen-al-sector-de-las-artes-escenicas\/"},"wordCount":361,"commentCount":0,"image":{"@id":"https:\/\/www.copealcoy.es\/es\/nuevas-fechas-de-la-mostra-de-teatre-dalcoi-convencen-al-sector-de-las-artes-escenicas\/#primaryimage"},"thumbnailUrl":"https:\/\/www.copealcoy.es\/wp-content\/uploads\/2022\/05\/283596312_10228515591342917_5817170877539372241_n-scaled.jpg","keywords":["Alcoi","Cultura","Mostra Teatre d'Alcoi","Teatre"],"articleSection":["Actualidad","Alcoy","Fiesta y Cultura","Noticias"],"inLanguage":"es"},{"@type":"WebPage","@id":"https:\/\/www.copealcoy.es\/es\/nuevas-fechas-de-la-mostra-de-teatre-dalcoi-convencen-al-sector-de-las-artes-escenicas\/","url":"https:\/\/www.copealcoy.es\/es\/nuevas-fechas-de-la-mostra-de-teatre-dalcoi-convencen-al-sector-de-las-artes-escenicas\/","name":"Las nuevas fechas de la Mostra de Teatre d'Alcoi convencen al sector de las artes esc\u00e9nicas - COPE Alcoy","isPartOf":{"@id":"https:\/\/www.copealcoy.es\/es\/#website"},"primaryImageOfPage":{"@id":"https:\/\/www.copealcoy.es\/es\/nuevas-fechas-de-la-mostra-de-teatre-dalcoi-convencen-al-sector-de-las-artes-escenicas\/#primaryimage"},"image":{"@id":"https:\/\/www.copealcoy.es\/es\/nuevas-fechas-de-la-mostra-de-teatre-dalcoi-convencen-al-sector-de-las-artes-escenicas\/#primaryimage"},"thumbnailUrl":"https:\/\/www.copealcoy.es\/wp-content\/uploads\/2022\/05\/283596312_10228515591342917_5817170877539372241_n-scaled.jpg","datePublished":"2023-10-23T11:33:27+00:00","dateModified":"2023-10-23T15:21:33+00:00","author":{"@id":"https:\/\/www.copealcoy.es\/es\/#\/schema\/person\/e777c87fa024e57d40170af9df39882c"},"description":"Arranca la Mostra de Teatre d'Alcoi de 2023. Una semana en la que Alcoy acoge 23 espect\u00e1culos, ocho de ellos de estreno, en los Teatros Calder\u00f3n, Salesianos, Principal, Centre Cultural, IVAM CADA y Sala \u00c1gora.","breadcrumb":{"@id":"https:\/\/www.copealcoy.es\/es\/nuevas-fechas-de-la-mostra-de-teatre-dalcoi-convencen-al-sector-de-las-artes-escenicas\/#breadcrumb"},"inLanguage":"es","potentialAction":[{"@type":"ReadAction","target":["https:\/\/www.copealcoy.es\/es\/nuevas-fechas-de-la-mostra-de-teatre-dalcoi-convencen-al-sector-de-las-artes-escenicas\/"]}]},{"@type":"ImageObject","inLanguage":"es","@id":"https:\/\/www.copealcoy.es\/es\/nuevas-fechas-de-la-mostra-de-teatre-dalcoi-convencen-al-sector-de-las-artes-escenicas\/#primaryimage","url":"https:\/\/www.copealcoy.es\/wp-content\/uploads\/2022\/05\/283596312_10228515591342917_5817170877539372241_n-scaled.jpg","contentUrl":"https:\/\/www.copealcoy.es\/wp-content\/uploads\/2022\/05\/283596312_10228515591342917_5817170877539372241_n-scaled.jpg","width":1440,"height":1080},{"@type":"BreadcrumbList","@id":"https:\/\/www.copealcoy.es\/es\/nuevas-fechas-de-la-mostra-de-teatre-dalcoi-convencen-al-sector-de-las-artes-escenicas\/#breadcrumb","itemListElement":[{"@type":"ListItem","position":1,"name":"Portada","item":"https:\/\/www.copealcoy.es\/es\/"},{"@type":"ListItem","position":2,"name":"Las nuevas fechas de la Mostra de Teatre d&#8217;Alcoi convencen al sector de las artes esc\u00e9nicas"}]},{"@type":"WebSite","@id":"https:\/\/www.copealcoy.es\/es\/#website","url":"https:\/\/www.copealcoy.es\/es\/","name":"COPE Alcoy","description":"Emisora COPE de radio local con emisi\u00f3n online. Pont de Sant Jordi 8-10 03803 Alcoy","potentialAction":[{"@type":"SearchAction","target":{"@type":"EntryPoint","urlTemplate":"https:\/\/www.copealcoy.es\/es\/?s={search_term_string}"},"query-input":{"@type":"PropertyValueSpecification","valueRequired":true,"valueName":"search_term_string"}}],"inLanguage":"es"},{"@type":"Person","@id":"https:\/\/www.copealcoy.es\/es\/#\/schema\/person\/e777c87fa024e57d40170af9df39882c","name":"Cope Alcoy","image":{"@type":"ImageObject","inLanguage":"es","@id":"https:\/\/secure.gravatar.com\/avatar\/bb65d0283347e303893ba14f0692005417c1e0e690a325a4c5d8bb2b3943ee14?s=96&d=mm&r=g","url":"https:\/\/secure.gravatar.com\/avatar\/bb65d0283347e303893ba14f0692005417c1e0e690a325a4c5d8bb2b3943ee14?s=96&d=mm&r=g","contentUrl":"https:\/\/secure.gravatar.com\/avatar\/bb65d0283347e303893ba14f0692005417c1e0e690a325a4c5d8bb2b3943ee14?s=96&d=mm&r=g","caption":"Cope Alcoy"}}]}},"_links":{"self":[{"href":"https:\/\/www.copealcoy.es\/es\/wp-json\/wp\/v2\/posts\/123752","targetHints":{"allow":["GET"]}}],"collection":[{"href":"https:\/\/www.copealcoy.es\/es\/wp-json\/wp\/v2\/posts"}],"about":[{"href":"https:\/\/www.copealcoy.es\/es\/wp-json\/wp\/v2\/types\/post"}],"author":[{"embeddable":true,"href":"https:\/\/www.copealcoy.es\/es\/wp-json\/wp\/v2\/users\/1"}],"replies":[{"embeddable":true,"href":"https:\/\/www.copealcoy.es\/es\/wp-json\/wp\/v2\/comments?post=123752"}],"version-history":[{"count":0,"href":"https:\/\/www.copealcoy.es\/es\/wp-json\/wp\/v2\/posts\/123752\/revisions"}],"wp:featuredmedia":[{"embeddable":true,"href":"https:\/\/www.copealcoy.es\/es\/wp-json\/wp\/v2\/media\/87771"}],"wp:attachment":[{"href":"https:\/\/www.copealcoy.es\/es\/wp-json\/wp\/v2\/media?parent=123752"}],"wp:term":[{"taxonomy":"category","embeddable":true,"href":"https:\/\/www.copealcoy.es\/es\/wp-json\/wp\/v2\/categories?post=123752"},{"taxonomy":"post_tag","embeddable":true,"href":"https:\/\/www.copealcoy.es\/es\/wp-json\/wp\/v2\/tags?post=123752"}],"curies":[{"name":"wp","href":"https:\/\/api.w.org\/{rel}","templated":true}]}}