{"id":123656,"date":"2023-10-20T12:01:45","date_gmt":"2023-10-20T11:01:45","guid":{"rendered":"https:\/\/www.copealcoy.es\/?p=123656"},"modified":"2023-10-20T12:01:45","modified_gmt":"2023-10-20T11:01:45","slug":"los-vecinos-del-centro-de-alcoy-dispuestos-a-dialogar-sobre-una-futura-peatonalizacion","status":"publish","type":"post","link":"https:\/\/www.copealcoy.es\/es\/los-vecinos-del-centro-de-alcoy-dispuestos-a-dialogar-sobre-una-futura-peatonalizacion\/","title":{"rendered":"Los vecinos del Centro de Alcoy dispuestos a dialogar sobre una futura peatonalizaci\u00f3n"},"content":{"rendered":"<p style=\"text-align: justify;\">Los <a href=\"https:\/\/www.facebook.com\/groups\/296728464961722\" target=\"_blank\" rel=\"noopener\"><strong><span style=\"color: #0000ff;\">vecinos del Centro de Alcoy<\/span><\/strong><\/a> aplauden que en las pr\u00f3ximas semanas <strong>vaya a suprimirse la peatonalizaci\u00f3n que entr\u00f3 en vigor a principios del a\u00f1o 2021<\/strong>. Todo ello despu\u00e9s de<strong> la sentencia del TSJ<\/strong> que anula el proceso, por un defecto de forma, y tras anunciar el Gobierno Local ayer que <a href=\"https:\/\/www.copealcoy.es\/fin-a-la-peatonalizacion-del-centro-de-alcoy-el-ayuntamiento-no-recurrira-la-sentencia\/\" target=\"_blank\" rel=\"noopener\"><span style=\"color: #0000ff;\"><strong>no recurrir\u00e1 la medida<\/strong><\/span><\/a> defendiendo la necesidad de <strong>trabajar una futura ordenanza<\/strong> <strong>con m\u00e1s consenso<\/strong> entre todas las partes implicadas.<\/p>\n<p style=\"text-align: justify;\">El colectivo vecinal, que ha mostrado su oposici\u00f3n a la peatonalizaci\u00f3n desde el principio, <strong>mantiene que no son contrarios al proceso<\/strong> sino a <strong>la forma con la que el anterior gobierno municipal llev\u00f3 a cabo el proceso<\/strong>. Denuncian que <strong>no fueron escuchados<\/strong> y que <strong>no se les tuvo en cuenta a la hora de planificar todo lo que comportaba convertir en zonas peatonales varias calles del Centro<\/strong>. Ahora se muestran dispuestos a dialogar con el Ayuntamiento para que en el futuro p<strong>ueda haber una ordenanza que surja fruto del consenso<\/strong> tal y como ha destacado en COPE ALCOY <strong>Cristina Richart<\/strong>, una de las personas implicadas en la mencionada lucha:<\/p>\n<audio class=\"wp-audio-shortcode\" id=\"audio-123656-1\" preload=\"none\" style=\"width: 100%;\" controls=\"controls\"><source type=\"audio\/mpeg\" src=\"https:\/\/www.copealcoy.es\/wp-content\/uploads\/2023\/10\/Bruto-Cristina-Richart.mp3?_=1\" \/><a href=\"https:\/\/www.copealcoy.es\/wp-content\/uploads\/2023\/10\/Bruto-Cristina-Richart.mp3\">https:\/\/www.copealcoy.es\/wp-content\/uploads\/2023\/10\/Bruto-Cristina-Richart.mp3<\/a><\/audio>\n<p>&nbsp;<\/p>\n<p style=\"text-align: justify;\">Por su parte, <strong>la Asociaci\u00f3n de Vecinos del Centro<\/strong> ha emitido un comunicado en el que expresa que <strong>respeta la decisi\u00f3n del Ayuntamiento de Alcoy<\/strong> respecto a la resoluci\u00f3n Tribunal Superior de Justicia de la Comunitat Valenciana (TSJCV) que deroga el Plan de Peatonalizaci\u00f3n.\u00a0 De igual forma conf\u00edan en que esta situaci\u00f3n <strong>sea un punto de partida<\/strong> para que, entre todas las partes implicadas, se consiga un futuro acuerdo sobre la peatonalizaci\u00f3n que sea beneficioso para todos.<\/p>\n<p style=\"text-align: justify;\">Recordar que el Ayuntamiento, seg\u00fan anunci\u00f3 ayer el edil de Movilidad Jordi Mart\u00ednez,\u00a0<strong>no renuncia a la implantaci\u00f3n de una zona de bajas emisiones en el Centro <\/strong>siguiendo los criterios que para este fin se marcan desde Europa dirigidos a ciudades similares a Alcoy. Mart\u00ednez <strong>tambi\u00e9n abog\u00f3 ayer por el di\u00e1logo<\/strong> para conseguir definir una propuesta beneficiosa para todas las partes implicadas.<\/p>\n","protected":false},"excerpt":{"rendered":"<p>Los vecinos del Centro de Alcoy aplauden que en las pr\u00f3ximas semanas vaya a suprimirse la peatonalizaci\u00f3n que entr\u00f3 en&#8230;<\/p>\n","protected":false},"author":1,"featured_media":119864,"comment_status":"open","ping_status":"open","sticky":false,"template":"","format":"standard","meta":{"footnotes":""},"categories":[6909,97,75,125],"tags":[1494,295,15771,294,548],"class_list":["post-123656","post","type-post","status-publish","format-standard","has-post-thumbnail","hentry","category-actualidad","category-alcoy","category-noticias","category-portada","tag-alcoy","tag-centro","tag-cristina-richart","tag-peatonalizacion","tag-vecinos"],"yoast_head":"<!-- This site is optimized with the Yoast SEO plugin v27.3 - https:\/\/yoast.com\/product\/yoast-seo-wordpress\/ -->\n<title>Los vecinos del Centro de Alcoy dispuestos a dialogar sobre una futura peatonalizaci\u00f3n - COPE Alcoy<\/title>\n<meta name=\"description\" content=\"Los vecinos del Centro aplauden que en las pr\u00f3ximas semanas vaya a suprimirse la peatonalizaci\u00f3n que entr\u00f3 en vigor a principios del a\u00f1o 2021\" \/>\n<meta name=\"robots\" content=\"index, follow, max-snippet:-1, max-image-preview:large, max-video-preview:-1\" \/>\n<link rel=\"canonical\" href=\"https:\/\/www.copealcoy.es\/es\/los-vecinos-del-centro-de-alcoy-dispuestos-a-dialogar-sobre-una-futura-peatonalizacion\/\" \/>\n<meta property=\"og:locale\" content=\"es_ES\" \/>\n<meta property=\"og:type\" content=\"article\" \/>\n<meta property=\"og:title\" content=\"Los vecinos del Centro de Alcoy dispuestos a dialogar sobre una futura peatonalizaci\u00f3n - COPE Alcoy\" \/>\n<meta property=\"og:description\" content=\"Los vecinos del Centro aplauden que en las pr\u00f3ximas semanas vaya a suprimirse la peatonalizaci\u00f3n que entr\u00f3 en vigor a principios del a\u00f1o 2021\" \/>\n<meta property=\"og:url\" content=\"https:\/\/www.copealcoy.es\/es\/los-vecinos-del-centro-de-alcoy-dispuestos-a-dialogar-sobre-una-futura-peatonalizacion\/\" \/>\n<meta property=\"og:site_name\" content=\"COPE Alcoy\" \/>\n<meta property=\"article:published_time\" content=\"2023-10-20T11:01:45+00:00\" \/>\n<meta property=\"og:image\" content=\"https:\/\/www.copealcoy.es\/wp-content\/uploads\/2023\/07\/unnamed-1-6-e1689676094993.jpg\" \/>\n\t<meta property=\"og:image:width\" content=\"640\" \/>\n\t<meta property=\"og:image:height\" content=\"386\" \/>\n\t<meta property=\"og:image:type\" content=\"image\/jpeg\" \/>\n<meta name=\"author\" content=\"Cope Alcoy\" \/>\n<meta name=\"twitter:label1\" content=\"Escrito por\" \/>\n\t<meta name=\"twitter:data1\" content=\"Cope Alcoy\" \/>\n\t<meta name=\"twitter:label2\" content=\"Tiempo de lectura\" \/>\n\t<meta name=\"twitter:data2\" content=\"2 minutos\" \/>\n<script type=\"application\/ld+json\" class=\"yoast-schema-graph\">{\"@context\":\"https:\\\/\\\/schema.org\",\"@graph\":[{\"@type\":\"Article\",\"@id\":\"https:\\\/\\\/www.copealcoy.es\\\/es\\\/los-vecinos-del-centro-de-alcoy-dispuestos-a-dialogar-sobre-una-futura-peatonalizacion\\\/#article\",\"isPartOf\":{\"@id\":\"https:\\\/\\\/www.copealcoy.es\\\/es\\\/los-vecinos-del-centro-de-alcoy-dispuestos-a-dialogar-sobre-una-futura-peatonalizacion\\\/\"},\"author\":{\"name\":\"Cope Alcoy\",\"@id\":\"https:\\\/\\\/www.copealcoy.es\\\/es\\\/#\\\/schema\\\/person\\\/e777c87fa024e57d40170af9df39882c\"},\"headline\":\"Los vecinos del Centro de Alcoy dispuestos a dialogar sobre una futura peatonalizaci\u00f3n\",\"datePublished\":\"2023-10-20T11:01:45+00:00\",\"mainEntityOfPage\":{\"@id\":\"https:\\\/\\\/www.copealcoy.es\\\/es\\\/los-vecinos-del-centro-de-alcoy-dispuestos-a-dialogar-sobre-una-futura-peatonalizacion\\\/\"},\"wordCount\":364,\"commentCount\":0,\"image\":{\"@id\":\"https:\\\/\\\/www.copealcoy.es\\\/es\\\/los-vecinos-del-centro-de-alcoy-dispuestos-a-dialogar-sobre-una-futura-peatonalizacion\\\/#primaryimage\"},\"thumbnailUrl\":\"https:\\\/\\\/www.copealcoy.es\\\/wp-content\\\/uploads\\\/2023\\\/07\\\/unnamed-1-6-e1689676094993.jpg\",\"keywords\":[\"Alcoy\",\"Centro\",\"Cristina Richart\",\"Peatonalizaci\u00f3n\",\"Vecinos\"],\"articleSection\":[\"Actualidad\",\"Alcoy\",\"Noticias\",\"Portada\"],\"inLanguage\":\"es\"},{\"@type\":\"WebPage\",\"@id\":\"https:\\\/\\\/www.copealcoy.es\\\/es\\\/los-vecinos-del-centro-de-alcoy-dispuestos-a-dialogar-sobre-una-futura-peatonalizacion\\\/\",\"url\":\"https:\\\/\\\/www.copealcoy.es\\\/es\\\/los-vecinos-del-centro-de-alcoy-dispuestos-a-dialogar-sobre-una-futura-peatonalizacion\\\/\",\"name\":\"Los vecinos del Centro de Alcoy dispuestos a dialogar sobre una futura peatonalizaci\u00f3n - COPE Alcoy\",\"isPartOf\":{\"@id\":\"https:\\\/\\\/www.copealcoy.es\\\/es\\\/#website\"},\"primaryImageOfPage\":{\"@id\":\"https:\\\/\\\/www.copealcoy.es\\\/es\\\/los-vecinos-del-centro-de-alcoy-dispuestos-a-dialogar-sobre-una-futura-peatonalizacion\\\/#primaryimage\"},\"image\":{\"@id\":\"https:\\\/\\\/www.copealcoy.es\\\/es\\\/los-vecinos-del-centro-de-alcoy-dispuestos-a-dialogar-sobre-una-futura-peatonalizacion\\\/#primaryimage\"},\"thumbnailUrl\":\"https:\\\/\\\/www.copealcoy.es\\\/wp-content\\\/uploads\\\/2023\\\/07\\\/unnamed-1-6-e1689676094993.jpg\",\"datePublished\":\"2023-10-20T11:01:45+00:00\",\"author\":{\"@id\":\"https:\\\/\\\/www.copealcoy.es\\\/es\\\/#\\\/schema\\\/person\\\/e777c87fa024e57d40170af9df39882c\"},\"description\":\"Los vecinos del Centro aplauden que en las pr\u00f3ximas semanas vaya a suprimirse la peatonalizaci\u00f3n que entr\u00f3 en vigor a principios del a\u00f1o 2021\",\"breadcrumb\":{\"@id\":\"https:\\\/\\\/www.copealcoy.es\\\/es\\\/los-vecinos-del-centro-de-alcoy-dispuestos-a-dialogar-sobre-una-futura-peatonalizacion\\\/#breadcrumb\"},\"inLanguage\":\"es\",\"potentialAction\":[{\"@type\":\"ReadAction\",\"target\":[\"https:\\\/\\\/www.copealcoy.es\\\/es\\\/los-vecinos-del-centro-de-alcoy-dispuestos-a-dialogar-sobre-una-futura-peatonalizacion\\\/\"]}]},{\"@type\":\"ImageObject\",\"inLanguage\":\"es\",\"@id\":\"https:\\\/\\\/www.copealcoy.es\\\/es\\\/los-vecinos-del-centro-de-alcoy-dispuestos-a-dialogar-sobre-una-futura-peatonalizacion\\\/#primaryimage\",\"url\":\"https:\\\/\\\/www.copealcoy.es\\\/wp-content\\\/uploads\\\/2023\\\/07\\\/unnamed-1-6-e1689676094993.jpg\",\"contentUrl\":\"https:\\\/\\\/www.copealcoy.es\\\/wp-content\\\/uploads\\\/2023\\\/07\\\/unnamed-1-6-e1689676094993.jpg\",\"width\":640,\"height\":386},{\"@type\":\"BreadcrumbList\",\"@id\":\"https:\\\/\\\/www.copealcoy.es\\\/es\\\/los-vecinos-del-centro-de-alcoy-dispuestos-a-dialogar-sobre-una-futura-peatonalizacion\\\/#breadcrumb\",\"itemListElement\":[{\"@type\":\"ListItem\",\"position\":1,\"name\":\"Portada\",\"item\":\"https:\\\/\\\/www.copealcoy.es\\\/es\\\/\"},{\"@type\":\"ListItem\",\"position\":2,\"name\":\"Los vecinos del Centro de Alcoy dispuestos a dialogar sobre una futura peatonalizaci\u00f3n\"}]},{\"@type\":\"WebSite\",\"@id\":\"https:\\\/\\\/www.copealcoy.es\\\/es\\\/#website\",\"url\":\"https:\\\/\\\/www.copealcoy.es\\\/es\\\/\",\"name\":\"COPE Alcoy\",\"description\":\"Emisora COPE de radio local con emisi\u00f3n online. Pont de Sant Jordi 8-10 03803 Alcoy\",\"potentialAction\":[{\"@type\":\"SearchAction\",\"target\":{\"@type\":\"EntryPoint\",\"urlTemplate\":\"https:\\\/\\\/www.copealcoy.es\\\/es\\\/?s={search_term_string}\"},\"query-input\":{\"@type\":\"PropertyValueSpecification\",\"valueRequired\":true,\"valueName\":\"search_term_string\"}}],\"inLanguage\":\"es\"},{\"@type\":\"Person\",\"@id\":\"https:\\\/\\\/www.copealcoy.es\\\/es\\\/#\\\/schema\\\/person\\\/e777c87fa024e57d40170af9df39882c\",\"name\":\"Cope Alcoy\",\"image\":{\"@type\":\"ImageObject\",\"inLanguage\":\"es\",\"@id\":\"https:\\\/\\\/secure.gravatar.com\\\/avatar\\\/bb65d0283347e303893ba14f0692005417c1e0e690a325a4c5d8bb2b3943ee14?s=96&d=mm&r=g\",\"url\":\"https:\\\/\\\/secure.gravatar.com\\\/avatar\\\/bb65d0283347e303893ba14f0692005417c1e0e690a325a4c5d8bb2b3943ee14?s=96&d=mm&r=g\",\"contentUrl\":\"https:\\\/\\\/secure.gravatar.com\\\/avatar\\\/bb65d0283347e303893ba14f0692005417c1e0e690a325a4c5d8bb2b3943ee14?s=96&d=mm&r=g\",\"caption\":\"Cope Alcoy\"}}]}<\/script>\n<!-- \/ Yoast SEO plugin. -->","yoast_head_json":{"title":"Los vecinos del Centro de Alcoy dispuestos a dialogar sobre una futura peatonalizaci\u00f3n - COPE Alcoy","description":"Los vecinos del Centro aplauden que en las pr\u00f3ximas semanas vaya a suprimirse la peatonalizaci\u00f3n que entr\u00f3 en vigor a principios del a\u00f1o 2021","robots":{"index":"index","follow":"follow","max-snippet":"max-snippet:-1","max-image-preview":"max-image-preview:large","max-video-preview":"max-video-preview:-1"},"canonical":"https:\/\/www.copealcoy.es\/es\/los-vecinos-del-centro-de-alcoy-dispuestos-a-dialogar-sobre-una-futura-peatonalizacion\/","og_locale":"es_ES","og_type":"article","og_title":"Los vecinos del Centro de Alcoy dispuestos a dialogar sobre una futura peatonalizaci\u00f3n - COPE Alcoy","og_description":"Los vecinos del Centro aplauden que en las pr\u00f3ximas semanas vaya a suprimirse la peatonalizaci\u00f3n que entr\u00f3 en vigor a principios del a\u00f1o 2021","og_url":"https:\/\/www.copealcoy.es\/es\/los-vecinos-del-centro-de-alcoy-dispuestos-a-dialogar-sobre-una-futura-peatonalizacion\/","og_site_name":"COPE Alcoy","article_published_time":"2023-10-20T11:01:45+00:00","og_image":[{"width":640,"height":386,"url":"https:\/\/www.copealcoy.es\/wp-content\/uploads\/2023\/07\/unnamed-1-6-e1689676094993.jpg","type":"image\/jpeg"}],"author":"Cope Alcoy","twitter_misc":{"Escrito por":"Cope Alcoy","Tiempo de lectura":"2 minutos"},"schema":{"@context":"https:\/\/schema.org","@graph":[{"@type":"Article","@id":"https:\/\/www.copealcoy.es\/es\/los-vecinos-del-centro-de-alcoy-dispuestos-a-dialogar-sobre-una-futura-peatonalizacion\/#article","isPartOf":{"@id":"https:\/\/www.copealcoy.es\/es\/los-vecinos-del-centro-de-alcoy-dispuestos-a-dialogar-sobre-una-futura-peatonalizacion\/"},"author":{"name":"Cope Alcoy","@id":"https:\/\/www.copealcoy.es\/es\/#\/schema\/person\/e777c87fa024e57d40170af9df39882c"},"headline":"Los vecinos del Centro de Alcoy dispuestos a dialogar sobre una futura peatonalizaci\u00f3n","datePublished":"2023-10-20T11:01:45+00:00","mainEntityOfPage":{"@id":"https:\/\/www.copealcoy.es\/es\/los-vecinos-del-centro-de-alcoy-dispuestos-a-dialogar-sobre-una-futura-peatonalizacion\/"},"wordCount":364,"commentCount":0,"image":{"@id":"https:\/\/www.copealcoy.es\/es\/los-vecinos-del-centro-de-alcoy-dispuestos-a-dialogar-sobre-una-futura-peatonalizacion\/#primaryimage"},"thumbnailUrl":"https:\/\/www.copealcoy.es\/wp-content\/uploads\/2023\/07\/unnamed-1-6-e1689676094993.jpg","keywords":["Alcoy","Centro","Cristina Richart","Peatonalizaci\u00f3n","Vecinos"],"articleSection":["Actualidad","Alcoy","Noticias","Portada"],"inLanguage":"es"},{"@type":"WebPage","@id":"https:\/\/www.copealcoy.es\/es\/los-vecinos-del-centro-de-alcoy-dispuestos-a-dialogar-sobre-una-futura-peatonalizacion\/","url":"https:\/\/www.copealcoy.es\/es\/los-vecinos-del-centro-de-alcoy-dispuestos-a-dialogar-sobre-una-futura-peatonalizacion\/","name":"Los vecinos del Centro de Alcoy dispuestos a dialogar sobre una futura peatonalizaci\u00f3n - COPE Alcoy","isPartOf":{"@id":"https:\/\/www.copealcoy.es\/es\/#website"},"primaryImageOfPage":{"@id":"https:\/\/www.copealcoy.es\/es\/los-vecinos-del-centro-de-alcoy-dispuestos-a-dialogar-sobre-una-futura-peatonalizacion\/#primaryimage"},"image":{"@id":"https:\/\/www.copealcoy.es\/es\/los-vecinos-del-centro-de-alcoy-dispuestos-a-dialogar-sobre-una-futura-peatonalizacion\/#primaryimage"},"thumbnailUrl":"https:\/\/www.copealcoy.es\/wp-content\/uploads\/2023\/07\/unnamed-1-6-e1689676094993.jpg","datePublished":"2023-10-20T11:01:45+00:00","author":{"@id":"https:\/\/www.copealcoy.es\/es\/#\/schema\/person\/e777c87fa024e57d40170af9df39882c"},"description":"Los vecinos del Centro aplauden que en las pr\u00f3ximas semanas vaya a suprimirse la peatonalizaci\u00f3n que entr\u00f3 en vigor a principios del a\u00f1o 2021","breadcrumb":{"@id":"https:\/\/www.copealcoy.es\/es\/los-vecinos-del-centro-de-alcoy-dispuestos-a-dialogar-sobre-una-futura-peatonalizacion\/#breadcrumb"},"inLanguage":"es","potentialAction":[{"@type":"ReadAction","target":["https:\/\/www.copealcoy.es\/es\/los-vecinos-del-centro-de-alcoy-dispuestos-a-dialogar-sobre-una-futura-peatonalizacion\/"]}]},{"@type":"ImageObject","inLanguage":"es","@id":"https:\/\/www.copealcoy.es\/es\/los-vecinos-del-centro-de-alcoy-dispuestos-a-dialogar-sobre-una-futura-peatonalizacion\/#primaryimage","url":"https:\/\/www.copealcoy.es\/wp-content\/uploads\/2023\/07\/unnamed-1-6-e1689676094993.jpg","contentUrl":"https:\/\/www.copealcoy.es\/wp-content\/uploads\/2023\/07\/unnamed-1-6-e1689676094993.jpg","width":640,"height":386},{"@type":"BreadcrumbList","@id":"https:\/\/www.copealcoy.es\/es\/los-vecinos-del-centro-de-alcoy-dispuestos-a-dialogar-sobre-una-futura-peatonalizacion\/#breadcrumb","itemListElement":[{"@type":"ListItem","position":1,"name":"Portada","item":"https:\/\/www.copealcoy.es\/es\/"},{"@type":"ListItem","position":2,"name":"Los vecinos del Centro de Alcoy dispuestos a dialogar sobre una futura peatonalizaci\u00f3n"}]},{"@type":"WebSite","@id":"https:\/\/www.copealcoy.es\/es\/#website","url":"https:\/\/www.copealcoy.es\/es\/","name":"COPE Alcoy","description":"Emisora COPE de radio local con emisi\u00f3n online. Pont de Sant Jordi 8-10 03803 Alcoy","potentialAction":[{"@type":"SearchAction","target":{"@type":"EntryPoint","urlTemplate":"https:\/\/www.copealcoy.es\/es\/?s={search_term_string}"},"query-input":{"@type":"PropertyValueSpecification","valueRequired":true,"valueName":"search_term_string"}}],"inLanguage":"es"},{"@type":"Person","@id":"https:\/\/www.copealcoy.es\/es\/#\/schema\/person\/e777c87fa024e57d40170af9df39882c","name":"Cope Alcoy","image":{"@type":"ImageObject","inLanguage":"es","@id":"https:\/\/secure.gravatar.com\/avatar\/bb65d0283347e303893ba14f0692005417c1e0e690a325a4c5d8bb2b3943ee14?s=96&d=mm&r=g","url":"https:\/\/secure.gravatar.com\/avatar\/bb65d0283347e303893ba14f0692005417c1e0e690a325a4c5d8bb2b3943ee14?s=96&d=mm&r=g","contentUrl":"https:\/\/secure.gravatar.com\/avatar\/bb65d0283347e303893ba14f0692005417c1e0e690a325a4c5d8bb2b3943ee14?s=96&d=mm&r=g","caption":"Cope Alcoy"}}]}},"_links":{"self":[{"href":"https:\/\/www.copealcoy.es\/es\/wp-json\/wp\/v2\/posts\/123656","targetHints":{"allow":["GET"]}}],"collection":[{"href":"https:\/\/www.copealcoy.es\/es\/wp-json\/wp\/v2\/posts"}],"about":[{"href":"https:\/\/www.copealcoy.es\/es\/wp-json\/wp\/v2\/types\/post"}],"author":[{"embeddable":true,"href":"https:\/\/www.copealcoy.es\/es\/wp-json\/wp\/v2\/users\/1"}],"replies":[{"embeddable":true,"href":"https:\/\/www.copealcoy.es\/es\/wp-json\/wp\/v2\/comments?post=123656"}],"version-history":[{"count":0,"href":"https:\/\/www.copealcoy.es\/es\/wp-json\/wp\/v2\/posts\/123656\/revisions"}],"wp:featuredmedia":[{"embeddable":true,"href":"https:\/\/www.copealcoy.es\/es\/wp-json\/wp\/v2\/media\/119864"}],"wp:attachment":[{"href":"https:\/\/www.copealcoy.es\/es\/wp-json\/wp\/v2\/media?parent=123656"}],"wp:term":[{"taxonomy":"category","embeddable":true,"href":"https:\/\/www.copealcoy.es\/es\/wp-json\/wp\/v2\/categories?post=123656"},{"taxonomy":"post_tag","embeddable":true,"href":"https:\/\/www.copealcoy.es\/es\/wp-json\/wp\/v2\/tags?post=123656"}],"curies":[{"name":"wp","href":"https:\/\/api.w.org\/{rel}","templated":true}]}}