{"id":123564,"date":"2023-10-19T11:52:07","date_gmt":"2023-10-19T10:52:07","guid":{"rendered":"https:\/\/www.copealcoy.es\/?p=123564"},"modified":"2023-10-19T13:14:11","modified_gmt":"2023-10-19T12:14:11","slug":"fin-a-la-peatonalizacion-del-centro-de-alcoy-el-ayuntamiento-no-recurrira-la-sentencia","status":"publish","type":"post","link":"https:\/\/www.copealcoy.es\/es\/fin-a-la-peatonalizacion-del-centro-de-alcoy-el-ayuntamiento-no-recurrira-la-sentencia\/","title":{"rendered":"Fin a la peatonalizaci\u00f3n del Centro de Alcoy. El Ayuntamiento no recurrir\u00e1 la sentencia"},"content":{"rendered":"<p style=\"text-align: justify;\">El <strong>Ayuntamiento de Alcoy echa marcha atr\u00e1s<\/strong> y ha decidido <strong>no recurrir <span style=\"color: #0000ff;\">l<\/span><a href=\"https:\/\/www.copealcoy.es\/martinez-anuncia-que-se-mantiene-la-peatonalizacion-del-centro-de-alcoy-y-recurriran-la-sentencia\/\" target=\"_blank\" rel=\"noopener\"><span style=\"color: #0000ff;\">a sentencia que anulaba la peatonalizaci\u00f3n del Centro<\/span><\/a><\/strong>. As\u00ed lo ha comunicado a mediod\u00eda de este jueves el concejal de Movilidad del Consistorio, <strong>Jordi Mart\u00ednez<\/strong>, defendiendo tambi\u00e9n la necesidad de que<strong> se abra un proceso de di\u00e1logo<\/strong> con todas las partes implicadas <strong>con el fin de definir una futura ordenanza<\/strong> que contemple que sea peatonal tanto el Centro como otras zonas de la ciudad.<\/p>\n<p style=\"text-align: justify;\">Mart\u00ednez ha indicado que recurrir la sentencia, pese a que el Ayuntamiento ten\u00eda la posibilidad de ganar el recurso, <strong>supon\u00eda entrar en un proceso que al final no habr\u00eda sido beneficioso para ninguna de las partes implicadas<\/strong> en esta cuesti\u00f3n. El concejal ha avanzado que <strong>la aceptaci\u00f3n de la mencionada sentencia por parte del Consistorio<\/strong> se har\u00e1 efectiva, previsiblemente en el pleno ordinario previsto para el 3 de noviembre, y a partir de ah\u00ed <strong>empezar\u00e1 la recuperaci\u00f3n progresiva de la situaci\u00f3n<\/strong> respecto al tr\u00e1fico que hab\u00eda en el Centro antes de aplicar un proceso de peatonalizaci\u00f3n que entr\u00f3 en vigor a finales de marzo de 2021. Tambi\u00e9n ha dicho que <strong>se proceder\u00e1 a cambiar la se\u00f1alizaci\u00f3n<\/strong> y <strong>sobre las multas<\/strong> ha dejado claro que aquellas que se han emitido despu\u00e9s de la sentencia no se cobrar\u00e1n al igual que aquellas hechas tras entrar en vigor la peatonalizaci\u00f3n y que fueron recurridas:<\/p>\n<audio class=\"wp-audio-shortcode\" id=\"audio-123564-1\" preload=\"none\" style=\"width: 100%;\" controls=\"controls\"><source type=\"audio\/mpeg\" src=\"https:\/\/www.copealcoy.es\/wp-content\/uploads\/2023\/10\/Tall-Jordi-Martinez.mp3?_=1\" \/><a href=\"https:\/\/www.copealcoy.es\/wp-content\/uploads\/2023\/10\/Tall-Jordi-Martinez.mp3\">https:\/\/www.copealcoy.es\/wp-content\/uploads\/2023\/10\/Tall-Jordi-Martinez.mp3<\/a><\/audio>\n<p>&nbsp;<\/p>\n<p><span style=\"color: #0000ff;\"><strong>\u00bfY a partir de ahora qu\u00e9?<\/strong><\/span><\/p>\n<p style=\"text-align: justify;\">El edil de Movilidad ha dejado claro que <strong>el Ayuntamiento no renuncia a la implantaci\u00f3n de una zona de bajas emisiones en el Centro<\/strong>, siguiendo los criterios que para este fin se marcan desde Europa dirigidos a ciudades similares a Alcoy, y ha defendido <strong>la definici\u00f3n de una nueva ordenanza<\/strong>. Este documento surgir\u00eda del &#8220;<em>consenso y el di\u00e1logo e incluso ir\u00eda m\u00e1s all\u00e1 para llegar a otras zonas de la ciuda<\/em>d&#8221;, ha aventurado Jordi Mart\u00ednez sin dar m\u00e1s detalles al respecto.<\/p>\n","protected":false},"excerpt":{"rendered":"<p>El Ayuntamiento de Alcoy echa marcha atr\u00e1s y ha decidido no recurrir la sentencia que anulaba la peatonalizaci\u00f3n del Centro&#8230;.<\/p>\n","protected":false},"author":1,"featured_media":121828,"comment_status":"open","ping_status":"open","sticky":false,"template":"","format":"standard","meta":{"footnotes":""},"categories":[6909,97,75,125],"tags":[1494,295,10656,927,294],"class_list":["post-123564","post","type-post","status-publish","format-standard","has-post-thumbnail","hentry","category-actualidad","category-alcoy","category-noticias","category-portada","tag-alcoy","tag-centro","tag-fin","tag-jordi-martinez","tag-peatonalizacion"],"yoast_head":"<!-- This site is optimized with the Yoast SEO plugin v27.3 - https:\/\/yoast.com\/product\/yoast-seo-wordpress\/ -->\n<title>Fin a la peatonalizaci\u00f3n del Centro de Alcoy. El Ayuntamiento no recurrir\u00e1 la sentencia - COPE Alcoy<\/title>\n<meta name=\"description\" content=\"El Ayuntamiento de Alcoy echa marcha atr\u00e1s y ha decidido no recurrir la sentencia que anulaba la peatonalizaci\u00f3n del Centro\" \/>\n<meta name=\"robots\" content=\"index, follow, max-snippet:-1, max-image-preview:large, max-video-preview:-1\" \/>\n<link rel=\"canonical\" href=\"https:\/\/www.copealcoy.es\/es\/fin-a-la-peatonalizacion-del-centro-de-alcoy-el-ayuntamiento-no-recurrira-la-sentencia\/\" \/>\n<meta property=\"og:locale\" content=\"es_ES\" \/>\n<meta property=\"og:type\" content=\"article\" \/>\n<meta property=\"og:title\" content=\"Fin a la peatonalizaci\u00f3n del Centro de Alcoy. El Ayuntamiento no recurrir\u00e1 la sentencia - COPE Alcoy\" \/>\n<meta property=\"og:description\" content=\"El Ayuntamiento de Alcoy echa marcha atr\u00e1s y ha decidido no recurrir la sentencia que anulaba la peatonalizaci\u00f3n del Centro\" \/>\n<meta property=\"og:url\" content=\"https:\/\/www.copealcoy.es\/es\/fin-a-la-peatonalizacion-del-centro-de-alcoy-el-ayuntamiento-no-recurrira-la-sentencia\/\" \/>\n<meta property=\"og:site_name\" content=\"COPE Alcoy\" \/>\n<meta property=\"article:published_time\" content=\"2023-10-19T10:52:07+00:00\" \/>\n<meta property=\"article:modified_time\" content=\"2023-10-19T12:14:11+00:00\" \/>\n<meta property=\"og:image\" content=\"https:\/\/www.copealcoy.es\/wp-content\/uploads\/2023\/09\/WhatsApp-Image-2023-09-15-at-12.34.45-scaled.jpeg\" \/>\n\t<meta property=\"og:image:width\" content=\"1440\" \/>\n\t<meta property=\"og:image:height\" content=\"1080\" \/>\n\t<meta property=\"og:image:type\" content=\"image\/jpeg\" \/>\n<meta name=\"author\" content=\"Cope Alcoy\" \/>\n<meta name=\"twitter:label1\" content=\"Escrito por\" \/>\n\t<meta name=\"twitter:data1\" content=\"Cope Alcoy\" \/>\n\t<meta name=\"twitter:label2\" content=\"Tiempo de lectura\" \/>\n\t<meta name=\"twitter:data2\" content=\"2 minutos\" \/>\n<script type=\"application\/ld+json\" class=\"yoast-schema-graph\">{\"@context\":\"https:\\\/\\\/schema.org\",\"@graph\":[{\"@type\":\"Article\",\"@id\":\"https:\\\/\\\/www.copealcoy.es\\\/es\\\/fin-a-la-peatonalizacion-del-centro-de-alcoy-el-ayuntamiento-no-recurrira-la-sentencia\\\/#article\",\"isPartOf\":{\"@id\":\"https:\\\/\\\/www.copealcoy.es\\\/es\\\/fin-a-la-peatonalizacion-del-centro-de-alcoy-el-ayuntamiento-no-recurrira-la-sentencia\\\/\"},\"author\":{\"name\":\"Cope Alcoy\",\"@id\":\"https:\\\/\\\/www.copealcoy.es\\\/es\\\/#\\\/schema\\\/person\\\/e777c87fa024e57d40170af9df39882c\"},\"headline\":\"Fin a la peatonalizaci\u00f3n del Centro de Alcoy. El Ayuntamiento no recurrir\u00e1 la sentencia\",\"datePublished\":\"2023-10-19T10:52:07+00:00\",\"dateModified\":\"2023-10-19T12:14:11+00:00\",\"mainEntityOfPage\":{\"@id\":\"https:\\\/\\\/www.copealcoy.es\\\/es\\\/fin-a-la-peatonalizacion-del-centro-de-alcoy-el-ayuntamiento-no-recurrira-la-sentencia\\\/\"},\"wordCount\":371,\"commentCount\":0,\"image\":{\"@id\":\"https:\\\/\\\/www.copealcoy.es\\\/es\\\/fin-a-la-peatonalizacion-del-centro-de-alcoy-el-ayuntamiento-no-recurrira-la-sentencia\\\/#primaryimage\"},\"thumbnailUrl\":\"https:\\\/\\\/www.copealcoy.es\\\/wp-content\\\/uploads\\\/2023\\\/09\\\/WhatsApp-Image-2023-09-15-at-12.34.45-scaled.jpeg\",\"keywords\":[\"Alcoy\",\"Centro\",\"Fin\",\"Jordi Mart\u00ednez\",\"Peatonalizaci\u00f3n\"],\"articleSection\":[\"Actualidad\",\"Alcoy\",\"Noticias\",\"Portada\"],\"inLanguage\":\"es\"},{\"@type\":\"WebPage\",\"@id\":\"https:\\\/\\\/www.copealcoy.es\\\/es\\\/fin-a-la-peatonalizacion-del-centro-de-alcoy-el-ayuntamiento-no-recurrira-la-sentencia\\\/\",\"url\":\"https:\\\/\\\/www.copealcoy.es\\\/es\\\/fin-a-la-peatonalizacion-del-centro-de-alcoy-el-ayuntamiento-no-recurrira-la-sentencia\\\/\",\"name\":\"Fin a la peatonalizaci\u00f3n del Centro de Alcoy. El Ayuntamiento no recurrir\u00e1 la sentencia - COPE Alcoy\",\"isPartOf\":{\"@id\":\"https:\\\/\\\/www.copealcoy.es\\\/es\\\/#website\"},\"primaryImageOfPage\":{\"@id\":\"https:\\\/\\\/www.copealcoy.es\\\/es\\\/fin-a-la-peatonalizacion-del-centro-de-alcoy-el-ayuntamiento-no-recurrira-la-sentencia\\\/#primaryimage\"},\"image\":{\"@id\":\"https:\\\/\\\/www.copealcoy.es\\\/es\\\/fin-a-la-peatonalizacion-del-centro-de-alcoy-el-ayuntamiento-no-recurrira-la-sentencia\\\/#primaryimage\"},\"thumbnailUrl\":\"https:\\\/\\\/www.copealcoy.es\\\/wp-content\\\/uploads\\\/2023\\\/09\\\/WhatsApp-Image-2023-09-15-at-12.34.45-scaled.jpeg\",\"datePublished\":\"2023-10-19T10:52:07+00:00\",\"dateModified\":\"2023-10-19T12:14:11+00:00\",\"author\":{\"@id\":\"https:\\\/\\\/www.copealcoy.es\\\/es\\\/#\\\/schema\\\/person\\\/e777c87fa024e57d40170af9df39882c\"},\"description\":\"El Ayuntamiento de Alcoy echa marcha atr\u00e1s y ha decidido no recurrir la sentencia que anulaba la peatonalizaci\u00f3n del Centro\",\"breadcrumb\":{\"@id\":\"https:\\\/\\\/www.copealcoy.es\\\/es\\\/fin-a-la-peatonalizacion-del-centro-de-alcoy-el-ayuntamiento-no-recurrira-la-sentencia\\\/#breadcrumb\"},\"inLanguage\":\"es\",\"potentialAction\":[{\"@type\":\"ReadAction\",\"target\":[\"https:\\\/\\\/www.copealcoy.es\\\/es\\\/fin-a-la-peatonalizacion-del-centro-de-alcoy-el-ayuntamiento-no-recurrira-la-sentencia\\\/\"]}]},{\"@type\":\"ImageObject\",\"inLanguage\":\"es\",\"@id\":\"https:\\\/\\\/www.copealcoy.es\\\/es\\\/fin-a-la-peatonalizacion-del-centro-de-alcoy-el-ayuntamiento-no-recurrira-la-sentencia\\\/#primaryimage\",\"url\":\"https:\\\/\\\/www.copealcoy.es\\\/wp-content\\\/uploads\\\/2023\\\/09\\\/WhatsApp-Image-2023-09-15-at-12.34.45-scaled.jpeg\",\"contentUrl\":\"https:\\\/\\\/www.copealcoy.es\\\/wp-content\\\/uploads\\\/2023\\\/09\\\/WhatsApp-Image-2023-09-15-at-12.34.45-scaled.jpeg\",\"width\":1440,\"height\":1080},{\"@type\":\"BreadcrumbList\",\"@id\":\"https:\\\/\\\/www.copealcoy.es\\\/es\\\/fin-a-la-peatonalizacion-del-centro-de-alcoy-el-ayuntamiento-no-recurrira-la-sentencia\\\/#breadcrumb\",\"itemListElement\":[{\"@type\":\"ListItem\",\"position\":1,\"name\":\"Portada\",\"item\":\"https:\\\/\\\/www.copealcoy.es\\\/es\\\/\"},{\"@type\":\"ListItem\",\"position\":2,\"name\":\"Fin a la peatonalizaci\u00f3n del Centro de Alcoy. El Ayuntamiento no recurrir\u00e1 la sentencia\"}]},{\"@type\":\"WebSite\",\"@id\":\"https:\\\/\\\/www.copealcoy.es\\\/es\\\/#website\",\"url\":\"https:\\\/\\\/www.copealcoy.es\\\/es\\\/\",\"name\":\"COPE Alcoy\",\"description\":\"Emisora COPE de radio local con emisi\u00f3n online. Pont de Sant Jordi 8-10 03803 Alcoy\",\"potentialAction\":[{\"@type\":\"SearchAction\",\"target\":{\"@type\":\"EntryPoint\",\"urlTemplate\":\"https:\\\/\\\/www.copealcoy.es\\\/es\\\/?s={search_term_string}\"},\"query-input\":{\"@type\":\"PropertyValueSpecification\",\"valueRequired\":true,\"valueName\":\"search_term_string\"}}],\"inLanguage\":\"es\"},{\"@type\":\"Person\",\"@id\":\"https:\\\/\\\/www.copealcoy.es\\\/es\\\/#\\\/schema\\\/person\\\/e777c87fa024e57d40170af9df39882c\",\"name\":\"Cope Alcoy\",\"image\":{\"@type\":\"ImageObject\",\"inLanguage\":\"es\",\"@id\":\"https:\\\/\\\/secure.gravatar.com\\\/avatar\\\/bb65d0283347e303893ba14f0692005417c1e0e690a325a4c5d8bb2b3943ee14?s=96&d=mm&r=g\",\"url\":\"https:\\\/\\\/secure.gravatar.com\\\/avatar\\\/bb65d0283347e303893ba14f0692005417c1e0e690a325a4c5d8bb2b3943ee14?s=96&d=mm&r=g\",\"contentUrl\":\"https:\\\/\\\/secure.gravatar.com\\\/avatar\\\/bb65d0283347e303893ba14f0692005417c1e0e690a325a4c5d8bb2b3943ee14?s=96&d=mm&r=g\",\"caption\":\"Cope Alcoy\"}}]}<\/script>\n<!-- \/ Yoast SEO plugin. -->","yoast_head_json":{"title":"Fin a la peatonalizaci\u00f3n del Centro de Alcoy. El Ayuntamiento no recurrir\u00e1 la sentencia - COPE Alcoy","description":"El Ayuntamiento de Alcoy echa marcha atr\u00e1s y ha decidido no recurrir la sentencia que anulaba la peatonalizaci\u00f3n del Centro","robots":{"index":"index","follow":"follow","max-snippet":"max-snippet:-1","max-image-preview":"max-image-preview:large","max-video-preview":"max-video-preview:-1"},"canonical":"https:\/\/www.copealcoy.es\/es\/fin-a-la-peatonalizacion-del-centro-de-alcoy-el-ayuntamiento-no-recurrira-la-sentencia\/","og_locale":"es_ES","og_type":"article","og_title":"Fin a la peatonalizaci\u00f3n del Centro de Alcoy. El Ayuntamiento no recurrir\u00e1 la sentencia - COPE Alcoy","og_description":"El Ayuntamiento de Alcoy echa marcha atr\u00e1s y ha decidido no recurrir la sentencia que anulaba la peatonalizaci\u00f3n del Centro","og_url":"https:\/\/www.copealcoy.es\/es\/fin-a-la-peatonalizacion-del-centro-de-alcoy-el-ayuntamiento-no-recurrira-la-sentencia\/","og_site_name":"COPE Alcoy","article_published_time":"2023-10-19T10:52:07+00:00","article_modified_time":"2023-10-19T12:14:11+00:00","og_image":[{"width":1440,"height":1080,"url":"https:\/\/www.copealcoy.es\/wp-content\/uploads\/2023\/09\/WhatsApp-Image-2023-09-15-at-12.34.45-scaled.jpeg","type":"image\/jpeg"}],"author":"Cope Alcoy","twitter_misc":{"Escrito por":"Cope Alcoy","Tiempo de lectura":"2 minutos"},"schema":{"@context":"https:\/\/schema.org","@graph":[{"@type":"Article","@id":"https:\/\/www.copealcoy.es\/es\/fin-a-la-peatonalizacion-del-centro-de-alcoy-el-ayuntamiento-no-recurrira-la-sentencia\/#article","isPartOf":{"@id":"https:\/\/www.copealcoy.es\/es\/fin-a-la-peatonalizacion-del-centro-de-alcoy-el-ayuntamiento-no-recurrira-la-sentencia\/"},"author":{"name":"Cope Alcoy","@id":"https:\/\/www.copealcoy.es\/es\/#\/schema\/person\/e777c87fa024e57d40170af9df39882c"},"headline":"Fin a la peatonalizaci\u00f3n del Centro de Alcoy. El Ayuntamiento no recurrir\u00e1 la sentencia","datePublished":"2023-10-19T10:52:07+00:00","dateModified":"2023-10-19T12:14:11+00:00","mainEntityOfPage":{"@id":"https:\/\/www.copealcoy.es\/es\/fin-a-la-peatonalizacion-del-centro-de-alcoy-el-ayuntamiento-no-recurrira-la-sentencia\/"},"wordCount":371,"commentCount":0,"image":{"@id":"https:\/\/www.copealcoy.es\/es\/fin-a-la-peatonalizacion-del-centro-de-alcoy-el-ayuntamiento-no-recurrira-la-sentencia\/#primaryimage"},"thumbnailUrl":"https:\/\/www.copealcoy.es\/wp-content\/uploads\/2023\/09\/WhatsApp-Image-2023-09-15-at-12.34.45-scaled.jpeg","keywords":["Alcoy","Centro","Fin","Jordi Mart\u00ednez","Peatonalizaci\u00f3n"],"articleSection":["Actualidad","Alcoy","Noticias","Portada"],"inLanguage":"es"},{"@type":"WebPage","@id":"https:\/\/www.copealcoy.es\/es\/fin-a-la-peatonalizacion-del-centro-de-alcoy-el-ayuntamiento-no-recurrira-la-sentencia\/","url":"https:\/\/www.copealcoy.es\/es\/fin-a-la-peatonalizacion-del-centro-de-alcoy-el-ayuntamiento-no-recurrira-la-sentencia\/","name":"Fin a la peatonalizaci\u00f3n del Centro de Alcoy. El Ayuntamiento no recurrir\u00e1 la sentencia - COPE Alcoy","isPartOf":{"@id":"https:\/\/www.copealcoy.es\/es\/#website"},"primaryImageOfPage":{"@id":"https:\/\/www.copealcoy.es\/es\/fin-a-la-peatonalizacion-del-centro-de-alcoy-el-ayuntamiento-no-recurrira-la-sentencia\/#primaryimage"},"image":{"@id":"https:\/\/www.copealcoy.es\/es\/fin-a-la-peatonalizacion-del-centro-de-alcoy-el-ayuntamiento-no-recurrira-la-sentencia\/#primaryimage"},"thumbnailUrl":"https:\/\/www.copealcoy.es\/wp-content\/uploads\/2023\/09\/WhatsApp-Image-2023-09-15-at-12.34.45-scaled.jpeg","datePublished":"2023-10-19T10:52:07+00:00","dateModified":"2023-10-19T12:14:11+00:00","author":{"@id":"https:\/\/www.copealcoy.es\/es\/#\/schema\/person\/e777c87fa024e57d40170af9df39882c"},"description":"El Ayuntamiento de Alcoy echa marcha atr\u00e1s y ha decidido no recurrir la sentencia que anulaba la peatonalizaci\u00f3n del Centro","breadcrumb":{"@id":"https:\/\/www.copealcoy.es\/es\/fin-a-la-peatonalizacion-del-centro-de-alcoy-el-ayuntamiento-no-recurrira-la-sentencia\/#breadcrumb"},"inLanguage":"es","potentialAction":[{"@type":"ReadAction","target":["https:\/\/www.copealcoy.es\/es\/fin-a-la-peatonalizacion-del-centro-de-alcoy-el-ayuntamiento-no-recurrira-la-sentencia\/"]}]},{"@type":"ImageObject","inLanguage":"es","@id":"https:\/\/www.copealcoy.es\/es\/fin-a-la-peatonalizacion-del-centro-de-alcoy-el-ayuntamiento-no-recurrira-la-sentencia\/#primaryimage","url":"https:\/\/www.copealcoy.es\/wp-content\/uploads\/2023\/09\/WhatsApp-Image-2023-09-15-at-12.34.45-scaled.jpeg","contentUrl":"https:\/\/www.copealcoy.es\/wp-content\/uploads\/2023\/09\/WhatsApp-Image-2023-09-15-at-12.34.45-scaled.jpeg","width":1440,"height":1080},{"@type":"BreadcrumbList","@id":"https:\/\/www.copealcoy.es\/es\/fin-a-la-peatonalizacion-del-centro-de-alcoy-el-ayuntamiento-no-recurrira-la-sentencia\/#breadcrumb","itemListElement":[{"@type":"ListItem","position":1,"name":"Portada","item":"https:\/\/www.copealcoy.es\/es\/"},{"@type":"ListItem","position":2,"name":"Fin a la peatonalizaci\u00f3n del Centro de Alcoy. El Ayuntamiento no recurrir\u00e1 la sentencia"}]},{"@type":"WebSite","@id":"https:\/\/www.copealcoy.es\/es\/#website","url":"https:\/\/www.copealcoy.es\/es\/","name":"COPE Alcoy","description":"Emisora COPE de radio local con emisi\u00f3n online. Pont de Sant Jordi 8-10 03803 Alcoy","potentialAction":[{"@type":"SearchAction","target":{"@type":"EntryPoint","urlTemplate":"https:\/\/www.copealcoy.es\/es\/?s={search_term_string}"},"query-input":{"@type":"PropertyValueSpecification","valueRequired":true,"valueName":"search_term_string"}}],"inLanguage":"es"},{"@type":"Person","@id":"https:\/\/www.copealcoy.es\/es\/#\/schema\/person\/e777c87fa024e57d40170af9df39882c","name":"Cope Alcoy","image":{"@type":"ImageObject","inLanguage":"es","@id":"https:\/\/secure.gravatar.com\/avatar\/bb65d0283347e303893ba14f0692005417c1e0e690a325a4c5d8bb2b3943ee14?s=96&d=mm&r=g","url":"https:\/\/secure.gravatar.com\/avatar\/bb65d0283347e303893ba14f0692005417c1e0e690a325a4c5d8bb2b3943ee14?s=96&d=mm&r=g","contentUrl":"https:\/\/secure.gravatar.com\/avatar\/bb65d0283347e303893ba14f0692005417c1e0e690a325a4c5d8bb2b3943ee14?s=96&d=mm&r=g","caption":"Cope Alcoy"}}]}},"_links":{"self":[{"href":"https:\/\/www.copealcoy.es\/es\/wp-json\/wp\/v2\/posts\/123564","targetHints":{"allow":["GET"]}}],"collection":[{"href":"https:\/\/www.copealcoy.es\/es\/wp-json\/wp\/v2\/posts"}],"about":[{"href":"https:\/\/www.copealcoy.es\/es\/wp-json\/wp\/v2\/types\/post"}],"author":[{"embeddable":true,"href":"https:\/\/www.copealcoy.es\/es\/wp-json\/wp\/v2\/users\/1"}],"replies":[{"embeddable":true,"href":"https:\/\/www.copealcoy.es\/es\/wp-json\/wp\/v2\/comments?post=123564"}],"version-history":[{"count":0,"href":"https:\/\/www.copealcoy.es\/es\/wp-json\/wp\/v2\/posts\/123564\/revisions"}],"wp:featuredmedia":[{"embeddable":true,"href":"https:\/\/www.copealcoy.es\/es\/wp-json\/wp\/v2\/media\/121828"}],"wp:attachment":[{"href":"https:\/\/www.copealcoy.es\/es\/wp-json\/wp\/v2\/media?parent=123564"}],"wp:term":[{"taxonomy":"category","embeddable":true,"href":"https:\/\/www.copealcoy.es\/es\/wp-json\/wp\/v2\/categories?post=123564"},{"taxonomy":"post_tag","embeddable":true,"href":"https:\/\/www.copealcoy.es\/es\/wp-json\/wp\/v2\/tags?post=123564"}],"curies":[{"name":"wp","href":"https:\/\/api.w.org\/{rel}","templated":true}]}}