{"id":12342,"date":"2015-04-18T09:25:44","date_gmt":"2015-04-18T09:25:44","guid":{"rendered":"http:\/\/copealcoi.es\/new\/?p=12342"},"modified":"2015-04-18T09:25:44","modified_gmt":"2015-04-18T09:25:44","slug":"nueva-decoracion-festera-para-la-fachada-del-ayuntamiento","status":"publish","type":"post","link":"https:\/\/www.copealcoy.es\/es\/nueva-decoracion-festera-para-la-fachada-del-ayuntamiento\/","title":{"rendered":"Nueva decoraci\u00f3n festera para la fachada del Ayuntamiento"},"content":{"rendered":"<p style=\"text-align: justify;\">La fachada del Ayuntamiento de Alcoy luce desde esta semana nuevos elementos decorativos para realzar su figura en las pr\u00f3ximas fiestas de moros y cristianos. La decoraci\u00f3n ha sido dise\u00f1ada por Jordi Soler, alumno de l\u00b4 Escola d\u00b4Art, y los estudiantes del Ciclo de Madera de Cotes Baixes han colaborado en su realizaci\u00f3n.<\/p>\n<p style=\"text-align: justify;\">El dise\u00f1o de la ornamentaci\u00f3n, seg\u00fan ha informado el Consistorio, est\u00e1 inspirado en la enramada que engalan\u00f3 el edificio en el a\u00f1o 1.876 con motivo del VI centenario de San Jorge como patr\u00f3n de la ciudad. Los elementos que representan son la cruz cristiana, las medias lunas moras y la ense\u00f1a de Arag\u00f3n y de Alcoy. Adem\u00e1s se incluyen partes inspiradas la f\u00e1brica Bamb\u00fa o en dise\u00f1os de Louis Sullivan al Wainwright Building, Guaranty Building o Sullivan Centre de Chicago.<\/p>\n<p style=\"text-align: justify;\">Se\u00f1alar que de la decoraci\u00f3n se han realizado centenar de elementos que se han fijado a la pared por medio de un enganche que no da\u00f1e la piedra.<\/p>\n<p>&nbsp;<\/p>\n","protected":false},"excerpt":{"rendered":"<p>La fachada del Ayuntamiento de Alcoy luce desde esta semana nuevos elementos decorativos para realzar su figura en las pr\u00f3ximas&#8230;<\/p>\n","protected":false},"author":1,"featured_media":12343,"comment_status":"open","ping_status":"open","sticky":false,"template":"","format":"standard","meta":{"footnotes":""},"categories":[97,78,75],"tags":[1494,229,960,856],"class_list":["post-12342","post","type-post","status-publish","format-standard","has-post-thumbnail","hentry","category-alcoy","category-fiestaycultura","category-noticias","tag-alcoy","tag-ayuntamiento","tag-decoracion","tag-moros-i-cristians"],"yoast_head":"<!-- This site is optimized with the Yoast SEO plugin v27.3 - https:\/\/yoast.com\/product\/yoast-seo-wordpress\/ -->\n<title>Nueva decoraci\u00f3n festera para la fachada del Ayuntamiento - COPE Alcoy<\/title>\n<meta name=\"robots\" content=\"index, follow, max-snippet:-1, max-image-preview:large, max-video-preview:-1\" \/>\n<link rel=\"canonical\" href=\"https:\/\/www.copealcoy.es\/es\/nueva-decoracion-festera-para-la-fachada-del-ayuntamiento\/\" \/>\n<meta property=\"og:locale\" content=\"es_ES\" \/>\n<meta property=\"og:type\" content=\"article\" \/>\n<meta property=\"og:title\" content=\"Nueva decoraci\u00f3n festera para la fachada del Ayuntamiento - COPE Alcoy\" \/>\n<meta property=\"og:description\" content=\"La fachada del Ayuntamiento de Alcoy luce desde esta semana nuevos elementos decorativos para realzar su figura en las pr\u00f3ximas...\" \/>\n<meta property=\"og:url\" content=\"https:\/\/www.copealcoy.es\/es\/nueva-decoracion-festera-para-la-fachada-del-ayuntamiento\/\" \/>\n<meta property=\"og:site_name\" content=\"COPE Alcoy\" \/>\n<meta property=\"article:published_time\" content=\"2015-04-18T09:25:44+00:00\" \/>\n<meta property=\"og:image\" content=\"https:\/\/www.copealcoy.es\/wp-content\/uploads\/2015\/04\/img_16070.jpg\" \/>\n\t<meta property=\"og:image:width\" content=\"670\" \/>\n\t<meta property=\"og:image:height\" content=\"377\" \/>\n\t<meta property=\"og:image:type\" content=\"image\/jpeg\" \/>\n<meta name=\"author\" content=\"Cope Alcoy\" \/>\n<meta name=\"twitter:label1\" content=\"Escrito por\" \/>\n\t<meta name=\"twitter:data1\" content=\"Cope Alcoy\" \/>\n\t<meta name=\"twitter:label2\" content=\"Tiempo de lectura\" \/>\n\t<meta name=\"twitter:data2\" content=\"1 minuto\" \/>\n<script type=\"application\/ld+json\" class=\"yoast-schema-graph\">{\"@context\":\"https:\\\/\\\/schema.org\",\"@graph\":[{\"@type\":\"Article\",\"@id\":\"https:\\\/\\\/www.copealcoy.es\\\/es\\\/nueva-decoracion-festera-para-la-fachada-del-ayuntamiento\\\/#article\",\"isPartOf\":{\"@id\":\"https:\\\/\\\/www.copealcoy.es\\\/es\\\/nueva-decoracion-festera-para-la-fachada-del-ayuntamiento\\\/\"},\"author\":{\"name\":\"Cope Alcoy\",\"@id\":\"https:\\\/\\\/www.copealcoy.es\\\/es\\\/#\\\/schema\\\/person\\\/e777c87fa024e57d40170af9df39882c\"},\"headline\":\"Nueva decoraci\u00f3n festera para la fachada del Ayuntamiento\",\"datePublished\":\"2015-04-18T09:25:44+00:00\",\"mainEntityOfPage\":{\"@id\":\"https:\\\/\\\/www.copealcoy.es\\\/es\\\/nueva-decoracion-festera-para-la-fachada-del-ayuntamiento\\\/\"},\"wordCount\":188,\"commentCount\":0,\"image\":{\"@id\":\"https:\\\/\\\/www.copealcoy.es\\\/es\\\/nueva-decoracion-festera-para-la-fachada-del-ayuntamiento\\\/#primaryimage\"},\"thumbnailUrl\":\"https:\\\/\\\/www.copealcoy.es\\\/wp-content\\\/uploads\\\/2015\\\/04\\\/img_16070.jpg\",\"keywords\":[\"Alcoy\",\"Ayuntamiento\",\"Decoraci\u00f3n\",\"Moros i Cristians\"],\"articleSection\":[\"Alcoy\",\"Fiesta y Cultura\",\"Noticias\"],\"inLanguage\":\"es\"},{\"@type\":\"WebPage\",\"@id\":\"https:\\\/\\\/www.copealcoy.es\\\/es\\\/nueva-decoracion-festera-para-la-fachada-del-ayuntamiento\\\/\",\"url\":\"https:\\\/\\\/www.copealcoy.es\\\/es\\\/nueva-decoracion-festera-para-la-fachada-del-ayuntamiento\\\/\",\"name\":\"Nueva decoraci\u00f3n festera para la fachada del Ayuntamiento - COPE Alcoy\",\"isPartOf\":{\"@id\":\"https:\\\/\\\/www.copealcoy.es\\\/es\\\/#website\"},\"primaryImageOfPage\":{\"@id\":\"https:\\\/\\\/www.copealcoy.es\\\/es\\\/nueva-decoracion-festera-para-la-fachada-del-ayuntamiento\\\/#primaryimage\"},\"image\":{\"@id\":\"https:\\\/\\\/www.copealcoy.es\\\/es\\\/nueva-decoracion-festera-para-la-fachada-del-ayuntamiento\\\/#primaryimage\"},\"thumbnailUrl\":\"https:\\\/\\\/www.copealcoy.es\\\/wp-content\\\/uploads\\\/2015\\\/04\\\/img_16070.jpg\",\"datePublished\":\"2015-04-18T09:25:44+00:00\",\"author\":{\"@id\":\"https:\\\/\\\/www.copealcoy.es\\\/es\\\/#\\\/schema\\\/person\\\/e777c87fa024e57d40170af9df39882c\"},\"breadcrumb\":{\"@id\":\"https:\\\/\\\/www.copealcoy.es\\\/es\\\/nueva-decoracion-festera-para-la-fachada-del-ayuntamiento\\\/#breadcrumb\"},\"inLanguage\":\"es\",\"potentialAction\":[{\"@type\":\"ReadAction\",\"target\":[\"https:\\\/\\\/www.copealcoy.es\\\/es\\\/nueva-decoracion-festera-para-la-fachada-del-ayuntamiento\\\/\"]}]},{\"@type\":\"ImageObject\",\"inLanguage\":\"es\",\"@id\":\"https:\\\/\\\/www.copealcoy.es\\\/es\\\/nueva-decoracion-festera-para-la-fachada-del-ayuntamiento\\\/#primaryimage\",\"url\":\"https:\\\/\\\/www.copealcoy.es\\\/wp-content\\\/uploads\\\/2015\\\/04\\\/img_16070.jpg\",\"contentUrl\":\"https:\\\/\\\/www.copealcoy.es\\\/wp-content\\\/uploads\\\/2015\\\/04\\\/img_16070.jpg\",\"width\":670,\"height\":377,\"caption\":\"Ayuntamiento de Alcoy\"},{\"@type\":\"BreadcrumbList\",\"@id\":\"https:\\\/\\\/www.copealcoy.es\\\/es\\\/nueva-decoracion-festera-para-la-fachada-del-ayuntamiento\\\/#breadcrumb\",\"itemListElement\":[{\"@type\":\"ListItem\",\"position\":1,\"name\":\"Portada\",\"item\":\"https:\\\/\\\/www.copealcoy.es\\\/es\\\/\"},{\"@type\":\"ListItem\",\"position\":2,\"name\":\"Nueva decoraci\u00f3n festera para la fachada del Ayuntamiento\"}]},{\"@type\":\"WebSite\",\"@id\":\"https:\\\/\\\/www.copealcoy.es\\\/es\\\/#website\",\"url\":\"https:\\\/\\\/www.copealcoy.es\\\/es\\\/\",\"name\":\"COPE Alcoy\",\"description\":\"Emisora COPE de radio local con emisi\u00f3n online. Pont de Sant Jordi 8-10 03803 Alcoy\",\"potentialAction\":[{\"@type\":\"SearchAction\",\"target\":{\"@type\":\"EntryPoint\",\"urlTemplate\":\"https:\\\/\\\/www.copealcoy.es\\\/es\\\/?s={search_term_string}\"},\"query-input\":{\"@type\":\"PropertyValueSpecification\",\"valueRequired\":true,\"valueName\":\"search_term_string\"}}],\"inLanguage\":\"es\"},{\"@type\":\"Person\",\"@id\":\"https:\\\/\\\/www.copealcoy.es\\\/es\\\/#\\\/schema\\\/person\\\/e777c87fa024e57d40170af9df39882c\",\"name\":\"Cope Alcoy\",\"image\":{\"@type\":\"ImageObject\",\"inLanguage\":\"es\",\"@id\":\"https:\\\/\\\/secure.gravatar.com\\\/avatar\\\/bb65d0283347e303893ba14f0692005417c1e0e690a325a4c5d8bb2b3943ee14?s=96&d=mm&r=g\",\"url\":\"https:\\\/\\\/secure.gravatar.com\\\/avatar\\\/bb65d0283347e303893ba14f0692005417c1e0e690a325a4c5d8bb2b3943ee14?s=96&d=mm&r=g\",\"contentUrl\":\"https:\\\/\\\/secure.gravatar.com\\\/avatar\\\/bb65d0283347e303893ba14f0692005417c1e0e690a325a4c5d8bb2b3943ee14?s=96&d=mm&r=g\",\"caption\":\"Cope Alcoy\"}}]}<\/script>\n<!-- \/ Yoast SEO plugin. -->","yoast_head_json":{"title":"Nueva decoraci\u00f3n festera para la fachada del Ayuntamiento - COPE Alcoy","robots":{"index":"index","follow":"follow","max-snippet":"max-snippet:-1","max-image-preview":"max-image-preview:large","max-video-preview":"max-video-preview:-1"},"canonical":"https:\/\/www.copealcoy.es\/es\/nueva-decoracion-festera-para-la-fachada-del-ayuntamiento\/","og_locale":"es_ES","og_type":"article","og_title":"Nueva decoraci\u00f3n festera para la fachada del Ayuntamiento - COPE Alcoy","og_description":"La fachada del Ayuntamiento de Alcoy luce desde esta semana nuevos elementos decorativos para realzar su figura en las pr\u00f3ximas...","og_url":"https:\/\/www.copealcoy.es\/es\/nueva-decoracion-festera-para-la-fachada-del-ayuntamiento\/","og_site_name":"COPE Alcoy","article_published_time":"2015-04-18T09:25:44+00:00","og_image":[{"width":670,"height":377,"url":"https:\/\/www.copealcoy.es\/wp-content\/uploads\/2015\/04\/img_16070.jpg","type":"image\/jpeg"}],"author":"Cope Alcoy","twitter_misc":{"Escrito por":"Cope Alcoy","Tiempo de lectura":"1 minuto"},"schema":{"@context":"https:\/\/schema.org","@graph":[{"@type":"Article","@id":"https:\/\/www.copealcoy.es\/es\/nueva-decoracion-festera-para-la-fachada-del-ayuntamiento\/#article","isPartOf":{"@id":"https:\/\/www.copealcoy.es\/es\/nueva-decoracion-festera-para-la-fachada-del-ayuntamiento\/"},"author":{"name":"Cope Alcoy","@id":"https:\/\/www.copealcoy.es\/es\/#\/schema\/person\/e777c87fa024e57d40170af9df39882c"},"headline":"Nueva decoraci\u00f3n festera para la fachada del Ayuntamiento","datePublished":"2015-04-18T09:25:44+00:00","mainEntityOfPage":{"@id":"https:\/\/www.copealcoy.es\/es\/nueva-decoracion-festera-para-la-fachada-del-ayuntamiento\/"},"wordCount":188,"commentCount":0,"image":{"@id":"https:\/\/www.copealcoy.es\/es\/nueva-decoracion-festera-para-la-fachada-del-ayuntamiento\/#primaryimage"},"thumbnailUrl":"https:\/\/www.copealcoy.es\/wp-content\/uploads\/2015\/04\/img_16070.jpg","keywords":["Alcoy","Ayuntamiento","Decoraci\u00f3n","Moros i Cristians"],"articleSection":["Alcoy","Fiesta y Cultura","Noticias"],"inLanguage":"es"},{"@type":"WebPage","@id":"https:\/\/www.copealcoy.es\/es\/nueva-decoracion-festera-para-la-fachada-del-ayuntamiento\/","url":"https:\/\/www.copealcoy.es\/es\/nueva-decoracion-festera-para-la-fachada-del-ayuntamiento\/","name":"Nueva decoraci\u00f3n festera para la fachada del Ayuntamiento - COPE Alcoy","isPartOf":{"@id":"https:\/\/www.copealcoy.es\/es\/#website"},"primaryImageOfPage":{"@id":"https:\/\/www.copealcoy.es\/es\/nueva-decoracion-festera-para-la-fachada-del-ayuntamiento\/#primaryimage"},"image":{"@id":"https:\/\/www.copealcoy.es\/es\/nueva-decoracion-festera-para-la-fachada-del-ayuntamiento\/#primaryimage"},"thumbnailUrl":"https:\/\/www.copealcoy.es\/wp-content\/uploads\/2015\/04\/img_16070.jpg","datePublished":"2015-04-18T09:25:44+00:00","author":{"@id":"https:\/\/www.copealcoy.es\/es\/#\/schema\/person\/e777c87fa024e57d40170af9df39882c"},"breadcrumb":{"@id":"https:\/\/www.copealcoy.es\/es\/nueva-decoracion-festera-para-la-fachada-del-ayuntamiento\/#breadcrumb"},"inLanguage":"es","potentialAction":[{"@type":"ReadAction","target":["https:\/\/www.copealcoy.es\/es\/nueva-decoracion-festera-para-la-fachada-del-ayuntamiento\/"]}]},{"@type":"ImageObject","inLanguage":"es","@id":"https:\/\/www.copealcoy.es\/es\/nueva-decoracion-festera-para-la-fachada-del-ayuntamiento\/#primaryimage","url":"https:\/\/www.copealcoy.es\/wp-content\/uploads\/2015\/04\/img_16070.jpg","contentUrl":"https:\/\/www.copealcoy.es\/wp-content\/uploads\/2015\/04\/img_16070.jpg","width":670,"height":377,"caption":"Ayuntamiento de Alcoy"},{"@type":"BreadcrumbList","@id":"https:\/\/www.copealcoy.es\/es\/nueva-decoracion-festera-para-la-fachada-del-ayuntamiento\/#breadcrumb","itemListElement":[{"@type":"ListItem","position":1,"name":"Portada","item":"https:\/\/www.copealcoy.es\/es\/"},{"@type":"ListItem","position":2,"name":"Nueva decoraci\u00f3n festera para la fachada del Ayuntamiento"}]},{"@type":"WebSite","@id":"https:\/\/www.copealcoy.es\/es\/#website","url":"https:\/\/www.copealcoy.es\/es\/","name":"COPE Alcoy","description":"Emisora COPE de radio local con emisi\u00f3n online. Pont de Sant Jordi 8-10 03803 Alcoy","potentialAction":[{"@type":"SearchAction","target":{"@type":"EntryPoint","urlTemplate":"https:\/\/www.copealcoy.es\/es\/?s={search_term_string}"},"query-input":{"@type":"PropertyValueSpecification","valueRequired":true,"valueName":"search_term_string"}}],"inLanguage":"es"},{"@type":"Person","@id":"https:\/\/www.copealcoy.es\/es\/#\/schema\/person\/e777c87fa024e57d40170af9df39882c","name":"Cope Alcoy","image":{"@type":"ImageObject","inLanguage":"es","@id":"https:\/\/secure.gravatar.com\/avatar\/bb65d0283347e303893ba14f0692005417c1e0e690a325a4c5d8bb2b3943ee14?s=96&d=mm&r=g","url":"https:\/\/secure.gravatar.com\/avatar\/bb65d0283347e303893ba14f0692005417c1e0e690a325a4c5d8bb2b3943ee14?s=96&d=mm&r=g","contentUrl":"https:\/\/secure.gravatar.com\/avatar\/bb65d0283347e303893ba14f0692005417c1e0e690a325a4c5d8bb2b3943ee14?s=96&d=mm&r=g","caption":"Cope Alcoy"}}]}},"_links":{"self":[{"href":"https:\/\/www.copealcoy.es\/es\/wp-json\/wp\/v2\/posts\/12342","targetHints":{"allow":["GET"]}}],"collection":[{"href":"https:\/\/www.copealcoy.es\/es\/wp-json\/wp\/v2\/posts"}],"about":[{"href":"https:\/\/www.copealcoy.es\/es\/wp-json\/wp\/v2\/types\/post"}],"author":[{"embeddable":true,"href":"https:\/\/www.copealcoy.es\/es\/wp-json\/wp\/v2\/users\/1"}],"replies":[{"embeddable":true,"href":"https:\/\/www.copealcoy.es\/es\/wp-json\/wp\/v2\/comments?post=12342"}],"version-history":[{"count":0,"href":"https:\/\/www.copealcoy.es\/es\/wp-json\/wp\/v2\/posts\/12342\/revisions"}],"wp:featuredmedia":[{"embeddable":true,"href":"https:\/\/www.copealcoy.es\/es\/wp-json\/wp\/v2\/media\/12343"}],"wp:attachment":[{"href":"https:\/\/www.copealcoy.es\/es\/wp-json\/wp\/v2\/media?parent=12342"}],"wp:term":[{"taxonomy":"category","embeddable":true,"href":"https:\/\/www.copealcoy.es\/es\/wp-json\/wp\/v2\/categories?post=12342"},{"taxonomy":"post_tag","embeddable":true,"href":"https:\/\/www.copealcoy.es\/es\/wp-json\/wp\/v2\/tags?post=12342"}],"curies":[{"name":"wp","href":"https:\/\/api.w.org\/{rel}","templated":true}]}}