{"id":123390,"date":"2023-10-17T08:14:13","date_gmt":"2023-10-17T07:14:13","guid":{"rendered":"https:\/\/www.copealcoy.es\/?p=123390"},"modified":"2023-10-17T08:53:32","modified_gmt":"2023-10-17T07:53:32","slug":"dos-detenidos-por-robar-en-una-vivienda-de-alcoy","status":"publish","type":"post","link":"https:\/\/www.copealcoy.es\/es\/dos-detenidos-por-robar-en-una-vivienda-de-alcoy\/","title":{"rendered":"Dos detenidos por robar en una vivienda de Alcoy"},"content":{"rendered":"<p style=\"text-align: justify;\">Dos hombres han sido <strong>detenidos por robar, presuntamente, en una vivienda de nuestra ciudad<\/strong>, seg\u00fan ha informado la<strong> Polic\u00eda Nacional<\/strong>. Los agentes <strong>recibieron el aviso de un vecino<\/strong>, que vio c\u00f3mo dos personas saltaban desde la terraza de un \u00faltimo piso a una vivienda.<\/p>\n<p style=\"text-align: justify;\">El dispositivo policial desplaz\u00f3 a varios agentes hasta el propio edificio para cubrir las entradas y salidas. Cuando los presuntos ladrones salieron por la puerta fueron detenidos por la Polic\u00eda Nacional. <strong>Llevaban encima los objetos robados<\/strong>, entre ellos un reloj de mujer. Aseguran los agentes que, al ser preguntados, no supieron explicar su procedencia.<\/p>\n<p style=\"text-align: justify;\">En cuanto a la vivienda, su interior se encontraba revuelto. Para poder acceder a \u00e9l, los presuntos ladrones utilizaron una barra met\u00e1lica que se encontraba en la terraza.<\/p>\n<p style=\"text-align: justify;\">Los detenidos, de 26 y 27 a\u00f1os y de nacionalidad espa\u00f1ola, declarar\u00e1n ante el juez por un <strong>presunto delito de robo con fuerza en un domicilio<\/strong>.<\/p>\n<p style=\"text-align: justify;\"><span style=\"color: #0000ff;\"><strong>Otros sucesos en Alcoy<\/strong><\/span><\/p>\n<p style=\"text-align: justify;\">La pasada semana tambi\u00e9n dej\u00f3 algunos incidentes en la ciudad. <span style=\"color: #0000ff;\"><a style=\"color: #0000ff;\" href=\"https:\/\/www.copealcoy.es\/colision-entre-un-autobus-y-un-coche-en-la-alameda-de-alcoy\/\" target=\"_blank\" rel=\"noopener\"><strong>Un coche y un autob\u00fas colisionaron colisionado en la entrada al puente de la Petxina<\/strong><\/a><\/span>. El suceso tuvo lugar cerca de las diez de la ma\u00f1ana de este pasado viernes. Afortunadamente\u00a0<strong>no hubo que lamentar ning\u00fan herido<\/strong>, solo da\u00f1os materiales. <strong>La circulaci\u00f3n tambi\u00e9n se vio afectada<\/strong> por el suceso. Se generaron algunas <strong>retenciones de tr\u00e1fico en la Avenida de la Alameda.<\/strong><\/p>\n<p style=\"text-align: justify;\">A media tarde del pasado martes 10 de octubre\u00a0<strong>saltaron todas las alarmas en pleno casco urbano de Alcoy<\/strong>\u00a0despu\u00e9s de que <span style=\"color: #0000ff;\"><a style=\"color: #0000ff;\" href=\"https:\/\/www.copealcoy.es\/aparatoso-accidente-de-un-camion-en-el-casco-urbano-de-alcoy\/\" target=\"_blank\" rel=\"noopener\">un cami\u00f3n sin conductor\u00a0<strong>sufriese un aparatoso accidente<\/strong><\/a>.<\/span> Los hechos tuvieron lugar en<strong>\u00a0la calle contigua al Centro Comercial Alzamora<\/strong>, junto al Hotel existente en esta zona de la ciudad, y<strong> todo qued\u00f3 finalmente en un gran sobresalto<\/strong>.<\/p>\n<p style=\"text-align: justify;\">El mencionado cami\u00f3n sin conductor, que estaba realizando tareas de descarga, baj\u00f3 <strong>descontrolado por la calle y choc\u00f3 contra tres coches estacionados<\/strong>, los cuales no fueron suficientes para detener el veh\u00edculo. Este <strong>sigui\u00f3 hacia abajo destrozando el muro de piedra que hay en este punto y precipit\u00e1ndose despu\u00e9s por el barranco<\/strong>.<\/p>\n","protected":false},"excerpt":{"rendered":"<p>Dos hombres han sido detenidos por robar, presuntamente, en una vivienda de nuestra ciudad, seg\u00fan ha informado la Polic\u00eda Nacional&#8230;.<\/p>\n","protected":false},"author":1,"featured_media":123103,"comment_status":"open","ping_status":"open","sticky":false,"template":"","format":"standard","meta":{"footnotes":""},"categories":[6909,97,75,80],"tags":[1494,1836,4297,14680],"class_list":["post-123390","post","type-post","status-publish","format-standard","has-post-thumbnail","hentry","category-actualidad","category-alcoy","category-noticias","category-sucesos","tag-alcoy","tag-policia-nacional","tag-robo","tag-suceso"],"yoast_head":"<!-- This site is optimized with the Yoast SEO plugin v27.3 - https:\/\/yoast.com\/product\/yoast-seo-wordpress\/ -->\n<title>Dos detenidos por robar en una vivienda de Alcoy - COPE Alcoy<\/title>\n<meta name=\"description\" content=\"Dos hombres han sido detenidos por robar, presuntamente, en una vivienda de nuestra ciudad, seg\u00fan ha informado la Polic\u00eda Nacional. Los agentes recibieron el aviso de un vecino, que vio c\u00f3mo dos personas saltaban desde la terraza de un \u00faltimo piso a una vivienda.\" \/>\n<meta name=\"robots\" content=\"index, follow, max-snippet:-1, max-image-preview:large, max-video-preview:-1\" \/>\n<link rel=\"canonical\" href=\"https:\/\/www.copealcoy.es\/es\/dos-detenidos-por-robar-en-una-vivienda-de-alcoy\/\" \/>\n<meta property=\"og:locale\" content=\"es_ES\" \/>\n<meta property=\"og:type\" content=\"article\" \/>\n<meta property=\"og:title\" content=\"Dos detenidos por robar en una vivienda de Alcoy - COPE Alcoy\" \/>\n<meta property=\"og:description\" content=\"Dos hombres han sido detenidos por robar, presuntamente, en una vivienda de nuestra ciudad, seg\u00fan ha informado la Polic\u00eda Nacional. Los agentes recibieron el aviso de un vecino, que vio c\u00f3mo dos personas saltaban desde la terraza de un \u00faltimo piso a una vivienda.\" \/>\n<meta property=\"og:url\" content=\"https:\/\/www.copealcoy.es\/es\/dos-detenidos-por-robar-en-una-vivienda-de-alcoy\/\" \/>\n<meta property=\"og:site_name\" content=\"COPE Alcoy\" \/>\n<meta property=\"article:published_time\" content=\"2023-10-17T07:14:13+00:00\" \/>\n<meta property=\"article:modified_time\" content=\"2023-10-17T07:53:32+00:00\" \/>\n<meta property=\"og:image\" content=\"https:\/\/www.copealcoy.es\/wp-content\/uploads\/2023\/10\/Foto-Archivo-Alcoy-con-Escudo-1-scaled-e1696928917495.jpg\" \/>\n\t<meta property=\"og:image:width\" content=\"640\" \/>\n\t<meta property=\"og:image:height\" content=\"388\" \/>\n\t<meta property=\"og:image:type\" content=\"image\/jpeg\" \/>\n<meta name=\"author\" content=\"Cope Alcoy\" \/>\n<meta name=\"twitter:label1\" content=\"Escrito por\" \/>\n\t<meta name=\"twitter:data1\" content=\"Cope Alcoy\" \/>\n\t<meta name=\"twitter:label2\" content=\"Tiempo de lectura\" \/>\n\t<meta name=\"twitter:data2\" content=\"2 minutos\" \/>\n<script type=\"application\/ld+json\" class=\"yoast-schema-graph\">{\"@context\":\"https:\\\/\\\/schema.org\",\"@graph\":[{\"@type\":\"Article\",\"@id\":\"https:\\\/\\\/www.copealcoy.es\\\/es\\\/dos-detenidos-por-robar-en-una-vivienda-de-alcoy\\\/#article\",\"isPartOf\":{\"@id\":\"https:\\\/\\\/www.copealcoy.es\\\/es\\\/dos-detenidos-por-robar-en-una-vivienda-de-alcoy\\\/\"},\"author\":{\"name\":\"Cope Alcoy\",\"@id\":\"https:\\\/\\\/www.copealcoy.es\\\/es\\\/#\\\/schema\\\/person\\\/e777c87fa024e57d40170af9df39882c\"},\"headline\":\"Dos detenidos por robar en una vivienda de Alcoy\",\"datePublished\":\"2023-10-17T07:14:13+00:00\",\"dateModified\":\"2023-10-17T07:53:32+00:00\",\"mainEntityOfPage\":{\"@id\":\"https:\\\/\\\/www.copealcoy.es\\\/es\\\/dos-detenidos-por-robar-en-una-vivienda-de-alcoy\\\/\"},\"wordCount\":366,\"commentCount\":0,\"image\":{\"@id\":\"https:\\\/\\\/www.copealcoy.es\\\/es\\\/dos-detenidos-por-robar-en-una-vivienda-de-alcoy\\\/#primaryimage\"},\"thumbnailUrl\":\"https:\\\/\\\/www.copealcoy.es\\\/wp-content\\\/uploads\\\/2023\\\/10\\\/Foto-Archivo-Alcoy-con-Escudo-1-scaled-e1696928917495.jpg\",\"keywords\":[\"Alcoy\",\"Polic\u00eda Nacional\",\"Robo\",\"suceso\"],\"articleSection\":[\"Actualidad\",\"Alcoy\",\"Noticias\",\"Sucesos\"],\"inLanguage\":\"es\"},{\"@type\":\"WebPage\",\"@id\":\"https:\\\/\\\/www.copealcoy.es\\\/es\\\/dos-detenidos-por-robar-en-una-vivienda-de-alcoy\\\/\",\"url\":\"https:\\\/\\\/www.copealcoy.es\\\/es\\\/dos-detenidos-por-robar-en-una-vivienda-de-alcoy\\\/\",\"name\":\"Dos detenidos por robar en una vivienda de Alcoy - COPE Alcoy\",\"isPartOf\":{\"@id\":\"https:\\\/\\\/www.copealcoy.es\\\/es\\\/#website\"},\"primaryImageOfPage\":{\"@id\":\"https:\\\/\\\/www.copealcoy.es\\\/es\\\/dos-detenidos-por-robar-en-una-vivienda-de-alcoy\\\/#primaryimage\"},\"image\":{\"@id\":\"https:\\\/\\\/www.copealcoy.es\\\/es\\\/dos-detenidos-por-robar-en-una-vivienda-de-alcoy\\\/#primaryimage\"},\"thumbnailUrl\":\"https:\\\/\\\/www.copealcoy.es\\\/wp-content\\\/uploads\\\/2023\\\/10\\\/Foto-Archivo-Alcoy-con-Escudo-1-scaled-e1696928917495.jpg\",\"datePublished\":\"2023-10-17T07:14:13+00:00\",\"dateModified\":\"2023-10-17T07:53:32+00:00\",\"author\":{\"@id\":\"https:\\\/\\\/www.copealcoy.es\\\/es\\\/#\\\/schema\\\/person\\\/e777c87fa024e57d40170af9df39882c\"},\"description\":\"Dos hombres han sido detenidos por robar, presuntamente, en una vivienda de nuestra ciudad, seg\u00fan ha informado la Polic\u00eda Nacional. Los agentes recibieron el aviso de un vecino, que vio c\u00f3mo dos personas saltaban desde la terraza de un \u00faltimo piso a una vivienda.\",\"breadcrumb\":{\"@id\":\"https:\\\/\\\/www.copealcoy.es\\\/es\\\/dos-detenidos-por-robar-en-una-vivienda-de-alcoy\\\/#breadcrumb\"},\"inLanguage\":\"es\",\"potentialAction\":[{\"@type\":\"ReadAction\",\"target\":[\"https:\\\/\\\/www.copealcoy.es\\\/es\\\/dos-detenidos-por-robar-en-una-vivienda-de-alcoy\\\/\"]}]},{\"@type\":\"ImageObject\",\"inLanguage\":\"es\",\"@id\":\"https:\\\/\\\/www.copealcoy.es\\\/es\\\/dos-detenidos-por-robar-en-una-vivienda-de-alcoy\\\/#primaryimage\",\"url\":\"https:\\\/\\\/www.copealcoy.es\\\/wp-content\\\/uploads\\\/2023\\\/10\\\/Foto-Archivo-Alcoy-con-Escudo-1-scaled-e1696928917495.jpg\",\"contentUrl\":\"https:\\\/\\\/www.copealcoy.es\\\/wp-content\\\/uploads\\\/2023\\\/10\\\/Foto-Archivo-Alcoy-con-Escudo-1-scaled-e1696928917495.jpg\",\"width\":640,\"height\":388},{\"@type\":\"BreadcrumbList\",\"@id\":\"https:\\\/\\\/www.copealcoy.es\\\/es\\\/dos-detenidos-por-robar-en-una-vivienda-de-alcoy\\\/#breadcrumb\",\"itemListElement\":[{\"@type\":\"ListItem\",\"position\":1,\"name\":\"Portada\",\"item\":\"https:\\\/\\\/www.copealcoy.es\\\/es\\\/\"},{\"@type\":\"ListItem\",\"position\":2,\"name\":\"Dos detenidos por robar en una vivienda de Alcoy\"}]},{\"@type\":\"WebSite\",\"@id\":\"https:\\\/\\\/www.copealcoy.es\\\/es\\\/#website\",\"url\":\"https:\\\/\\\/www.copealcoy.es\\\/es\\\/\",\"name\":\"COPE Alcoy\",\"description\":\"Emisora COPE de radio local con emisi\u00f3n online. Pont de Sant Jordi 8-10 03803 Alcoy\",\"potentialAction\":[{\"@type\":\"SearchAction\",\"target\":{\"@type\":\"EntryPoint\",\"urlTemplate\":\"https:\\\/\\\/www.copealcoy.es\\\/es\\\/?s={search_term_string}\"},\"query-input\":{\"@type\":\"PropertyValueSpecification\",\"valueRequired\":true,\"valueName\":\"search_term_string\"}}],\"inLanguage\":\"es\"},{\"@type\":\"Person\",\"@id\":\"https:\\\/\\\/www.copealcoy.es\\\/es\\\/#\\\/schema\\\/person\\\/e777c87fa024e57d40170af9df39882c\",\"name\":\"Cope Alcoy\",\"image\":{\"@type\":\"ImageObject\",\"inLanguage\":\"es\",\"@id\":\"https:\\\/\\\/secure.gravatar.com\\\/avatar\\\/bb65d0283347e303893ba14f0692005417c1e0e690a325a4c5d8bb2b3943ee14?s=96&d=mm&r=g\",\"url\":\"https:\\\/\\\/secure.gravatar.com\\\/avatar\\\/bb65d0283347e303893ba14f0692005417c1e0e690a325a4c5d8bb2b3943ee14?s=96&d=mm&r=g\",\"contentUrl\":\"https:\\\/\\\/secure.gravatar.com\\\/avatar\\\/bb65d0283347e303893ba14f0692005417c1e0e690a325a4c5d8bb2b3943ee14?s=96&d=mm&r=g\",\"caption\":\"Cope Alcoy\"}}]}<\/script>\n<!-- \/ Yoast SEO plugin. -->","yoast_head_json":{"title":"Dos detenidos por robar en una vivienda de Alcoy - COPE Alcoy","description":"Dos hombres han sido detenidos por robar, presuntamente, en una vivienda de nuestra ciudad, seg\u00fan ha informado la Polic\u00eda Nacional. Los agentes recibieron el aviso de un vecino, que vio c\u00f3mo dos personas saltaban desde la terraza de un \u00faltimo piso a una vivienda.","robots":{"index":"index","follow":"follow","max-snippet":"max-snippet:-1","max-image-preview":"max-image-preview:large","max-video-preview":"max-video-preview:-1"},"canonical":"https:\/\/www.copealcoy.es\/es\/dos-detenidos-por-robar-en-una-vivienda-de-alcoy\/","og_locale":"es_ES","og_type":"article","og_title":"Dos detenidos por robar en una vivienda de Alcoy - COPE Alcoy","og_description":"Dos hombres han sido detenidos por robar, presuntamente, en una vivienda de nuestra ciudad, seg\u00fan ha informado la Polic\u00eda Nacional. Los agentes recibieron el aviso de un vecino, que vio c\u00f3mo dos personas saltaban desde la terraza de un \u00faltimo piso a una vivienda.","og_url":"https:\/\/www.copealcoy.es\/es\/dos-detenidos-por-robar-en-una-vivienda-de-alcoy\/","og_site_name":"COPE Alcoy","article_published_time":"2023-10-17T07:14:13+00:00","article_modified_time":"2023-10-17T07:53:32+00:00","og_image":[{"width":640,"height":388,"url":"https:\/\/www.copealcoy.es\/wp-content\/uploads\/2023\/10\/Foto-Archivo-Alcoy-con-Escudo-1-scaled-e1696928917495.jpg","type":"image\/jpeg"}],"author":"Cope Alcoy","twitter_misc":{"Escrito por":"Cope Alcoy","Tiempo de lectura":"2 minutos"},"schema":{"@context":"https:\/\/schema.org","@graph":[{"@type":"Article","@id":"https:\/\/www.copealcoy.es\/es\/dos-detenidos-por-robar-en-una-vivienda-de-alcoy\/#article","isPartOf":{"@id":"https:\/\/www.copealcoy.es\/es\/dos-detenidos-por-robar-en-una-vivienda-de-alcoy\/"},"author":{"name":"Cope Alcoy","@id":"https:\/\/www.copealcoy.es\/es\/#\/schema\/person\/e777c87fa024e57d40170af9df39882c"},"headline":"Dos detenidos por robar en una vivienda de Alcoy","datePublished":"2023-10-17T07:14:13+00:00","dateModified":"2023-10-17T07:53:32+00:00","mainEntityOfPage":{"@id":"https:\/\/www.copealcoy.es\/es\/dos-detenidos-por-robar-en-una-vivienda-de-alcoy\/"},"wordCount":366,"commentCount":0,"image":{"@id":"https:\/\/www.copealcoy.es\/es\/dos-detenidos-por-robar-en-una-vivienda-de-alcoy\/#primaryimage"},"thumbnailUrl":"https:\/\/www.copealcoy.es\/wp-content\/uploads\/2023\/10\/Foto-Archivo-Alcoy-con-Escudo-1-scaled-e1696928917495.jpg","keywords":["Alcoy","Polic\u00eda Nacional","Robo","suceso"],"articleSection":["Actualidad","Alcoy","Noticias","Sucesos"],"inLanguage":"es"},{"@type":"WebPage","@id":"https:\/\/www.copealcoy.es\/es\/dos-detenidos-por-robar-en-una-vivienda-de-alcoy\/","url":"https:\/\/www.copealcoy.es\/es\/dos-detenidos-por-robar-en-una-vivienda-de-alcoy\/","name":"Dos detenidos por robar en una vivienda de Alcoy - COPE Alcoy","isPartOf":{"@id":"https:\/\/www.copealcoy.es\/es\/#website"},"primaryImageOfPage":{"@id":"https:\/\/www.copealcoy.es\/es\/dos-detenidos-por-robar-en-una-vivienda-de-alcoy\/#primaryimage"},"image":{"@id":"https:\/\/www.copealcoy.es\/es\/dos-detenidos-por-robar-en-una-vivienda-de-alcoy\/#primaryimage"},"thumbnailUrl":"https:\/\/www.copealcoy.es\/wp-content\/uploads\/2023\/10\/Foto-Archivo-Alcoy-con-Escudo-1-scaled-e1696928917495.jpg","datePublished":"2023-10-17T07:14:13+00:00","dateModified":"2023-10-17T07:53:32+00:00","author":{"@id":"https:\/\/www.copealcoy.es\/es\/#\/schema\/person\/e777c87fa024e57d40170af9df39882c"},"description":"Dos hombres han sido detenidos por robar, presuntamente, en una vivienda de nuestra ciudad, seg\u00fan ha informado la Polic\u00eda Nacional. Los agentes recibieron el aviso de un vecino, que vio c\u00f3mo dos personas saltaban desde la terraza de un \u00faltimo piso a una vivienda.","breadcrumb":{"@id":"https:\/\/www.copealcoy.es\/es\/dos-detenidos-por-robar-en-una-vivienda-de-alcoy\/#breadcrumb"},"inLanguage":"es","potentialAction":[{"@type":"ReadAction","target":["https:\/\/www.copealcoy.es\/es\/dos-detenidos-por-robar-en-una-vivienda-de-alcoy\/"]}]},{"@type":"ImageObject","inLanguage":"es","@id":"https:\/\/www.copealcoy.es\/es\/dos-detenidos-por-robar-en-una-vivienda-de-alcoy\/#primaryimage","url":"https:\/\/www.copealcoy.es\/wp-content\/uploads\/2023\/10\/Foto-Archivo-Alcoy-con-Escudo-1-scaled-e1696928917495.jpg","contentUrl":"https:\/\/www.copealcoy.es\/wp-content\/uploads\/2023\/10\/Foto-Archivo-Alcoy-con-Escudo-1-scaled-e1696928917495.jpg","width":640,"height":388},{"@type":"BreadcrumbList","@id":"https:\/\/www.copealcoy.es\/es\/dos-detenidos-por-robar-en-una-vivienda-de-alcoy\/#breadcrumb","itemListElement":[{"@type":"ListItem","position":1,"name":"Portada","item":"https:\/\/www.copealcoy.es\/es\/"},{"@type":"ListItem","position":2,"name":"Dos detenidos por robar en una vivienda de Alcoy"}]},{"@type":"WebSite","@id":"https:\/\/www.copealcoy.es\/es\/#website","url":"https:\/\/www.copealcoy.es\/es\/","name":"COPE Alcoy","description":"Emisora COPE de radio local con emisi\u00f3n online. Pont de Sant Jordi 8-10 03803 Alcoy","potentialAction":[{"@type":"SearchAction","target":{"@type":"EntryPoint","urlTemplate":"https:\/\/www.copealcoy.es\/es\/?s={search_term_string}"},"query-input":{"@type":"PropertyValueSpecification","valueRequired":true,"valueName":"search_term_string"}}],"inLanguage":"es"},{"@type":"Person","@id":"https:\/\/www.copealcoy.es\/es\/#\/schema\/person\/e777c87fa024e57d40170af9df39882c","name":"Cope Alcoy","image":{"@type":"ImageObject","inLanguage":"es","@id":"https:\/\/secure.gravatar.com\/avatar\/bb65d0283347e303893ba14f0692005417c1e0e690a325a4c5d8bb2b3943ee14?s=96&d=mm&r=g","url":"https:\/\/secure.gravatar.com\/avatar\/bb65d0283347e303893ba14f0692005417c1e0e690a325a4c5d8bb2b3943ee14?s=96&d=mm&r=g","contentUrl":"https:\/\/secure.gravatar.com\/avatar\/bb65d0283347e303893ba14f0692005417c1e0e690a325a4c5d8bb2b3943ee14?s=96&d=mm&r=g","caption":"Cope Alcoy"}}]}},"_links":{"self":[{"href":"https:\/\/www.copealcoy.es\/es\/wp-json\/wp\/v2\/posts\/123390","targetHints":{"allow":["GET"]}}],"collection":[{"href":"https:\/\/www.copealcoy.es\/es\/wp-json\/wp\/v2\/posts"}],"about":[{"href":"https:\/\/www.copealcoy.es\/es\/wp-json\/wp\/v2\/types\/post"}],"author":[{"embeddable":true,"href":"https:\/\/www.copealcoy.es\/es\/wp-json\/wp\/v2\/users\/1"}],"replies":[{"embeddable":true,"href":"https:\/\/www.copealcoy.es\/es\/wp-json\/wp\/v2\/comments?post=123390"}],"version-history":[{"count":0,"href":"https:\/\/www.copealcoy.es\/es\/wp-json\/wp\/v2\/posts\/123390\/revisions"}],"wp:featuredmedia":[{"embeddable":true,"href":"https:\/\/www.copealcoy.es\/es\/wp-json\/wp\/v2\/media\/123103"}],"wp:attachment":[{"href":"https:\/\/www.copealcoy.es\/es\/wp-json\/wp\/v2\/media?parent=123390"}],"wp:term":[{"taxonomy":"category","embeddable":true,"href":"https:\/\/www.copealcoy.es\/es\/wp-json\/wp\/v2\/categories?post=123390"},{"taxonomy":"post_tag","embeddable":true,"href":"https:\/\/www.copealcoy.es\/es\/wp-json\/wp\/v2\/tags?post=123390"}],"curies":[{"name":"wp","href":"https:\/\/api.w.org\/{rel}","templated":true}]}}