{"id":123325,"date":"2023-10-16T10:16:17","date_gmt":"2023-10-16T09:16:17","guid":{"rendered":"https:\/\/www.copealcoy.es\/?p=123325"},"modified":"2023-10-16T11:03:23","modified_gmt":"2023-10-16T10:03:23","slug":"el-trail-solidari-dalcoi-arrasa-en-su-decimo-aniversario","status":"publish","type":"post","link":"https:\/\/www.copealcoy.es\/es\/el-trail-solidari-dalcoi-arrasa-en-su-decimo-aniversario\/","title":{"rendered":"El Trail Solidari d&#8217;Alcoi arrasa en su d\u00e9cimo aniversario"},"content":{"rendered":"<p style=\"text-align: justify;\">El<strong> <em>trail running<\/em><\/strong> se ha consolidado en la ciudad como uno de los deportes que m\u00e1s personas re\u00fane y que m\u00e1s expectaci\u00f3n genera a lo largo del a\u00f1o. <strong>Tras diez ediciones, el Trail Solidari Ciutat d&#8217;Alcoi se ha convertido en uno de los eventos deportivos con m\u00e1s repercusi\u00f3n<\/strong> en la ciudad. Y no es para menos. El s\u00e1bado <strong>m\u00e1s de 2.000 personas cruzaron la l\u00ednea de salida por una buena causa<\/strong>, seguir apoyando la investigaci\u00f3n del c\u00e1ncer.<\/p>\n<p style=\"text-align: justify;\">La d\u00e9cima edici\u00f3n del torneo ha estado <strong>dedicada, precisamente, a todos esos marchadores y corredores<\/strong> que a lo largo de estos a\u00f1os han hecho posible esta carrera. <strong>El equipo Trencacames estoy de PM conquist\u00f3 la categor\u00eda reina<\/strong>, ese Trail Solidari de 44 kil\u00f3metros. Avelino Mart\u00ednez, Sergio Aznar, Manuel Corb\u00ed y Jos\u00e9 Antonio D\u00edaz cruzaron la meta <strong>en 4 horas, 48 minutos y 44 segundos<\/strong>. Apenas seis minutos despu\u00e9s llegaba el equipo <strong>Power Gym<\/strong>, formado por Jairo Laguna, Pau Pascual, Jairo Esp\u00ed y Andr\u00e9s Jover.<\/p>\n<p style=\"text-align: justify;\">En categor\u00eda femenina las primeras en llegar fueron Roser Nicolau, Laura I. Lara, Victoria Ballenilla y Elena Veracruz, del equipo <strong>Primavera Group Trail<\/strong>, que completaron los 44 kil\u00f3metros por monta\u00f1a en<strong> 4 horas, 54 minutos y 15 segundos<\/strong>.<\/p>\n<p style=\"text-align: justify;\">Un total de <strong>5 horas y 54 minutos<\/strong> tardaron los integrantes del <strong>Team Flato<\/strong>, el primer equipo en categor\u00eda mixta.<\/p>\n<p style=\"text-align: justify;\"><span style=\"color: #0000ff;\"><strong>Mig Trail<\/strong><\/span><\/p>\n<p style=\"text-align: justify;\">En la competici\u00f3n de <strong>Mig Trail<\/strong>, tras 28 kil\u00f3metros de carrera por monta\u00f1a, el primer equipo en cruzar la meta fue <strong>Andrea Pi\u00f1ero Nutricionista<\/strong>, formado por Alejandro Gasc\u00f3, Ram\u00f3n Garc\u00eda, Sergio Mart\u00ed y \u00d3scar Garc\u00eda, en un tiempo de 2<strong> horas, 59 minutos y 41 segundos<\/strong>.<\/p>\n<p style=\"text-align: justify;\">Las primeras chicas en completar la carrera fueron Leticia Serrano, Luc\u00eda Gonz\u00e1lvez, Isabel Deltell y Paula Mart\u00ednez, del <strong>Team Cafeter\u00eda El Cant\u00f3<\/strong>, que tardaron <strong>3 horas, 8 minutos y 47 segundos<\/strong>.<\/p>\n<p style=\"text-align: justify;\">En categor\u00eda mixta, destacaron los corredores del <strong>Power Gym Trail<\/strong> (Beatriz Gonz\u00e1lez, Javier Peris, Natalia Marco y \u00d3scar Molt\u00f3), que llegaron a meta en <strong>3 horas, 22 minutos y 40 segundos<\/strong>.<\/p>\n<p style=\"text-align: justify;\"><span style=\"color: #0000ff;\"><strong>Marcha<\/strong><\/span><\/p>\n<p style=\"text-align: justify;\">En la modalidad de <strong>marcha<\/strong>, el primer equipo en completar los 22 kil\u00f3metros en categor\u00eda masculina fue <strong>Balones Team<\/strong>, formado por Rub\u00e9n Santos-Juanes, Lucas Santos, Roberto P\u00e9rez y Jos\u00e9 Daniel Vilaplana. Registraron un tiempo de <strong>3 horas, 17 minutos y 26 segundos<\/strong>. El primer equipo femenino fue <strong>Vikingas 2.0<\/strong> -formado por Raquel Rico, Mar\u00eda Jos\u00e9 Sempere, Cristina Berenguer y Aranzaz\u00fa Rico-, que lleg\u00f3 en <strong>3 horas, 28 minutos y 49 segundos<\/strong>. En categor\u00eda mixta destacaron Francisco Orts, Leyre Zamorano, Bel\u00e9n Valls y Emilio Zamorano -del equipo <strong>Astateketet II<\/strong>&#8211; con un tiempo de <strong>3 horas, 19 minutos y 51 segundos<\/strong>.<\/p>\n<p style=\"text-align: justify;\">\u00bfQuieres saber c\u00f3mo qued\u00f3 tu equipo? Consulta la clasificaci\u00f3n completa <span style=\"color: #0000ff;\"><a style=\"color: #0000ff;\" href=\"https:\/\/www.mychip.es\/resultado\/e2b42672-80fd-4ca3-9299-698c96526713\" target=\"_blank\" rel=\"noopener\"><strong>aqu\u00ed<\/strong><\/a><\/span>.<\/p>\n","protected":false},"excerpt":{"rendered":"<p>El trail running se ha consolidado en la ciudad como uno de los deportes que m\u00e1s personas re\u00fane y que&#8230;<\/p>\n","protected":false},"author":1,"featured_media":123348,"comment_status":"open","ping_status":"open","sticky":false,"template":"","format":"standard","meta":{"footnotes":""},"categories":[6909,97,92,75],"tags":[1494,446,15741,14159],"class_list":["post-123325","post","type-post","status-publish","format-standard","has-post-thumbnail","hentry","category-actualidad","category-alcoy","category-deportes","category-noticias","tag-alcoy","tag-deporte","tag-taril-solidari","tag-trail-running"],"yoast_head":"<!-- This site is optimized with the Yoast SEO plugin v27.3 - https:\/\/yoast.com\/product\/yoast-seo-wordpress\/ -->\n<title>El Trail Solidari d&#039;Alcoi arrasa en su d\u00e9cimo aniversario - COPE Alcoy<\/title>\n<meta name=\"description\" content=\"El trail running se ha consolidado en la ciudad como uno de los deportes que m\u00e1s personas re\u00fane y que m\u00e1s expectaci\u00f3n genera a lo largo del a\u00f1o. Tras diez ediciones, el Trail Solidari Ciutat d&#039;Alcoi se ha convertido en uno de los eventos deportivos con m\u00e1s repercusi\u00f3n en la ciudad. Y no es para menos. El s\u00e1bado m\u00e1s de 2.000 personas cruzaron la l\u00ednea de salida por una buena causa, seguir apoyando la investigaci\u00f3n del c\u00e1ncer.\" \/>\n<meta name=\"robots\" content=\"index, follow, max-snippet:-1, max-image-preview:large, max-video-preview:-1\" \/>\n<link rel=\"canonical\" href=\"https:\/\/www.copealcoy.es\/es\/el-trail-solidari-dalcoi-arrasa-en-su-decimo-aniversario\/\" \/>\n<meta property=\"og:locale\" content=\"es_ES\" \/>\n<meta property=\"og:type\" content=\"article\" \/>\n<meta property=\"og:title\" content=\"El Trail Solidari d&#039;Alcoi arrasa en su d\u00e9cimo aniversario - COPE Alcoy\" \/>\n<meta property=\"og:description\" content=\"El trail running se ha consolidado en la ciudad como uno de los deportes que m\u00e1s personas re\u00fane y que m\u00e1s expectaci\u00f3n genera a lo largo del a\u00f1o. Tras diez ediciones, el Trail Solidari Ciutat d&#039;Alcoi se ha convertido en uno de los eventos deportivos con m\u00e1s repercusi\u00f3n en la ciudad. Y no es para menos. El s\u00e1bado m\u00e1s de 2.000 personas cruzaron la l\u00ednea de salida por una buena causa, seguir apoyando la investigaci\u00f3n del c\u00e1ncer.\" \/>\n<meta property=\"og:url\" content=\"https:\/\/www.copealcoy.es\/es\/el-trail-solidari-dalcoi-arrasa-en-su-decimo-aniversario\/\" \/>\n<meta property=\"og:site_name\" content=\"COPE Alcoy\" \/>\n<meta property=\"article:published_time\" content=\"2023-10-16T09:16:17+00:00\" \/>\n<meta property=\"article:modified_time\" content=\"2023-10-16T10:03:23+00:00\" \/>\n<meta property=\"og:image\" content=\"https:\/\/www.copealcoy.es\/wp-content\/uploads\/2023\/10\/391606967_702016121958916_2520300962341197145_n-scaled.jpg\" \/>\n\t<meta property=\"og:image:width\" content=\"1920\" \/>\n\t<meta property=\"og:image:height\" content=\"864\" \/>\n\t<meta property=\"og:image:type\" content=\"image\/jpeg\" \/>\n<meta name=\"author\" content=\"Cope Alcoy\" \/>\n<meta name=\"twitter:label1\" content=\"Escrito por\" \/>\n\t<meta name=\"twitter:data1\" content=\"Cope Alcoy\" \/>\n\t<meta name=\"twitter:label2\" content=\"Tiempo de lectura\" \/>\n\t<meta name=\"twitter:data2\" content=\"3 minutos\" \/>\n<script type=\"application\/ld+json\" class=\"yoast-schema-graph\">{\"@context\":\"https:\\\/\\\/schema.org\",\"@graph\":[{\"@type\":\"Article\",\"@id\":\"https:\\\/\\\/www.copealcoy.es\\\/es\\\/el-trail-solidari-dalcoi-arrasa-en-su-decimo-aniversario\\\/#article\",\"isPartOf\":{\"@id\":\"https:\\\/\\\/www.copealcoy.es\\\/es\\\/el-trail-solidari-dalcoi-arrasa-en-su-decimo-aniversario\\\/\"},\"author\":{\"name\":\"Cope Alcoy\",\"@id\":\"https:\\\/\\\/www.copealcoy.es\\\/es\\\/#\\\/schema\\\/person\\\/e777c87fa024e57d40170af9df39882c\"},\"headline\":\"El Trail Solidari d&#8217;Alcoi arrasa en su d\u00e9cimo aniversario\",\"datePublished\":\"2023-10-16T09:16:17+00:00\",\"dateModified\":\"2023-10-16T10:03:23+00:00\",\"mainEntityOfPage\":{\"@id\":\"https:\\\/\\\/www.copealcoy.es\\\/es\\\/el-trail-solidari-dalcoi-arrasa-en-su-decimo-aniversario\\\/\"},\"wordCount\":467,\"commentCount\":0,\"image\":{\"@id\":\"https:\\\/\\\/www.copealcoy.es\\\/es\\\/el-trail-solidari-dalcoi-arrasa-en-su-decimo-aniversario\\\/#primaryimage\"},\"thumbnailUrl\":\"https:\\\/\\\/www.copealcoy.es\\\/wp-content\\\/uploads\\\/2023\\\/10\\\/391606967_702016121958916_2520300962341197145_n-scaled.jpg\",\"keywords\":[\"Alcoy\",\"Deporte\",\"Taril Solidari\",\"trail running\"],\"articleSection\":[\"Actualidad\",\"Alcoy\",\"Deportes\",\"Noticias\"],\"inLanguage\":\"es\"},{\"@type\":\"WebPage\",\"@id\":\"https:\\\/\\\/www.copealcoy.es\\\/es\\\/el-trail-solidari-dalcoi-arrasa-en-su-decimo-aniversario\\\/\",\"url\":\"https:\\\/\\\/www.copealcoy.es\\\/es\\\/el-trail-solidari-dalcoi-arrasa-en-su-decimo-aniversario\\\/\",\"name\":\"El Trail Solidari d'Alcoi arrasa en su d\u00e9cimo aniversario - COPE Alcoy\",\"isPartOf\":{\"@id\":\"https:\\\/\\\/www.copealcoy.es\\\/es\\\/#website\"},\"primaryImageOfPage\":{\"@id\":\"https:\\\/\\\/www.copealcoy.es\\\/es\\\/el-trail-solidari-dalcoi-arrasa-en-su-decimo-aniversario\\\/#primaryimage\"},\"image\":{\"@id\":\"https:\\\/\\\/www.copealcoy.es\\\/es\\\/el-trail-solidari-dalcoi-arrasa-en-su-decimo-aniversario\\\/#primaryimage\"},\"thumbnailUrl\":\"https:\\\/\\\/www.copealcoy.es\\\/wp-content\\\/uploads\\\/2023\\\/10\\\/391606967_702016121958916_2520300962341197145_n-scaled.jpg\",\"datePublished\":\"2023-10-16T09:16:17+00:00\",\"dateModified\":\"2023-10-16T10:03:23+00:00\",\"author\":{\"@id\":\"https:\\\/\\\/www.copealcoy.es\\\/es\\\/#\\\/schema\\\/person\\\/e777c87fa024e57d40170af9df39882c\"},\"description\":\"El trail running se ha consolidado en la ciudad como uno de los deportes que m\u00e1s personas re\u00fane y que m\u00e1s expectaci\u00f3n genera a lo largo del a\u00f1o. Tras diez ediciones, el Trail Solidari Ciutat d'Alcoi se ha convertido en uno de los eventos deportivos con m\u00e1s repercusi\u00f3n en la ciudad. Y no es para menos. El s\u00e1bado m\u00e1s de 2.000 personas cruzaron la l\u00ednea de salida por una buena causa, seguir apoyando la investigaci\u00f3n del c\u00e1ncer.\",\"breadcrumb\":{\"@id\":\"https:\\\/\\\/www.copealcoy.es\\\/es\\\/el-trail-solidari-dalcoi-arrasa-en-su-decimo-aniversario\\\/#breadcrumb\"},\"inLanguage\":\"es\",\"potentialAction\":[{\"@type\":\"ReadAction\",\"target\":[\"https:\\\/\\\/www.copealcoy.es\\\/es\\\/el-trail-solidari-dalcoi-arrasa-en-su-decimo-aniversario\\\/\"]}]},{\"@type\":\"ImageObject\",\"inLanguage\":\"es\",\"@id\":\"https:\\\/\\\/www.copealcoy.es\\\/es\\\/el-trail-solidari-dalcoi-arrasa-en-su-decimo-aniversario\\\/#primaryimage\",\"url\":\"https:\\\/\\\/www.copealcoy.es\\\/wp-content\\\/uploads\\\/2023\\\/10\\\/391606967_702016121958916_2520300962341197145_n-scaled.jpg\",\"contentUrl\":\"https:\\\/\\\/www.copealcoy.es\\\/wp-content\\\/uploads\\\/2023\\\/10\\\/391606967_702016121958916_2520300962341197145_n-scaled.jpg\",\"width\":1920,\"height\":864},{\"@type\":\"BreadcrumbList\",\"@id\":\"https:\\\/\\\/www.copealcoy.es\\\/es\\\/el-trail-solidari-dalcoi-arrasa-en-su-decimo-aniversario\\\/#breadcrumb\",\"itemListElement\":[{\"@type\":\"ListItem\",\"position\":1,\"name\":\"Portada\",\"item\":\"https:\\\/\\\/www.copealcoy.es\\\/es\\\/\"},{\"@type\":\"ListItem\",\"position\":2,\"name\":\"El Trail Solidari d&#8217;Alcoi arrasa en su d\u00e9cimo aniversario\"}]},{\"@type\":\"WebSite\",\"@id\":\"https:\\\/\\\/www.copealcoy.es\\\/es\\\/#website\",\"url\":\"https:\\\/\\\/www.copealcoy.es\\\/es\\\/\",\"name\":\"COPE Alcoy\",\"description\":\"Emisora COPE de radio local con emisi\u00f3n online. Pont de Sant Jordi 8-10 03803 Alcoy\",\"potentialAction\":[{\"@type\":\"SearchAction\",\"target\":{\"@type\":\"EntryPoint\",\"urlTemplate\":\"https:\\\/\\\/www.copealcoy.es\\\/es\\\/?s={search_term_string}\"},\"query-input\":{\"@type\":\"PropertyValueSpecification\",\"valueRequired\":true,\"valueName\":\"search_term_string\"}}],\"inLanguage\":\"es\"},{\"@type\":\"Person\",\"@id\":\"https:\\\/\\\/www.copealcoy.es\\\/es\\\/#\\\/schema\\\/person\\\/e777c87fa024e57d40170af9df39882c\",\"name\":\"Cope Alcoy\",\"image\":{\"@type\":\"ImageObject\",\"inLanguage\":\"es\",\"@id\":\"https:\\\/\\\/secure.gravatar.com\\\/avatar\\\/bb65d0283347e303893ba14f0692005417c1e0e690a325a4c5d8bb2b3943ee14?s=96&d=mm&r=g\",\"url\":\"https:\\\/\\\/secure.gravatar.com\\\/avatar\\\/bb65d0283347e303893ba14f0692005417c1e0e690a325a4c5d8bb2b3943ee14?s=96&d=mm&r=g\",\"contentUrl\":\"https:\\\/\\\/secure.gravatar.com\\\/avatar\\\/bb65d0283347e303893ba14f0692005417c1e0e690a325a4c5d8bb2b3943ee14?s=96&d=mm&r=g\",\"caption\":\"Cope Alcoy\"}}]}<\/script>\n<!-- \/ Yoast SEO plugin. -->","yoast_head_json":{"title":"El Trail Solidari d'Alcoi arrasa en su d\u00e9cimo aniversario - COPE Alcoy","description":"El trail running se ha consolidado en la ciudad como uno de los deportes que m\u00e1s personas re\u00fane y que m\u00e1s expectaci\u00f3n genera a lo largo del a\u00f1o. Tras diez ediciones, el Trail Solidari Ciutat d'Alcoi se ha convertido en uno de los eventos deportivos con m\u00e1s repercusi\u00f3n en la ciudad. Y no es para menos. El s\u00e1bado m\u00e1s de 2.000 personas cruzaron la l\u00ednea de salida por una buena causa, seguir apoyando la investigaci\u00f3n del c\u00e1ncer.","robots":{"index":"index","follow":"follow","max-snippet":"max-snippet:-1","max-image-preview":"max-image-preview:large","max-video-preview":"max-video-preview:-1"},"canonical":"https:\/\/www.copealcoy.es\/es\/el-trail-solidari-dalcoi-arrasa-en-su-decimo-aniversario\/","og_locale":"es_ES","og_type":"article","og_title":"El Trail Solidari d'Alcoi arrasa en su d\u00e9cimo aniversario - COPE Alcoy","og_description":"El trail running se ha consolidado en la ciudad como uno de los deportes que m\u00e1s personas re\u00fane y que m\u00e1s expectaci\u00f3n genera a lo largo del a\u00f1o. Tras diez ediciones, el Trail Solidari Ciutat d'Alcoi se ha convertido en uno de los eventos deportivos con m\u00e1s repercusi\u00f3n en la ciudad. Y no es para menos. El s\u00e1bado m\u00e1s de 2.000 personas cruzaron la l\u00ednea de salida por una buena causa, seguir apoyando la investigaci\u00f3n del c\u00e1ncer.","og_url":"https:\/\/www.copealcoy.es\/es\/el-trail-solidari-dalcoi-arrasa-en-su-decimo-aniversario\/","og_site_name":"COPE Alcoy","article_published_time":"2023-10-16T09:16:17+00:00","article_modified_time":"2023-10-16T10:03:23+00:00","og_image":[{"width":1920,"height":864,"url":"https:\/\/www.copealcoy.es\/wp-content\/uploads\/2023\/10\/391606967_702016121958916_2520300962341197145_n-scaled.jpg","type":"image\/jpeg"}],"author":"Cope Alcoy","twitter_misc":{"Escrito por":"Cope Alcoy","Tiempo de lectura":"3 minutos"},"schema":{"@context":"https:\/\/schema.org","@graph":[{"@type":"Article","@id":"https:\/\/www.copealcoy.es\/es\/el-trail-solidari-dalcoi-arrasa-en-su-decimo-aniversario\/#article","isPartOf":{"@id":"https:\/\/www.copealcoy.es\/es\/el-trail-solidari-dalcoi-arrasa-en-su-decimo-aniversario\/"},"author":{"name":"Cope Alcoy","@id":"https:\/\/www.copealcoy.es\/es\/#\/schema\/person\/e777c87fa024e57d40170af9df39882c"},"headline":"El Trail Solidari d&#8217;Alcoi arrasa en su d\u00e9cimo aniversario","datePublished":"2023-10-16T09:16:17+00:00","dateModified":"2023-10-16T10:03:23+00:00","mainEntityOfPage":{"@id":"https:\/\/www.copealcoy.es\/es\/el-trail-solidari-dalcoi-arrasa-en-su-decimo-aniversario\/"},"wordCount":467,"commentCount":0,"image":{"@id":"https:\/\/www.copealcoy.es\/es\/el-trail-solidari-dalcoi-arrasa-en-su-decimo-aniversario\/#primaryimage"},"thumbnailUrl":"https:\/\/www.copealcoy.es\/wp-content\/uploads\/2023\/10\/391606967_702016121958916_2520300962341197145_n-scaled.jpg","keywords":["Alcoy","Deporte","Taril Solidari","trail running"],"articleSection":["Actualidad","Alcoy","Deportes","Noticias"],"inLanguage":"es"},{"@type":"WebPage","@id":"https:\/\/www.copealcoy.es\/es\/el-trail-solidari-dalcoi-arrasa-en-su-decimo-aniversario\/","url":"https:\/\/www.copealcoy.es\/es\/el-trail-solidari-dalcoi-arrasa-en-su-decimo-aniversario\/","name":"El Trail Solidari d'Alcoi arrasa en su d\u00e9cimo aniversario - COPE Alcoy","isPartOf":{"@id":"https:\/\/www.copealcoy.es\/es\/#website"},"primaryImageOfPage":{"@id":"https:\/\/www.copealcoy.es\/es\/el-trail-solidari-dalcoi-arrasa-en-su-decimo-aniversario\/#primaryimage"},"image":{"@id":"https:\/\/www.copealcoy.es\/es\/el-trail-solidari-dalcoi-arrasa-en-su-decimo-aniversario\/#primaryimage"},"thumbnailUrl":"https:\/\/www.copealcoy.es\/wp-content\/uploads\/2023\/10\/391606967_702016121958916_2520300962341197145_n-scaled.jpg","datePublished":"2023-10-16T09:16:17+00:00","dateModified":"2023-10-16T10:03:23+00:00","author":{"@id":"https:\/\/www.copealcoy.es\/es\/#\/schema\/person\/e777c87fa024e57d40170af9df39882c"},"description":"El trail running se ha consolidado en la ciudad como uno de los deportes que m\u00e1s personas re\u00fane y que m\u00e1s expectaci\u00f3n genera a lo largo del a\u00f1o. Tras diez ediciones, el Trail Solidari Ciutat d'Alcoi se ha convertido en uno de los eventos deportivos con m\u00e1s repercusi\u00f3n en la ciudad. Y no es para menos. El s\u00e1bado m\u00e1s de 2.000 personas cruzaron la l\u00ednea de salida por una buena causa, seguir apoyando la investigaci\u00f3n del c\u00e1ncer.","breadcrumb":{"@id":"https:\/\/www.copealcoy.es\/es\/el-trail-solidari-dalcoi-arrasa-en-su-decimo-aniversario\/#breadcrumb"},"inLanguage":"es","potentialAction":[{"@type":"ReadAction","target":["https:\/\/www.copealcoy.es\/es\/el-trail-solidari-dalcoi-arrasa-en-su-decimo-aniversario\/"]}]},{"@type":"ImageObject","inLanguage":"es","@id":"https:\/\/www.copealcoy.es\/es\/el-trail-solidari-dalcoi-arrasa-en-su-decimo-aniversario\/#primaryimage","url":"https:\/\/www.copealcoy.es\/wp-content\/uploads\/2023\/10\/391606967_702016121958916_2520300962341197145_n-scaled.jpg","contentUrl":"https:\/\/www.copealcoy.es\/wp-content\/uploads\/2023\/10\/391606967_702016121958916_2520300962341197145_n-scaled.jpg","width":1920,"height":864},{"@type":"BreadcrumbList","@id":"https:\/\/www.copealcoy.es\/es\/el-trail-solidari-dalcoi-arrasa-en-su-decimo-aniversario\/#breadcrumb","itemListElement":[{"@type":"ListItem","position":1,"name":"Portada","item":"https:\/\/www.copealcoy.es\/es\/"},{"@type":"ListItem","position":2,"name":"El Trail Solidari d&#8217;Alcoi arrasa en su d\u00e9cimo aniversario"}]},{"@type":"WebSite","@id":"https:\/\/www.copealcoy.es\/es\/#website","url":"https:\/\/www.copealcoy.es\/es\/","name":"COPE Alcoy","description":"Emisora COPE de radio local con emisi\u00f3n online. Pont de Sant Jordi 8-10 03803 Alcoy","potentialAction":[{"@type":"SearchAction","target":{"@type":"EntryPoint","urlTemplate":"https:\/\/www.copealcoy.es\/es\/?s={search_term_string}"},"query-input":{"@type":"PropertyValueSpecification","valueRequired":true,"valueName":"search_term_string"}}],"inLanguage":"es"},{"@type":"Person","@id":"https:\/\/www.copealcoy.es\/es\/#\/schema\/person\/e777c87fa024e57d40170af9df39882c","name":"Cope Alcoy","image":{"@type":"ImageObject","inLanguage":"es","@id":"https:\/\/secure.gravatar.com\/avatar\/bb65d0283347e303893ba14f0692005417c1e0e690a325a4c5d8bb2b3943ee14?s=96&d=mm&r=g","url":"https:\/\/secure.gravatar.com\/avatar\/bb65d0283347e303893ba14f0692005417c1e0e690a325a4c5d8bb2b3943ee14?s=96&d=mm&r=g","contentUrl":"https:\/\/secure.gravatar.com\/avatar\/bb65d0283347e303893ba14f0692005417c1e0e690a325a4c5d8bb2b3943ee14?s=96&d=mm&r=g","caption":"Cope Alcoy"}}]}},"_links":{"self":[{"href":"https:\/\/www.copealcoy.es\/es\/wp-json\/wp\/v2\/posts\/123325","targetHints":{"allow":["GET"]}}],"collection":[{"href":"https:\/\/www.copealcoy.es\/es\/wp-json\/wp\/v2\/posts"}],"about":[{"href":"https:\/\/www.copealcoy.es\/es\/wp-json\/wp\/v2\/types\/post"}],"author":[{"embeddable":true,"href":"https:\/\/www.copealcoy.es\/es\/wp-json\/wp\/v2\/users\/1"}],"replies":[{"embeddable":true,"href":"https:\/\/www.copealcoy.es\/es\/wp-json\/wp\/v2\/comments?post=123325"}],"version-history":[{"count":0,"href":"https:\/\/www.copealcoy.es\/es\/wp-json\/wp\/v2\/posts\/123325\/revisions"}],"wp:featuredmedia":[{"embeddable":true,"href":"https:\/\/www.copealcoy.es\/es\/wp-json\/wp\/v2\/media\/123348"}],"wp:attachment":[{"href":"https:\/\/www.copealcoy.es\/es\/wp-json\/wp\/v2\/media?parent=123325"}],"wp:term":[{"taxonomy":"category","embeddable":true,"href":"https:\/\/www.copealcoy.es\/es\/wp-json\/wp\/v2\/categories?post=123325"},{"taxonomy":"post_tag","embeddable":true,"href":"https:\/\/www.copealcoy.es\/es\/wp-json\/wp\/v2\/tags?post=123325"}],"curies":[{"name":"wp","href":"https:\/\/api.w.org\/{rel}","templated":true}]}}