{"id":123323,"date":"2023-10-16T08:55:08","date_gmt":"2023-10-16T07:55:08","guid":{"rendered":"https:\/\/www.copealcoy.es\/?p=123323"},"modified":"2023-10-16T08:57:32","modified_gmt":"2023-10-16T07:57:32","slug":"la-fira-sigue-adaptandose-a-los-nuevos-tiempos-para-ser-mas-sostenible","status":"publish","type":"post","link":"https:\/\/www.copealcoy.es\/es\/la-fira-sigue-adaptandose-a-los-nuevos-tiempos-para-ser-mas-sostenible\/","title":{"rendered":"La Fira sigue adapt\u00e1ndose a los nuevos tiempos para ser m\u00e1s sostenible"},"content":{"rendered":"<p style=\"text-align: justify;\">Cocentaina <strong>ultima todos los preparativos<\/strong> para la celebraci\u00f3n de <a href=\"https:\/\/www.firadecocentaina.org\/\" target=\"_blank\" rel=\"noopener\"><span style=\"color: #0000ff;\"><strong>la pr\u00f3xima edici\u00f3n de la Fira de Tots Sants<\/strong><\/span><\/a>, una cita que tendr\u00e1 lugar en este 2023 del 1 al 5 de noviembre y que vuelve a presentar destacadas novedades. Adem\u00e1s <strong>el evento mantiene su compromiso con el medio ambiente<\/strong> y<strong> la sostenibilidad<\/strong> a trav\u00e9s de <strong>diferentes acciones<\/strong> que volver\u00e1n a ponerse en marcha durante este a\u00f1o en esta materia y a las que se a\u00f1adir\u00e1n nuevas.<\/p>\n<p style=\"text-align: justify;\">Por una parte, destaca <strong>la implementaci\u00f3n de nuevas normativas para promover la gesti\u00f3n de residuos responsables<\/strong>. De esta forma los expositores participantes tendr\u00e1n que seguir pautas espec\u00edficas como reducir, reciclar o gestionar adecuadamente los diferentes residuos que generan a lo largo de los d\u00edas en los que dura el certamen. Tambi\u00e9n <strong>se apuesta por reducir el consumo de electricidad y promover las fuentes de energ\u00eda renovables<\/strong>. Para ello se prev\u00e9 instalar 50 puntos de iluminaci\u00f3n solar en los aparcamientos mientras que en los puestos de alimentaci\u00f3n se promover\u00e1 el uso de gas. Al margen de esto, <strong>la organizaci\u00f3n utilizar\u00e1 papel reciclado y ecol\u00f3gico<\/strong> para la impresi\u00f3n del material gr\u00e1fico que se repartir\u00e1 en los d\u00edas de Fira &#8220;<em>son esfuerzos que demuestran claramente el compromiso firme de la Fira de Tots Sants con la sostenibilidad. Nuestra Feria se ha convertido en un referente en la industria de las ferias espa\u00f1olas, liderando el camino hacia un evento m\u00e1s sostenible y accesible para todos, en l\u00ednea con los valores de los Objetivos de Desarrollo Sostenible (ODS)<\/em>&#8220;, afirma la edil delegada del \u00e1rea de Fira en la Villa Condal; Marcela Richart.<\/p>\n<p style=\"text-align: justify;\">Con estas medidas <strong>la Fira quiere situarse en una posici\u00f3n delantera<\/strong> en cuanto apuesta por la sostenibilidad se refiere. Todo ello en el marco de <strong>la Asociaci\u00f3n de Ferias Espa\u00f1olas (AFE)<\/strong> a la que pertenece junto a otros eventos de id\u00e9nticas caracter\u00edsticas que se celebran a lo largo y ancho del territorio nacional.<\/p>\n","protected":false},"excerpt":{"rendered":"<p>Cocentaina ultima todos los preparativos para la celebraci\u00f3n de la pr\u00f3xima edici\u00f3n de la Fira de Tots Sants, una cita&#8230;<\/p>\n","protected":false},"author":1,"featured_media":123326,"comment_status":"open","ping_status":"open","sticky":false,"template":"","format":"standard","meta":{"footnotes":""},"categories":[6909,98,75],"tags":[181,132,384,338,762],"class_list":["post-123323","post","type-post","status-publish","format-standard","has-post-thumbnail","hentry","category-actualidad","category-comarcas","category-noticias","tag-apuesta","tag-cocentaina","tag-medio-ambiente","tag-novedades","tag-sostenibilidad"],"yoast_head":"<!-- This site is optimized with the Yoast SEO plugin v27.3 - https:\/\/yoast.com\/product\/yoast-seo-wordpress\/ -->\n<title>La Fira sigue adapt\u00e1ndose a los nuevos tiempos para ser m\u00e1s sostenible - COPE Alcoy<\/title>\n<meta name=\"description\" content=\"Cocentaina mantiene su compromiso con la sostenibilidad de cara a la pr\u00f3xima edici\u00f3n de la Fira de Tots Sants\" \/>\n<meta name=\"robots\" content=\"index, follow, max-snippet:-1, max-image-preview:large, max-video-preview:-1\" \/>\n<link rel=\"canonical\" href=\"https:\/\/www.copealcoy.es\/es\/la-fira-sigue-adaptandose-a-los-nuevos-tiempos-para-ser-mas-sostenible\/\" \/>\n<meta property=\"og:locale\" content=\"es_ES\" \/>\n<meta property=\"og:type\" content=\"article\" \/>\n<meta property=\"og:title\" content=\"La Fira sigue adapt\u00e1ndose a los nuevos tiempos para ser m\u00e1s sostenible - COPE Alcoy\" \/>\n<meta property=\"og:description\" content=\"Cocentaina mantiene su compromiso con la sostenibilidad de cara a la pr\u00f3xima edici\u00f3n de la Fira de Tots Sants\" \/>\n<meta property=\"og:url\" content=\"https:\/\/www.copealcoy.es\/es\/la-fira-sigue-adaptandose-a-los-nuevos-tiempos-para-ser-mas-sostenible\/\" \/>\n<meta property=\"og:site_name\" content=\"COPE Alcoy\" \/>\n<meta property=\"article:published_time\" content=\"2023-10-16T07:55:08+00:00\" \/>\n<meta property=\"article:modified_time\" content=\"2023-10-16T07:57:32+00:00\" \/>\n<meta property=\"og:image\" content=\"https:\/\/www.copealcoy.es\/wp-content\/uploads\/2023\/10\/timThumb.jpg\" \/>\n\t<meta property=\"og:image:width\" content=\"800\" \/>\n\t<meta property=\"og:image:height\" content=\"533\" \/>\n\t<meta property=\"og:image:type\" content=\"image\/jpeg\" \/>\n<meta name=\"author\" content=\"Cope Alcoy\" \/>\n<meta name=\"twitter:label1\" content=\"Escrito por\" \/>\n\t<meta name=\"twitter:data1\" content=\"Cope Alcoy\" \/>\n\t<meta name=\"twitter:label2\" content=\"Tiempo de lectura\" \/>\n\t<meta name=\"twitter:data2\" content=\"2 minutos\" \/>\n<script type=\"application\/ld+json\" class=\"yoast-schema-graph\">{\"@context\":\"https:\\\/\\\/schema.org\",\"@graph\":[{\"@type\":\"Article\",\"@id\":\"https:\\\/\\\/www.copealcoy.es\\\/es\\\/la-fira-sigue-adaptandose-a-los-nuevos-tiempos-para-ser-mas-sostenible\\\/#article\",\"isPartOf\":{\"@id\":\"https:\\\/\\\/www.copealcoy.es\\\/es\\\/la-fira-sigue-adaptandose-a-los-nuevos-tiempos-para-ser-mas-sostenible\\\/\"},\"author\":{\"name\":\"Cope Alcoy\",\"@id\":\"https:\\\/\\\/www.copealcoy.es\\\/es\\\/#\\\/schema\\\/person\\\/e777c87fa024e57d40170af9df39882c\"},\"headline\":\"La Fira sigue adapt\u00e1ndose a los nuevos tiempos para ser m\u00e1s sostenible\",\"datePublished\":\"2023-10-16T07:55:08+00:00\",\"dateModified\":\"2023-10-16T07:57:32+00:00\",\"mainEntityOfPage\":{\"@id\":\"https:\\\/\\\/www.copealcoy.es\\\/es\\\/la-fira-sigue-adaptandose-a-los-nuevos-tiempos-para-ser-mas-sostenible\\\/\"},\"wordCount\":357,\"commentCount\":0,\"image\":{\"@id\":\"https:\\\/\\\/www.copealcoy.es\\\/es\\\/la-fira-sigue-adaptandose-a-los-nuevos-tiempos-para-ser-mas-sostenible\\\/#primaryimage\"},\"thumbnailUrl\":\"https:\\\/\\\/www.copealcoy.es\\\/wp-content\\\/uploads\\\/2023\\\/10\\\/timThumb.jpg\",\"keywords\":[\"Apuesta\",\"Cocentaina\",\"Medio Ambiente\",\"Novedades\",\"Sostenibilidad\"],\"articleSection\":[\"Actualidad\",\"Comarcas\",\"Noticias\"],\"inLanguage\":\"es\"},{\"@type\":\"WebPage\",\"@id\":\"https:\\\/\\\/www.copealcoy.es\\\/es\\\/la-fira-sigue-adaptandose-a-los-nuevos-tiempos-para-ser-mas-sostenible\\\/\",\"url\":\"https:\\\/\\\/www.copealcoy.es\\\/es\\\/la-fira-sigue-adaptandose-a-los-nuevos-tiempos-para-ser-mas-sostenible\\\/\",\"name\":\"La Fira sigue adapt\u00e1ndose a los nuevos tiempos para ser m\u00e1s sostenible - COPE Alcoy\",\"isPartOf\":{\"@id\":\"https:\\\/\\\/www.copealcoy.es\\\/es\\\/#website\"},\"primaryImageOfPage\":{\"@id\":\"https:\\\/\\\/www.copealcoy.es\\\/es\\\/la-fira-sigue-adaptandose-a-los-nuevos-tiempos-para-ser-mas-sostenible\\\/#primaryimage\"},\"image\":{\"@id\":\"https:\\\/\\\/www.copealcoy.es\\\/es\\\/la-fira-sigue-adaptandose-a-los-nuevos-tiempos-para-ser-mas-sostenible\\\/#primaryimage\"},\"thumbnailUrl\":\"https:\\\/\\\/www.copealcoy.es\\\/wp-content\\\/uploads\\\/2023\\\/10\\\/timThumb.jpg\",\"datePublished\":\"2023-10-16T07:55:08+00:00\",\"dateModified\":\"2023-10-16T07:57:32+00:00\",\"author\":{\"@id\":\"https:\\\/\\\/www.copealcoy.es\\\/es\\\/#\\\/schema\\\/person\\\/e777c87fa024e57d40170af9df39882c\"},\"description\":\"Cocentaina mantiene su compromiso con la sostenibilidad de cara a la pr\u00f3xima edici\u00f3n de la Fira de Tots Sants\",\"breadcrumb\":{\"@id\":\"https:\\\/\\\/www.copealcoy.es\\\/es\\\/la-fira-sigue-adaptandose-a-los-nuevos-tiempos-para-ser-mas-sostenible\\\/#breadcrumb\"},\"inLanguage\":\"es\",\"potentialAction\":[{\"@type\":\"ReadAction\",\"target\":[\"https:\\\/\\\/www.copealcoy.es\\\/es\\\/la-fira-sigue-adaptandose-a-los-nuevos-tiempos-para-ser-mas-sostenible\\\/\"]}]},{\"@type\":\"ImageObject\",\"inLanguage\":\"es\",\"@id\":\"https:\\\/\\\/www.copealcoy.es\\\/es\\\/la-fira-sigue-adaptandose-a-los-nuevos-tiempos-para-ser-mas-sostenible\\\/#primaryimage\",\"url\":\"https:\\\/\\\/www.copealcoy.es\\\/wp-content\\\/uploads\\\/2023\\\/10\\\/timThumb.jpg\",\"contentUrl\":\"https:\\\/\\\/www.copealcoy.es\\\/wp-content\\\/uploads\\\/2023\\\/10\\\/timThumb.jpg\",\"width\":800,\"height\":533},{\"@type\":\"BreadcrumbList\",\"@id\":\"https:\\\/\\\/www.copealcoy.es\\\/es\\\/la-fira-sigue-adaptandose-a-los-nuevos-tiempos-para-ser-mas-sostenible\\\/#breadcrumb\",\"itemListElement\":[{\"@type\":\"ListItem\",\"position\":1,\"name\":\"Portada\",\"item\":\"https:\\\/\\\/www.copealcoy.es\\\/es\\\/\"},{\"@type\":\"ListItem\",\"position\":2,\"name\":\"La Fira sigue adapt\u00e1ndose a los nuevos tiempos para ser m\u00e1s sostenible\"}]},{\"@type\":\"WebSite\",\"@id\":\"https:\\\/\\\/www.copealcoy.es\\\/es\\\/#website\",\"url\":\"https:\\\/\\\/www.copealcoy.es\\\/es\\\/\",\"name\":\"COPE Alcoy\",\"description\":\"Emisora COPE de radio local con emisi\u00f3n online. Pont de Sant Jordi 8-10 03803 Alcoy\",\"potentialAction\":[{\"@type\":\"SearchAction\",\"target\":{\"@type\":\"EntryPoint\",\"urlTemplate\":\"https:\\\/\\\/www.copealcoy.es\\\/es\\\/?s={search_term_string}\"},\"query-input\":{\"@type\":\"PropertyValueSpecification\",\"valueRequired\":true,\"valueName\":\"search_term_string\"}}],\"inLanguage\":\"es\"},{\"@type\":\"Person\",\"@id\":\"https:\\\/\\\/www.copealcoy.es\\\/es\\\/#\\\/schema\\\/person\\\/e777c87fa024e57d40170af9df39882c\",\"name\":\"Cope Alcoy\",\"image\":{\"@type\":\"ImageObject\",\"inLanguage\":\"es\",\"@id\":\"https:\\\/\\\/secure.gravatar.com\\\/avatar\\\/bb65d0283347e303893ba14f0692005417c1e0e690a325a4c5d8bb2b3943ee14?s=96&d=mm&r=g\",\"url\":\"https:\\\/\\\/secure.gravatar.com\\\/avatar\\\/bb65d0283347e303893ba14f0692005417c1e0e690a325a4c5d8bb2b3943ee14?s=96&d=mm&r=g\",\"contentUrl\":\"https:\\\/\\\/secure.gravatar.com\\\/avatar\\\/bb65d0283347e303893ba14f0692005417c1e0e690a325a4c5d8bb2b3943ee14?s=96&d=mm&r=g\",\"caption\":\"Cope Alcoy\"}}]}<\/script>\n<!-- \/ Yoast SEO plugin. -->","yoast_head_json":{"title":"La Fira sigue adapt\u00e1ndose a los nuevos tiempos para ser m\u00e1s sostenible - COPE Alcoy","description":"Cocentaina mantiene su compromiso con la sostenibilidad de cara a la pr\u00f3xima edici\u00f3n de la Fira de Tots Sants","robots":{"index":"index","follow":"follow","max-snippet":"max-snippet:-1","max-image-preview":"max-image-preview:large","max-video-preview":"max-video-preview:-1"},"canonical":"https:\/\/www.copealcoy.es\/es\/la-fira-sigue-adaptandose-a-los-nuevos-tiempos-para-ser-mas-sostenible\/","og_locale":"es_ES","og_type":"article","og_title":"La Fira sigue adapt\u00e1ndose a los nuevos tiempos para ser m\u00e1s sostenible - COPE Alcoy","og_description":"Cocentaina mantiene su compromiso con la sostenibilidad de cara a la pr\u00f3xima edici\u00f3n de la Fira de Tots Sants","og_url":"https:\/\/www.copealcoy.es\/es\/la-fira-sigue-adaptandose-a-los-nuevos-tiempos-para-ser-mas-sostenible\/","og_site_name":"COPE Alcoy","article_published_time":"2023-10-16T07:55:08+00:00","article_modified_time":"2023-10-16T07:57:32+00:00","og_image":[{"width":800,"height":533,"url":"https:\/\/www.copealcoy.es\/wp-content\/uploads\/2023\/10\/timThumb.jpg","type":"image\/jpeg"}],"author":"Cope Alcoy","twitter_misc":{"Escrito por":"Cope Alcoy","Tiempo de lectura":"2 minutos"},"schema":{"@context":"https:\/\/schema.org","@graph":[{"@type":"Article","@id":"https:\/\/www.copealcoy.es\/es\/la-fira-sigue-adaptandose-a-los-nuevos-tiempos-para-ser-mas-sostenible\/#article","isPartOf":{"@id":"https:\/\/www.copealcoy.es\/es\/la-fira-sigue-adaptandose-a-los-nuevos-tiempos-para-ser-mas-sostenible\/"},"author":{"name":"Cope Alcoy","@id":"https:\/\/www.copealcoy.es\/es\/#\/schema\/person\/e777c87fa024e57d40170af9df39882c"},"headline":"La Fira sigue adapt\u00e1ndose a los nuevos tiempos para ser m\u00e1s sostenible","datePublished":"2023-10-16T07:55:08+00:00","dateModified":"2023-10-16T07:57:32+00:00","mainEntityOfPage":{"@id":"https:\/\/www.copealcoy.es\/es\/la-fira-sigue-adaptandose-a-los-nuevos-tiempos-para-ser-mas-sostenible\/"},"wordCount":357,"commentCount":0,"image":{"@id":"https:\/\/www.copealcoy.es\/es\/la-fira-sigue-adaptandose-a-los-nuevos-tiempos-para-ser-mas-sostenible\/#primaryimage"},"thumbnailUrl":"https:\/\/www.copealcoy.es\/wp-content\/uploads\/2023\/10\/timThumb.jpg","keywords":["Apuesta","Cocentaina","Medio Ambiente","Novedades","Sostenibilidad"],"articleSection":["Actualidad","Comarcas","Noticias"],"inLanguage":"es"},{"@type":"WebPage","@id":"https:\/\/www.copealcoy.es\/es\/la-fira-sigue-adaptandose-a-los-nuevos-tiempos-para-ser-mas-sostenible\/","url":"https:\/\/www.copealcoy.es\/es\/la-fira-sigue-adaptandose-a-los-nuevos-tiempos-para-ser-mas-sostenible\/","name":"La Fira sigue adapt\u00e1ndose a los nuevos tiempos para ser m\u00e1s sostenible - COPE Alcoy","isPartOf":{"@id":"https:\/\/www.copealcoy.es\/es\/#website"},"primaryImageOfPage":{"@id":"https:\/\/www.copealcoy.es\/es\/la-fira-sigue-adaptandose-a-los-nuevos-tiempos-para-ser-mas-sostenible\/#primaryimage"},"image":{"@id":"https:\/\/www.copealcoy.es\/es\/la-fira-sigue-adaptandose-a-los-nuevos-tiempos-para-ser-mas-sostenible\/#primaryimage"},"thumbnailUrl":"https:\/\/www.copealcoy.es\/wp-content\/uploads\/2023\/10\/timThumb.jpg","datePublished":"2023-10-16T07:55:08+00:00","dateModified":"2023-10-16T07:57:32+00:00","author":{"@id":"https:\/\/www.copealcoy.es\/es\/#\/schema\/person\/e777c87fa024e57d40170af9df39882c"},"description":"Cocentaina mantiene su compromiso con la sostenibilidad de cara a la pr\u00f3xima edici\u00f3n de la Fira de Tots Sants","breadcrumb":{"@id":"https:\/\/www.copealcoy.es\/es\/la-fira-sigue-adaptandose-a-los-nuevos-tiempos-para-ser-mas-sostenible\/#breadcrumb"},"inLanguage":"es","potentialAction":[{"@type":"ReadAction","target":["https:\/\/www.copealcoy.es\/es\/la-fira-sigue-adaptandose-a-los-nuevos-tiempos-para-ser-mas-sostenible\/"]}]},{"@type":"ImageObject","inLanguage":"es","@id":"https:\/\/www.copealcoy.es\/es\/la-fira-sigue-adaptandose-a-los-nuevos-tiempos-para-ser-mas-sostenible\/#primaryimage","url":"https:\/\/www.copealcoy.es\/wp-content\/uploads\/2023\/10\/timThumb.jpg","contentUrl":"https:\/\/www.copealcoy.es\/wp-content\/uploads\/2023\/10\/timThumb.jpg","width":800,"height":533},{"@type":"BreadcrumbList","@id":"https:\/\/www.copealcoy.es\/es\/la-fira-sigue-adaptandose-a-los-nuevos-tiempos-para-ser-mas-sostenible\/#breadcrumb","itemListElement":[{"@type":"ListItem","position":1,"name":"Portada","item":"https:\/\/www.copealcoy.es\/es\/"},{"@type":"ListItem","position":2,"name":"La Fira sigue adapt\u00e1ndose a los nuevos tiempos para ser m\u00e1s sostenible"}]},{"@type":"WebSite","@id":"https:\/\/www.copealcoy.es\/es\/#website","url":"https:\/\/www.copealcoy.es\/es\/","name":"COPE Alcoy","description":"Emisora COPE de radio local con emisi\u00f3n online. Pont de Sant Jordi 8-10 03803 Alcoy","potentialAction":[{"@type":"SearchAction","target":{"@type":"EntryPoint","urlTemplate":"https:\/\/www.copealcoy.es\/es\/?s={search_term_string}"},"query-input":{"@type":"PropertyValueSpecification","valueRequired":true,"valueName":"search_term_string"}}],"inLanguage":"es"},{"@type":"Person","@id":"https:\/\/www.copealcoy.es\/es\/#\/schema\/person\/e777c87fa024e57d40170af9df39882c","name":"Cope Alcoy","image":{"@type":"ImageObject","inLanguage":"es","@id":"https:\/\/secure.gravatar.com\/avatar\/bb65d0283347e303893ba14f0692005417c1e0e690a325a4c5d8bb2b3943ee14?s=96&d=mm&r=g","url":"https:\/\/secure.gravatar.com\/avatar\/bb65d0283347e303893ba14f0692005417c1e0e690a325a4c5d8bb2b3943ee14?s=96&d=mm&r=g","contentUrl":"https:\/\/secure.gravatar.com\/avatar\/bb65d0283347e303893ba14f0692005417c1e0e690a325a4c5d8bb2b3943ee14?s=96&d=mm&r=g","caption":"Cope Alcoy"}}]}},"_links":{"self":[{"href":"https:\/\/www.copealcoy.es\/es\/wp-json\/wp\/v2\/posts\/123323","targetHints":{"allow":["GET"]}}],"collection":[{"href":"https:\/\/www.copealcoy.es\/es\/wp-json\/wp\/v2\/posts"}],"about":[{"href":"https:\/\/www.copealcoy.es\/es\/wp-json\/wp\/v2\/types\/post"}],"author":[{"embeddable":true,"href":"https:\/\/www.copealcoy.es\/es\/wp-json\/wp\/v2\/users\/1"}],"replies":[{"embeddable":true,"href":"https:\/\/www.copealcoy.es\/es\/wp-json\/wp\/v2\/comments?post=123323"}],"version-history":[{"count":0,"href":"https:\/\/www.copealcoy.es\/es\/wp-json\/wp\/v2\/posts\/123323\/revisions"}],"wp:featuredmedia":[{"embeddable":true,"href":"https:\/\/www.copealcoy.es\/es\/wp-json\/wp\/v2\/media\/123326"}],"wp:attachment":[{"href":"https:\/\/www.copealcoy.es\/es\/wp-json\/wp\/v2\/media?parent=123323"}],"wp:term":[{"taxonomy":"category","embeddable":true,"href":"https:\/\/www.copealcoy.es\/es\/wp-json\/wp\/v2\/categories?post=123323"},{"taxonomy":"post_tag","embeddable":true,"href":"https:\/\/www.copealcoy.es\/es\/wp-json\/wp\/v2\/tags?post=123323"}],"curies":[{"name":"wp","href":"https:\/\/api.w.org\/{rel}","templated":true}]}}