{"id":123310,"date":"2023-10-16T07:23:45","date_gmt":"2023-10-16T06:23:45","guid":{"rendered":"https:\/\/www.copealcoy.es\/?p=123310"},"modified":"2023-10-16T08:10:39","modified_gmt":"2023-10-16T07:10:39","slug":"informativo-matinal-lunes-16-de-octubre-2023-0750h","status":"publish","type":"post","link":"https:\/\/www.copealcoy.es\/es\/informativo-matinal-lunes-16-de-octubre-2023-0750h\/","title":{"rendered":"Informativo matinal lunes 16 de octubre 2023 (07:50h)"},"content":{"rendered":"<p><iframe loading=\"lazy\" title=\"Informatiu Matinal Dilluns 16 D&#039;Octubre 2023 (07:50h)\" width=\"100%\" height=\"120\" src=\"https:\/\/www.mixcloud.com\/widget\/iframe\/?feed=https%3A%2F%2Fwww.mixcloud.com%2FCOPEAlcoy%2Finformatiu-matinal-dilluns-16-doctubre-2023-0750h%2F&amp;hide_cover=1\" frameborder=\"0\"><\/iframe><\/p>\n<p style=\"text-align: justify;\">La <strong>reivindicaci\u00f3n de la Asociaci\u00f3n de San Jorge (ASJ) para que el 23 de abril de 2024 sea festivo<\/strong> en Alcoy y el<strong> inicio de las obras de la rotonda norte<\/strong> de acceso a la ciudad son algunas de las noticias destacadas de este 16 de octubre de 2023. Tambi\u00e9n hemos destacado cuestiones referidas a <strong>la circulaci\u00f3n de patinetes el\u00e9ctricos<\/strong> por el casco urbano de nuestras ciudades.<\/p>\n<p style=\"text-align: justify;\">El uso de los patinetes el\u00e9ctricos cada vez est\u00e1 m\u00e1s extendido. Son\u00a0<strong>veh\u00edculos de movilidad personal (VMP) que deben circular por el carril bici junto a las bicicletas y, en caso de no haber, por la carretera<\/strong>. Sin embargo, su uso puede provocar un peligro extra para la seguridad vial y tambi\u00e9n para los peatones cuando no se circula con responsabilidad.<\/p>\n<p style=\"text-align: justify;\">Y es que hay\u00a0<strong>algunas acciones que est\u00e1n prohibidas<\/strong>. Por ejemplo,\u00a0<strong>llevar auriculares<\/strong>\u00a0mientras circulas con tu patinete. Tambi\u00e9n usar el tel\u00e9fono m\u00f3vil un comportamiento sancionable, que puede conllevar una multa de 200 euros.<\/p>\n<p style=\"text-align: justify;\">Adem\u00e1s, al igual que si circulas con cualquier otro veh\u00edculo,\u00a0<strong>est\u00e1s obligado a someterte a las pruebas de alcohol y drogas<\/strong>. Las sanciones son las mismas que para el resto de conductores, multas que pueden llegar hasta los 1.000 euros. Sanci\u00f3n tambi\u00e9n de 100 euros si va m\u00e1s de una persona encima del patinete.<\/p>\n<p style=\"text-align: justify;\">Atento al momento en el d\u00eda en el que conduces. Si es de noche deber\u00e1s contar con alumbrado o, en su defecto, luces reflectantes.<\/p>\n<p style=\"text-align: justify;\">Sabemos que no hace falta carnet para conducir uno de estos veh\u00edculos. Sin embargo,\u00a0<strong>\u00bfes necesario contar con un seguro?<\/strong>\u00a0Por el momento esto tampoco es obligatorio.<\/p>\n<p style=\"text-align: justify;\"><span style=\"color: #0000ff;\"><strong>Campa\u00f1a de informaci\u00f3n<\/strong><\/span><\/p>\n<p style=\"text-align: justify;\">Con el objetivo -precisamente- de promover una conducci\u00f3n responsable,\u00a0<strong>la Polic\u00eda Local de Cocentaina ha organizado una campa\u00f1a para informar a los conductores<\/strong>\u00a0de VMP de los riesgos y obligaciones. Tendr\u00e1 lugar durante los meses de octubre y noviembre en diferentes puntos del municipio, como la Avenida Pa\u00eds Valenci\u00e0 ,el Passeig del Comtat y la zona centro, en horarios de ma\u00f1ana y tarde.<\/p>\n<p style=\"text-align: justify;\">\n","protected":false},"excerpt":{"rendered":"<p>La reivindicaci\u00f3n de la Asociaci\u00f3n de San Jorge (ASJ) para que el 23 de abril de 2024 sea festivo en&#8230;<\/p>\n","protected":false},"author":1,"featured_media":110612,"comment_status":"open","ping_status":"open","sticky":false,"template":"","format":"standard","meta":{"footnotes":""},"categories":[6909,89,91],"tags":[],"class_list":["post-123310","post","type-post","status-publish","format-standard","has-post-thumbnail","hentry","category-actualidad","category-audiosdelosprogramas","category-informativos"],"yoast_head":"<!-- This site is optimized with the Yoast SEO plugin v27.3 - https:\/\/yoast.com\/product\/yoast-seo-wordpress\/ -->\n<title>Informativo matinal lunes 16 de octubre 2023 (07:50h) - COPE Alcoy<\/title>\n<meta name=\"description\" content=\"La reivindicaci\u00f3n de la Asociaci\u00f3n de San Jorge (ASJ) para que el 23 de abril de 2024 sea festivo en Alcoy y el inicio de las obras de la rotonda norte de acceso a la ciudad son algunas de las noticias destacadas de este 16 de octubre de 2023.\" \/>\n<meta name=\"robots\" content=\"index, follow, max-snippet:-1, max-image-preview:large, max-video-preview:-1\" \/>\n<link rel=\"canonical\" href=\"https:\/\/www.copealcoy.es\/es\/informativo-matinal-lunes-16-de-octubre-2023-0750h\/\" \/>\n<meta property=\"og:locale\" content=\"es_ES\" \/>\n<meta property=\"og:type\" content=\"article\" \/>\n<meta property=\"og:title\" content=\"Informativo matinal lunes 16 de octubre 2023 (07:50h) - COPE Alcoy\" \/>\n<meta property=\"og:description\" content=\"La reivindicaci\u00f3n de la Asociaci\u00f3n de San Jorge (ASJ) para que el 23 de abril de 2024 sea festivo en Alcoy y el inicio de las obras de la rotonda norte de acceso a la ciudad son algunas de las noticias destacadas de este 16 de octubre de 2023.\" \/>\n<meta property=\"og:url\" content=\"https:\/\/www.copealcoy.es\/es\/informativo-matinal-lunes-16-de-octubre-2023-0750h\/\" \/>\n<meta property=\"og:site_name\" content=\"COPE Alcoy\" \/>\n<meta property=\"article:published_time\" content=\"2023-10-16T06:23:45+00:00\" \/>\n<meta property=\"article:modified_time\" content=\"2023-10-16T07:10:39+00:00\" \/>\n<meta property=\"og:image\" content=\"https:\/\/www.copealcoy.es\/wp-content\/uploads\/2023\/02\/Herrera-en-COPE-Alcoy-4.png\" \/>\n\t<meta property=\"og:image:width\" content=\"357\" \/>\n\t<meta property=\"og:image:height\" content=\"290\" \/>\n\t<meta property=\"og:image:type\" content=\"image\/png\" \/>\n<meta name=\"author\" content=\"Cope Alcoy\" \/>\n<meta name=\"twitter:label1\" content=\"Escrito por\" \/>\n\t<meta name=\"twitter:data1\" content=\"Cope Alcoy\" \/>\n\t<meta name=\"twitter:label2\" content=\"Tiempo de lectura\" \/>\n\t<meta name=\"twitter:data2\" content=\"2 minutos\" \/>\n<script type=\"application\/ld+json\" class=\"yoast-schema-graph\">{\"@context\":\"https:\\\/\\\/schema.org\",\"@graph\":[{\"@type\":\"Article\",\"@id\":\"https:\\\/\\\/www.copealcoy.es\\\/es\\\/informativo-matinal-lunes-16-de-octubre-2023-0750h\\\/#article\",\"isPartOf\":{\"@id\":\"https:\\\/\\\/www.copealcoy.es\\\/es\\\/informativo-matinal-lunes-16-de-octubre-2023-0750h\\\/\"},\"author\":{\"name\":\"Cope Alcoy\",\"@id\":\"https:\\\/\\\/www.copealcoy.es\\\/es\\\/#\\\/schema\\\/person\\\/e777c87fa024e57d40170af9df39882c\"},\"headline\":\"Informativo matinal lunes 16 de octubre 2023 (07:50h)\",\"datePublished\":\"2023-10-16T06:23:45+00:00\",\"dateModified\":\"2023-10-16T07:10:39+00:00\",\"mainEntityOfPage\":{\"@id\":\"https:\\\/\\\/www.copealcoy.es\\\/es\\\/informativo-matinal-lunes-16-de-octubre-2023-0750h\\\/\"},\"wordCount\":370,\"commentCount\":0,\"image\":{\"@id\":\"https:\\\/\\\/www.copealcoy.es\\\/es\\\/informativo-matinal-lunes-16-de-octubre-2023-0750h\\\/#primaryimage\"},\"thumbnailUrl\":\"https:\\\/\\\/www.copealcoy.es\\\/wp-content\\\/uploads\\\/2023\\\/02\\\/Herrera-en-COPE-Alcoy-4.png\",\"articleSection\":[\"Actualidad\",\"Audios de los programas\",\"Informativos\"],\"inLanguage\":\"es\"},{\"@type\":\"WebPage\",\"@id\":\"https:\\\/\\\/www.copealcoy.es\\\/es\\\/informativo-matinal-lunes-16-de-octubre-2023-0750h\\\/\",\"url\":\"https:\\\/\\\/www.copealcoy.es\\\/es\\\/informativo-matinal-lunes-16-de-octubre-2023-0750h\\\/\",\"name\":\"Informativo matinal lunes 16 de octubre 2023 (07:50h) - COPE Alcoy\",\"isPartOf\":{\"@id\":\"https:\\\/\\\/www.copealcoy.es\\\/es\\\/#website\"},\"primaryImageOfPage\":{\"@id\":\"https:\\\/\\\/www.copealcoy.es\\\/es\\\/informativo-matinal-lunes-16-de-octubre-2023-0750h\\\/#primaryimage\"},\"image\":{\"@id\":\"https:\\\/\\\/www.copealcoy.es\\\/es\\\/informativo-matinal-lunes-16-de-octubre-2023-0750h\\\/#primaryimage\"},\"thumbnailUrl\":\"https:\\\/\\\/www.copealcoy.es\\\/wp-content\\\/uploads\\\/2023\\\/02\\\/Herrera-en-COPE-Alcoy-4.png\",\"datePublished\":\"2023-10-16T06:23:45+00:00\",\"dateModified\":\"2023-10-16T07:10:39+00:00\",\"author\":{\"@id\":\"https:\\\/\\\/www.copealcoy.es\\\/es\\\/#\\\/schema\\\/person\\\/e777c87fa024e57d40170af9df39882c\"},\"description\":\"La reivindicaci\u00f3n de la Asociaci\u00f3n de San Jorge (ASJ) para que el 23 de abril de 2024 sea festivo en Alcoy y el inicio de las obras de la rotonda norte de acceso a la ciudad son algunas de las noticias destacadas de este 16 de octubre de 2023.\",\"breadcrumb\":{\"@id\":\"https:\\\/\\\/www.copealcoy.es\\\/es\\\/informativo-matinal-lunes-16-de-octubre-2023-0750h\\\/#breadcrumb\"},\"inLanguage\":\"es\",\"potentialAction\":[{\"@type\":\"ReadAction\",\"target\":[\"https:\\\/\\\/www.copealcoy.es\\\/es\\\/informativo-matinal-lunes-16-de-octubre-2023-0750h\\\/\"]}]},{\"@type\":\"ImageObject\",\"inLanguage\":\"es\",\"@id\":\"https:\\\/\\\/www.copealcoy.es\\\/es\\\/informativo-matinal-lunes-16-de-octubre-2023-0750h\\\/#primaryimage\",\"url\":\"https:\\\/\\\/www.copealcoy.es\\\/wp-content\\\/uploads\\\/2023\\\/02\\\/Herrera-en-COPE-Alcoy-4.png\",\"contentUrl\":\"https:\\\/\\\/www.copealcoy.es\\\/wp-content\\\/uploads\\\/2023\\\/02\\\/Herrera-en-COPE-Alcoy-4.png\",\"width\":357,\"height\":290},{\"@type\":\"BreadcrumbList\",\"@id\":\"https:\\\/\\\/www.copealcoy.es\\\/es\\\/informativo-matinal-lunes-16-de-octubre-2023-0750h\\\/#breadcrumb\",\"itemListElement\":[{\"@type\":\"ListItem\",\"position\":1,\"name\":\"Portada\",\"item\":\"https:\\\/\\\/www.copealcoy.es\\\/es\\\/\"},{\"@type\":\"ListItem\",\"position\":2,\"name\":\"Informativo matinal lunes 16 de octubre 2023 (07:50h)\"}]},{\"@type\":\"WebSite\",\"@id\":\"https:\\\/\\\/www.copealcoy.es\\\/es\\\/#website\",\"url\":\"https:\\\/\\\/www.copealcoy.es\\\/es\\\/\",\"name\":\"COPE Alcoy\",\"description\":\"Emisora COPE de radio local con emisi\u00f3n online. Pont de Sant Jordi 8-10 03803 Alcoy\",\"potentialAction\":[{\"@type\":\"SearchAction\",\"target\":{\"@type\":\"EntryPoint\",\"urlTemplate\":\"https:\\\/\\\/www.copealcoy.es\\\/es\\\/?s={search_term_string}\"},\"query-input\":{\"@type\":\"PropertyValueSpecification\",\"valueRequired\":true,\"valueName\":\"search_term_string\"}}],\"inLanguage\":\"es\"},{\"@type\":\"Person\",\"@id\":\"https:\\\/\\\/www.copealcoy.es\\\/es\\\/#\\\/schema\\\/person\\\/e777c87fa024e57d40170af9df39882c\",\"name\":\"Cope Alcoy\",\"image\":{\"@type\":\"ImageObject\",\"inLanguage\":\"es\",\"@id\":\"https:\\\/\\\/secure.gravatar.com\\\/avatar\\\/bb65d0283347e303893ba14f0692005417c1e0e690a325a4c5d8bb2b3943ee14?s=96&d=mm&r=g\",\"url\":\"https:\\\/\\\/secure.gravatar.com\\\/avatar\\\/bb65d0283347e303893ba14f0692005417c1e0e690a325a4c5d8bb2b3943ee14?s=96&d=mm&r=g\",\"contentUrl\":\"https:\\\/\\\/secure.gravatar.com\\\/avatar\\\/bb65d0283347e303893ba14f0692005417c1e0e690a325a4c5d8bb2b3943ee14?s=96&d=mm&r=g\",\"caption\":\"Cope Alcoy\"}}]}<\/script>\n<!-- \/ Yoast SEO plugin. -->","yoast_head_json":{"title":"Informativo matinal lunes 16 de octubre 2023 (07:50h) - COPE Alcoy","description":"La reivindicaci\u00f3n de la Asociaci\u00f3n de San Jorge (ASJ) para que el 23 de abril de 2024 sea festivo en Alcoy y el inicio de las obras de la rotonda norte de acceso a la ciudad son algunas de las noticias destacadas de este 16 de octubre de 2023.","robots":{"index":"index","follow":"follow","max-snippet":"max-snippet:-1","max-image-preview":"max-image-preview:large","max-video-preview":"max-video-preview:-1"},"canonical":"https:\/\/www.copealcoy.es\/es\/informativo-matinal-lunes-16-de-octubre-2023-0750h\/","og_locale":"es_ES","og_type":"article","og_title":"Informativo matinal lunes 16 de octubre 2023 (07:50h) - COPE Alcoy","og_description":"La reivindicaci\u00f3n de la Asociaci\u00f3n de San Jorge (ASJ) para que el 23 de abril de 2024 sea festivo en Alcoy y el inicio de las obras de la rotonda norte de acceso a la ciudad son algunas de las noticias destacadas de este 16 de octubre de 2023.","og_url":"https:\/\/www.copealcoy.es\/es\/informativo-matinal-lunes-16-de-octubre-2023-0750h\/","og_site_name":"COPE Alcoy","article_published_time":"2023-10-16T06:23:45+00:00","article_modified_time":"2023-10-16T07:10:39+00:00","og_image":[{"width":357,"height":290,"url":"https:\/\/www.copealcoy.es\/wp-content\/uploads\/2023\/02\/Herrera-en-COPE-Alcoy-4.png","type":"image\/png"}],"author":"Cope Alcoy","twitter_misc":{"Escrito por":"Cope Alcoy","Tiempo de lectura":"2 minutos"},"schema":{"@context":"https:\/\/schema.org","@graph":[{"@type":"Article","@id":"https:\/\/www.copealcoy.es\/es\/informativo-matinal-lunes-16-de-octubre-2023-0750h\/#article","isPartOf":{"@id":"https:\/\/www.copealcoy.es\/es\/informativo-matinal-lunes-16-de-octubre-2023-0750h\/"},"author":{"name":"Cope Alcoy","@id":"https:\/\/www.copealcoy.es\/es\/#\/schema\/person\/e777c87fa024e57d40170af9df39882c"},"headline":"Informativo matinal lunes 16 de octubre 2023 (07:50h)","datePublished":"2023-10-16T06:23:45+00:00","dateModified":"2023-10-16T07:10:39+00:00","mainEntityOfPage":{"@id":"https:\/\/www.copealcoy.es\/es\/informativo-matinal-lunes-16-de-octubre-2023-0750h\/"},"wordCount":370,"commentCount":0,"image":{"@id":"https:\/\/www.copealcoy.es\/es\/informativo-matinal-lunes-16-de-octubre-2023-0750h\/#primaryimage"},"thumbnailUrl":"https:\/\/www.copealcoy.es\/wp-content\/uploads\/2023\/02\/Herrera-en-COPE-Alcoy-4.png","articleSection":["Actualidad","Audios de los programas","Informativos"],"inLanguage":"es"},{"@type":"WebPage","@id":"https:\/\/www.copealcoy.es\/es\/informativo-matinal-lunes-16-de-octubre-2023-0750h\/","url":"https:\/\/www.copealcoy.es\/es\/informativo-matinal-lunes-16-de-octubre-2023-0750h\/","name":"Informativo matinal lunes 16 de octubre 2023 (07:50h) - COPE Alcoy","isPartOf":{"@id":"https:\/\/www.copealcoy.es\/es\/#website"},"primaryImageOfPage":{"@id":"https:\/\/www.copealcoy.es\/es\/informativo-matinal-lunes-16-de-octubre-2023-0750h\/#primaryimage"},"image":{"@id":"https:\/\/www.copealcoy.es\/es\/informativo-matinal-lunes-16-de-octubre-2023-0750h\/#primaryimage"},"thumbnailUrl":"https:\/\/www.copealcoy.es\/wp-content\/uploads\/2023\/02\/Herrera-en-COPE-Alcoy-4.png","datePublished":"2023-10-16T06:23:45+00:00","dateModified":"2023-10-16T07:10:39+00:00","author":{"@id":"https:\/\/www.copealcoy.es\/es\/#\/schema\/person\/e777c87fa024e57d40170af9df39882c"},"description":"La reivindicaci\u00f3n de la Asociaci\u00f3n de San Jorge (ASJ) para que el 23 de abril de 2024 sea festivo en Alcoy y el inicio de las obras de la rotonda norte de acceso a la ciudad son algunas de las noticias destacadas de este 16 de octubre de 2023.","breadcrumb":{"@id":"https:\/\/www.copealcoy.es\/es\/informativo-matinal-lunes-16-de-octubre-2023-0750h\/#breadcrumb"},"inLanguage":"es","potentialAction":[{"@type":"ReadAction","target":["https:\/\/www.copealcoy.es\/es\/informativo-matinal-lunes-16-de-octubre-2023-0750h\/"]}]},{"@type":"ImageObject","inLanguage":"es","@id":"https:\/\/www.copealcoy.es\/es\/informativo-matinal-lunes-16-de-octubre-2023-0750h\/#primaryimage","url":"https:\/\/www.copealcoy.es\/wp-content\/uploads\/2023\/02\/Herrera-en-COPE-Alcoy-4.png","contentUrl":"https:\/\/www.copealcoy.es\/wp-content\/uploads\/2023\/02\/Herrera-en-COPE-Alcoy-4.png","width":357,"height":290},{"@type":"BreadcrumbList","@id":"https:\/\/www.copealcoy.es\/es\/informativo-matinal-lunes-16-de-octubre-2023-0750h\/#breadcrumb","itemListElement":[{"@type":"ListItem","position":1,"name":"Portada","item":"https:\/\/www.copealcoy.es\/es\/"},{"@type":"ListItem","position":2,"name":"Informativo matinal lunes 16 de octubre 2023 (07:50h)"}]},{"@type":"WebSite","@id":"https:\/\/www.copealcoy.es\/es\/#website","url":"https:\/\/www.copealcoy.es\/es\/","name":"COPE Alcoy","description":"Emisora COPE de radio local con emisi\u00f3n online. Pont de Sant Jordi 8-10 03803 Alcoy","potentialAction":[{"@type":"SearchAction","target":{"@type":"EntryPoint","urlTemplate":"https:\/\/www.copealcoy.es\/es\/?s={search_term_string}"},"query-input":{"@type":"PropertyValueSpecification","valueRequired":true,"valueName":"search_term_string"}}],"inLanguage":"es"},{"@type":"Person","@id":"https:\/\/www.copealcoy.es\/es\/#\/schema\/person\/e777c87fa024e57d40170af9df39882c","name":"Cope Alcoy","image":{"@type":"ImageObject","inLanguage":"es","@id":"https:\/\/secure.gravatar.com\/avatar\/bb65d0283347e303893ba14f0692005417c1e0e690a325a4c5d8bb2b3943ee14?s=96&d=mm&r=g","url":"https:\/\/secure.gravatar.com\/avatar\/bb65d0283347e303893ba14f0692005417c1e0e690a325a4c5d8bb2b3943ee14?s=96&d=mm&r=g","contentUrl":"https:\/\/secure.gravatar.com\/avatar\/bb65d0283347e303893ba14f0692005417c1e0e690a325a4c5d8bb2b3943ee14?s=96&d=mm&r=g","caption":"Cope Alcoy"}}]}},"_links":{"self":[{"href":"https:\/\/www.copealcoy.es\/es\/wp-json\/wp\/v2\/posts\/123310","targetHints":{"allow":["GET"]}}],"collection":[{"href":"https:\/\/www.copealcoy.es\/es\/wp-json\/wp\/v2\/posts"}],"about":[{"href":"https:\/\/www.copealcoy.es\/es\/wp-json\/wp\/v2\/types\/post"}],"author":[{"embeddable":true,"href":"https:\/\/www.copealcoy.es\/es\/wp-json\/wp\/v2\/users\/1"}],"replies":[{"embeddable":true,"href":"https:\/\/www.copealcoy.es\/es\/wp-json\/wp\/v2\/comments?post=123310"}],"version-history":[{"count":0,"href":"https:\/\/www.copealcoy.es\/es\/wp-json\/wp\/v2\/posts\/123310\/revisions"}],"wp:featuredmedia":[{"embeddable":true,"href":"https:\/\/www.copealcoy.es\/es\/wp-json\/wp\/v2\/media\/110612"}],"wp:attachment":[{"href":"https:\/\/www.copealcoy.es\/es\/wp-json\/wp\/v2\/media?parent=123310"}],"wp:term":[{"taxonomy":"category","embeddable":true,"href":"https:\/\/www.copealcoy.es\/es\/wp-json\/wp\/v2\/categories?post=123310"},{"taxonomy":"post_tag","embeddable":true,"href":"https:\/\/www.copealcoy.es\/es\/wp-json\/wp\/v2\/tags?post=123310"}],"curies":[{"name":"wp","href":"https:\/\/api.w.org\/{rel}","templated":true}]}}