{"id":12324,"date":"2015-04-17T19:10:27","date_gmt":"2015-04-17T19:10:27","guid":{"rendered":"http:\/\/copealcoi.es\/new\/?p=12324"},"modified":"2015-04-17T19:18:16","modified_gmt":"2015-04-17T19:18:16","slug":"compromis-col-lectiu-03820-denuncia-mas-desperfectos-en-las-obras-del-palau-comtal","status":"publish","type":"post","link":"https:\/\/www.copealcoy.es\/es\/compromis-col-lectiu-03820-denuncia-mas-desperfectos-en-las-obras-del-palau-comtal\/","title":{"rendered":"Comprom\u00eds-Col.lectiu 03820 denuncia m\u00e1s desperfectos en las obras del Palau Comtal"},"content":{"rendered":"<p style=\"text-align: justify;\">La coalici\u00f3n Comprom\u00eds-Col-lectiu 03820 de Cocentaina ha denunciado que las obras que se vienen desarrollando en el Palau Comtal en los \u00faltimos meses han provocado nuevos desperfectos en el hist\u00f3rico y emblem\u00e1tico edificio contestano. Desde la formaci\u00f3n pol\u00edtica destacan que la actuaci\u00f3n para colocar el nuevo pavimento en el patio de armas ha provocado da\u00f1os en la puerta principal y se\u00f1alan que son perfectamente visibles. El candidato a la alcald\u00eda, Xavier Anduix, ha afirmado al respecto que estos trabajos no se han desempe\u00f1ado de forma adecuada &#8220;fueron acordados con prisas por el PSOE, Esquerra Unida y PP, y ah\u00ed est\u00e1n los resultados&#8221;, apunta. En este sentido Anduix tambi\u00e9n pide explicaciones al Gobierno Local\u00a0al mismo tiempo que insta a que se asuman responsabilidades y a\u00f1ade &#8220;las obras se han hecho sin la supervisi\u00f3n t\u00e9cnica necesaria&#8221;, concluye.<\/p>\n<p style=\"text-align: justify;\">Apuntar tambi\u00e9n que el Centre d\u00b4 Estudis Contestans ha informado que la Direcci\u00f3n General de Cultura ha iniciado un expediente por la desaparici\u00f3n de la policrom\u00eda del escudo de armas de los Corella ubicado en la puerta principal del inmueble. La entidad, que vela por la conservaci\u00f3n del Patrimonio, recuerda que denunci\u00f3 los hechos tras la limpieza llevada a cabo a principios de a\u00f1o en la fachada y ahora a\u00f1aden que el Consistorio podr\u00eda haber constituido un delito de infracci\u00f3n contra el patrimonio.<\/p>\n<p style=\"text-align: justify;\">\n","protected":false},"excerpt":{"rendered":"<p>La coalici\u00f3n Comprom\u00eds-Col-lectiu 03820 de Cocentaina ha denunciado que las obras que se vienen desarrollando en el Palau Comtal en&#8230;<\/p>\n","protected":false},"author":1,"featured_media":0,"comment_status":"open","ping_status":"open","sticky":false,"template":"","format":"standard","meta":{"footnotes":""},"categories":[98,75],"tags":[132,610,152,237,414,145,782,176],"class_list":["post-12324","post","type-post","status-publish","format-standard","hentry","category-comarcas","category-noticias","tag-cocentaina","tag-col-lectiu-03820","tag-compromis","tag-comtat","tag-cultura","tag-obras","tag-palau-comtal","tag-patrimonio"],"yoast_head":"<!-- This site is optimized with the Yoast SEO plugin v27.3 - https:\/\/yoast.com\/product\/yoast-seo-wordpress\/ -->\n<title>Comprom\u00eds-Col.lectiu 03820 denuncia m\u00e1s desperfectos en las obras del Palau Comtal - COPE Alcoy<\/title>\n<meta name=\"robots\" content=\"index, follow, max-snippet:-1, max-image-preview:large, max-video-preview:-1\" \/>\n<link rel=\"canonical\" href=\"https:\/\/www.copealcoy.es\/es\/compromis-col-lectiu-03820-denuncia-mas-desperfectos-en-las-obras-del-palau-comtal\/\" \/>\n<meta property=\"og:locale\" content=\"es_ES\" \/>\n<meta property=\"og:type\" content=\"article\" \/>\n<meta property=\"og:title\" content=\"Comprom\u00eds-Col.lectiu 03820 denuncia m\u00e1s desperfectos en las obras del Palau Comtal - COPE Alcoy\" \/>\n<meta property=\"og:description\" content=\"La coalici\u00f3n Comprom\u00eds-Col-lectiu 03820 de Cocentaina ha denunciado que las obras que se vienen desarrollando en el Palau Comtal en...\" \/>\n<meta property=\"og:url\" content=\"https:\/\/www.copealcoy.es\/es\/compromis-col-lectiu-03820-denuncia-mas-desperfectos-en-las-obras-del-palau-comtal\/\" \/>\n<meta property=\"og:site_name\" content=\"COPE Alcoy\" \/>\n<meta property=\"article:published_time\" content=\"2015-04-17T19:10:27+00:00\" \/>\n<meta property=\"article:modified_time\" content=\"2015-04-17T19:18:16+00:00\" \/>\n<meta name=\"author\" content=\"Cope Alcoy\" \/>\n<meta name=\"twitter:label1\" content=\"Escrito por\" \/>\n\t<meta name=\"twitter:data1\" content=\"Cope Alcoy\" \/>\n\t<meta name=\"twitter:label2\" content=\"Tiempo de lectura\" \/>\n\t<meta name=\"twitter:data2\" content=\"1 minuto\" \/>\n<script type=\"application\/ld+json\" class=\"yoast-schema-graph\">{\"@context\":\"https:\\\/\\\/schema.org\",\"@graph\":[{\"@type\":\"Article\",\"@id\":\"https:\\\/\\\/www.copealcoy.es\\\/es\\\/compromis-col-lectiu-03820-denuncia-mas-desperfectos-en-las-obras-del-palau-comtal\\\/#article\",\"isPartOf\":{\"@id\":\"https:\\\/\\\/www.copealcoy.es\\\/es\\\/compromis-col-lectiu-03820-denuncia-mas-desperfectos-en-las-obras-del-palau-comtal\\\/\"},\"author\":{\"name\":\"Cope Alcoy\",\"@id\":\"https:\\\/\\\/www.copealcoy.es\\\/es\\\/#\\\/schema\\\/person\\\/e777c87fa024e57d40170af9df39882c\"},\"headline\":\"Comprom\u00eds-Col.lectiu 03820 denuncia m\u00e1s desperfectos en las obras del Palau Comtal\",\"datePublished\":\"2015-04-17T19:10:27+00:00\",\"dateModified\":\"2015-04-17T19:18:16+00:00\",\"mainEntityOfPage\":{\"@id\":\"https:\\\/\\\/www.copealcoy.es\\\/es\\\/compromis-col-lectiu-03820-denuncia-mas-desperfectos-en-las-obras-del-palau-comtal\\\/\"},\"wordCount\":256,\"commentCount\":0,\"keywords\":[\"Cocentaina\",\"Col.lectiu 03820\",\"Comprom\u00eds\",\"Comtat\",\"Cultura\",\"Obras\",\"Palau Comtal\",\"Patrimonio\"],\"articleSection\":[\"Comarcas\",\"Noticias\"],\"inLanguage\":\"es\"},{\"@type\":\"WebPage\",\"@id\":\"https:\\\/\\\/www.copealcoy.es\\\/es\\\/compromis-col-lectiu-03820-denuncia-mas-desperfectos-en-las-obras-del-palau-comtal\\\/\",\"url\":\"https:\\\/\\\/www.copealcoy.es\\\/es\\\/compromis-col-lectiu-03820-denuncia-mas-desperfectos-en-las-obras-del-palau-comtal\\\/\",\"name\":\"Comprom\u00eds-Col.lectiu 03820 denuncia m\u00e1s desperfectos en las obras del Palau Comtal - COPE Alcoy\",\"isPartOf\":{\"@id\":\"https:\\\/\\\/www.copealcoy.es\\\/es\\\/#website\"},\"datePublished\":\"2015-04-17T19:10:27+00:00\",\"dateModified\":\"2015-04-17T19:18:16+00:00\",\"author\":{\"@id\":\"https:\\\/\\\/www.copealcoy.es\\\/es\\\/#\\\/schema\\\/person\\\/e777c87fa024e57d40170af9df39882c\"},\"breadcrumb\":{\"@id\":\"https:\\\/\\\/www.copealcoy.es\\\/es\\\/compromis-col-lectiu-03820-denuncia-mas-desperfectos-en-las-obras-del-palau-comtal\\\/#breadcrumb\"},\"inLanguage\":\"es\",\"potentialAction\":[{\"@type\":\"ReadAction\",\"target\":[\"https:\\\/\\\/www.copealcoy.es\\\/es\\\/compromis-col-lectiu-03820-denuncia-mas-desperfectos-en-las-obras-del-palau-comtal\\\/\"]}]},{\"@type\":\"BreadcrumbList\",\"@id\":\"https:\\\/\\\/www.copealcoy.es\\\/es\\\/compromis-col-lectiu-03820-denuncia-mas-desperfectos-en-las-obras-del-palau-comtal\\\/#breadcrumb\",\"itemListElement\":[{\"@type\":\"ListItem\",\"position\":1,\"name\":\"Portada\",\"item\":\"https:\\\/\\\/www.copealcoy.es\\\/es\\\/\"},{\"@type\":\"ListItem\",\"position\":2,\"name\":\"Comprom\u00eds-Col.lectiu 03820 denuncia m\u00e1s desperfectos en las obras del Palau Comtal\"}]},{\"@type\":\"WebSite\",\"@id\":\"https:\\\/\\\/www.copealcoy.es\\\/es\\\/#website\",\"url\":\"https:\\\/\\\/www.copealcoy.es\\\/es\\\/\",\"name\":\"COPE Alcoy\",\"description\":\"Emisora COPE de radio local con emisi\u00f3n online. Pont de Sant Jordi 8-10 03803 Alcoy\",\"potentialAction\":[{\"@type\":\"SearchAction\",\"target\":{\"@type\":\"EntryPoint\",\"urlTemplate\":\"https:\\\/\\\/www.copealcoy.es\\\/es\\\/?s={search_term_string}\"},\"query-input\":{\"@type\":\"PropertyValueSpecification\",\"valueRequired\":true,\"valueName\":\"search_term_string\"}}],\"inLanguage\":\"es\"},{\"@type\":\"Person\",\"@id\":\"https:\\\/\\\/www.copealcoy.es\\\/es\\\/#\\\/schema\\\/person\\\/e777c87fa024e57d40170af9df39882c\",\"name\":\"Cope Alcoy\",\"image\":{\"@type\":\"ImageObject\",\"inLanguage\":\"es\",\"@id\":\"https:\\\/\\\/secure.gravatar.com\\\/avatar\\\/bb65d0283347e303893ba14f0692005417c1e0e690a325a4c5d8bb2b3943ee14?s=96&d=mm&r=g\",\"url\":\"https:\\\/\\\/secure.gravatar.com\\\/avatar\\\/bb65d0283347e303893ba14f0692005417c1e0e690a325a4c5d8bb2b3943ee14?s=96&d=mm&r=g\",\"contentUrl\":\"https:\\\/\\\/secure.gravatar.com\\\/avatar\\\/bb65d0283347e303893ba14f0692005417c1e0e690a325a4c5d8bb2b3943ee14?s=96&d=mm&r=g\",\"caption\":\"Cope Alcoy\"}}]}<\/script>\n<!-- \/ Yoast SEO plugin. -->","yoast_head_json":{"title":"Comprom\u00eds-Col.lectiu 03820 denuncia m\u00e1s desperfectos en las obras del Palau Comtal - COPE Alcoy","robots":{"index":"index","follow":"follow","max-snippet":"max-snippet:-1","max-image-preview":"max-image-preview:large","max-video-preview":"max-video-preview:-1"},"canonical":"https:\/\/www.copealcoy.es\/es\/compromis-col-lectiu-03820-denuncia-mas-desperfectos-en-las-obras-del-palau-comtal\/","og_locale":"es_ES","og_type":"article","og_title":"Comprom\u00eds-Col.lectiu 03820 denuncia m\u00e1s desperfectos en las obras del Palau Comtal - COPE Alcoy","og_description":"La coalici\u00f3n Comprom\u00eds-Col-lectiu 03820 de Cocentaina ha denunciado que las obras que se vienen desarrollando en el Palau Comtal en...","og_url":"https:\/\/www.copealcoy.es\/es\/compromis-col-lectiu-03820-denuncia-mas-desperfectos-en-las-obras-del-palau-comtal\/","og_site_name":"COPE Alcoy","article_published_time":"2015-04-17T19:10:27+00:00","article_modified_time":"2015-04-17T19:18:16+00:00","author":"Cope Alcoy","twitter_misc":{"Escrito por":"Cope Alcoy","Tiempo de lectura":"1 minuto"},"schema":{"@context":"https:\/\/schema.org","@graph":[{"@type":"Article","@id":"https:\/\/www.copealcoy.es\/es\/compromis-col-lectiu-03820-denuncia-mas-desperfectos-en-las-obras-del-palau-comtal\/#article","isPartOf":{"@id":"https:\/\/www.copealcoy.es\/es\/compromis-col-lectiu-03820-denuncia-mas-desperfectos-en-las-obras-del-palau-comtal\/"},"author":{"name":"Cope Alcoy","@id":"https:\/\/www.copealcoy.es\/es\/#\/schema\/person\/e777c87fa024e57d40170af9df39882c"},"headline":"Comprom\u00eds-Col.lectiu 03820 denuncia m\u00e1s desperfectos en las obras del Palau Comtal","datePublished":"2015-04-17T19:10:27+00:00","dateModified":"2015-04-17T19:18:16+00:00","mainEntityOfPage":{"@id":"https:\/\/www.copealcoy.es\/es\/compromis-col-lectiu-03820-denuncia-mas-desperfectos-en-las-obras-del-palau-comtal\/"},"wordCount":256,"commentCount":0,"keywords":["Cocentaina","Col.lectiu 03820","Comprom\u00eds","Comtat","Cultura","Obras","Palau Comtal","Patrimonio"],"articleSection":["Comarcas","Noticias"],"inLanguage":"es"},{"@type":"WebPage","@id":"https:\/\/www.copealcoy.es\/es\/compromis-col-lectiu-03820-denuncia-mas-desperfectos-en-las-obras-del-palau-comtal\/","url":"https:\/\/www.copealcoy.es\/es\/compromis-col-lectiu-03820-denuncia-mas-desperfectos-en-las-obras-del-palau-comtal\/","name":"Comprom\u00eds-Col.lectiu 03820 denuncia m\u00e1s desperfectos en las obras del Palau Comtal - COPE Alcoy","isPartOf":{"@id":"https:\/\/www.copealcoy.es\/es\/#website"},"datePublished":"2015-04-17T19:10:27+00:00","dateModified":"2015-04-17T19:18:16+00:00","author":{"@id":"https:\/\/www.copealcoy.es\/es\/#\/schema\/person\/e777c87fa024e57d40170af9df39882c"},"breadcrumb":{"@id":"https:\/\/www.copealcoy.es\/es\/compromis-col-lectiu-03820-denuncia-mas-desperfectos-en-las-obras-del-palau-comtal\/#breadcrumb"},"inLanguage":"es","potentialAction":[{"@type":"ReadAction","target":["https:\/\/www.copealcoy.es\/es\/compromis-col-lectiu-03820-denuncia-mas-desperfectos-en-las-obras-del-palau-comtal\/"]}]},{"@type":"BreadcrumbList","@id":"https:\/\/www.copealcoy.es\/es\/compromis-col-lectiu-03820-denuncia-mas-desperfectos-en-las-obras-del-palau-comtal\/#breadcrumb","itemListElement":[{"@type":"ListItem","position":1,"name":"Portada","item":"https:\/\/www.copealcoy.es\/es\/"},{"@type":"ListItem","position":2,"name":"Comprom\u00eds-Col.lectiu 03820 denuncia m\u00e1s desperfectos en las obras del Palau Comtal"}]},{"@type":"WebSite","@id":"https:\/\/www.copealcoy.es\/es\/#website","url":"https:\/\/www.copealcoy.es\/es\/","name":"COPE Alcoy","description":"Emisora COPE de radio local con emisi\u00f3n online. Pont de Sant Jordi 8-10 03803 Alcoy","potentialAction":[{"@type":"SearchAction","target":{"@type":"EntryPoint","urlTemplate":"https:\/\/www.copealcoy.es\/es\/?s={search_term_string}"},"query-input":{"@type":"PropertyValueSpecification","valueRequired":true,"valueName":"search_term_string"}}],"inLanguage":"es"},{"@type":"Person","@id":"https:\/\/www.copealcoy.es\/es\/#\/schema\/person\/e777c87fa024e57d40170af9df39882c","name":"Cope Alcoy","image":{"@type":"ImageObject","inLanguage":"es","@id":"https:\/\/secure.gravatar.com\/avatar\/bb65d0283347e303893ba14f0692005417c1e0e690a325a4c5d8bb2b3943ee14?s=96&d=mm&r=g","url":"https:\/\/secure.gravatar.com\/avatar\/bb65d0283347e303893ba14f0692005417c1e0e690a325a4c5d8bb2b3943ee14?s=96&d=mm&r=g","contentUrl":"https:\/\/secure.gravatar.com\/avatar\/bb65d0283347e303893ba14f0692005417c1e0e690a325a4c5d8bb2b3943ee14?s=96&d=mm&r=g","caption":"Cope Alcoy"}}]}},"_links":{"self":[{"href":"https:\/\/www.copealcoy.es\/es\/wp-json\/wp\/v2\/posts\/12324","targetHints":{"allow":["GET"]}}],"collection":[{"href":"https:\/\/www.copealcoy.es\/es\/wp-json\/wp\/v2\/posts"}],"about":[{"href":"https:\/\/www.copealcoy.es\/es\/wp-json\/wp\/v2\/types\/post"}],"author":[{"embeddable":true,"href":"https:\/\/www.copealcoy.es\/es\/wp-json\/wp\/v2\/users\/1"}],"replies":[{"embeddable":true,"href":"https:\/\/www.copealcoy.es\/es\/wp-json\/wp\/v2\/comments?post=12324"}],"version-history":[{"count":0,"href":"https:\/\/www.copealcoy.es\/es\/wp-json\/wp\/v2\/posts\/12324\/revisions"}],"wp:attachment":[{"href":"https:\/\/www.copealcoy.es\/es\/wp-json\/wp\/v2\/media?parent=12324"}],"wp:term":[{"taxonomy":"category","embeddable":true,"href":"https:\/\/www.copealcoy.es\/es\/wp-json\/wp\/v2\/categories?post=12324"},{"taxonomy":"post_tag","embeddable":true,"href":"https:\/\/www.copealcoy.es\/es\/wp-json\/wp\/v2\/tags?post=12324"}],"curies":[{"name":"wp","href":"https:\/\/api.w.org\/{rel}","templated":true}]}}