{"id":123232,"date":"2023-10-13T08:45:43","date_gmt":"2023-10-13T07:45:43","guid":{"rendered":"https:\/\/www.copealcoy.es\/?p=123232"},"modified":"2023-10-13T09:19:35","modified_gmt":"2023-10-13T08:19:35","slug":"una-decada-de-trail-running-en-alcoy-por-una-buena-causa","status":"publish","type":"post","link":"https:\/\/www.copealcoy.es\/es\/una-decada-de-trail-running-en-alcoy-por-una-buena-causa\/","title":{"rendered":"Una d\u00e9cada de &#8216;trail running&#8217; en Alcoy por una buena causa"},"content":{"rendered":"<p style=\"text-align: justify;\">Alcoy acoge <strong>este s\u00e1bado 14 de octubre<\/strong> una nueva convocatoria del<a href=\"https:\/\/www.trailsolidarialcoi.org\/\" target=\"_blank\" rel=\"noopener\"><strong><span style=\"color: #0000ff;\"> &#8216;Trail Solidari&#8217;<\/span><\/strong><\/a>, <strong>cita que alcanza ya diez ediciones<\/strong> superando <strong>los m\u00e1s de dos mil participantes<\/strong>. Una prueba en la que <strong>lo deportivo<\/strong> <strong>queda pr\u00e1cticamente en segundo plano<\/strong> para dar paso a la solidaridad puesto que <strong>los corredores o caminantes participan aportando su granito de arena<\/strong> para la investigaci\u00f3n del C\u00e1ncer.<\/p>\n<p style=\"text-align: justify;\">La jornada <strong>combina muchas emociones<\/strong>, especialmente en recuerdo hacia los que nos dejaron por la enfermedad, y <strong>arrancar\u00e1 pasadas las siete de la ma\u00f1ana con la lectura de los manifiestos en la Pla\u00e7a de Dins<\/strong>. Esta ceremonia la protagonizar\u00e1n <strong>Rafa Matarredona<\/strong>, presidente del Club Poc a Poc, en representaci\u00f3n de los corredores mientras que en nombre del voluntariado har\u00e1 lo propio <strong>\u00c0ngels Ferrer<\/strong>. Por \u00faltimo el <strong>Doctor Roberto Molt\u00f3<\/strong>, tomar\u00e1 la palabra como representante del \u00e1mbito m\u00e9dico e investigador del C\u00e1ncer. La salida del &#8216;Trail Solidar Ciutat d&#8217;Alcoi&#8217; incluir\u00e1 <strong>la interpretaci\u00f3n de una nueva versi\u00f3n de la canci\u00f3n de esta competici\u00f3n<\/strong>, que ha creado <strong>Ana Valor<\/strong>, e incluso <strong>la Colla de Campaners d&#8217;Alcoi har\u00e1 voltear las campanas de la parroquia de Santa Mar\u00eda<\/strong> en un sentido homenaje a quienes padecen la enfermedad e incluso nos han dejado a causa de un C\u00e1ncer. Seguidamente <strong>el disparo del cohete marcar\u00e1 la salida de la prueba<\/strong>, un ritual que protagonizar\u00e1 <strong>Juan Rodr\u00edguez Vila<\/strong>; premiado con la \u00faltima beca que patrocina +QueUnTrail-ASEICA 2022 &#8220;<em>este a\u00f1o tendremos adem\u00e1s a dos protagonistas destacados, los se\u00f1ores de Alcoy Roger de Lluria y Na Saurina d&#8217;Entenza, gracias a la aportaci\u00f3n de los singulares &#8216;gegants&#8217; que har\u00e1 el Grup de Danses Sant Jordi<\/em>&#8220;, explicaba esta misma semana el presidente de +QueUnTrail; <strong>Paco Fuster<\/strong>.<\/p>\n<p style=\"text-align: justify;\">Una vez el &#8216;Trail Solidari&#8217; salga de la Plaza de Espa\u00f1a; <strong>comenzar\u00e1 el recorrido hasta adentrarse en el Parque Natural de la Serra de Mariola<\/strong> con la variaci\u00f3n de que <strong>no pasar\u00e1 por el Montcabrer sino por el llamado Alt de les Pedreres<\/strong>. Este cambio de trayecto llega d<strong>espu\u00e9s de que meses atr\u00e1s la Sociedad de Cazadores de Cocentaina se negara<\/strong> a que la prueba pasara por un coto de caza de su propiedad que hay en la zona. Recordar que <strong>ser\u00e1n finalmente 2.180 los participantes<\/strong> que tomar\u00e1n parte en el &#8216;Trail Solidari&#8217; de los cuales 500 estar\u00e1n en el Trail de 44K, 840 en el Mig Trail y otros 840 en la Marza de 22K.<\/p>\n","protected":false},"excerpt":{"rendered":"<p>Alcoy acoge este s\u00e1bado 14 de octubre una nueva convocatoria del &#8216;Trail Solidari&#8217;, cita que alcanza ya diez ediciones superando&#8230;<\/p>\n","protected":false},"author":1,"featured_media":79290,"comment_status":"open","ping_status":"open","sticky":false,"template":"","format":"standard","meta":{"footnotes":""},"categories":[6909,75],"tags":[1494,606,966,8328,173,1007],"class_list":["post-123232","post","type-post","status-publish","format-standard","has-post-thumbnail","hentry","category-actualidad","category-noticias","tag-alcoy","tag-cancer","tag-competicion","tag-investigacion","tag-solidaridad","tag-trail-solidari"],"yoast_head":"<!-- This site is optimized with the Yoast SEO plugin v27.3 - https:\/\/yoast.com\/product\/yoast-seo-wordpress\/ -->\n<title>Una d\u00e9cada de &#039;trail running&#039; en Alcoy por una buena causa - COPE Alcoy<\/title>\n<meta name=\"description\" content=\"Alcoy acoge este s\u00e1bado 14 de octubre una nueva convocatoria del &#039;Trail Solidari&#039;, cita que alcanza ya diez ediciones\" \/>\n<meta name=\"robots\" content=\"index, follow, max-snippet:-1, max-image-preview:large, max-video-preview:-1\" \/>\n<link rel=\"canonical\" href=\"https:\/\/www.copealcoy.es\/es\/una-decada-de-trail-running-en-alcoy-por-una-buena-causa\/\" \/>\n<meta property=\"og:locale\" content=\"es_ES\" \/>\n<meta property=\"og:type\" content=\"article\" \/>\n<meta property=\"og:title\" content=\"Una d\u00e9cada de &#039;trail running&#039; en Alcoy por una buena causa - COPE Alcoy\" \/>\n<meta property=\"og:description\" content=\"Alcoy acoge este s\u00e1bado 14 de octubre una nueva convocatoria del &#039;Trail Solidari&#039;, cita que alcanza ya diez ediciones\" \/>\n<meta property=\"og:url\" content=\"https:\/\/www.copealcoy.es\/es\/una-decada-de-trail-running-en-alcoy-por-una-buena-causa\/\" \/>\n<meta property=\"og:site_name\" content=\"COPE Alcoy\" \/>\n<meta property=\"article:published_time\" content=\"2023-10-13T07:45:43+00:00\" \/>\n<meta property=\"article:modified_time\" content=\"2023-10-13T08:19:35+00:00\" \/>\n<meta property=\"og:image\" content=\"https:\/\/www.copealcoy.es\/wp-content\/uploads\/2021\/10\/246362560_3712587402178334_2353855386180344768_n.jpg\" \/>\n\t<meta property=\"og:image:width\" content=\"1969\" \/>\n\t<meta property=\"og:image:height\" content=\"1313\" \/>\n\t<meta property=\"og:image:type\" content=\"image\/jpeg\" \/>\n<meta name=\"author\" content=\"Cope Alcoy\" \/>\n<meta name=\"twitter:label1\" content=\"Escrito por\" \/>\n\t<meta name=\"twitter:data1\" content=\"Cope Alcoy\" \/>\n\t<meta name=\"twitter:label2\" content=\"Tiempo de lectura\" \/>\n\t<meta name=\"twitter:data2\" content=\"2 minutos\" \/>\n<script type=\"application\/ld+json\" class=\"yoast-schema-graph\">{\"@context\":\"https:\\\/\\\/schema.org\",\"@graph\":[{\"@type\":\"Article\",\"@id\":\"https:\\\/\\\/www.copealcoy.es\\\/es\\\/una-decada-de-trail-running-en-alcoy-por-una-buena-causa\\\/#article\",\"isPartOf\":{\"@id\":\"https:\\\/\\\/www.copealcoy.es\\\/es\\\/una-decada-de-trail-running-en-alcoy-por-una-buena-causa\\\/\"},\"author\":{\"name\":\"Cope Alcoy\",\"@id\":\"https:\\\/\\\/www.copealcoy.es\\\/es\\\/#\\\/schema\\\/person\\\/e777c87fa024e57d40170af9df39882c\"},\"headline\":\"Una d\u00e9cada de &#8216;trail running&#8217; en Alcoy por una buena causa\",\"datePublished\":\"2023-10-13T07:45:43+00:00\",\"dateModified\":\"2023-10-13T08:19:35+00:00\",\"mainEntityOfPage\":{\"@id\":\"https:\\\/\\\/www.copealcoy.es\\\/es\\\/una-decada-de-trail-running-en-alcoy-por-una-buena-causa\\\/\"},\"wordCount\":429,\"commentCount\":0,\"image\":{\"@id\":\"https:\\\/\\\/www.copealcoy.es\\\/es\\\/una-decada-de-trail-running-en-alcoy-por-una-buena-causa\\\/#primaryimage\"},\"thumbnailUrl\":\"https:\\\/\\\/www.copealcoy.es\\\/wp-content\\\/uploads\\\/2021\\\/10\\\/246362560_3712587402178334_2353855386180344768_n.jpg\",\"keywords\":[\"Alcoy\",\"C\u00e1ncer\",\"Competici\u00f3n\",\"Investigaci\u00f3n\",\"Solidaridad\",\"Trail Solidari\"],\"articleSection\":[\"Actualidad\",\"Noticias\"],\"inLanguage\":\"es\"},{\"@type\":\"WebPage\",\"@id\":\"https:\\\/\\\/www.copealcoy.es\\\/es\\\/una-decada-de-trail-running-en-alcoy-por-una-buena-causa\\\/\",\"url\":\"https:\\\/\\\/www.copealcoy.es\\\/es\\\/una-decada-de-trail-running-en-alcoy-por-una-buena-causa\\\/\",\"name\":\"Una d\u00e9cada de 'trail running' en Alcoy por una buena causa - COPE Alcoy\",\"isPartOf\":{\"@id\":\"https:\\\/\\\/www.copealcoy.es\\\/es\\\/#website\"},\"primaryImageOfPage\":{\"@id\":\"https:\\\/\\\/www.copealcoy.es\\\/es\\\/una-decada-de-trail-running-en-alcoy-por-una-buena-causa\\\/#primaryimage\"},\"image\":{\"@id\":\"https:\\\/\\\/www.copealcoy.es\\\/es\\\/una-decada-de-trail-running-en-alcoy-por-una-buena-causa\\\/#primaryimage\"},\"thumbnailUrl\":\"https:\\\/\\\/www.copealcoy.es\\\/wp-content\\\/uploads\\\/2021\\\/10\\\/246362560_3712587402178334_2353855386180344768_n.jpg\",\"datePublished\":\"2023-10-13T07:45:43+00:00\",\"dateModified\":\"2023-10-13T08:19:35+00:00\",\"author\":{\"@id\":\"https:\\\/\\\/www.copealcoy.es\\\/es\\\/#\\\/schema\\\/person\\\/e777c87fa024e57d40170af9df39882c\"},\"description\":\"Alcoy acoge este s\u00e1bado 14 de octubre una nueva convocatoria del 'Trail Solidari', cita que alcanza ya diez ediciones\",\"breadcrumb\":{\"@id\":\"https:\\\/\\\/www.copealcoy.es\\\/es\\\/una-decada-de-trail-running-en-alcoy-por-una-buena-causa\\\/#breadcrumb\"},\"inLanguage\":\"es\",\"potentialAction\":[{\"@type\":\"ReadAction\",\"target\":[\"https:\\\/\\\/www.copealcoy.es\\\/es\\\/una-decada-de-trail-running-en-alcoy-por-una-buena-causa\\\/\"]}]},{\"@type\":\"ImageObject\",\"inLanguage\":\"es\",\"@id\":\"https:\\\/\\\/www.copealcoy.es\\\/es\\\/una-decada-de-trail-running-en-alcoy-por-una-buena-causa\\\/#primaryimage\",\"url\":\"https:\\\/\\\/www.copealcoy.es\\\/wp-content\\\/uploads\\\/2021\\\/10\\\/246362560_3712587402178334_2353855386180344768_n.jpg\",\"contentUrl\":\"https:\\\/\\\/www.copealcoy.es\\\/wp-content\\\/uploads\\\/2021\\\/10\\\/246362560_3712587402178334_2353855386180344768_n.jpg\",\"width\":1969,\"height\":1313},{\"@type\":\"BreadcrumbList\",\"@id\":\"https:\\\/\\\/www.copealcoy.es\\\/es\\\/una-decada-de-trail-running-en-alcoy-por-una-buena-causa\\\/#breadcrumb\",\"itemListElement\":[{\"@type\":\"ListItem\",\"position\":1,\"name\":\"Portada\",\"item\":\"https:\\\/\\\/www.copealcoy.es\\\/es\\\/\"},{\"@type\":\"ListItem\",\"position\":2,\"name\":\"Una d\u00e9cada de &#8216;trail running&#8217; en Alcoy por una buena causa\"}]},{\"@type\":\"WebSite\",\"@id\":\"https:\\\/\\\/www.copealcoy.es\\\/es\\\/#website\",\"url\":\"https:\\\/\\\/www.copealcoy.es\\\/es\\\/\",\"name\":\"COPE Alcoy\",\"description\":\"Emisora COPE de radio local con emisi\u00f3n online. Pont de Sant Jordi 8-10 03803 Alcoy\",\"potentialAction\":[{\"@type\":\"SearchAction\",\"target\":{\"@type\":\"EntryPoint\",\"urlTemplate\":\"https:\\\/\\\/www.copealcoy.es\\\/es\\\/?s={search_term_string}\"},\"query-input\":{\"@type\":\"PropertyValueSpecification\",\"valueRequired\":true,\"valueName\":\"search_term_string\"}}],\"inLanguage\":\"es\"},{\"@type\":\"Person\",\"@id\":\"https:\\\/\\\/www.copealcoy.es\\\/es\\\/#\\\/schema\\\/person\\\/e777c87fa024e57d40170af9df39882c\",\"name\":\"Cope Alcoy\",\"image\":{\"@type\":\"ImageObject\",\"inLanguage\":\"es\",\"@id\":\"https:\\\/\\\/secure.gravatar.com\\\/avatar\\\/bb65d0283347e303893ba14f0692005417c1e0e690a325a4c5d8bb2b3943ee14?s=96&d=mm&r=g\",\"url\":\"https:\\\/\\\/secure.gravatar.com\\\/avatar\\\/bb65d0283347e303893ba14f0692005417c1e0e690a325a4c5d8bb2b3943ee14?s=96&d=mm&r=g\",\"contentUrl\":\"https:\\\/\\\/secure.gravatar.com\\\/avatar\\\/bb65d0283347e303893ba14f0692005417c1e0e690a325a4c5d8bb2b3943ee14?s=96&d=mm&r=g\",\"caption\":\"Cope Alcoy\"}}]}<\/script>\n<!-- \/ Yoast SEO plugin. -->","yoast_head_json":{"title":"Una d\u00e9cada de 'trail running' en Alcoy por una buena causa - COPE Alcoy","description":"Alcoy acoge este s\u00e1bado 14 de octubre una nueva convocatoria del 'Trail Solidari', cita que alcanza ya diez ediciones","robots":{"index":"index","follow":"follow","max-snippet":"max-snippet:-1","max-image-preview":"max-image-preview:large","max-video-preview":"max-video-preview:-1"},"canonical":"https:\/\/www.copealcoy.es\/es\/una-decada-de-trail-running-en-alcoy-por-una-buena-causa\/","og_locale":"es_ES","og_type":"article","og_title":"Una d\u00e9cada de 'trail running' en Alcoy por una buena causa - COPE Alcoy","og_description":"Alcoy acoge este s\u00e1bado 14 de octubre una nueva convocatoria del 'Trail Solidari', cita que alcanza ya diez ediciones","og_url":"https:\/\/www.copealcoy.es\/es\/una-decada-de-trail-running-en-alcoy-por-una-buena-causa\/","og_site_name":"COPE Alcoy","article_published_time":"2023-10-13T07:45:43+00:00","article_modified_time":"2023-10-13T08:19:35+00:00","og_image":[{"width":1969,"height":1313,"url":"https:\/\/www.copealcoy.es\/wp-content\/uploads\/2021\/10\/246362560_3712587402178334_2353855386180344768_n.jpg","type":"image\/jpeg"}],"author":"Cope Alcoy","twitter_misc":{"Escrito por":"Cope Alcoy","Tiempo de lectura":"2 minutos"},"schema":{"@context":"https:\/\/schema.org","@graph":[{"@type":"Article","@id":"https:\/\/www.copealcoy.es\/es\/una-decada-de-trail-running-en-alcoy-por-una-buena-causa\/#article","isPartOf":{"@id":"https:\/\/www.copealcoy.es\/es\/una-decada-de-trail-running-en-alcoy-por-una-buena-causa\/"},"author":{"name":"Cope Alcoy","@id":"https:\/\/www.copealcoy.es\/es\/#\/schema\/person\/e777c87fa024e57d40170af9df39882c"},"headline":"Una d\u00e9cada de &#8216;trail running&#8217; en Alcoy por una buena causa","datePublished":"2023-10-13T07:45:43+00:00","dateModified":"2023-10-13T08:19:35+00:00","mainEntityOfPage":{"@id":"https:\/\/www.copealcoy.es\/es\/una-decada-de-trail-running-en-alcoy-por-una-buena-causa\/"},"wordCount":429,"commentCount":0,"image":{"@id":"https:\/\/www.copealcoy.es\/es\/una-decada-de-trail-running-en-alcoy-por-una-buena-causa\/#primaryimage"},"thumbnailUrl":"https:\/\/www.copealcoy.es\/wp-content\/uploads\/2021\/10\/246362560_3712587402178334_2353855386180344768_n.jpg","keywords":["Alcoy","C\u00e1ncer","Competici\u00f3n","Investigaci\u00f3n","Solidaridad","Trail Solidari"],"articleSection":["Actualidad","Noticias"],"inLanguage":"es"},{"@type":"WebPage","@id":"https:\/\/www.copealcoy.es\/es\/una-decada-de-trail-running-en-alcoy-por-una-buena-causa\/","url":"https:\/\/www.copealcoy.es\/es\/una-decada-de-trail-running-en-alcoy-por-una-buena-causa\/","name":"Una d\u00e9cada de 'trail running' en Alcoy por una buena causa - COPE Alcoy","isPartOf":{"@id":"https:\/\/www.copealcoy.es\/es\/#website"},"primaryImageOfPage":{"@id":"https:\/\/www.copealcoy.es\/es\/una-decada-de-trail-running-en-alcoy-por-una-buena-causa\/#primaryimage"},"image":{"@id":"https:\/\/www.copealcoy.es\/es\/una-decada-de-trail-running-en-alcoy-por-una-buena-causa\/#primaryimage"},"thumbnailUrl":"https:\/\/www.copealcoy.es\/wp-content\/uploads\/2021\/10\/246362560_3712587402178334_2353855386180344768_n.jpg","datePublished":"2023-10-13T07:45:43+00:00","dateModified":"2023-10-13T08:19:35+00:00","author":{"@id":"https:\/\/www.copealcoy.es\/es\/#\/schema\/person\/e777c87fa024e57d40170af9df39882c"},"description":"Alcoy acoge este s\u00e1bado 14 de octubre una nueva convocatoria del 'Trail Solidari', cita que alcanza ya diez ediciones","breadcrumb":{"@id":"https:\/\/www.copealcoy.es\/es\/una-decada-de-trail-running-en-alcoy-por-una-buena-causa\/#breadcrumb"},"inLanguage":"es","potentialAction":[{"@type":"ReadAction","target":["https:\/\/www.copealcoy.es\/es\/una-decada-de-trail-running-en-alcoy-por-una-buena-causa\/"]}]},{"@type":"ImageObject","inLanguage":"es","@id":"https:\/\/www.copealcoy.es\/es\/una-decada-de-trail-running-en-alcoy-por-una-buena-causa\/#primaryimage","url":"https:\/\/www.copealcoy.es\/wp-content\/uploads\/2021\/10\/246362560_3712587402178334_2353855386180344768_n.jpg","contentUrl":"https:\/\/www.copealcoy.es\/wp-content\/uploads\/2021\/10\/246362560_3712587402178334_2353855386180344768_n.jpg","width":1969,"height":1313},{"@type":"BreadcrumbList","@id":"https:\/\/www.copealcoy.es\/es\/una-decada-de-trail-running-en-alcoy-por-una-buena-causa\/#breadcrumb","itemListElement":[{"@type":"ListItem","position":1,"name":"Portada","item":"https:\/\/www.copealcoy.es\/es\/"},{"@type":"ListItem","position":2,"name":"Una d\u00e9cada de &#8216;trail running&#8217; en Alcoy por una buena causa"}]},{"@type":"WebSite","@id":"https:\/\/www.copealcoy.es\/es\/#website","url":"https:\/\/www.copealcoy.es\/es\/","name":"COPE Alcoy","description":"Emisora COPE de radio local con emisi\u00f3n online. Pont de Sant Jordi 8-10 03803 Alcoy","potentialAction":[{"@type":"SearchAction","target":{"@type":"EntryPoint","urlTemplate":"https:\/\/www.copealcoy.es\/es\/?s={search_term_string}"},"query-input":{"@type":"PropertyValueSpecification","valueRequired":true,"valueName":"search_term_string"}}],"inLanguage":"es"},{"@type":"Person","@id":"https:\/\/www.copealcoy.es\/es\/#\/schema\/person\/e777c87fa024e57d40170af9df39882c","name":"Cope Alcoy","image":{"@type":"ImageObject","inLanguage":"es","@id":"https:\/\/secure.gravatar.com\/avatar\/bb65d0283347e303893ba14f0692005417c1e0e690a325a4c5d8bb2b3943ee14?s=96&d=mm&r=g","url":"https:\/\/secure.gravatar.com\/avatar\/bb65d0283347e303893ba14f0692005417c1e0e690a325a4c5d8bb2b3943ee14?s=96&d=mm&r=g","contentUrl":"https:\/\/secure.gravatar.com\/avatar\/bb65d0283347e303893ba14f0692005417c1e0e690a325a4c5d8bb2b3943ee14?s=96&d=mm&r=g","caption":"Cope Alcoy"}}]}},"_links":{"self":[{"href":"https:\/\/www.copealcoy.es\/es\/wp-json\/wp\/v2\/posts\/123232","targetHints":{"allow":["GET"]}}],"collection":[{"href":"https:\/\/www.copealcoy.es\/es\/wp-json\/wp\/v2\/posts"}],"about":[{"href":"https:\/\/www.copealcoy.es\/es\/wp-json\/wp\/v2\/types\/post"}],"author":[{"embeddable":true,"href":"https:\/\/www.copealcoy.es\/es\/wp-json\/wp\/v2\/users\/1"}],"replies":[{"embeddable":true,"href":"https:\/\/www.copealcoy.es\/es\/wp-json\/wp\/v2\/comments?post=123232"}],"version-history":[{"count":0,"href":"https:\/\/www.copealcoy.es\/es\/wp-json\/wp\/v2\/posts\/123232\/revisions"}],"wp:featuredmedia":[{"embeddable":true,"href":"https:\/\/www.copealcoy.es\/es\/wp-json\/wp\/v2\/media\/79290"}],"wp:attachment":[{"href":"https:\/\/www.copealcoy.es\/es\/wp-json\/wp\/v2\/media?parent=123232"}],"wp:term":[{"taxonomy":"category","embeddable":true,"href":"https:\/\/www.copealcoy.es\/es\/wp-json\/wp\/v2\/categories?post=123232"},{"taxonomy":"post_tag","embeddable":true,"href":"https:\/\/www.copealcoy.es\/es\/wp-json\/wp\/v2\/tags?post=123232"}],"curies":[{"name":"wp","href":"https:\/\/api.w.org\/{rel}","templated":true}]}}