{"id":123215,"date":"2023-10-13T08:07:08","date_gmt":"2023-10-13T07:07:08","guid":{"rendered":"https:\/\/www.copealcoy.es\/?p=123215"},"modified":"2023-10-13T18:49:05","modified_gmt":"2023-10-13T17:49:05","slug":"el-profesor-juan-manuel-cortell-nuevo-coordinador-del-campus-de-alcoy-de-la-ua","status":"publish","type":"post","link":"https:\/\/www.copealcoy.es\/es\/el-profesor-juan-manuel-cortell-nuevo-coordinador-del-campus-de-alcoy-de-la-ua\/","title":{"rendered":"El profesor Juan Manuel Cortell, nuevo coordinador del Campus de Alcoy de la UA"},"content":{"rendered":"<p style=\"text-align: justify;\">El <strong>Campus de Alcoy de la Universidad de Alicante (UA)<\/strong> tiene <strong>nuevo coordinador acad\u00e9mico<\/strong>. El <strong>profesor alcoyano Juan Manuel Cortell<\/strong> ha sido designado por la rectora de la UA, <strong>Amparo Navarro<\/strong>.<\/p>\n<p style=\"text-align: justify;\">Cortell, profesor y director del Centro de Estudios e Investigaci\u00f3n Ol\u00edmpicos de la UA, ser\u00e1 el <strong>interlocutor entre la instituci\u00f3n y el Ayuntamiento de Alcoy<\/strong>. Adem\u00e1s, <strong>coordinar\u00e1 el Grado de Educaci\u00f3n Infantil<\/strong> que se imparte en la localidad, junto a la vicedecana <strong>In\u00e9s Lozano<\/strong>. &#8220;Es una persona cercana a la titulaci\u00f3n y al municipio, esencial para estar en los procesos de toma de decisiones puntuales que surjan\u201d, ha asegurado la rectora en referencia a Cortell.<\/p>\n<div style=\"text-align: justify;\">\n<p>Por su parte, Cortell se ha mostrado ilusionado con este nuevo cargo. &#8220;Asumo este nombramiento<strong> agradecido por la confianza depositada e ilusionado<\/strong> por mi estrecha vinculaci\u00f3n con la Universidad de Alicante y con Alcoy, mi ciudad natal y de residencia. Con entusiasmo voy a sumarme plenamente al equipo y colaborar estrechamente para contribuir al desarrollo y proyecci\u00f3n del Campus de Alcoy\u201d.<\/p>\n<p>Adem\u00e1s, desde la UA han asegurado que el\u00a0actual coordinador cultural del Campus de Alcoy, <strong>Antonio Belda<\/strong>, se mantiene en sus funciones.<\/p>\n<\/div>\n<p style=\"text-align: justify;\"><span style=\"color: #0000ff;\"><strong>Su larga trayectoria<\/strong><\/span><\/p>\n<p style=\"text-align: justify;\">Cortell es licenciado en Ciencias de la Actividad F\u00edsica y el Deporte por la Universidad de Valencia, Maestro Especialista en Educaci\u00f3n F\u00edsica y Doctorado en Educaci\u00f3n F\u00edsica y Deporte de la Universidad de Alicante. Su trayectoria profesional es amplia. Tiene una experiencia docente universitaria de diecisiete a\u00f1os en el campo de las Ciencias de la Actividad F\u00edsica y el Deporte. Desde el a\u00f1o 2017, desempe\u00f1a el cargo de profesor titular en la Facultad de Educaci\u00f3n de la Universidad de Alicante.<\/p>\n<p style=\"text-align: justify;\">Su labor docente se enfoca principalmente en el \u00e1mbito de la actividad f\u00edsica y la calidad de vida. Como investigador, ha dirigido nueve tesis doctorales y ha contribuido con m\u00e1s de 100 trabajos de investigaci\u00f3n publicados en revistas indexadas. Adem\u00e1s, ha ejercido como editor en dos libros y ha escrito trece cap\u00edtulos de libro.<\/p>\n","protected":false},"excerpt":{"rendered":"<p>El Campus de Alcoy de la Universidad de Alicante (UA) tiene nuevo coordinador acad\u00e9mico. El profesor alcoyano Juan Manuel Cortell&#8230;<\/p>\n","protected":false},"author":1,"featured_media":123222,"comment_status":"open","ping_status":"open","sticky":false,"template":"","format":"standard","meta":{"footnotes":""},"categories":[6909,97,900,75],"tags":[1862,9249,423,1226],"class_list":["post-123215","post","type-post","status-publish","format-standard","has-post-thumbnail","hentry","category-actualidad","category-alcoy","category-educacion","category-noticias","tag-campus-de-alcoy","tag-coordinador","tag-educacion","tag-ua"],"yoast_head":"<!-- This site is optimized with the Yoast SEO plugin v27.3 - https:\/\/yoast.com\/product\/yoast-seo-wordpress\/ -->\n<title>El profesor Juan Manuel Cortell, nuevo coordinador del Campus de Alcoy de la UA - COPE Alcoy<\/title>\n<meta name=\"description\" content=\"El Campus de Alcoy de la Universidad de Alicante (UA) tiene nuevo coordinador acad\u00e9mico. El profesor alcoyano Juan Manuel Cortell ha sido designado por la rectora de la UA, Amparo Navarro.\" \/>\n<meta name=\"robots\" content=\"index, follow, max-snippet:-1, max-image-preview:large, max-video-preview:-1\" \/>\n<link rel=\"canonical\" href=\"https:\/\/www.copealcoy.es\/es\/el-profesor-juan-manuel-cortell-nuevo-coordinador-del-campus-de-alcoy-de-la-ua\/\" \/>\n<meta property=\"og:locale\" content=\"es_ES\" \/>\n<meta property=\"og:type\" content=\"article\" \/>\n<meta property=\"og:title\" content=\"El profesor Juan Manuel Cortell, nuevo coordinador del Campus de Alcoy de la UA - COPE Alcoy\" \/>\n<meta property=\"og:description\" content=\"El Campus de Alcoy de la Universidad de Alicante (UA) tiene nuevo coordinador acad\u00e9mico. El profesor alcoyano Juan Manuel Cortell ha sido designado por la rectora de la UA, Amparo Navarro.\" \/>\n<meta property=\"og:url\" content=\"https:\/\/www.copealcoy.es\/es\/el-profesor-juan-manuel-cortell-nuevo-coordinador-del-campus-de-alcoy-de-la-ua\/\" \/>\n<meta property=\"og:site_name\" content=\"COPE Alcoy\" \/>\n<meta property=\"article:published_time\" content=\"2023-10-13T07:07:08+00:00\" \/>\n<meta property=\"article:modified_time\" content=\"2023-10-13T17:49:05+00:00\" \/>\n<meta property=\"og:image\" content=\"https:\/\/www.copealcoy.es\/wp-content\/uploads\/2023\/10\/Juan-Manuel-Cortell-Tormo-1.jpg\" \/>\n\t<meta property=\"og:image:width\" content=\"800\" \/>\n\t<meta property=\"og:image:height\" content=\"800\" \/>\n\t<meta property=\"og:image:type\" content=\"image\/jpeg\" \/>\n<meta name=\"author\" content=\"Cope Alcoy\" \/>\n<meta name=\"twitter:label1\" content=\"Escrito por\" \/>\n\t<meta name=\"twitter:data1\" content=\"Cope Alcoy\" \/>\n\t<meta name=\"twitter:label2\" content=\"Tiempo de lectura\" \/>\n\t<meta name=\"twitter:data2\" content=\"2 minutos\" \/>\n<script type=\"application\/ld+json\" class=\"yoast-schema-graph\">{\"@context\":\"https:\\\/\\\/schema.org\",\"@graph\":[{\"@type\":\"Article\",\"@id\":\"https:\\\/\\\/www.copealcoy.es\\\/es\\\/el-profesor-juan-manuel-cortell-nuevo-coordinador-del-campus-de-alcoy-de-la-ua\\\/#article\",\"isPartOf\":{\"@id\":\"https:\\\/\\\/www.copealcoy.es\\\/es\\\/el-profesor-juan-manuel-cortell-nuevo-coordinador-del-campus-de-alcoy-de-la-ua\\\/\"},\"author\":{\"name\":\"Cope Alcoy\",\"@id\":\"https:\\\/\\\/www.copealcoy.es\\\/es\\\/#\\\/schema\\\/person\\\/e777c87fa024e57d40170af9df39882c\"},\"headline\":\"El profesor Juan Manuel Cortell, nuevo coordinador del Campus de Alcoy de la UA\",\"datePublished\":\"2023-10-13T07:07:08+00:00\",\"dateModified\":\"2023-10-13T17:49:05+00:00\",\"mainEntityOfPage\":{\"@id\":\"https:\\\/\\\/www.copealcoy.es\\\/es\\\/el-profesor-juan-manuel-cortell-nuevo-coordinador-del-campus-de-alcoy-de-la-ua\\\/\"},\"wordCount\":364,\"commentCount\":0,\"image\":{\"@id\":\"https:\\\/\\\/www.copealcoy.es\\\/es\\\/el-profesor-juan-manuel-cortell-nuevo-coordinador-del-campus-de-alcoy-de-la-ua\\\/#primaryimage\"},\"thumbnailUrl\":\"https:\\\/\\\/www.copealcoy.es\\\/wp-content\\\/uploads\\\/2023\\\/10\\\/Juan-Manuel-Cortell-Tormo-1.jpg\",\"keywords\":[\"Campus de Alcoy\",\"Coordinador\",\"Educaci\u00f3n\",\"UA\"],\"articleSection\":[\"Actualidad\",\"Alcoy\",\"Educaci\u00f3n\",\"Noticias\"],\"inLanguage\":\"es\"},{\"@type\":\"WebPage\",\"@id\":\"https:\\\/\\\/www.copealcoy.es\\\/es\\\/el-profesor-juan-manuel-cortell-nuevo-coordinador-del-campus-de-alcoy-de-la-ua\\\/\",\"url\":\"https:\\\/\\\/www.copealcoy.es\\\/es\\\/el-profesor-juan-manuel-cortell-nuevo-coordinador-del-campus-de-alcoy-de-la-ua\\\/\",\"name\":\"El profesor Juan Manuel Cortell, nuevo coordinador del Campus de Alcoy de la UA - COPE Alcoy\",\"isPartOf\":{\"@id\":\"https:\\\/\\\/www.copealcoy.es\\\/es\\\/#website\"},\"primaryImageOfPage\":{\"@id\":\"https:\\\/\\\/www.copealcoy.es\\\/es\\\/el-profesor-juan-manuel-cortell-nuevo-coordinador-del-campus-de-alcoy-de-la-ua\\\/#primaryimage\"},\"image\":{\"@id\":\"https:\\\/\\\/www.copealcoy.es\\\/es\\\/el-profesor-juan-manuel-cortell-nuevo-coordinador-del-campus-de-alcoy-de-la-ua\\\/#primaryimage\"},\"thumbnailUrl\":\"https:\\\/\\\/www.copealcoy.es\\\/wp-content\\\/uploads\\\/2023\\\/10\\\/Juan-Manuel-Cortell-Tormo-1.jpg\",\"datePublished\":\"2023-10-13T07:07:08+00:00\",\"dateModified\":\"2023-10-13T17:49:05+00:00\",\"author\":{\"@id\":\"https:\\\/\\\/www.copealcoy.es\\\/es\\\/#\\\/schema\\\/person\\\/e777c87fa024e57d40170af9df39882c\"},\"description\":\"El Campus de Alcoy de la Universidad de Alicante (UA) tiene nuevo coordinador acad\u00e9mico. El profesor alcoyano Juan Manuel Cortell ha sido designado por la rectora de la UA, Amparo Navarro.\",\"breadcrumb\":{\"@id\":\"https:\\\/\\\/www.copealcoy.es\\\/es\\\/el-profesor-juan-manuel-cortell-nuevo-coordinador-del-campus-de-alcoy-de-la-ua\\\/#breadcrumb\"},\"inLanguage\":\"es\",\"potentialAction\":[{\"@type\":\"ReadAction\",\"target\":[\"https:\\\/\\\/www.copealcoy.es\\\/es\\\/el-profesor-juan-manuel-cortell-nuevo-coordinador-del-campus-de-alcoy-de-la-ua\\\/\"]}]},{\"@type\":\"ImageObject\",\"inLanguage\":\"es\",\"@id\":\"https:\\\/\\\/www.copealcoy.es\\\/es\\\/el-profesor-juan-manuel-cortell-nuevo-coordinador-del-campus-de-alcoy-de-la-ua\\\/#primaryimage\",\"url\":\"https:\\\/\\\/www.copealcoy.es\\\/wp-content\\\/uploads\\\/2023\\\/10\\\/Juan-Manuel-Cortell-Tormo-1.jpg\",\"contentUrl\":\"https:\\\/\\\/www.copealcoy.es\\\/wp-content\\\/uploads\\\/2023\\\/10\\\/Juan-Manuel-Cortell-Tormo-1.jpg\",\"width\":800,\"height\":800},{\"@type\":\"BreadcrumbList\",\"@id\":\"https:\\\/\\\/www.copealcoy.es\\\/es\\\/el-profesor-juan-manuel-cortell-nuevo-coordinador-del-campus-de-alcoy-de-la-ua\\\/#breadcrumb\",\"itemListElement\":[{\"@type\":\"ListItem\",\"position\":1,\"name\":\"Portada\",\"item\":\"https:\\\/\\\/www.copealcoy.es\\\/es\\\/\"},{\"@type\":\"ListItem\",\"position\":2,\"name\":\"El profesor Juan Manuel Cortell, nuevo coordinador del Campus de Alcoy de la UA\"}]},{\"@type\":\"WebSite\",\"@id\":\"https:\\\/\\\/www.copealcoy.es\\\/es\\\/#website\",\"url\":\"https:\\\/\\\/www.copealcoy.es\\\/es\\\/\",\"name\":\"COPE Alcoy\",\"description\":\"Emisora COPE de radio local con emisi\u00f3n online. Pont de Sant Jordi 8-10 03803 Alcoy\",\"potentialAction\":[{\"@type\":\"SearchAction\",\"target\":{\"@type\":\"EntryPoint\",\"urlTemplate\":\"https:\\\/\\\/www.copealcoy.es\\\/es\\\/?s={search_term_string}\"},\"query-input\":{\"@type\":\"PropertyValueSpecification\",\"valueRequired\":true,\"valueName\":\"search_term_string\"}}],\"inLanguage\":\"es\"},{\"@type\":\"Person\",\"@id\":\"https:\\\/\\\/www.copealcoy.es\\\/es\\\/#\\\/schema\\\/person\\\/e777c87fa024e57d40170af9df39882c\",\"name\":\"Cope Alcoy\",\"image\":{\"@type\":\"ImageObject\",\"inLanguage\":\"es\",\"@id\":\"https:\\\/\\\/secure.gravatar.com\\\/avatar\\\/bb65d0283347e303893ba14f0692005417c1e0e690a325a4c5d8bb2b3943ee14?s=96&d=mm&r=g\",\"url\":\"https:\\\/\\\/secure.gravatar.com\\\/avatar\\\/bb65d0283347e303893ba14f0692005417c1e0e690a325a4c5d8bb2b3943ee14?s=96&d=mm&r=g\",\"contentUrl\":\"https:\\\/\\\/secure.gravatar.com\\\/avatar\\\/bb65d0283347e303893ba14f0692005417c1e0e690a325a4c5d8bb2b3943ee14?s=96&d=mm&r=g\",\"caption\":\"Cope Alcoy\"}}]}<\/script>\n<!-- \/ Yoast SEO plugin. -->","yoast_head_json":{"title":"El profesor Juan Manuel Cortell, nuevo coordinador del Campus de Alcoy de la UA - COPE Alcoy","description":"El Campus de Alcoy de la Universidad de Alicante (UA) tiene nuevo coordinador acad\u00e9mico. El profesor alcoyano Juan Manuel Cortell ha sido designado por la rectora de la UA, Amparo Navarro.","robots":{"index":"index","follow":"follow","max-snippet":"max-snippet:-1","max-image-preview":"max-image-preview:large","max-video-preview":"max-video-preview:-1"},"canonical":"https:\/\/www.copealcoy.es\/es\/el-profesor-juan-manuel-cortell-nuevo-coordinador-del-campus-de-alcoy-de-la-ua\/","og_locale":"es_ES","og_type":"article","og_title":"El profesor Juan Manuel Cortell, nuevo coordinador del Campus de Alcoy de la UA - COPE Alcoy","og_description":"El Campus de Alcoy de la Universidad de Alicante (UA) tiene nuevo coordinador acad\u00e9mico. El profesor alcoyano Juan Manuel Cortell ha sido designado por la rectora de la UA, Amparo Navarro.","og_url":"https:\/\/www.copealcoy.es\/es\/el-profesor-juan-manuel-cortell-nuevo-coordinador-del-campus-de-alcoy-de-la-ua\/","og_site_name":"COPE Alcoy","article_published_time":"2023-10-13T07:07:08+00:00","article_modified_time":"2023-10-13T17:49:05+00:00","og_image":[{"width":800,"height":800,"url":"https:\/\/www.copealcoy.es\/wp-content\/uploads\/2023\/10\/Juan-Manuel-Cortell-Tormo-1.jpg","type":"image\/jpeg"}],"author":"Cope Alcoy","twitter_misc":{"Escrito por":"Cope Alcoy","Tiempo de lectura":"2 minutos"},"schema":{"@context":"https:\/\/schema.org","@graph":[{"@type":"Article","@id":"https:\/\/www.copealcoy.es\/es\/el-profesor-juan-manuel-cortell-nuevo-coordinador-del-campus-de-alcoy-de-la-ua\/#article","isPartOf":{"@id":"https:\/\/www.copealcoy.es\/es\/el-profesor-juan-manuel-cortell-nuevo-coordinador-del-campus-de-alcoy-de-la-ua\/"},"author":{"name":"Cope Alcoy","@id":"https:\/\/www.copealcoy.es\/es\/#\/schema\/person\/e777c87fa024e57d40170af9df39882c"},"headline":"El profesor Juan Manuel Cortell, nuevo coordinador del Campus de Alcoy de la UA","datePublished":"2023-10-13T07:07:08+00:00","dateModified":"2023-10-13T17:49:05+00:00","mainEntityOfPage":{"@id":"https:\/\/www.copealcoy.es\/es\/el-profesor-juan-manuel-cortell-nuevo-coordinador-del-campus-de-alcoy-de-la-ua\/"},"wordCount":364,"commentCount":0,"image":{"@id":"https:\/\/www.copealcoy.es\/es\/el-profesor-juan-manuel-cortell-nuevo-coordinador-del-campus-de-alcoy-de-la-ua\/#primaryimage"},"thumbnailUrl":"https:\/\/www.copealcoy.es\/wp-content\/uploads\/2023\/10\/Juan-Manuel-Cortell-Tormo-1.jpg","keywords":["Campus de Alcoy","Coordinador","Educaci\u00f3n","UA"],"articleSection":["Actualidad","Alcoy","Educaci\u00f3n","Noticias"],"inLanguage":"es"},{"@type":"WebPage","@id":"https:\/\/www.copealcoy.es\/es\/el-profesor-juan-manuel-cortell-nuevo-coordinador-del-campus-de-alcoy-de-la-ua\/","url":"https:\/\/www.copealcoy.es\/es\/el-profesor-juan-manuel-cortell-nuevo-coordinador-del-campus-de-alcoy-de-la-ua\/","name":"El profesor Juan Manuel Cortell, nuevo coordinador del Campus de Alcoy de la UA - COPE Alcoy","isPartOf":{"@id":"https:\/\/www.copealcoy.es\/es\/#website"},"primaryImageOfPage":{"@id":"https:\/\/www.copealcoy.es\/es\/el-profesor-juan-manuel-cortell-nuevo-coordinador-del-campus-de-alcoy-de-la-ua\/#primaryimage"},"image":{"@id":"https:\/\/www.copealcoy.es\/es\/el-profesor-juan-manuel-cortell-nuevo-coordinador-del-campus-de-alcoy-de-la-ua\/#primaryimage"},"thumbnailUrl":"https:\/\/www.copealcoy.es\/wp-content\/uploads\/2023\/10\/Juan-Manuel-Cortell-Tormo-1.jpg","datePublished":"2023-10-13T07:07:08+00:00","dateModified":"2023-10-13T17:49:05+00:00","author":{"@id":"https:\/\/www.copealcoy.es\/es\/#\/schema\/person\/e777c87fa024e57d40170af9df39882c"},"description":"El Campus de Alcoy de la Universidad de Alicante (UA) tiene nuevo coordinador acad\u00e9mico. El profesor alcoyano Juan Manuel Cortell ha sido designado por la rectora de la UA, Amparo Navarro.","breadcrumb":{"@id":"https:\/\/www.copealcoy.es\/es\/el-profesor-juan-manuel-cortell-nuevo-coordinador-del-campus-de-alcoy-de-la-ua\/#breadcrumb"},"inLanguage":"es","potentialAction":[{"@type":"ReadAction","target":["https:\/\/www.copealcoy.es\/es\/el-profesor-juan-manuel-cortell-nuevo-coordinador-del-campus-de-alcoy-de-la-ua\/"]}]},{"@type":"ImageObject","inLanguage":"es","@id":"https:\/\/www.copealcoy.es\/es\/el-profesor-juan-manuel-cortell-nuevo-coordinador-del-campus-de-alcoy-de-la-ua\/#primaryimage","url":"https:\/\/www.copealcoy.es\/wp-content\/uploads\/2023\/10\/Juan-Manuel-Cortell-Tormo-1.jpg","contentUrl":"https:\/\/www.copealcoy.es\/wp-content\/uploads\/2023\/10\/Juan-Manuel-Cortell-Tormo-1.jpg","width":800,"height":800},{"@type":"BreadcrumbList","@id":"https:\/\/www.copealcoy.es\/es\/el-profesor-juan-manuel-cortell-nuevo-coordinador-del-campus-de-alcoy-de-la-ua\/#breadcrumb","itemListElement":[{"@type":"ListItem","position":1,"name":"Portada","item":"https:\/\/www.copealcoy.es\/es\/"},{"@type":"ListItem","position":2,"name":"El profesor Juan Manuel Cortell, nuevo coordinador del Campus de Alcoy de la UA"}]},{"@type":"WebSite","@id":"https:\/\/www.copealcoy.es\/es\/#website","url":"https:\/\/www.copealcoy.es\/es\/","name":"COPE Alcoy","description":"Emisora COPE de radio local con emisi\u00f3n online. Pont de Sant Jordi 8-10 03803 Alcoy","potentialAction":[{"@type":"SearchAction","target":{"@type":"EntryPoint","urlTemplate":"https:\/\/www.copealcoy.es\/es\/?s={search_term_string}"},"query-input":{"@type":"PropertyValueSpecification","valueRequired":true,"valueName":"search_term_string"}}],"inLanguage":"es"},{"@type":"Person","@id":"https:\/\/www.copealcoy.es\/es\/#\/schema\/person\/e777c87fa024e57d40170af9df39882c","name":"Cope Alcoy","image":{"@type":"ImageObject","inLanguage":"es","@id":"https:\/\/secure.gravatar.com\/avatar\/bb65d0283347e303893ba14f0692005417c1e0e690a325a4c5d8bb2b3943ee14?s=96&d=mm&r=g","url":"https:\/\/secure.gravatar.com\/avatar\/bb65d0283347e303893ba14f0692005417c1e0e690a325a4c5d8bb2b3943ee14?s=96&d=mm&r=g","contentUrl":"https:\/\/secure.gravatar.com\/avatar\/bb65d0283347e303893ba14f0692005417c1e0e690a325a4c5d8bb2b3943ee14?s=96&d=mm&r=g","caption":"Cope Alcoy"}}]}},"_links":{"self":[{"href":"https:\/\/www.copealcoy.es\/es\/wp-json\/wp\/v2\/posts\/123215","targetHints":{"allow":["GET"]}}],"collection":[{"href":"https:\/\/www.copealcoy.es\/es\/wp-json\/wp\/v2\/posts"}],"about":[{"href":"https:\/\/www.copealcoy.es\/es\/wp-json\/wp\/v2\/types\/post"}],"author":[{"embeddable":true,"href":"https:\/\/www.copealcoy.es\/es\/wp-json\/wp\/v2\/users\/1"}],"replies":[{"embeddable":true,"href":"https:\/\/www.copealcoy.es\/es\/wp-json\/wp\/v2\/comments?post=123215"}],"version-history":[{"count":0,"href":"https:\/\/www.copealcoy.es\/es\/wp-json\/wp\/v2\/posts\/123215\/revisions"}],"wp:featuredmedia":[{"embeddable":true,"href":"https:\/\/www.copealcoy.es\/es\/wp-json\/wp\/v2\/media\/123222"}],"wp:attachment":[{"href":"https:\/\/www.copealcoy.es\/es\/wp-json\/wp\/v2\/media?parent=123215"}],"wp:term":[{"taxonomy":"category","embeddable":true,"href":"https:\/\/www.copealcoy.es\/es\/wp-json\/wp\/v2\/categories?post=123215"},{"taxonomy":"post_tag","embeddable":true,"href":"https:\/\/www.copealcoy.es\/es\/wp-json\/wp\/v2\/tags?post=123215"}],"curies":[{"name":"wp","href":"https:\/\/api.w.org\/{rel}","templated":true}]}}