{"id":123047,"date":"2023-10-10T07:30:38","date_gmt":"2023-10-10T06:30:38","guid":{"rendered":"https:\/\/www.copealcoy.es\/?p=123047"},"modified":"2023-11-18T21:23:30","modified_gmt":"2023-11-18T20:23:30","slug":"informativo-matinal-martes-9-de-octubre-2023-0720h","status":"publish","type":"post","link":"https:\/\/www.copealcoy.es\/es\/informativo-matinal-martes-9-de-octubre-2023-0720h\/","title":{"rendered":"Informativo matinal martes 10 de octubre 2023 (07:20h)"},"content":{"rendered":"<p><iframe loading=\"lazy\" title=\"Informatiu Matinal Dimarts 10 D&#039;Octubre 2023 (07:20h)\" width=\"100%\" height=\"120\" src=\"https:\/\/www.mixcloud.com\/widget\/iframe\/?feed=https%3A%2F%2Fwww.mixcloud.com%2FCOPEAlcoy%2Finformatiu-matinal-dimarts-10-doctubre-2023-0720h%2F&amp;hide_cover=1\" frameborder=\"0\"><\/iframe><\/p>\n<p style=\"text-align: justify;\">Las <strong>reivindicaciones en el D\u00eda de la Salud Mental<\/strong> y la <strong>celebraci\u00f3n del 9 d&#8217;octubre en Alcoy<\/strong> son algunas de las noticias destacadas de este 10 de octubre de 2023.<\/p>\n<p style=\"text-align: justify;\">La\u00a0<strong>festividad del 9 d\u2019Octubre<\/strong>\u00a0ha sido la protagonista en Alcoy este fin de semana con\u00a0<strong>la celebraci\u00f3n de actos consolidados<\/strong>, que tienen gran aceptaci\u00f3n entre el p\u00fablico, pero tambi\u00e9n,\u00a0<strong>la introducci\u00f3n de nuevos<\/strong>\u00a0que han tenido muy buena acogida. El\u00a0<strong>calor y las altas temperaturas<\/strong>\u00a0han acompa\u00f1ado las celebraciones en torno al D\u00eda de la Comunitat Valenciana y eso ha propiciado\u00a0<strong>una destacada a afluencia<\/strong>\u00a0a la Feria de La Glorieta o al \u2018Correfocs\u2019.<\/p>\n<p style=\"text-align: justify;\">Precisamente\u00a0<strong>este \u00faltimo abri\u00f3 el grueso de la programaci\u00f3n el viernes por la tarde<\/strong>\u00a0con un impresionante espect\u00e1culo a cargo de\u00a0 \u2018Dimonis Rafolins\u2019 de l\u2019Alqueria d\u2019Asnar que llen\u00f3 de luz y color las calles del Centro de la ciudad. Un castillo de fuegos artificiales puso el apote\u00f3sico final en La Bandeja horas despu\u00e9s de que abriese oficialmente\u00a0<strong>la Feria Tradicional y del Llibre en Valenci\u00e0<\/strong>\u00a0en La Glorieta. All\u00ed hemos podido disfrutar durante este largo fin de semana de m\u00e1s de treinta puestos que ofrec\u00edan desde comida a art\u00edculos locales pasando por artesan\u00eda o libros de autores valencianos. Todo ello acompa\u00f1ado de actuaciones musicales, talleres para los m\u00e1s peque\u00f1os e incluso la primera edici\u00f3n del\u00a0<strong>Concurso de Paellas<\/strong>\u00a0que ayer domingo result\u00f3 ser todo un \u00e9xito de convocatoria. Las mismas paellas se cocinaron en la calle Sant Bonaventura y despu\u00e9s los participantes se trasladaron al c\u00e9ntrico parque para comer entre un gran ambiente festivo.<\/p>\n<p style=\"text-align: justify;\">La jornada central del 9 d\u2019Octubre ha estado reservada para el<strong>\u00a0acto institucional<\/strong>\u00a0que se ha celebrado a mediod\u00eda de este lunes en el Teatro Calder\u00f3n. All\u00ed se han entregado\u00a0<strong>los premios 9 d\u2019Octubre<\/strong>, que han reca\u00eddo este a\u00f1o en\u00a0<strong>Paco Blay<\/strong>\u00a0y el\u00a0<strong>Centre Cultural Ovidi Montllor<\/strong>, en un acto conducido por el ic\u00f3nico Xavi Castillo que ha incluido\u00a0<strong>la lectura del manifiesto<\/strong>\u00a0de la mano del actor\u00a0<span style=\"color: #0000ff;\"><a style=\"color: #0000ff;\" href=\"https:\/\/www.facebook.com\/pep.sellesmoya\" target=\"_blank\" rel=\"noopener\"><strong>Pep Sell\u00e9s<\/strong><\/a>.<\/span> Este \u00faltimo ha puesto sobre la mesa reivindicaciones como seguir poniendo en valor la lengua valenciana o mantener la apuesta por la cultura alcoyana ejecutando proyectos tan esperados como la reforma del Teatro Principal. Tambi\u00e9n se ha hecho un reconocimiento a los concejales de la anterior legislatura que han abandonado ya la Corporaci\u00f3n Municipal y la m\u00fasica ha sido la protagonista con\u00a0<strong>un concierto protagonizado por la M\u00fasica Primitiva Apolo d\u2019Alcoi<\/strong>\u00a0dirigida por Francisco Valor. La ceremonia ha incluido\u00a0<strong>el discurso del alcalde<\/strong>, Toni Franc\u00e9s. y ha finalizado con\u00a0<strong>una innovadora puesta en escena<\/strong>\u00a0<strong>de la compa\u00f1\u00eda de danza a\u00e9rea de Sara Bernab\u00e9u<\/strong>\u00a0fusionada con piezas tradicionales como \u2018La Muixeranga\u2019 interpretada por componentes de las agrupaciones locales Rebuig, La Cordeta, Barxell y La Degoll\u00e0.<\/p>\n","protected":false},"excerpt":{"rendered":"<p>Las reivindicaciones en el D\u00eda de la Salud Mental y la celebraci\u00f3n del 9 d&#8217;octubre en Alcoy son algunas de&#8230;<\/p>\n","protected":false},"author":1,"featured_media":110612,"comment_status":"open","ping_status":"open","sticky":false,"template":"","format":"standard","meta":{"footnotes":""},"categories":[6909,89,91],"tags":[],"class_list":["post-123047","post","type-post","status-publish","format-standard","has-post-thumbnail","hentry","category-actualidad","category-audiosdelosprogramas","category-informativos"],"yoast_head":"<!-- This site is optimized with the Yoast SEO plugin v27.3 - https:\/\/yoast.com\/product\/yoast-seo-wordpress\/ -->\n<title>Informativo matinal martes 10 de octubre 2023 (07:20h) - COPE Alcoy<\/title>\n<meta name=\"description\" content=\"Las reivindicaciones en el D\u00eda de la Salud Mental y la celebraci\u00f3n del 9 d&#039;octubre en Alcoy son algunas de las noticias destacadas de este 10 de octubre de 2023.\" \/>\n<meta name=\"robots\" content=\"index, follow, max-snippet:-1, max-image-preview:large, max-video-preview:-1\" \/>\n<link rel=\"canonical\" href=\"https:\/\/www.copealcoy.es\/es\/informativo-matinal-martes-9-de-octubre-2023-0720h\/\" \/>\n<meta property=\"og:locale\" content=\"es_ES\" \/>\n<meta property=\"og:type\" content=\"article\" \/>\n<meta property=\"og:title\" content=\"Informativo matinal martes 10 de octubre 2023 (07:20h) - COPE Alcoy\" \/>\n<meta property=\"og:description\" content=\"Las reivindicaciones en el D\u00eda de la Salud Mental y la celebraci\u00f3n del 9 d&#039;octubre en Alcoy son algunas de las noticias destacadas de este 10 de octubre de 2023.\" \/>\n<meta property=\"og:url\" content=\"https:\/\/www.copealcoy.es\/es\/informativo-matinal-martes-9-de-octubre-2023-0720h\/\" \/>\n<meta property=\"og:site_name\" content=\"COPE Alcoy\" \/>\n<meta property=\"article:published_time\" content=\"2023-10-10T06:30:38+00:00\" \/>\n<meta property=\"article:modified_time\" content=\"2023-11-18T20:23:30+00:00\" \/>\n<meta property=\"og:image\" content=\"https:\/\/www.copealcoy.es\/wp-content\/uploads\/2023\/02\/Herrera-en-COPE-Alcoy-4.png\" \/>\n\t<meta property=\"og:image:width\" content=\"357\" \/>\n\t<meta property=\"og:image:height\" content=\"290\" \/>\n\t<meta property=\"og:image:type\" content=\"image\/png\" \/>\n<meta name=\"author\" content=\"Cope Alcoy\" \/>\n<meta name=\"twitter:label1\" content=\"Escrito por\" \/>\n\t<meta name=\"twitter:data1\" content=\"Cope Alcoy\" \/>\n\t<meta name=\"twitter:label2\" content=\"Tiempo de lectura\" \/>\n\t<meta name=\"twitter:data2\" content=\"3 minutos\" \/>\n<script type=\"application\/ld+json\" class=\"yoast-schema-graph\">{\"@context\":\"https:\\\/\\\/schema.org\",\"@graph\":[{\"@type\":\"Article\",\"@id\":\"https:\\\/\\\/www.copealcoy.es\\\/es\\\/informativo-matinal-martes-9-de-octubre-2023-0720h\\\/#article\",\"isPartOf\":{\"@id\":\"https:\\\/\\\/www.copealcoy.es\\\/es\\\/informativo-matinal-martes-9-de-octubre-2023-0720h\\\/\"},\"author\":{\"name\":\"Cope Alcoy\",\"@id\":\"https:\\\/\\\/www.copealcoy.es\\\/es\\\/#\\\/schema\\\/person\\\/e777c87fa024e57d40170af9df39882c\"},\"headline\":\"Informativo matinal martes 10 de octubre 2023 (07:20h)\",\"datePublished\":\"2023-10-10T06:30:38+00:00\",\"dateModified\":\"2023-11-18T20:23:30+00:00\",\"mainEntityOfPage\":{\"@id\":\"https:\\\/\\\/www.copealcoy.es\\\/es\\\/informativo-matinal-martes-9-de-octubre-2023-0720h\\\/\"},\"wordCount\":507,\"commentCount\":0,\"image\":{\"@id\":\"https:\\\/\\\/www.copealcoy.es\\\/es\\\/informativo-matinal-martes-9-de-octubre-2023-0720h\\\/#primaryimage\"},\"thumbnailUrl\":\"https:\\\/\\\/www.copealcoy.es\\\/wp-content\\\/uploads\\\/2023\\\/02\\\/Herrera-en-COPE-Alcoy-4.png\",\"articleSection\":[\"Actualidad\",\"Audios de los programas\",\"Informativos\"],\"inLanguage\":\"es\"},{\"@type\":\"WebPage\",\"@id\":\"https:\\\/\\\/www.copealcoy.es\\\/es\\\/informativo-matinal-martes-9-de-octubre-2023-0720h\\\/\",\"url\":\"https:\\\/\\\/www.copealcoy.es\\\/es\\\/informativo-matinal-martes-9-de-octubre-2023-0720h\\\/\",\"name\":\"Informativo matinal martes 10 de octubre 2023 (07:20h) - COPE Alcoy\",\"isPartOf\":{\"@id\":\"https:\\\/\\\/www.copealcoy.es\\\/es\\\/#website\"},\"primaryImageOfPage\":{\"@id\":\"https:\\\/\\\/www.copealcoy.es\\\/es\\\/informativo-matinal-martes-9-de-octubre-2023-0720h\\\/#primaryimage\"},\"image\":{\"@id\":\"https:\\\/\\\/www.copealcoy.es\\\/es\\\/informativo-matinal-martes-9-de-octubre-2023-0720h\\\/#primaryimage\"},\"thumbnailUrl\":\"https:\\\/\\\/www.copealcoy.es\\\/wp-content\\\/uploads\\\/2023\\\/02\\\/Herrera-en-COPE-Alcoy-4.png\",\"datePublished\":\"2023-10-10T06:30:38+00:00\",\"dateModified\":\"2023-11-18T20:23:30+00:00\",\"author\":{\"@id\":\"https:\\\/\\\/www.copealcoy.es\\\/es\\\/#\\\/schema\\\/person\\\/e777c87fa024e57d40170af9df39882c\"},\"description\":\"Las reivindicaciones en el D\u00eda de la Salud Mental y la celebraci\u00f3n del 9 d'octubre en Alcoy son algunas de las noticias destacadas de este 10 de octubre de 2023.\",\"breadcrumb\":{\"@id\":\"https:\\\/\\\/www.copealcoy.es\\\/es\\\/informativo-matinal-martes-9-de-octubre-2023-0720h\\\/#breadcrumb\"},\"inLanguage\":\"es\",\"potentialAction\":[{\"@type\":\"ReadAction\",\"target\":[\"https:\\\/\\\/www.copealcoy.es\\\/es\\\/informativo-matinal-martes-9-de-octubre-2023-0720h\\\/\"]}]},{\"@type\":\"ImageObject\",\"inLanguage\":\"es\",\"@id\":\"https:\\\/\\\/www.copealcoy.es\\\/es\\\/informativo-matinal-martes-9-de-octubre-2023-0720h\\\/#primaryimage\",\"url\":\"https:\\\/\\\/www.copealcoy.es\\\/wp-content\\\/uploads\\\/2023\\\/02\\\/Herrera-en-COPE-Alcoy-4.png\",\"contentUrl\":\"https:\\\/\\\/www.copealcoy.es\\\/wp-content\\\/uploads\\\/2023\\\/02\\\/Herrera-en-COPE-Alcoy-4.png\",\"width\":357,\"height\":290},{\"@type\":\"BreadcrumbList\",\"@id\":\"https:\\\/\\\/www.copealcoy.es\\\/es\\\/informativo-matinal-martes-9-de-octubre-2023-0720h\\\/#breadcrumb\",\"itemListElement\":[{\"@type\":\"ListItem\",\"position\":1,\"name\":\"Portada\",\"item\":\"https:\\\/\\\/www.copealcoy.es\\\/es\\\/\"},{\"@type\":\"ListItem\",\"position\":2,\"name\":\"Informativo matinal martes 10 de octubre 2023 (07:20h)\"}]},{\"@type\":\"WebSite\",\"@id\":\"https:\\\/\\\/www.copealcoy.es\\\/es\\\/#website\",\"url\":\"https:\\\/\\\/www.copealcoy.es\\\/es\\\/\",\"name\":\"COPE Alcoy\",\"description\":\"Emisora COPE de radio local con emisi\u00f3n online. Pont de Sant Jordi 8-10 03803 Alcoy\",\"potentialAction\":[{\"@type\":\"SearchAction\",\"target\":{\"@type\":\"EntryPoint\",\"urlTemplate\":\"https:\\\/\\\/www.copealcoy.es\\\/es\\\/?s={search_term_string}\"},\"query-input\":{\"@type\":\"PropertyValueSpecification\",\"valueRequired\":true,\"valueName\":\"search_term_string\"}}],\"inLanguage\":\"es\"},{\"@type\":\"Person\",\"@id\":\"https:\\\/\\\/www.copealcoy.es\\\/es\\\/#\\\/schema\\\/person\\\/e777c87fa024e57d40170af9df39882c\",\"name\":\"Cope Alcoy\",\"image\":{\"@type\":\"ImageObject\",\"inLanguage\":\"es\",\"@id\":\"https:\\\/\\\/secure.gravatar.com\\\/avatar\\\/bb65d0283347e303893ba14f0692005417c1e0e690a325a4c5d8bb2b3943ee14?s=96&d=mm&r=g\",\"url\":\"https:\\\/\\\/secure.gravatar.com\\\/avatar\\\/bb65d0283347e303893ba14f0692005417c1e0e690a325a4c5d8bb2b3943ee14?s=96&d=mm&r=g\",\"contentUrl\":\"https:\\\/\\\/secure.gravatar.com\\\/avatar\\\/bb65d0283347e303893ba14f0692005417c1e0e690a325a4c5d8bb2b3943ee14?s=96&d=mm&r=g\",\"caption\":\"Cope Alcoy\"}}]}<\/script>\n<!-- \/ Yoast SEO plugin. -->","yoast_head_json":{"title":"Informativo matinal martes 10 de octubre 2023 (07:20h) - COPE Alcoy","description":"Las reivindicaciones en el D\u00eda de la Salud Mental y la celebraci\u00f3n del 9 d'octubre en Alcoy son algunas de las noticias destacadas de este 10 de octubre de 2023.","robots":{"index":"index","follow":"follow","max-snippet":"max-snippet:-1","max-image-preview":"max-image-preview:large","max-video-preview":"max-video-preview:-1"},"canonical":"https:\/\/www.copealcoy.es\/es\/informativo-matinal-martes-9-de-octubre-2023-0720h\/","og_locale":"es_ES","og_type":"article","og_title":"Informativo matinal martes 10 de octubre 2023 (07:20h) - COPE Alcoy","og_description":"Las reivindicaciones en el D\u00eda de la Salud Mental y la celebraci\u00f3n del 9 d'octubre en Alcoy son algunas de las noticias destacadas de este 10 de octubre de 2023.","og_url":"https:\/\/www.copealcoy.es\/es\/informativo-matinal-martes-9-de-octubre-2023-0720h\/","og_site_name":"COPE Alcoy","article_published_time":"2023-10-10T06:30:38+00:00","article_modified_time":"2023-11-18T20:23:30+00:00","og_image":[{"width":357,"height":290,"url":"https:\/\/www.copealcoy.es\/wp-content\/uploads\/2023\/02\/Herrera-en-COPE-Alcoy-4.png","type":"image\/png"}],"author":"Cope Alcoy","twitter_misc":{"Escrito por":"Cope Alcoy","Tiempo de lectura":"3 minutos"},"schema":{"@context":"https:\/\/schema.org","@graph":[{"@type":"Article","@id":"https:\/\/www.copealcoy.es\/es\/informativo-matinal-martes-9-de-octubre-2023-0720h\/#article","isPartOf":{"@id":"https:\/\/www.copealcoy.es\/es\/informativo-matinal-martes-9-de-octubre-2023-0720h\/"},"author":{"name":"Cope Alcoy","@id":"https:\/\/www.copealcoy.es\/es\/#\/schema\/person\/e777c87fa024e57d40170af9df39882c"},"headline":"Informativo matinal martes 10 de octubre 2023 (07:20h)","datePublished":"2023-10-10T06:30:38+00:00","dateModified":"2023-11-18T20:23:30+00:00","mainEntityOfPage":{"@id":"https:\/\/www.copealcoy.es\/es\/informativo-matinal-martes-9-de-octubre-2023-0720h\/"},"wordCount":507,"commentCount":0,"image":{"@id":"https:\/\/www.copealcoy.es\/es\/informativo-matinal-martes-9-de-octubre-2023-0720h\/#primaryimage"},"thumbnailUrl":"https:\/\/www.copealcoy.es\/wp-content\/uploads\/2023\/02\/Herrera-en-COPE-Alcoy-4.png","articleSection":["Actualidad","Audios de los programas","Informativos"],"inLanguage":"es"},{"@type":"WebPage","@id":"https:\/\/www.copealcoy.es\/es\/informativo-matinal-martes-9-de-octubre-2023-0720h\/","url":"https:\/\/www.copealcoy.es\/es\/informativo-matinal-martes-9-de-octubre-2023-0720h\/","name":"Informativo matinal martes 10 de octubre 2023 (07:20h) - COPE Alcoy","isPartOf":{"@id":"https:\/\/www.copealcoy.es\/es\/#website"},"primaryImageOfPage":{"@id":"https:\/\/www.copealcoy.es\/es\/informativo-matinal-martes-9-de-octubre-2023-0720h\/#primaryimage"},"image":{"@id":"https:\/\/www.copealcoy.es\/es\/informativo-matinal-martes-9-de-octubre-2023-0720h\/#primaryimage"},"thumbnailUrl":"https:\/\/www.copealcoy.es\/wp-content\/uploads\/2023\/02\/Herrera-en-COPE-Alcoy-4.png","datePublished":"2023-10-10T06:30:38+00:00","dateModified":"2023-11-18T20:23:30+00:00","author":{"@id":"https:\/\/www.copealcoy.es\/es\/#\/schema\/person\/e777c87fa024e57d40170af9df39882c"},"description":"Las reivindicaciones en el D\u00eda de la Salud Mental y la celebraci\u00f3n del 9 d'octubre en Alcoy son algunas de las noticias destacadas de este 10 de octubre de 2023.","breadcrumb":{"@id":"https:\/\/www.copealcoy.es\/es\/informativo-matinal-martes-9-de-octubre-2023-0720h\/#breadcrumb"},"inLanguage":"es","potentialAction":[{"@type":"ReadAction","target":["https:\/\/www.copealcoy.es\/es\/informativo-matinal-martes-9-de-octubre-2023-0720h\/"]}]},{"@type":"ImageObject","inLanguage":"es","@id":"https:\/\/www.copealcoy.es\/es\/informativo-matinal-martes-9-de-octubre-2023-0720h\/#primaryimage","url":"https:\/\/www.copealcoy.es\/wp-content\/uploads\/2023\/02\/Herrera-en-COPE-Alcoy-4.png","contentUrl":"https:\/\/www.copealcoy.es\/wp-content\/uploads\/2023\/02\/Herrera-en-COPE-Alcoy-4.png","width":357,"height":290},{"@type":"BreadcrumbList","@id":"https:\/\/www.copealcoy.es\/es\/informativo-matinal-martes-9-de-octubre-2023-0720h\/#breadcrumb","itemListElement":[{"@type":"ListItem","position":1,"name":"Portada","item":"https:\/\/www.copealcoy.es\/es\/"},{"@type":"ListItem","position":2,"name":"Informativo matinal martes 10 de octubre 2023 (07:20h)"}]},{"@type":"WebSite","@id":"https:\/\/www.copealcoy.es\/es\/#website","url":"https:\/\/www.copealcoy.es\/es\/","name":"COPE Alcoy","description":"Emisora COPE de radio local con emisi\u00f3n online. Pont de Sant Jordi 8-10 03803 Alcoy","potentialAction":[{"@type":"SearchAction","target":{"@type":"EntryPoint","urlTemplate":"https:\/\/www.copealcoy.es\/es\/?s={search_term_string}"},"query-input":{"@type":"PropertyValueSpecification","valueRequired":true,"valueName":"search_term_string"}}],"inLanguage":"es"},{"@type":"Person","@id":"https:\/\/www.copealcoy.es\/es\/#\/schema\/person\/e777c87fa024e57d40170af9df39882c","name":"Cope Alcoy","image":{"@type":"ImageObject","inLanguage":"es","@id":"https:\/\/secure.gravatar.com\/avatar\/bb65d0283347e303893ba14f0692005417c1e0e690a325a4c5d8bb2b3943ee14?s=96&d=mm&r=g","url":"https:\/\/secure.gravatar.com\/avatar\/bb65d0283347e303893ba14f0692005417c1e0e690a325a4c5d8bb2b3943ee14?s=96&d=mm&r=g","contentUrl":"https:\/\/secure.gravatar.com\/avatar\/bb65d0283347e303893ba14f0692005417c1e0e690a325a4c5d8bb2b3943ee14?s=96&d=mm&r=g","caption":"Cope Alcoy"}}]}},"_links":{"self":[{"href":"https:\/\/www.copealcoy.es\/es\/wp-json\/wp\/v2\/posts\/123047","targetHints":{"allow":["GET"]}}],"collection":[{"href":"https:\/\/www.copealcoy.es\/es\/wp-json\/wp\/v2\/posts"}],"about":[{"href":"https:\/\/www.copealcoy.es\/es\/wp-json\/wp\/v2\/types\/post"}],"author":[{"embeddable":true,"href":"https:\/\/www.copealcoy.es\/es\/wp-json\/wp\/v2\/users\/1"}],"replies":[{"embeddable":true,"href":"https:\/\/www.copealcoy.es\/es\/wp-json\/wp\/v2\/comments?post=123047"}],"version-history":[{"count":0,"href":"https:\/\/www.copealcoy.es\/es\/wp-json\/wp\/v2\/posts\/123047\/revisions"}],"wp:featuredmedia":[{"embeddable":true,"href":"https:\/\/www.copealcoy.es\/es\/wp-json\/wp\/v2\/media\/110612"}],"wp:attachment":[{"href":"https:\/\/www.copealcoy.es\/es\/wp-json\/wp\/v2\/media?parent=123047"}],"wp:term":[{"taxonomy":"category","embeddable":true,"href":"https:\/\/www.copealcoy.es\/es\/wp-json\/wp\/v2\/categories?post=123047"},{"taxonomy":"post_tag","embeddable":true,"href":"https:\/\/www.copealcoy.es\/es\/wp-json\/wp\/v2\/tags?post=123047"}],"curies":[{"name":"wp","href":"https:\/\/api.w.org\/{rel}","templated":true}]}}