{"id":122887,"date":"2023-10-05T08:14:56","date_gmt":"2023-10-05T07:14:56","guid":{"rendered":"https:\/\/www.copealcoy.es\/?p=122887"},"modified":"2023-10-05T08:21:30","modified_gmt":"2023-10-05T07:21:30","slug":"condenan-al-contable-de-una-farmacia-de-alcoy-por-estafar-casi-160-000-euros","status":"publish","type":"post","link":"https:\/\/www.copealcoy.es\/es\/condenan-al-contable-de-una-farmacia-de-alcoy-por-estafar-casi-160-000-euros\/","title":{"rendered":"Condenan al contable de una farmacia de Alcoy por estafar casi 160.000 euros"},"content":{"rendered":"<p style=\"text-align: justify;\">La <strong>Secci\u00f3n Tercera de la Audiencia Provincial de Alicante\u00a0<\/strong>ha condenado a un hombre que trabaj\u00f3 como contable en una farmacia de Alcoy y donde se apropi\u00f3 de 159.145 euros en prejuicio de la propietaria. En concreto<strong> la condena asciende a tres a\u00f1os y cinco meses de prisi\u00f3n<\/strong> por un delito de estafa agravada.<\/p>\n<p style=\"text-align: justify;\">El fallo de la citada sentencia le impone adem\u00e1s <strong>el pago de una multa de 2.400 euros y le obliga a indemnizar a la perjudicada con la cantidad defraudada. <\/strong>Seg\u00fan se recoge en la sentencia,\u00a0<strong>los hechos ocurrieron entre los a\u00f1os 2010 y 2015,<\/strong>\u00a0cuando el contable, que se hab\u00eda ganado la confianza de la nueva due\u00f1a de la farmacia y se encargaba de la revisi\u00f3n de los pedidos y el pago de las facturas del comercio, facilit\u00f3 por tel\u00e9fono al principal proveedor de medicamentos del establecimiento un n\u00famero de cuenta bancaria de su titularidad.<\/p>\n<p style=\"text-align: justify;\">El acusado <strong>simul\u00f3 ante la responsable de la empresa proveedora<\/strong> que contaba con la autorizaci\u00f3n de la boticaria. Empleado este argumento consegu\u00eda que se ingresara en esa nueva cuenta <strong>el dinero de los descuentos y bonificaciones<\/strong> con las que la distribuidora beneficiaba a sus clientes en funci\u00f3n de las compras de f\u00e1rmacos que le hac\u00edan.<\/p>\n<p style=\"text-align: justify;\">De este modo,\u00a0<strong>el contable logr\u00f3 desviar, mediante transferencias peri\u00f3dicas, a su propio patrimonio un total de 129.100 euros.<\/strong> Paralelamente, en diciembre de 2011, redact\u00f3 una orden de transferencia por importe superior a 30.000 euros para pagar una factura de la farmacia que ya hab\u00eda sido abonada con anterioridad en la que puso como destino su cuenta bancaria personal. Cabe destacar que <strong>la sentencia no es firme<\/strong> y sobre la misma cabe un recurso de casaci\u00f3n.<\/p>\n<p><span style=\"color: #0000ff;\"><strong>Detenci\u00f3n por contrataci\u00f3n ilegal<\/strong><\/span><\/p>\n<p style=\"text-align: justify;\">Recordar que a finales de septiembre la <strong>Polic\u00eda Nacional detuvo a una mujer en Alcoy por contrataci\u00f3n ilegal de personas<\/strong>. Se trataba de la responsable de dos establecimientos,<strong>\u00a0dos salones de juego<\/strong> en concreto. La mujer contrat\u00f3 <strong>a dos trabajadores de origen venezolano que se encontraban en Espa\u00f1a en situaci\u00f3n irregular<\/strong>. Sin embargo, estos\u00a0<strong>no estaban asegurados y no los hab\u00eda dado de alta<\/strong>. Trabajaban bajo<strong>\u00a0condiciones abusivas<\/strong>, pues cobraran menos de lo inicialmente acordado y tan solo ten\u00edan una jornada libre cada 15 d\u00edas.<\/p>\n","protected":false},"excerpt":{"rendered":"<p>La Secci\u00f3n Tercera de la Audiencia Provincial de Alicante\u00a0ha condenado a un hombre que trabaj\u00f3 como contable en una farmacia&#8230;<\/p>\n","protected":false},"author":1,"featured_media":122888,"comment_status":"open","ping_status":"open","sticky":false,"template":"","format":"standard","meta":{"footnotes":""},"categories":[6909,97,75],"tags":[1494,15667,4175,15666,1840,14127],"class_list":["post-122887","post","type-post","status-publish","format-standard","has-post-thumbnail","hentry","category-actualidad","category-alcoy","category-noticias","tag-alcoy","tag-apropiacion-indebida","tag-condena","tag-contable","tag-estafa","tag-farmacia"],"yoast_head":"<!-- This site is optimized with the Yoast SEO plugin v27.3 - https:\/\/yoast.com\/product\/yoast-seo-wordpress\/ -->\n<title>Condenan al contable de una farmacia de Alcoy por estafar casi 160.000 euros - COPE Alcoy<\/title>\n<meta name=\"description\" content=\"La Secci\u00f3n Tercera de la Audiencia Provincial de Alicante\u00a0ha condenado a un hombre que trabaj\u00f3 como contable en una farmacia de Alcoy\" \/>\n<meta name=\"robots\" content=\"index, follow, max-snippet:-1, max-image-preview:large, max-video-preview:-1\" \/>\n<link rel=\"canonical\" href=\"https:\/\/www.copealcoy.es\/es\/condenan-al-contable-de-una-farmacia-de-alcoy-por-estafar-casi-160-000-euros\/\" \/>\n<meta property=\"og:locale\" content=\"es_ES\" \/>\n<meta property=\"og:type\" content=\"article\" \/>\n<meta property=\"og:title\" content=\"Condenan al contable de una farmacia de Alcoy por estafar casi 160.000 euros - COPE Alcoy\" \/>\n<meta property=\"og:description\" content=\"La Secci\u00f3n Tercera de la Audiencia Provincial de Alicante\u00a0ha condenado a un hombre que trabaj\u00f3 como contable en una farmacia de Alcoy\" \/>\n<meta property=\"og:url\" content=\"https:\/\/www.copealcoy.es\/es\/condenan-al-contable-de-una-farmacia-de-alcoy-por-estafar-casi-160-000-euros\/\" \/>\n<meta property=\"og:site_name\" content=\"COPE Alcoy\" \/>\n<meta property=\"article:published_time\" content=\"2023-10-05T07:14:56+00:00\" \/>\n<meta property=\"article:modified_time\" content=\"2023-10-05T07:21:30+00:00\" \/>\n<meta property=\"og:image\" content=\"https:\/\/www.copealcoy.es\/wp-content\/uploads\/2023\/10\/1581702683762.jpg\" \/>\n\t<meta property=\"og:image:width\" content=\"976\" \/>\n\t<meta property=\"og:image:height\" content=\"540\" \/>\n\t<meta property=\"og:image:type\" content=\"image\/jpeg\" \/>\n<meta name=\"author\" content=\"Cope Alcoy\" \/>\n<meta name=\"twitter:label1\" content=\"Escrito por\" \/>\n\t<meta name=\"twitter:data1\" content=\"Cope Alcoy\" \/>\n\t<meta name=\"twitter:label2\" content=\"Tiempo de lectura\" \/>\n\t<meta name=\"twitter:data2\" content=\"2 minutos\" \/>\n<script type=\"application\/ld+json\" class=\"yoast-schema-graph\">{\"@context\":\"https:\\\/\\\/schema.org\",\"@graph\":[{\"@type\":\"Article\",\"@id\":\"https:\\\/\\\/www.copealcoy.es\\\/es\\\/condenan-al-contable-de-una-farmacia-de-alcoy-por-estafar-casi-160-000-euros\\\/#article\",\"isPartOf\":{\"@id\":\"https:\\\/\\\/www.copealcoy.es\\\/es\\\/condenan-al-contable-de-una-farmacia-de-alcoy-por-estafar-casi-160-000-euros\\\/\"},\"author\":{\"name\":\"Cope Alcoy\",\"@id\":\"https:\\\/\\\/www.copealcoy.es\\\/es\\\/#\\\/schema\\\/person\\\/e777c87fa024e57d40170af9df39882c\"},\"headline\":\"Condenan al contable de una farmacia de Alcoy por estafar casi 160.000 euros\",\"datePublished\":\"2023-10-05T07:14:56+00:00\",\"dateModified\":\"2023-10-05T07:21:30+00:00\",\"mainEntityOfPage\":{\"@id\":\"https:\\\/\\\/www.copealcoy.es\\\/es\\\/condenan-al-contable-de-una-farmacia-de-alcoy-por-estafar-casi-160-000-euros\\\/\"},\"wordCount\":401,\"commentCount\":0,\"image\":{\"@id\":\"https:\\\/\\\/www.copealcoy.es\\\/es\\\/condenan-al-contable-de-una-farmacia-de-alcoy-por-estafar-casi-160-000-euros\\\/#primaryimage\"},\"thumbnailUrl\":\"https:\\\/\\\/www.copealcoy.es\\\/wp-content\\\/uploads\\\/2023\\\/10\\\/1581702683762.jpg\",\"keywords\":[\"Alcoy\",\"apropiaci\u00f3n indebida\",\"condena\",\"contable\",\"Estafa\",\"farmacia\"],\"articleSection\":[\"Actualidad\",\"Alcoy\",\"Noticias\"],\"inLanguage\":\"es\"},{\"@type\":\"WebPage\",\"@id\":\"https:\\\/\\\/www.copealcoy.es\\\/es\\\/condenan-al-contable-de-una-farmacia-de-alcoy-por-estafar-casi-160-000-euros\\\/\",\"url\":\"https:\\\/\\\/www.copealcoy.es\\\/es\\\/condenan-al-contable-de-una-farmacia-de-alcoy-por-estafar-casi-160-000-euros\\\/\",\"name\":\"Condenan al contable de una farmacia de Alcoy por estafar casi 160.000 euros - COPE Alcoy\",\"isPartOf\":{\"@id\":\"https:\\\/\\\/www.copealcoy.es\\\/es\\\/#website\"},\"primaryImageOfPage\":{\"@id\":\"https:\\\/\\\/www.copealcoy.es\\\/es\\\/condenan-al-contable-de-una-farmacia-de-alcoy-por-estafar-casi-160-000-euros\\\/#primaryimage\"},\"image\":{\"@id\":\"https:\\\/\\\/www.copealcoy.es\\\/es\\\/condenan-al-contable-de-una-farmacia-de-alcoy-por-estafar-casi-160-000-euros\\\/#primaryimage\"},\"thumbnailUrl\":\"https:\\\/\\\/www.copealcoy.es\\\/wp-content\\\/uploads\\\/2023\\\/10\\\/1581702683762.jpg\",\"datePublished\":\"2023-10-05T07:14:56+00:00\",\"dateModified\":\"2023-10-05T07:21:30+00:00\",\"author\":{\"@id\":\"https:\\\/\\\/www.copealcoy.es\\\/es\\\/#\\\/schema\\\/person\\\/e777c87fa024e57d40170af9df39882c\"},\"description\":\"La Secci\u00f3n Tercera de la Audiencia Provincial de Alicante\u00a0ha condenado a un hombre que trabaj\u00f3 como contable en una farmacia de Alcoy\",\"breadcrumb\":{\"@id\":\"https:\\\/\\\/www.copealcoy.es\\\/es\\\/condenan-al-contable-de-una-farmacia-de-alcoy-por-estafar-casi-160-000-euros\\\/#breadcrumb\"},\"inLanguage\":\"es\",\"potentialAction\":[{\"@type\":\"ReadAction\",\"target\":[\"https:\\\/\\\/www.copealcoy.es\\\/es\\\/condenan-al-contable-de-una-farmacia-de-alcoy-por-estafar-casi-160-000-euros\\\/\"]}]},{\"@type\":\"ImageObject\",\"inLanguage\":\"es\",\"@id\":\"https:\\\/\\\/www.copealcoy.es\\\/es\\\/condenan-al-contable-de-una-farmacia-de-alcoy-por-estafar-casi-160-000-euros\\\/#primaryimage\",\"url\":\"https:\\\/\\\/www.copealcoy.es\\\/wp-content\\\/uploads\\\/2023\\\/10\\\/1581702683762.jpg\",\"contentUrl\":\"https:\\\/\\\/www.copealcoy.es\\\/wp-content\\\/uploads\\\/2023\\\/10\\\/1581702683762.jpg\",\"width\":976,\"height\":540},{\"@type\":\"BreadcrumbList\",\"@id\":\"https:\\\/\\\/www.copealcoy.es\\\/es\\\/condenan-al-contable-de-una-farmacia-de-alcoy-por-estafar-casi-160-000-euros\\\/#breadcrumb\",\"itemListElement\":[{\"@type\":\"ListItem\",\"position\":1,\"name\":\"Portada\",\"item\":\"https:\\\/\\\/www.copealcoy.es\\\/es\\\/\"},{\"@type\":\"ListItem\",\"position\":2,\"name\":\"Condenan al contable de una farmacia de Alcoy por estafar casi 160.000 euros\"}]},{\"@type\":\"WebSite\",\"@id\":\"https:\\\/\\\/www.copealcoy.es\\\/es\\\/#website\",\"url\":\"https:\\\/\\\/www.copealcoy.es\\\/es\\\/\",\"name\":\"COPE Alcoy\",\"description\":\"Emisora COPE de radio local con emisi\u00f3n online. Pont de Sant Jordi 8-10 03803 Alcoy\",\"potentialAction\":[{\"@type\":\"SearchAction\",\"target\":{\"@type\":\"EntryPoint\",\"urlTemplate\":\"https:\\\/\\\/www.copealcoy.es\\\/es\\\/?s={search_term_string}\"},\"query-input\":{\"@type\":\"PropertyValueSpecification\",\"valueRequired\":true,\"valueName\":\"search_term_string\"}}],\"inLanguage\":\"es\"},{\"@type\":\"Person\",\"@id\":\"https:\\\/\\\/www.copealcoy.es\\\/es\\\/#\\\/schema\\\/person\\\/e777c87fa024e57d40170af9df39882c\",\"name\":\"Cope Alcoy\",\"image\":{\"@type\":\"ImageObject\",\"inLanguage\":\"es\",\"@id\":\"https:\\\/\\\/secure.gravatar.com\\\/avatar\\\/bb65d0283347e303893ba14f0692005417c1e0e690a325a4c5d8bb2b3943ee14?s=96&d=mm&r=g\",\"url\":\"https:\\\/\\\/secure.gravatar.com\\\/avatar\\\/bb65d0283347e303893ba14f0692005417c1e0e690a325a4c5d8bb2b3943ee14?s=96&d=mm&r=g\",\"contentUrl\":\"https:\\\/\\\/secure.gravatar.com\\\/avatar\\\/bb65d0283347e303893ba14f0692005417c1e0e690a325a4c5d8bb2b3943ee14?s=96&d=mm&r=g\",\"caption\":\"Cope Alcoy\"}}]}<\/script>\n<!-- \/ Yoast SEO plugin. -->","yoast_head_json":{"title":"Condenan al contable de una farmacia de Alcoy por estafar casi 160.000 euros - COPE Alcoy","description":"La Secci\u00f3n Tercera de la Audiencia Provincial de Alicante\u00a0ha condenado a un hombre que trabaj\u00f3 como contable en una farmacia de Alcoy","robots":{"index":"index","follow":"follow","max-snippet":"max-snippet:-1","max-image-preview":"max-image-preview:large","max-video-preview":"max-video-preview:-1"},"canonical":"https:\/\/www.copealcoy.es\/es\/condenan-al-contable-de-una-farmacia-de-alcoy-por-estafar-casi-160-000-euros\/","og_locale":"es_ES","og_type":"article","og_title":"Condenan al contable de una farmacia de Alcoy por estafar casi 160.000 euros - COPE Alcoy","og_description":"La Secci\u00f3n Tercera de la Audiencia Provincial de Alicante\u00a0ha condenado a un hombre que trabaj\u00f3 como contable en una farmacia de Alcoy","og_url":"https:\/\/www.copealcoy.es\/es\/condenan-al-contable-de-una-farmacia-de-alcoy-por-estafar-casi-160-000-euros\/","og_site_name":"COPE Alcoy","article_published_time":"2023-10-05T07:14:56+00:00","article_modified_time":"2023-10-05T07:21:30+00:00","og_image":[{"width":976,"height":540,"url":"https:\/\/www.copealcoy.es\/wp-content\/uploads\/2023\/10\/1581702683762.jpg","type":"image\/jpeg"}],"author":"Cope Alcoy","twitter_misc":{"Escrito por":"Cope Alcoy","Tiempo de lectura":"2 minutos"},"schema":{"@context":"https:\/\/schema.org","@graph":[{"@type":"Article","@id":"https:\/\/www.copealcoy.es\/es\/condenan-al-contable-de-una-farmacia-de-alcoy-por-estafar-casi-160-000-euros\/#article","isPartOf":{"@id":"https:\/\/www.copealcoy.es\/es\/condenan-al-contable-de-una-farmacia-de-alcoy-por-estafar-casi-160-000-euros\/"},"author":{"name":"Cope Alcoy","@id":"https:\/\/www.copealcoy.es\/es\/#\/schema\/person\/e777c87fa024e57d40170af9df39882c"},"headline":"Condenan al contable de una farmacia de Alcoy por estafar casi 160.000 euros","datePublished":"2023-10-05T07:14:56+00:00","dateModified":"2023-10-05T07:21:30+00:00","mainEntityOfPage":{"@id":"https:\/\/www.copealcoy.es\/es\/condenan-al-contable-de-una-farmacia-de-alcoy-por-estafar-casi-160-000-euros\/"},"wordCount":401,"commentCount":0,"image":{"@id":"https:\/\/www.copealcoy.es\/es\/condenan-al-contable-de-una-farmacia-de-alcoy-por-estafar-casi-160-000-euros\/#primaryimage"},"thumbnailUrl":"https:\/\/www.copealcoy.es\/wp-content\/uploads\/2023\/10\/1581702683762.jpg","keywords":["Alcoy","apropiaci\u00f3n indebida","condena","contable","Estafa","farmacia"],"articleSection":["Actualidad","Alcoy","Noticias"],"inLanguage":"es"},{"@type":"WebPage","@id":"https:\/\/www.copealcoy.es\/es\/condenan-al-contable-de-una-farmacia-de-alcoy-por-estafar-casi-160-000-euros\/","url":"https:\/\/www.copealcoy.es\/es\/condenan-al-contable-de-una-farmacia-de-alcoy-por-estafar-casi-160-000-euros\/","name":"Condenan al contable de una farmacia de Alcoy por estafar casi 160.000 euros - COPE Alcoy","isPartOf":{"@id":"https:\/\/www.copealcoy.es\/es\/#website"},"primaryImageOfPage":{"@id":"https:\/\/www.copealcoy.es\/es\/condenan-al-contable-de-una-farmacia-de-alcoy-por-estafar-casi-160-000-euros\/#primaryimage"},"image":{"@id":"https:\/\/www.copealcoy.es\/es\/condenan-al-contable-de-una-farmacia-de-alcoy-por-estafar-casi-160-000-euros\/#primaryimage"},"thumbnailUrl":"https:\/\/www.copealcoy.es\/wp-content\/uploads\/2023\/10\/1581702683762.jpg","datePublished":"2023-10-05T07:14:56+00:00","dateModified":"2023-10-05T07:21:30+00:00","author":{"@id":"https:\/\/www.copealcoy.es\/es\/#\/schema\/person\/e777c87fa024e57d40170af9df39882c"},"description":"La Secci\u00f3n Tercera de la Audiencia Provincial de Alicante\u00a0ha condenado a un hombre que trabaj\u00f3 como contable en una farmacia de Alcoy","breadcrumb":{"@id":"https:\/\/www.copealcoy.es\/es\/condenan-al-contable-de-una-farmacia-de-alcoy-por-estafar-casi-160-000-euros\/#breadcrumb"},"inLanguage":"es","potentialAction":[{"@type":"ReadAction","target":["https:\/\/www.copealcoy.es\/es\/condenan-al-contable-de-una-farmacia-de-alcoy-por-estafar-casi-160-000-euros\/"]}]},{"@type":"ImageObject","inLanguage":"es","@id":"https:\/\/www.copealcoy.es\/es\/condenan-al-contable-de-una-farmacia-de-alcoy-por-estafar-casi-160-000-euros\/#primaryimage","url":"https:\/\/www.copealcoy.es\/wp-content\/uploads\/2023\/10\/1581702683762.jpg","contentUrl":"https:\/\/www.copealcoy.es\/wp-content\/uploads\/2023\/10\/1581702683762.jpg","width":976,"height":540},{"@type":"BreadcrumbList","@id":"https:\/\/www.copealcoy.es\/es\/condenan-al-contable-de-una-farmacia-de-alcoy-por-estafar-casi-160-000-euros\/#breadcrumb","itemListElement":[{"@type":"ListItem","position":1,"name":"Portada","item":"https:\/\/www.copealcoy.es\/es\/"},{"@type":"ListItem","position":2,"name":"Condenan al contable de una farmacia de Alcoy por estafar casi 160.000 euros"}]},{"@type":"WebSite","@id":"https:\/\/www.copealcoy.es\/es\/#website","url":"https:\/\/www.copealcoy.es\/es\/","name":"COPE Alcoy","description":"Emisora COPE de radio local con emisi\u00f3n online. Pont de Sant Jordi 8-10 03803 Alcoy","potentialAction":[{"@type":"SearchAction","target":{"@type":"EntryPoint","urlTemplate":"https:\/\/www.copealcoy.es\/es\/?s={search_term_string}"},"query-input":{"@type":"PropertyValueSpecification","valueRequired":true,"valueName":"search_term_string"}}],"inLanguage":"es"},{"@type":"Person","@id":"https:\/\/www.copealcoy.es\/es\/#\/schema\/person\/e777c87fa024e57d40170af9df39882c","name":"Cope Alcoy","image":{"@type":"ImageObject","inLanguage":"es","@id":"https:\/\/secure.gravatar.com\/avatar\/bb65d0283347e303893ba14f0692005417c1e0e690a325a4c5d8bb2b3943ee14?s=96&d=mm&r=g","url":"https:\/\/secure.gravatar.com\/avatar\/bb65d0283347e303893ba14f0692005417c1e0e690a325a4c5d8bb2b3943ee14?s=96&d=mm&r=g","contentUrl":"https:\/\/secure.gravatar.com\/avatar\/bb65d0283347e303893ba14f0692005417c1e0e690a325a4c5d8bb2b3943ee14?s=96&d=mm&r=g","caption":"Cope Alcoy"}}]}},"_links":{"self":[{"href":"https:\/\/www.copealcoy.es\/es\/wp-json\/wp\/v2\/posts\/122887","targetHints":{"allow":["GET"]}}],"collection":[{"href":"https:\/\/www.copealcoy.es\/es\/wp-json\/wp\/v2\/posts"}],"about":[{"href":"https:\/\/www.copealcoy.es\/es\/wp-json\/wp\/v2\/types\/post"}],"author":[{"embeddable":true,"href":"https:\/\/www.copealcoy.es\/es\/wp-json\/wp\/v2\/users\/1"}],"replies":[{"embeddable":true,"href":"https:\/\/www.copealcoy.es\/es\/wp-json\/wp\/v2\/comments?post=122887"}],"version-history":[{"count":0,"href":"https:\/\/www.copealcoy.es\/es\/wp-json\/wp\/v2\/posts\/122887\/revisions"}],"wp:featuredmedia":[{"embeddable":true,"href":"https:\/\/www.copealcoy.es\/es\/wp-json\/wp\/v2\/media\/122888"}],"wp:attachment":[{"href":"https:\/\/www.copealcoy.es\/es\/wp-json\/wp\/v2\/media?parent=122887"}],"wp:term":[{"taxonomy":"category","embeddable":true,"href":"https:\/\/www.copealcoy.es\/es\/wp-json\/wp\/v2\/categories?post=122887"},{"taxonomy":"post_tag","embeddable":true,"href":"https:\/\/www.copealcoy.es\/es\/wp-json\/wp\/v2\/tags?post=122887"}],"curies":[{"name":"wp","href":"https:\/\/api.w.org\/{rel}","templated":true}]}}