{"id":122782,"date":"2023-10-04T07:20:36","date_gmt":"2023-10-04T06:20:36","guid":{"rendered":"https:\/\/www.copealcoy.es\/?p=122782"},"modified":"2023-10-04T07:26:52","modified_gmt":"2023-10-04T06:26:52","slug":"informativo-matinal-miercoles-4-de-octubre-2023-0720h","status":"publish","type":"post","link":"https:\/\/www.copealcoy.es\/es\/informativo-matinal-miercoles-4-de-octubre-2023-0720h\/","title":{"rendered":"Informativo matinal mi\u00e9rcoles 4 de octubre 2023 (07:20h)"},"content":{"rendered":"<p><iframe loading=\"lazy\" title=\"Informatiu Matinal Dimecres 4 D&#039;Octubre 2023 (07:20h)\" width=\"100%\" height=\"120\" src=\"https:\/\/www.mixcloud.com\/widget\/iframe\/?feed=https%3A%2F%2Fwww.mixcloud.com%2FCOPEAlcoy%2Finformatiu-matinal-dimecres-4-doctubre-2023-0720h%2F&amp;hide_cover=1\" frameborder=\"0\"><\/iframe><\/p>\n<p style=\"text-align: justify;\">La <strong>posici\u00f3n de Comprom\u00eds respecto al proyecto del pol\u00edgono industrial Alcoy Sur<\/strong> y las<strong> novedades en el caso del hombre que intent\u00f3 arrojar a su mujer por el balc\u00f3n<\/strong> son algunas de las noticias destacadas de este 4 de octubre de 2023.<\/p>\n<p style=\"text-align: justify;\">Diferencias en el seno del Gobierno local de Alcoy. Si ayer el alcalde de Alcoy, el socialista<strong>\u00a0Toni Franc\u00e9s<\/strong>, mostraba su\u00a0<span style=\"color: #000080;\"><a style=\"color: #000080;\" href=\"https:\/\/www.copealcoy.es\/carlos-mazon-respalda-la-creacion-de-suelo-industrial-y-el-desarrollo-del-poligono-alcoy-sur\/\" target=\"_blank\" rel=\"noopener\"><strong>compromiso con la Generalitat Valenciana para desarrollar el pol\u00edgono industrial Alcoy Sur<\/strong><\/a>\u00a0<\/span>-en la zona Sur de la Canal-, hoy\u00a0<strong>Comprom\u00eds no se ha mostrado convencido<\/strong>\u00a0con este proyecto.<\/p>\n<p style=\"text-align: justify;\">Y es que la edil de Industria,<strong>\u00a0Kuki Guillem<\/strong>, ha asegurado en el\u00a0<strong>Tiempo de An\u00e1lisis<\/strong>\u00a0de este martes en\u00a0<strong>Cope Alcoy<\/strong>\u00a0que Comprom\u00eds no se ha mostrado nunca a favor de desarrollar este proyecto. \u00ab<strong>Desde Comprom\u00eds nuestra idea no ha sido nunca estar a favor (del pol\u00edgono) de la Canal<\/strong>. Hemos estado m\u00e1s a favor de mancomunar el suelo posible\u00bb.<\/p>\n<p style=\"text-align: justify;\">Guillem ha asegurado que faltan tambi\u00e9n informes que acrediten si se puede o no crear un pol\u00edgono en esa zona. \u00abA m\u00ed personalmente no me ha llegado ning\u00fan estudio ambiental que diga que ah\u00ed se pueda hacerse suelo industrial\u00bb.<\/p>\n<p style=\"text-align: justify;\">Declaraciones de la responsable de Industria que<strong>\u00a0chocan con la posici\u00f3n que mostr\u00f3 ayer el alcalde<\/strong>, a favor de que se empiece a trabajar con la Generalitat para hacer este proyecto realidad. Una contradicci\u00f3n que ha destacado\u00a0<strong>Guanyar Alcoi<\/strong>. \u00ab<strong>Tendr\u00e9is que plantearos qu\u00e9 hac\u00e9is en un Gobierno que no va a cambiar esas pol\u00edticas<\/strong>\u00ab, ha espetado<strong>\u00a0Sergi Rodr\u00edguez<\/strong>, portavoz de Guanyar, a Guillem. Precisamente desarrollar un pol\u00edgono en esta zona fue una de las l\u00edneas rojas de la plataforma municipalista a la hora de conformar Gobierno. \u00abEsto demuestra por qu\u00e9 no hemos formado parte de este Gobierno\u00bb.<\/p>\n<p style=\"text-align: justify;\">Desde el\u00a0<strong>Partido Popular<\/strong>, critican la posici\u00f3n de Comprom\u00eds. \u00abMe preocupa mucho su actitud, porque es parte del Gobierno y es una actitud totalmente tibia y nada valiente\u00bb, ha asegurado\u00a0<strong>Lirios Garc\u00eda<\/strong>, edil popular.<\/p>\n","protected":false},"excerpt":{"rendered":"<p>La posici\u00f3n de Comprom\u00eds respecto al proyecto del pol\u00edgono industrial Alcoy Sur y las novedades en el caso del hombre&#8230;<\/p>\n","protected":false},"author":1,"featured_media":110612,"comment_status":"open","ping_status":"open","sticky":false,"template":"","format":"standard","meta":{"footnotes":""},"categories":[6909,89,91],"tags":[],"class_list":["post-122782","post","type-post","status-publish","format-standard","has-post-thumbnail","hentry","category-actualidad","category-audiosdelosprogramas","category-informativos"],"yoast_head":"<!-- This site is optimized with the Yoast SEO plugin v27.3 - https:\/\/yoast.com\/product\/yoast-seo-wordpress\/ -->\n<title>Informativo matinal mi\u00e9rcoles 4 de octubre 2023 (07:20h) - COPE Alcoy<\/title>\n<meta name=\"description\" content=\"La posici\u00f3n de Comprom\u00eds respecto al proyecto del pol\u00edgono industrial Alcoy Sur y las novedades en el caso del hombre que intent\u00f3 arrojar a su mujer por el balc\u00f3n son algunas de las noticias destacadas de este 4 de octubre de 2023.\" \/>\n<meta name=\"robots\" content=\"index, follow, max-snippet:-1, max-image-preview:large, max-video-preview:-1\" \/>\n<link rel=\"canonical\" href=\"https:\/\/www.copealcoy.es\/es\/informativo-matinal-miercoles-4-de-octubre-2023-0720h\/\" \/>\n<meta property=\"og:locale\" content=\"es_ES\" \/>\n<meta property=\"og:type\" content=\"article\" \/>\n<meta property=\"og:title\" content=\"Informativo matinal mi\u00e9rcoles 4 de octubre 2023 (07:20h) - COPE Alcoy\" \/>\n<meta property=\"og:description\" content=\"La posici\u00f3n de Comprom\u00eds respecto al proyecto del pol\u00edgono industrial Alcoy Sur y las novedades en el caso del hombre que intent\u00f3 arrojar a su mujer por el balc\u00f3n son algunas de las noticias destacadas de este 4 de octubre de 2023.\" \/>\n<meta property=\"og:url\" content=\"https:\/\/www.copealcoy.es\/es\/informativo-matinal-miercoles-4-de-octubre-2023-0720h\/\" \/>\n<meta property=\"og:site_name\" content=\"COPE Alcoy\" \/>\n<meta property=\"article:published_time\" content=\"2023-10-04T06:20:36+00:00\" \/>\n<meta property=\"article:modified_time\" content=\"2023-10-04T06:26:52+00:00\" \/>\n<meta property=\"og:image\" content=\"https:\/\/www.copealcoy.es\/wp-content\/uploads\/2023\/02\/Herrera-en-COPE-Alcoy-4.png\" \/>\n\t<meta property=\"og:image:width\" content=\"357\" \/>\n\t<meta property=\"og:image:height\" content=\"290\" \/>\n\t<meta property=\"og:image:type\" content=\"image\/png\" \/>\n<meta name=\"author\" content=\"Cope Alcoy\" \/>\n<meta name=\"twitter:label1\" content=\"Escrito por\" \/>\n\t<meta name=\"twitter:data1\" content=\"Cope Alcoy\" \/>\n\t<meta name=\"twitter:label2\" content=\"Tiempo de lectura\" \/>\n\t<meta name=\"twitter:data2\" content=\"2 minutos\" \/>\n<script type=\"application\/ld+json\" class=\"yoast-schema-graph\">{\"@context\":\"https:\\\/\\\/schema.org\",\"@graph\":[{\"@type\":\"Article\",\"@id\":\"https:\\\/\\\/www.copealcoy.es\\\/es\\\/informativo-matinal-miercoles-4-de-octubre-2023-0720h\\\/#article\",\"isPartOf\":{\"@id\":\"https:\\\/\\\/www.copealcoy.es\\\/es\\\/informativo-matinal-miercoles-4-de-octubre-2023-0720h\\\/\"},\"author\":{\"name\":\"Cope Alcoy\",\"@id\":\"https:\\\/\\\/www.copealcoy.es\\\/es\\\/#\\\/schema\\\/person\\\/e777c87fa024e57d40170af9df39882c\"},\"headline\":\"Informativo matinal mi\u00e9rcoles 4 de octubre 2023 (07:20h)\",\"datePublished\":\"2023-10-04T06:20:36+00:00\",\"dateModified\":\"2023-10-04T06:26:52+00:00\",\"mainEntityOfPage\":{\"@id\":\"https:\\\/\\\/www.copealcoy.es\\\/es\\\/informativo-matinal-miercoles-4-de-octubre-2023-0720h\\\/\"},\"wordCount\":363,\"commentCount\":0,\"image\":{\"@id\":\"https:\\\/\\\/www.copealcoy.es\\\/es\\\/informativo-matinal-miercoles-4-de-octubre-2023-0720h\\\/#primaryimage\"},\"thumbnailUrl\":\"https:\\\/\\\/www.copealcoy.es\\\/wp-content\\\/uploads\\\/2023\\\/02\\\/Herrera-en-COPE-Alcoy-4.png\",\"articleSection\":[\"Actualidad\",\"Audios de los programas\",\"Informativos\"],\"inLanguage\":\"es\"},{\"@type\":\"WebPage\",\"@id\":\"https:\\\/\\\/www.copealcoy.es\\\/es\\\/informativo-matinal-miercoles-4-de-octubre-2023-0720h\\\/\",\"url\":\"https:\\\/\\\/www.copealcoy.es\\\/es\\\/informativo-matinal-miercoles-4-de-octubre-2023-0720h\\\/\",\"name\":\"Informativo matinal mi\u00e9rcoles 4 de octubre 2023 (07:20h) - COPE Alcoy\",\"isPartOf\":{\"@id\":\"https:\\\/\\\/www.copealcoy.es\\\/es\\\/#website\"},\"primaryImageOfPage\":{\"@id\":\"https:\\\/\\\/www.copealcoy.es\\\/es\\\/informativo-matinal-miercoles-4-de-octubre-2023-0720h\\\/#primaryimage\"},\"image\":{\"@id\":\"https:\\\/\\\/www.copealcoy.es\\\/es\\\/informativo-matinal-miercoles-4-de-octubre-2023-0720h\\\/#primaryimage\"},\"thumbnailUrl\":\"https:\\\/\\\/www.copealcoy.es\\\/wp-content\\\/uploads\\\/2023\\\/02\\\/Herrera-en-COPE-Alcoy-4.png\",\"datePublished\":\"2023-10-04T06:20:36+00:00\",\"dateModified\":\"2023-10-04T06:26:52+00:00\",\"author\":{\"@id\":\"https:\\\/\\\/www.copealcoy.es\\\/es\\\/#\\\/schema\\\/person\\\/e777c87fa024e57d40170af9df39882c\"},\"description\":\"La posici\u00f3n de Comprom\u00eds respecto al proyecto del pol\u00edgono industrial Alcoy Sur y las novedades en el caso del hombre que intent\u00f3 arrojar a su mujer por el balc\u00f3n son algunas de las noticias destacadas de este 4 de octubre de 2023.\",\"breadcrumb\":{\"@id\":\"https:\\\/\\\/www.copealcoy.es\\\/es\\\/informativo-matinal-miercoles-4-de-octubre-2023-0720h\\\/#breadcrumb\"},\"inLanguage\":\"es\",\"potentialAction\":[{\"@type\":\"ReadAction\",\"target\":[\"https:\\\/\\\/www.copealcoy.es\\\/es\\\/informativo-matinal-miercoles-4-de-octubre-2023-0720h\\\/\"]}]},{\"@type\":\"ImageObject\",\"inLanguage\":\"es\",\"@id\":\"https:\\\/\\\/www.copealcoy.es\\\/es\\\/informativo-matinal-miercoles-4-de-octubre-2023-0720h\\\/#primaryimage\",\"url\":\"https:\\\/\\\/www.copealcoy.es\\\/wp-content\\\/uploads\\\/2023\\\/02\\\/Herrera-en-COPE-Alcoy-4.png\",\"contentUrl\":\"https:\\\/\\\/www.copealcoy.es\\\/wp-content\\\/uploads\\\/2023\\\/02\\\/Herrera-en-COPE-Alcoy-4.png\",\"width\":357,\"height\":290},{\"@type\":\"BreadcrumbList\",\"@id\":\"https:\\\/\\\/www.copealcoy.es\\\/es\\\/informativo-matinal-miercoles-4-de-octubre-2023-0720h\\\/#breadcrumb\",\"itemListElement\":[{\"@type\":\"ListItem\",\"position\":1,\"name\":\"Portada\",\"item\":\"https:\\\/\\\/www.copealcoy.es\\\/es\\\/\"},{\"@type\":\"ListItem\",\"position\":2,\"name\":\"Informativo matinal mi\u00e9rcoles 4 de octubre 2023 (07:20h)\"}]},{\"@type\":\"WebSite\",\"@id\":\"https:\\\/\\\/www.copealcoy.es\\\/es\\\/#website\",\"url\":\"https:\\\/\\\/www.copealcoy.es\\\/es\\\/\",\"name\":\"COPE Alcoy\",\"description\":\"Emisora COPE de radio local con emisi\u00f3n online. Pont de Sant Jordi 8-10 03803 Alcoy\",\"potentialAction\":[{\"@type\":\"SearchAction\",\"target\":{\"@type\":\"EntryPoint\",\"urlTemplate\":\"https:\\\/\\\/www.copealcoy.es\\\/es\\\/?s={search_term_string}\"},\"query-input\":{\"@type\":\"PropertyValueSpecification\",\"valueRequired\":true,\"valueName\":\"search_term_string\"}}],\"inLanguage\":\"es\"},{\"@type\":\"Person\",\"@id\":\"https:\\\/\\\/www.copealcoy.es\\\/es\\\/#\\\/schema\\\/person\\\/e777c87fa024e57d40170af9df39882c\",\"name\":\"Cope Alcoy\",\"image\":{\"@type\":\"ImageObject\",\"inLanguage\":\"es\",\"@id\":\"https:\\\/\\\/secure.gravatar.com\\\/avatar\\\/bb65d0283347e303893ba14f0692005417c1e0e690a325a4c5d8bb2b3943ee14?s=96&d=mm&r=g\",\"url\":\"https:\\\/\\\/secure.gravatar.com\\\/avatar\\\/bb65d0283347e303893ba14f0692005417c1e0e690a325a4c5d8bb2b3943ee14?s=96&d=mm&r=g\",\"contentUrl\":\"https:\\\/\\\/secure.gravatar.com\\\/avatar\\\/bb65d0283347e303893ba14f0692005417c1e0e690a325a4c5d8bb2b3943ee14?s=96&d=mm&r=g\",\"caption\":\"Cope Alcoy\"}}]}<\/script>\n<!-- \/ Yoast SEO plugin. -->","yoast_head_json":{"title":"Informativo matinal mi\u00e9rcoles 4 de octubre 2023 (07:20h) - COPE Alcoy","description":"La posici\u00f3n de Comprom\u00eds respecto al proyecto del pol\u00edgono industrial Alcoy Sur y las novedades en el caso del hombre que intent\u00f3 arrojar a su mujer por el balc\u00f3n son algunas de las noticias destacadas de este 4 de octubre de 2023.","robots":{"index":"index","follow":"follow","max-snippet":"max-snippet:-1","max-image-preview":"max-image-preview:large","max-video-preview":"max-video-preview:-1"},"canonical":"https:\/\/www.copealcoy.es\/es\/informativo-matinal-miercoles-4-de-octubre-2023-0720h\/","og_locale":"es_ES","og_type":"article","og_title":"Informativo matinal mi\u00e9rcoles 4 de octubre 2023 (07:20h) - COPE Alcoy","og_description":"La posici\u00f3n de Comprom\u00eds respecto al proyecto del pol\u00edgono industrial Alcoy Sur y las novedades en el caso del hombre que intent\u00f3 arrojar a su mujer por el balc\u00f3n son algunas de las noticias destacadas de este 4 de octubre de 2023.","og_url":"https:\/\/www.copealcoy.es\/es\/informativo-matinal-miercoles-4-de-octubre-2023-0720h\/","og_site_name":"COPE Alcoy","article_published_time":"2023-10-04T06:20:36+00:00","article_modified_time":"2023-10-04T06:26:52+00:00","og_image":[{"width":357,"height":290,"url":"https:\/\/www.copealcoy.es\/wp-content\/uploads\/2023\/02\/Herrera-en-COPE-Alcoy-4.png","type":"image\/png"}],"author":"Cope Alcoy","twitter_misc":{"Escrito por":"Cope Alcoy","Tiempo de lectura":"2 minutos"},"schema":{"@context":"https:\/\/schema.org","@graph":[{"@type":"Article","@id":"https:\/\/www.copealcoy.es\/es\/informativo-matinal-miercoles-4-de-octubre-2023-0720h\/#article","isPartOf":{"@id":"https:\/\/www.copealcoy.es\/es\/informativo-matinal-miercoles-4-de-octubre-2023-0720h\/"},"author":{"name":"Cope Alcoy","@id":"https:\/\/www.copealcoy.es\/es\/#\/schema\/person\/e777c87fa024e57d40170af9df39882c"},"headline":"Informativo matinal mi\u00e9rcoles 4 de octubre 2023 (07:20h)","datePublished":"2023-10-04T06:20:36+00:00","dateModified":"2023-10-04T06:26:52+00:00","mainEntityOfPage":{"@id":"https:\/\/www.copealcoy.es\/es\/informativo-matinal-miercoles-4-de-octubre-2023-0720h\/"},"wordCount":363,"commentCount":0,"image":{"@id":"https:\/\/www.copealcoy.es\/es\/informativo-matinal-miercoles-4-de-octubre-2023-0720h\/#primaryimage"},"thumbnailUrl":"https:\/\/www.copealcoy.es\/wp-content\/uploads\/2023\/02\/Herrera-en-COPE-Alcoy-4.png","articleSection":["Actualidad","Audios de los programas","Informativos"],"inLanguage":"es"},{"@type":"WebPage","@id":"https:\/\/www.copealcoy.es\/es\/informativo-matinal-miercoles-4-de-octubre-2023-0720h\/","url":"https:\/\/www.copealcoy.es\/es\/informativo-matinal-miercoles-4-de-octubre-2023-0720h\/","name":"Informativo matinal mi\u00e9rcoles 4 de octubre 2023 (07:20h) - COPE Alcoy","isPartOf":{"@id":"https:\/\/www.copealcoy.es\/es\/#website"},"primaryImageOfPage":{"@id":"https:\/\/www.copealcoy.es\/es\/informativo-matinal-miercoles-4-de-octubre-2023-0720h\/#primaryimage"},"image":{"@id":"https:\/\/www.copealcoy.es\/es\/informativo-matinal-miercoles-4-de-octubre-2023-0720h\/#primaryimage"},"thumbnailUrl":"https:\/\/www.copealcoy.es\/wp-content\/uploads\/2023\/02\/Herrera-en-COPE-Alcoy-4.png","datePublished":"2023-10-04T06:20:36+00:00","dateModified":"2023-10-04T06:26:52+00:00","author":{"@id":"https:\/\/www.copealcoy.es\/es\/#\/schema\/person\/e777c87fa024e57d40170af9df39882c"},"description":"La posici\u00f3n de Comprom\u00eds respecto al proyecto del pol\u00edgono industrial Alcoy Sur y las novedades en el caso del hombre que intent\u00f3 arrojar a su mujer por el balc\u00f3n son algunas de las noticias destacadas de este 4 de octubre de 2023.","breadcrumb":{"@id":"https:\/\/www.copealcoy.es\/es\/informativo-matinal-miercoles-4-de-octubre-2023-0720h\/#breadcrumb"},"inLanguage":"es","potentialAction":[{"@type":"ReadAction","target":["https:\/\/www.copealcoy.es\/es\/informativo-matinal-miercoles-4-de-octubre-2023-0720h\/"]}]},{"@type":"ImageObject","inLanguage":"es","@id":"https:\/\/www.copealcoy.es\/es\/informativo-matinal-miercoles-4-de-octubre-2023-0720h\/#primaryimage","url":"https:\/\/www.copealcoy.es\/wp-content\/uploads\/2023\/02\/Herrera-en-COPE-Alcoy-4.png","contentUrl":"https:\/\/www.copealcoy.es\/wp-content\/uploads\/2023\/02\/Herrera-en-COPE-Alcoy-4.png","width":357,"height":290},{"@type":"BreadcrumbList","@id":"https:\/\/www.copealcoy.es\/es\/informativo-matinal-miercoles-4-de-octubre-2023-0720h\/#breadcrumb","itemListElement":[{"@type":"ListItem","position":1,"name":"Portada","item":"https:\/\/www.copealcoy.es\/es\/"},{"@type":"ListItem","position":2,"name":"Informativo matinal mi\u00e9rcoles 4 de octubre 2023 (07:20h)"}]},{"@type":"WebSite","@id":"https:\/\/www.copealcoy.es\/es\/#website","url":"https:\/\/www.copealcoy.es\/es\/","name":"COPE Alcoy","description":"Emisora COPE de radio local con emisi\u00f3n online. Pont de Sant Jordi 8-10 03803 Alcoy","potentialAction":[{"@type":"SearchAction","target":{"@type":"EntryPoint","urlTemplate":"https:\/\/www.copealcoy.es\/es\/?s={search_term_string}"},"query-input":{"@type":"PropertyValueSpecification","valueRequired":true,"valueName":"search_term_string"}}],"inLanguage":"es"},{"@type":"Person","@id":"https:\/\/www.copealcoy.es\/es\/#\/schema\/person\/e777c87fa024e57d40170af9df39882c","name":"Cope Alcoy","image":{"@type":"ImageObject","inLanguage":"es","@id":"https:\/\/secure.gravatar.com\/avatar\/bb65d0283347e303893ba14f0692005417c1e0e690a325a4c5d8bb2b3943ee14?s=96&d=mm&r=g","url":"https:\/\/secure.gravatar.com\/avatar\/bb65d0283347e303893ba14f0692005417c1e0e690a325a4c5d8bb2b3943ee14?s=96&d=mm&r=g","contentUrl":"https:\/\/secure.gravatar.com\/avatar\/bb65d0283347e303893ba14f0692005417c1e0e690a325a4c5d8bb2b3943ee14?s=96&d=mm&r=g","caption":"Cope Alcoy"}}]}},"_links":{"self":[{"href":"https:\/\/www.copealcoy.es\/es\/wp-json\/wp\/v2\/posts\/122782","targetHints":{"allow":["GET"]}}],"collection":[{"href":"https:\/\/www.copealcoy.es\/es\/wp-json\/wp\/v2\/posts"}],"about":[{"href":"https:\/\/www.copealcoy.es\/es\/wp-json\/wp\/v2\/types\/post"}],"author":[{"embeddable":true,"href":"https:\/\/www.copealcoy.es\/es\/wp-json\/wp\/v2\/users\/1"}],"replies":[{"embeddable":true,"href":"https:\/\/www.copealcoy.es\/es\/wp-json\/wp\/v2\/comments?post=122782"}],"version-history":[{"count":0,"href":"https:\/\/www.copealcoy.es\/es\/wp-json\/wp\/v2\/posts\/122782\/revisions"}],"wp:featuredmedia":[{"embeddable":true,"href":"https:\/\/www.copealcoy.es\/es\/wp-json\/wp\/v2\/media\/110612"}],"wp:attachment":[{"href":"https:\/\/www.copealcoy.es\/es\/wp-json\/wp\/v2\/media?parent=122782"}],"wp:term":[{"taxonomy":"category","embeddable":true,"href":"https:\/\/www.copealcoy.es\/es\/wp-json\/wp\/v2\/categories?post=122782"},{"taxonomy":"post_tag","embeddable":true,"href":"https:\/\/www.copealcoy.es\/es\/wp-json\/wp\/v2\/tags?post=122782"}],"curies":[{"name":"wp","href":"https:\/\/api.w.org\/{rel}","templated":true}]}}