{"id":122636,"date":"2023-10-02T09:13:48","date_gmt":"2023-10-02T08:13:48","guid":{"rendered":"https:\/\/www.copealcoy.es\/?p=122636"},"modified":"2023-10-02T09:47:15","modified_gmt":"2023-10-02T08:47:15","slug":"el-ayuntamiento-de-alcoy-saca-un-informe-tecnico-del-contador-de-bicicletas-para-rebatir-al-pp","status":"publish","type":"post","link":"https:\/\/www.copealcoy.es\/es\/el-ayuntamiento-de-alcoy-saca-un-informe-tecnico-del-contador-de-bicicletas-para-rebatir-al-pp\/","title":{"rendered":"El Ayuntamiento de Alcoy saca un informe t\u00e9cnico del contador de bicicletas para rebatir al PP"},"content":{"rendered":"<p style=\"text-align: justify;\">La pol\u00e9mica sobre <strong>el contador de bicicletas y veh\u00edculos VMP del carril bici<\/strong> de la Alameda sigue viva. Las <span style=\"color: #000080;\"><a style=\"color: #000080;\" href=\"https:\/\/www.copealcoy.es\/el-pp-denuncia-la-manipulacion-en-los-datos-de-uso-del-carril-bici-de-alcoy\/\" target=\"_blank\" rel=\"noopener\">acusaciones del <strong>Partido Popular<\/strong> de que se contabilizan m\u00e1s pasos de los que realmente se realizan<\/a><\/span> no han quedado sin respuesta del Ayuntamiento.<\/p>\n<p style=\"text-align: justify;\">El Consistorio de la ciudad ha publicado el <span style=\"color: #000080;\"><a style=\"color: #000080;\" href=\"https:\/\/www.copealcoy.es\/wp-content\/uploads\/2023\/10\/Informe-tecnico-de-la-solucion-de-deteccion-de-bicicletas-con-radar-uRAD-Industrial-2-1.pdf\" target=\"_blank\" rel=\"noopener\"><strong>informe t\u00e9cnico<\/strong><\/a><\/span> encargado a la empresa que ha colocado y gestiona el contador de bicicletas <strong>para afirmar que los datos que ofrece son veraces<\/strong>. &#8220;<strong>El Partido Popular no puede soportar que el carril bici tenga cada d\u00eda m\u00e1s usuarios<\/strong> y que tenga el reconocimiento de la sociedad alcoyana y sobre todo de las instituciones&#8221;, ha reprochado <strong>Jordi Mart\u00ednez<\/strong>, concejal de Movilidad Sostenible.<\/p>\n<p style=\"text-align: justify;\">El informe, en concreto, explica que el radar de conteo tiene una visi\u00f3n de 70 metros para coches y de 40 metros para personas, pero existen ciertos l\u00edmites para filtrar ese paso de veh\u00edculos. El radar tiene un l\u00edmite de 20 metros hacia delante, para evitar que detecte a los coches que cruzan el carril bici por delante (en este caso hacia el puente de San Jorge). Tambi\u00e9n tiene un l\u00edmite de tres metros de ancho hacia la izquierda para que solo filtre las bicicletas que pasan por el carril.<\/p>\n<p style=\"text-align: justify;\">\u201cLo m\u00e1s grave de este asunto es que cuestionan el funcionamiento del contador cuando tienen a su disposici\u00f3n en el proyecto de ejecuci\u00f3n de la obra, toda la informaci\u00f3n t\u00e9cnica del mismo y los m\u00e1rgenes de error que puede tener y la forma de conteo de veh\u00edculos que explican el por qu\u00e9 de ese retraso en la actualizaci\u00f3n de datos&#8221;, ha denunciado Mart\u00ednez.<\/p>\n<p style=\"text-align: justify;\">Y es que el sistema de conteo presenta tambi\u00e9n con algunas posibles limitaciones. Por ejemplo, <strong>la dificultad de distinguir pelotones<\/strong>. Aunque el radar es capaz de detectar varios veh\u00edculos a la vez, si se encuentran muy pr\u00f3ximos, el radar puede considerar que se trata de un veh\u00edculo m\u00e1s grande. Esto podr\u00eda contabilizar a una pareja como un solo veh\u00edculo.<\/p>\n<p style=\"text-align: justify;\">Si un<strong> veh\u00edculo que circula por la carretera contigua al carril bici invade este carril<\/strong>, el radar puede considerarlo como una bicicleta m\u00e1s. Este error tambi\u00e9n puede suceder si el radar considera que coche est\u00e1 dentro de los l\u00edmites del \u00e1rea de monitorizaci\u00f3n.<\/p>\n<p style=\"text-align: justify;\">Adem\u00e1s, <strong>si se cruza a una velocidad inferior a 10 kil\u00f3metros por hora el radar descartar\u00e1 la entidad<\/strong>, para no contar a los peatones que vayan por el carril bici o las personas que cruzan el paso de cebra que est\u00e1 junto al contador.<\/p>\n","protected":false},"excerpt":{"rendered":"<p>La pol\u00e9mica sobre el contador de bicicletas y veh\u00edculos VMP del carril bici de la Alameda sigue viva. Las acusaciones&#8230;<\/p>\n","protected":false},"author":1,"featured_media":122514,"comment_status":"open","ping_status":"open","sticky":false,"template":"","format":"standard","meta":{"footnotes":""},"categories":[6909,97,75,79,125],"tags":[1494,5050,927,370],"class_list":["post-122636","post","type-post","status-publish","format-standard","has-post-thumbnail","hentry","category-actualidad","category-alcoy","category-noticias","category-politicayeconomia","category-portada","tag-alcoy","tag-carril-bici","tag-jordi-martinez","tag-polemica"],"yoast_head":"<!-- This site is optimized with the Yoast SEO plugin v27.3 - https:\/\/yoast.com\/product\/yoast-seo-wordpress\/ -->\n<title>El Ayuntamiento de Alcoy saca un informe t\u00e9cnico del contador de bicicletas para rebatir al PP - COPE Alcoy<\/title>\n<meta name=\"description\" content=\"La pol\u00e9mica sobre el contador de bicicletas y veh\u00edculos VMP del carril bici de la Alameda sigue viva. Las acusaciones del Partido Popular de que se contabilizan m\u00e1s pasos de los que realmente se realizan no han quedado sin respuesta del Ayuntamiento.\" \/>\n<meta name=\"robots\" content=\"index, follow, max-snippet:-1, max-image-preview:large, max-video-preview:-1\" \/>\n<link rel=\"canonical\" href=\"https:\/\/www.copealcoy.es\/es\/el-ayuntamiento-de-alcoy-saca-un-informe-tecnico-del-contador-de-bicicletas-para-rebatir-al-pp\/\" \/>\n<meta property=\"og:locale\" content=\"es_ES\" \/>\n<meta property=\"og:type\" content=\"article\" \/>\n<meta property=\"og:title\" content=\"El Ayuntamiento de Alcoy saca un informe t\u00e9cnico del contador de bicicletas para rebatir al PP - COPE Alcoy\" \/>\n<meta property=\"og:description\" content=\"La pol\u00e9mica sobre el contador de bicicletas y veh\u00edculos VMP del carril bici de la Alameda sigue viva. Las acusaciones del Partido Popular de que se contabilizan m\u00e1s pasos de los que realmente se realizan no han quedado sin respuesta del Ayuntamiento.\" \/>\n<meta property=\"og:url\" content=\"https:\/\/www.copealcoy.es\/es\/el-ayuntamiento-de-alcoy-saca-un-informe-tecnico-del-contador-de-bicicletas-para-rebatir-al-pp\/\" \/>\n<meta property=\"og:site_name\" content=\"COPE Alcoy\" \/>\n<meta property=\"article:published_time\" content=\"2023-10-02T08:13:48+00:00\" \/>\n<meta property=\"article:modified_time\" content=\"2023-10-02T08:47:15+00:00\" \/>\n<meta property=\"og:image\" content=\"https:\/\/www.copealcoy.es\/wp-content\/uploads\/2023\/09\/IMG_1108.jpg\" \/>\n\t<meta property=\"og:image:width\" content=\"640\" \/>\n\t<meta property=\"og:image:height\" content=\"480\" \/>\n\t<meta property=\"og:image:type\" content=\"image\/jpeg\" \/>\n<meta name=\"author\" content=\"Cope Alcoy\" \/>\n<meta name=\"twitter:label1\" content=\"Escrito por\" \/>\n\t<meta name=\"twitter:data1\" content=\"Cope Alcoy\" \/>\n\t<meta name=\"twitter:label2\" content=\"Tiempo de lectura\" \/>\n\t<meta name=\"twitter:data2\" content=\"2 minutos\" \/>\n<script type=\"application\/ld+json\" class=\"yoast-schema-graph\">{\"@context\":\"https:\\\/\\\/schema.org\",\"@graph\":[{\"@type\":\"Article\",\"@id\":\"https:\\\/\\\/www.copealcoy.es\\\/es\\\/el-ayuntamiento-de-alcoy-saca-un-informe-tecnico-del-contador-de-bicicletas-para-rebatir-al-pp\\\/#article\",\"isPartOf\":{\"@id\":\"https:\\\/\\\/www.copealcoy.es\\\/es\\\/el-ayuntamiento-de-alcoy-saca-un-informe-tecnico-del-contador-de-bicicletas-para-rebatir-al-pp\\\/\"},\"author\":{\"name\":\"Cope Alcoy\",\"@id\":\"https:\\\/\\\/www.copealcoy.es\\\/es\\\/#\\\/schema\\\/person\\\/e777c87fa024e57d40170af9df39882c\"},\"headline\":\"El Ayuntamiento de Alcoy saca un informe t\u00e9cnico del contador de bicicletas para rebatir al PP\",\"datePublished\":\"2023-10-02T08:13:48+00:00\",\"dateModified\":\"2023-10-02T08:47:15+00:00\",\"mainEntityOfPage\":{\"@id\":\"https:\\\/\\\/www.copealcoy.es\\\/es\\\/el-ayuntamiento-de-alcoy-saca-un-informe-tecnico-del-contador-de-bicicletas-para-rebatir-al-pp\\\/\"},\"wordCount\":460,\"commentCount\":0,\"image\":{\"@id\":\"https:\\\/\\\/www.copealcoy.es\\\/es\\\/el-ayuntamiento-de-alcoy-saca-un-informe-tecnico-del-contador-de-bicicletas-para-rebatir-al-pp\\\/#primaryimage\"},\"thumbnailUrl\":\"https:\\\/\\\/www.copealcoy.es\\\/wp-content\\\/uploads\\\/2023\\\/09\\\/IMG_1108.jpg\",\"keywords\":[\"Alcoy\",\"carril bici\",\"Jordi Mart\u00ednez\",\"Pol\u00e9mica\"],\"articleSection\":[\"Actualidad\",\"Alcoy\",\"Noticias\",\"Pol\u00edtica y Econom\u00eda\",\"Portada\"],\"inLanguage\":\"es\"},{\"@type\":\"WebPage\",\"@id\":\"https:\\\/\\\/www.copealcoy.es\\\/es\\\/el-ayuntamiento-de-alcoy-saca-un-informe-tecnico-del-contador-de-bicicletas-para-rebatir-al-pp\\\/\",\"url\":\"https:\\\/\\\/www.copealcoy.es\\\/es\\\/el-ayuntamiento-de-alcoy-saca-un-informe-tecnico-del-contador-de-bicicletas-para-rebatir-al-pp\\\/\",\"name\":\"El Ayuntamiento de Alcoy saca un informe t\u00e9cnico del contador de bicicletas para rebatir al PP - COPE Alcoy\",\"isPartOf\":{\"@id\":\"https:\\\/\\\/www.copealcoy.es\\\/es\\\/#website\"},\"primaryImageOfPage\":{\"@id\":\"https:\\\/\\\/www.copealcoy.es\\\/es\\\/el-ayuntamiento-de-alcoy-saca-un-informe-tecnico-del-contador-de-bicicletas-para-rebatir-al-pp\\\/#primaryimage\"},\"image\":{\"@id\":\"https:\\\/\\\/www.copealcoy.es\\\/es\\\/el-ayuntamiento-de-alcoy-saca-un-informe-tecnico-del-contador-de-bicicletas-para-rebatir-al-pp\\\/#primaryimage\"},\"thumbnailUrl\":\"https:\\\/\\\/www.copealcoy.es\\\/wp-content\\\/uploads\\\/2023\\\/09\\\/IMG_1108.jpg\",\"datePublished\":\"2023-10-02T08:13:48+00:00\",\"dateModified\":\"2023-10-02T08:47:15+00:00\",\"author\":{\"@id\":\"https:\\\/\\\/www.copealcoy.es\\\/es\\\/#\\\/schema\\\/person\\\/e777c87fa024e57d40170af9df39882c\"},\"description\":\"La pol\u00e9mica sobre el contador de bicicletas y veh\u00edculos VMP del carril bici de la Alameda sigue viva. Las acusaciones del Partido Popular de que se contabilizan m\u00e1s pasos de los que realmente se realizan no han quedado sin respuesta del Ayuntamiento.\",\"breadcrumb\":{\"@id\":\"https:\\\/\\\/www.copealcoy.es\\\/es\\\/el-ayuntamiento-de-alcoy-saca-un-informe-tecnico-del-contador-de-bicicletas-para-rebatir-al-pp\\\/#breadcrumb\"},\"inLanguage\":\"es\",\"potentialAction\":[{\"@type\":\"ReadAction\",\"target\":[\"https:\\\/\\\/www.copealcoy.es\\\/es\\\/el-ayuntamiento-de-alcoy-saca-un-informe-tecnico-del-contador-de-bicicletas-para-rebatir-al-pp\\\/\"]}]},{\"@type\":\"ImageObject\",\"inLanguage\":\"es\",\"@id\":\"https:\\\/\\\/www.copealcoy.es\\\/es\\\/el-ayuntamiento-de-alcoy-saca-un-informe-tecnico-del-contador-de-bicicletas-para-rebatir-al-pp\\\/#primaryimage\",\"url\":\"https:\\\/\\\/www.copealcoy.es\\\/wp-content\\\/uploads\\\/2023\\\/09\\\/IMG_1108.jpg\",\"contentUrl\":\"https:\\\/\\\/www.copealcoy.es\\\/wp-content\\\/uploads\\\/2023\\\/09\\\/IMG_1108.jpg\",\"width\":640,\"height\":480},{\"@type\":\"BreadcrumbList\",\"@id\":\"https:\\\/\\\/www.copealcoy.es\\\/es\\\/el-ayuntamiento-de-alcoy-saca-un-informe-tecnico-del-contador-de-bicicletas-para-rebatir-al-pp\\\/#breadcrumb\",\"itemListElement\":[{\"@type\":\"ListItem\",\"position\":1,\"name\":\"Portada\",\"item\":\"https:\\\/\\\/www.copealcoy.es\\\/es\\\/\"},{\"@type\":\"ListItem\",\"position\":2,\"name\":\"El Ayuntamiento de Alcoy saca un informe t\u00e9cnico del contador de bicicletas para rebatir al PP\"}]},{\"@type\":\"WebSite\",\"@id\":\"https:\\\/\\\/www.copealcoy.es\\\/es\\\/#website\",\"url\":\"https:\\\/\\\/www.copealcoy.es\\\/es\\\/\",\"name\":\"COPE Alcoy\",\"description\":\"Emisora COPE de radio local con emisi\u00f3n online. Pont de Sant Jordi 8-10 03803 Alcoy\",\"potentialAction\":[{\"@type\":\"SearchAction\",\"target\":{\"@type\":\"EntryPoint\",\"urlTemplate\":\"https:\\\/\\\/www.copealcoy.es\\\/es\\\/?s={search_term_string}\"},\"query-input\":{\"@type\":\"PropertyValueSpecification\",\"valueRequired\":true,\"valueName\":\"search_term_string\"}}],\"inLanguage\":\"es\"},{\"@type\":\"Person\",\"@id\":\"https:\\\/\\\/www.copealcoy.es\\\/es\\\/#\\\/schema\\\/person\\\/e777c87fa024e57d40170af9df39882c\",\"name\":\"Cope Alcoy\",\"image\":{\"@type\":\"ImageObject\",\"inLanguage\":\"es\",\"@id\":\"https:\\\/\\\/secure.gravatar.com\\\/avatar\\\/bb65d0283347e303893ba14f0692005417c1e0e690a325a4c5d8bb2b3943ee14?s=96&d=mm&r=g\",\"url\":\"https:\\\/\\\/secure.gravatar.com\\\/avatar\\\/bb65d0283347e303893ba14f0692005417c1e0e690a325a4c5d8bb2b3943ee14?s=96&d=mm&r=g\",\"contentUrl\":\"https:\\\/\\\/secure.gravatar.com\\\/avatar\\\/bb65d0283347e303893ba14f0692005417c1e0e690a325a4c5d8bb2b3943ee14?s=96&d=mm&r=g\",\"caption\":\"Cope Alcoy\"}}]}<\/script>\n<!-- \/ Yoast SEO plugin. -->","yoast_head_json":{"title":"El Ayuntamiento de Alcoy saca un informe t\u00e9cnico del contador de bicicletas para rebatir al PP - COPE Alcoy","description":"La pol\u00e9mica sobre el contador de bicicletas y veh\u00edculos VMP del carril bici de la Alameda sigue viva. Las acusaciones del Partido Popular de que se contabilizan m\u00e1s pasos de los que realmente se realizan no han quedado sin respuesta del Ayuntamiento.","robots":{"index":"index","follow":"follow","max-snippet":"max-snippet:-1","max-image-preview":"max-image-preview:large","max-video-preview":"max-video-preview:-1"},"canonical":"https:\/\/www.copealcoy.es\/es\/el-ayuntamiento-de-alcoy-saca-un-informe-tecnico-del-contador-de-bicicletas-para-rebatir-al-pp\/","og_locale":"es_ES","og_type":"article","og_title":"El Ayuntamiento de Alcoy saca un informe t\u00e9cnico del contador de bicicletas para rebatir al PP - COPE Alcoy","og_description":"La pol\u00e9mica sobre el contador de bicicletas y veh\u00edculos VMP del carril bici de la Alameda sigue viva. Las acusaciones del Partido Popular de que se contabilizan m\u00e1s pasos de los que realmente se realizan no han quedado sin respuesta del Ayuntamiento.","og_url":"https:\/\/www.copealcoy.es\/es\/el-ayuntamiento-de-alcoy-saca-un-informe-tecnico-del-contador-de-bicicletas-para-rebatir-al-pp\/","og_site_name":"COPE Alcoy","article_published_time":"2023-10-02T08:13:48+00:00","article_modified_time":"2023-10-02T08:47:15+00:00","og_image":[{"width":640,"height":480,"url":"https:\/\/www.copealcoy.es\/wp-content\/uploads\/2023\/09\/IMG_1108.jpg","type":"image\/jpeg"}],"author":"Cope Alcoy","twitter_misc":{"Escrito por":"Cope Alcoy","Tiempo de lectura":"2 minutos"},"schema":{"@context":"https:\/\/schema.org","@graph":[{"@type":"Article","@id":"https:\/\/www.copealcoy.es\/es\/el-ayuntamiento-de-alcoy-saca-un-informe-tecnico-del-contador-de-bicicletas-para-rebatir-al-pp\/#article","isPartOf":{"@id":"https:\/\/www.copealcoy.es\/es\/el-ayuntamiento-de-alcoy-saca-un-informe-tecnico-del-contador-de-bicicletas-para-rebatir-al-pp\/"},"author":{"name":"Cope Alcoy","@id":"https:\/\/www.copealcoy.es\/es\/#\/schema\/person\/e777c87fa024e57d40170af9df39882c"},"headline":"El Ayuntamiento de Alcoy saca un informe t\u00e9cnico del contador de bicicletas para rebatir al PP","datePublished":"2023-10-02T08:13:48+00:00","dateModified":"2023-10-02T08:47:15+00:00","mainEntityOfPage":{"@id":"https:\/\/www.copealcoy.es\/es\/el-ayuntamiento-de-alcoy-saca-un-informe-tecnico-del-contador-de-bicicletas-para-rebatir-al-pp\/"},"wordCount":460,"commentCount":0,"image":{"@id":"https:\/\/www.copealcoy.es\/es\/el-ayuntamiento-de-alcoy-saca-un-informe-tecnico-del-contador-de-bicicletas-para-rebatir-al-pp\/#primaryimage"},"thumbnailUrl":"https:\/\/www.copealcoy.es\/wp-content\/uploads\/2023\/09\/IMG_1108.jpg","keywords":["Alcoy","carril bici","Jordi Mart\u00ednez","Pol\u00e9mica"],"articleSection":["Actualidad","Alcoy","Noticias","Pol\u00edtica y Econom\u00eda","Portada"],"inLanguage":"es"},{"@type":"WebPage","@id":"https:\/\/www.copealcoy.es\/es\/el-ayuntamiento-de-alcoy-saca-un-informe-tecnico-del-contador-de-bicicletas-para-rebatir-al-pp\/","url":"https:\/\/www.copealcoy.es\/es\/el-ayuntamiento-de-alcoy-saca-un-informe-tecnico-del-contador-de-bicicletas-para-rebatir-al-pp\/","name":"El Ayuntamiento de Alcoy saca un informe t\u00e9cnico del contador de bicicletas para rebatir al PP - COPE Alcoy","isPartOf":{"@id":"https:\/\/www.copealcoy.es\/es\/#website"},"primaryImageOfPage":{"@id":"https:\/\/www.copealcoy.es\/es\/el-ayuntamiento-de-alcoy-saca-un-informe-tecnico-del-contador-de-bicicletas-para-rebatir-al-pp\/#primaryimage"},"image":{"@id":"https:\/\/www.copealcoy.es\/es\/el-ayuntamiento-de-alcoy-saca-un-informe-tecnico-del-contador-de-bicicletas-para-rebatir-al-pp\/#primaryimage"},"thumbnailUrl":"https:\/\/www.copealcoy.es\/wp-content\/uploads\/2023\/09\/IMG_1108.jpg","datePublished":"2023-10-02T08:13:48+00:00","dateModified":"2023-10-02T08:47:15+00:00","author":{"@id":"https:\/\/www.copealcoy.es\/es\/#\/schema\/person\/e777c87fa024e57d40170af9df39882c"},"description":"La pol\u00e9mica sobre el contador de bicicletas y veh\u00edculos VMP del carril bici de la Alameda sigue viva. Las acusaciones del Partido Popular de que se contabilizan m\u00e1s pasos de los que realmente se realizan no han quedado sin respuesta del Ayuntamiento.","breadcrumb":{"@id":"https:\/\/www.copealcoy.es\/es\/el-ayuntamiento-de-alcoy-saca-un-informe-tecnico-del-contador-de-bicicletas-para-rebatir-al-pp\/#breadcrumb"},"inLanguage":"es","potentialAction":[{"@type":"ReadAction","target":["https:\/\/www.copealcoy.es\/es\/el-ayuntamiento-de-alcoy-saca-un-informe-tecnico-del-contador-de-bicicletas-para-rebatir-al-pp\/"]}]},{"@type":"ImageObject","inLanguage":"es","@id":"https:\/\/www.copealcoy.es\/es\/el-ayuntamiento-de-alcoy-saca-un-informe-tecnico-del-contador-de-bicicletas-para-rebatir-al-pp\/#primaryimage","url":"https:\/\/www.copealcoy.es\/wp-content\/uploads\/2023\/09\/IMG_1108.jpg","contentUrl":"https:\/\/www.copealcoy.es\/wp-content\/uploads\/2023\/09\/IMG_1108.jpg","width":640,"height":480},{"@type":"BreadcrumbList","@id":"https:\/\/www.copealcoy.es\/es\/el-ayuntamiento-de-alcoy-saca-un-informe-tecnico-del-contador-de-bicicletas-para-rebatir-al-pp\/#breadcrumb","itemListElement":[{"@type":"ListItem","position":1,"name":"Portada","item":"https:\/\/www.copealcoy.es\/es\/"},{"@type":"ListItem","position":2,"name":"El Ayuntamiento de Alcoy saca un informe t\u00e9cnico del contador de bicicletas para rebatir al PP"}]},{"@type":"WebSite","@id":"https:\/\/www.copealcoy.es\/es\/#website","url":"https:\/\/www.copealcoy.es\/es\/","name":"COPE Alcoy","description":"Emisora COPE de radio local con emisi\u00f3n online. Pont de Sant Jordi 8-10 03803 Alcoy","potentialAction":[{"@type":"SearchAction","target":{"@type":"EntryPoint","urlTemplate":"https:\/\/www.copealcoy.es\/es\/?s={search_term_string}"},"query-input":{"@type":"PropertyValueSpecification","valueRequired":true,"valueName":"search_term_string"}}],"inLanguage":"es"},{"@type":"Person","@id":"https:\/\/www.copealcoy.es\/es\/#\/schema\/person\/e777c87fa024e57d40170af9df39882c","name":"Cope Alcoy","image":{"@type":"ImageObject","inLanguage":"es","@id":"https:\/\/secure.gravatar.com\/avatar\/bb65d0283347e303893ba14f0692005417c1e0e690a325a4c5d8bb2b3943ee14?s=96&d=mm&r=g","url":"https:\/\/secure.gravatar.com\/avatar\/bb65d0283347e303893ba14f0692005417c1e0e690a325a4c5d8bb2b3943ee14?s=96&d=mm&r=g","contentUrl":"https:\/\/secure.gravatar.com\/avatar\/bb65d0283347e303893ba14f0692005417c1e0e690a325a4c5d8bb2b3943ee14?s=96&d=mm&r=g","caption":"Cope Alcoy"}}]}},"_links":{"self":[{"href":"https:\/\/www.copealcoy.es\/es\/wp-json\/wp\/v2\/posts\/122636","targetHints":{"allow":["GET"]}}],"collection":[{"href":"https:\/\/www.copealcoy.es\/es\/wp-json\/wp\/v2\/posts"}],"about":[{"href":"https:\/\/www.copealcoy.es\/es\/wp-json\/wp\/v2\/types\/post"}],"author":[{"embeddable":true,"href":"https:\/\/www.copealcoy.es\/es\/wp-json\/wp\/v2\/users\/1"}],"replies":[{"embeddable":true,"href":"https:\/\/www.copealcoy.es\/es\/wp-json\/wp\/v2\/comments?post=122636"}],"version-history":[{"count":0,"href":"https:\/\/www.copealcoy.es\/es\/wp-json\/wp\/v2\/posts\/122636\/revisions"}],"wp:featuredmedia":[{"embeddable":true,"href":"https:\/\/www.copealcoy.es\/es\/wp-json\/wp\/v2\/media\/122514"}],"wp:attachment":[{"href":"https:\/\/www.copealcoy.es\/es\/wp-json\/wp\/v2\/media?parent=122636"}],"wp:term":[{"taxonomy":"category","embeddable":true,"href":"https:\/\/www.copealcoy.es\/es\/wp-json\/wp\/v2\/categories?post=122636"},{"taxonomy":"post_tag","embeddable":true,"href":"https:\/\/www.copealcoy.es\/es\/wp-json\/wp\/v2\/tags?post=122636"}],"curies":[{"name":"wp","href":"https:\/\/api.w.org\/{rel}","templated":true}]}}