{"id":122591,"date":"2023-09-29T11:17:17","date_gmt":"2023-09-29T10:17:17","guid":{"rendered":"https:\/\/www.copealcoy.es\/?p=122591"},"modified":"2023-09-29T12:07:51","modified_gmt":"2023-09-29T11:07:51","slug":"overbooking-en-autobuses-de-alcoy-la-ciudadania-denuncia-la-falta-de-frecuencias-en-algunas-lineas","status":"publish","type":"post","link":"https:\/\/www.copealcoy.es\/es\/overbooking-en-autobuses-de-alcoy-la-ciudadania-denuncia-la-falta-de-frecuencias-en-algunas-lineas\/","title":{"rendered":"&#8216;Overbooking&#8217; en autobuses de Alcoy: la ciudadan\u00eda denuncia la falta de frecuencias en algunas l\u00edneas"},"content":{"rendered":"<p style=\"text-align: justify;\">Fomentar <strong>el transporte p\u00fablico<\/strong> es algo en lo que coinciden la mayor\u00eda de los partidos pol\u00edticos. Aqu\u00ed en Alcoy <span style=\"color: #000080;\"><a style=\"color: #000080;\" href=\"https:\/\/www.copealcoy.es\/alcoi-redueix-al-50-el-preu-de-lautobus-urba\/\" target=\"_blank\" rel=\"noopener\">es una de las l\u00edneas de actuaci\u00f3n del Gobierno local<\/a><\/span>. Sin embargo, si queremos que m\u00e1s gente utilice el autob\u00fas tenemos que garantizar que esto sea viable, es decir, que el servicio sea eficiente y que haya hueco para todos. Y en este punto hay algunas deficiencias.<\/p>\n<p style=\"text-align: justify;\">Desde que se ha iniciado el curso escolar son muchas las <strong>cr\u00edticas de la ciudadan\u00eda por la falta de frecuencias en algunas l\u00edneas<\/strong>, sobre todo en las horas punta: a primera hora de la ma\u00f1ana cuando los estudiantes van a los institutos y la gente se pone a trabajar o de cara al mediod\u00eda.<\/p>\n<p style=\"text-align: justify;\">Precisamente <span style=\"color: #000080;\"><a style=\"color: #000080;\" href=\"https:\/\/www.guanyaralcoi.com\/quadern-de-queixes-de-lautobus\/?fbclid=IwAR08QgmwiVMuNk5EwmpKZuHpRBSNuYQKZqY2NhIm3v9Z1bonGz70cyk1Y3s\" target=\"_blank\" rel=\"noopener\"><strong>Guanyar Alcoi<\/strong> ha creado un espacio en el que se pueden dejar las quejas sobre el autob\u00fas urbano<\/a><\/span>. Y muchas de ellas van en esta l\u00ednea. &#8220;En la hora de salida de los institutos e<strong>l autob\u00fas va a tope y deja a gente tirada en las paradas<\/strong>. La semana pasada me qued\u00e9 tirada dos veces&#8221;, asegura una usuaria a trav\u00e9s de este espacio.<\/p>\n<p style=\"text-align: justify;\">El problema tambi\u00e9n afecta a los propios estudiantes. &#8220;Desde hace tiempo en la l\u00ednea 3 a las siete y media de la ma\u00f1ana en la Vaguada ya no sube nadie porque va a tope y las chicas y chicos a Batoi van a pie&#8221;. La problem\u00e1tica se ha agravado con el inicio del curso escolar. Sin embargo, esto no es una novedad. &#8220;Pasa habitualmente. Cuando viene el momento del transporte de los estudiantes pasan estas cosas. Hay que prevenirlo. <strong>Pasa todos los a\u00f1os<\/strong>&#8220;, ha asegurado <strong>Sergi Rodr\u00edguez<\/strong>, portavoz de Guanyar Alcoi, en declaraciones a<strong> Cope Alcoy<\/strong>.<\/p>\n<p style=\"text-align: justify;\">Desde la plataforma municipalista instan a que se tomen decisiones. &#8220;Hay que hacer un estudio de los horarios en los que hay m\u00e1s necesidad y en qu\u00e9 l\u00edneas para reforzar con un mayor n\u00famero de autobuses y ampliando la frecuencia de paso&#8221;.<\/p>\n<p style=\"text-align: justify;\">Por otro lado, insisten en su apuesta por la <strong>municipalizaci\u00f3n de algunos servicios<\/strong>, entre los que se encontrar\u00eda el autob\u00fas.<\/p>\n","protected":false},"excerpt":{"rendered":"<p>Fomentar el transporte p\u00fablico es algo en lo que coinciden la mayor\u00eda de los partidos pol\u00edticos. Aqu\u00ed en Alcoy es&#8230;<\/p>\n","protected":false},"author":1,"featured_media":92574,"comment_status":"open","ping_status":"open","sticky":false,"template":"","format":"standard","meta":{"footnotes":""},"categories":[6909,97,75,125],"tags":[1494,203,1325,1014],"class_list":["post-122591","post","type-post","status-publish","format-standard","has-post-thumbnail","hentry","category-actualidad","category-alcoy","category-noticias","category-portada","tag-alcoy","tag-autobus","tag-guanyar-alcoi","tag-transporte"],"yoast_head":"<!-- This site is optimized with the Yoast SEO plugin v27.3 - https:\/\/yoast.com\/product\/yoast-seo-wordpress\/ -->\n<title>&#039;Overbooking&#039; en autobuses de Alcoy: la ciudadan\u00eda denuncia la falta de frecuencias en algunas l\u00edneas - COPE Alcoy<\/title>\n<meta name=\"description\" content=\"Fomentar el transporte p\u00fablico es algo en lo que coinciden la mayor\u00eda de los partidos pol\u00edticos. Aqu\u00ed en Alcoy es una de las l\u00edneas de actuaci\u00f3n del Gobierno local. Sin embargo, si queremos que m\u00e1s gente utilice el autob\u00fas tenemos que garantizar que esto sea viable, es decir, que el servicio sea eficiente y que haya hueco para todos. Y en este punto hay algunas deficiencias.\" \/>\n<meta name=\"robots\" content=\"index, follow, max-snippet:-1, max-image-preview:large, max-video-preview:-1\" \/>\n<link rel=\"canonical\" href=\"https:\/\/www.copealcoy.es\/es\/overbooking-en-autobuses-de-alcoy-la-ciudadania-denuncia-la-falta-de-frecuencias-en-algunas-lineas\/\" \/>\n<meta property=\"og:locale\" content=\"es_ES\" \/>\n<meta property=\"og:type\" content=\"article\" \/>\n<meta property=\"og:title\" content=\"&#039;Overbooking&#039; en autobuses de Alcoy: la ciudadan\u00eda denuncia la falta de frecuencias en algunas l\u00edneas - COPE Alcoy\" \/>\n<meta property=\"og:description\" content=\"Fomentar el transporte p\u00fablico es algo en lo que coinciden la mayor\u00eda de los partidos pol\u00edticos. Aqu\u00ed en Alcoy es una de las l\u00edneas de actuaci\u00f3n del Gobierno local. Sin embargo, si queremos que m\u00e1s gente utilice el autob\u00fas tenemos que garantizar que esto sea viable, es decir, que el servicio sea eficiente y que haya hueco para todos. Y en este punto hay algunas deficiencias.\" \/>\n<meta property=\"og:url\" content=\"https:\/\/www.copealcoy.es\/es\/overbooking-en-autobuses-de-alcoy-la-ciudadania-denuncia-la-falta-de-frecuencias-en-algunas-lineas\/\" \/>\n<meta property=\"og:site_name\" content=\"COPE Alcoy\" \/>\n<meta property=\"article:published_time\" content=\"2023-09-29T10:17:17+00:00\" \/>\n<meta property=\"article:modified_time\" content=\"2023-09-29T11:07:51+00:00\" \/>\n<meta property=\"og:image\" content=\"https:\/\/www.copealcoy.es\/wp-content\/uploads\/2022\/10\/Autobus-alcoi-e1665073335269.jpg\" \/>\n\t<meta property=\"og:image:width\" content=\"640\" \/>\n\t<meta property=\"og:image:height\" content=\"480\" \/>\n\t<meta property=\"og:image:type\" content=\"image\/jpeg\" \/>\n<meta name=\"author\" content=\"Cope Alcoy\" \/>\n<meta name=\"twitter:label1\" content=\"Escrito por\" \/>\n\t<meta name=\"twitter:data1\" content=\"Cope Alcoy\" \/>\n\t<meta name=\"twitter:label2\" content=\"Tiempo de lectura\" \/>\n\t<meta name=\"twitter:data2\" content=\"2 minutos\" \/>\n<script type=\"application\/ld+json\" class=\"yoast-schema-graph\">{\"@context\":\"https:\\\/\\\/schema.org\",\"@graph\":[{\"@type\":\"Article\",\"@id\":\"https:\\\/\\\/www.copealcoy.es\\\/es\\\/overbooking-en-autobuses-de-alcoy-la-ciudadania-denuncia-la-falta-de-frecuencias-en-algunas-lineas\\\/#article\",\"isPartOf\":{\"@id\":\"https:\\\/\\\/www.copealcoy.es\\\/es\\\/overbooking-en-autobuses-de-alcoy-la-ciudadania-denuncia-la-falta-de-frecuencias-en-algunas-lineas\\\/\"},\"author\":{\"name\":\"Cope Alcoy\",\"@id\":\"https:\\\/\\\/www.copealcoy.es\\\/es\\\/#\\\/schema\\\/person\\\/e777c87fa024e57d40170af9df39882c\"},\"headline\":\"&#8216;Overbooking&#8217; en autobuses de Alcoy: la ciudadan\u00eda denuncia la falta de frecuencias en algunas l\u00edneas\",\"datePublished\":\"2023-09-29T10:17:17+00:00\",\"dateModified\":\"2023-09-29T11:07:51+00:00\",\"mainEntityOfPage\":{\"@id\":\"https:\\\/\\\/www.copealcoy.es\\\/es\\\/overbooking-en-autobuses-de-alcoy-la-ciudadania-denuncia-la-falta-de-frecuencias-en-algunas-lineas\\\/\"},\"wordCount\":386,\"commentCount\":0,\"image\":{\"@id\":\"https:\\\/\\\/www.copealcoy.es\\\/es\\\/overbooking-en-autobuses-de-alcoy-la-ciudadania-denuncia-la-falta-de-frecuencias-en-algunas-lineas\\\/#primaryimage\"},\"thumbnailUrl\":\"https:\\\/\\\/www.copealcoy.es\\\/wp-content\\\/uploads\\\/2022\\\/10\\\/Autobus-alcoi-e1665073335269.jpg\",\"keywords\":[\"Alcoy\",\"Autob\u00fas\",\"Guanyar Alcoi\",\"Transporte\"],\"articleSection\":[\"Actualidad\",\"Alcoy\",\"Noticias\",\"Portada\"],\"inLanguage\":\"es\"},{\"@type\":\"WebPage\",\"@id\":\"https:\\\/\\\/www.copealcoy.es\\\/es\\\/overbooking-en-autobuses-de-alcoy-la-ciudadania-denuncia-la-falta-de-frecuencias-en-algunas-lineas\\\/\",\"url\":\"https:\\\/\\\/www.copealcoy.es\\\/es\\\/overbooking-en-autobuses-de-alcoy-la-ciudadania-denuncia-la-falta-de-frecuencias-en-algunas-lineas\\\/\",\"name\":\"'Overbooking' en autobuses de Alcoy: la ciudadan\u00eda denuncia la falta de frecuencias en algunas l\u00edneas - COPE Alcoy\",\"isPartOf\":{\"@id\":\"https:\\\/\\\/www.copealcoy.es\\\/es\\\/#website\"},\"primaryImageOfPage\":{\"@id\":\"https:\\\/\\\/www.copealcoy.es\\\/es\\\/overbooking-en-autobuses-de-alcoy-la-ciudadania-denuncia-la-falta-de-frecuencias-en-algunas-lineas\\\/#primaryimage\"},\"image\":{\"@id\":\"https:\\\/\\\/www.copealcoy.es\\\/es\\\/overbooking-en-autobuses-de-alcoy-la-ciudadania-denuncia-la-falta-de-frecuencias-en-algunas-lineas\\\/#primaryimage\"},\"thumbnailUrl\":\"https:\\\/\\\/www.copealcoy.es\\\/wp-content\\\/uploads\\\/2022\\\/10\\\/Autobus-alcoi-e1665073335269.jpg\",\"datePublished\":\"2023-09-29T10:17:17+00:00\",\"dateModified\":\"2023-09-29T11:07:51+00:00\",\"author\":{\"@id\":\"https:\\\/\\\/www.copealcoy.es\\\/es\\\/#\\\/schema\\\/person\\\/e777c87fa024e57d40170af9df39882c\"},\"description\":\"Fomentar el transporte p\u00fablico es algo en lo que coinciden la mayor\u00eda de los partidos pol\u00edticos. Aqu\u00ed en Alcoy es una de las l\u00edneas de actuaci\u00f3n del Gobierno local. Sin embargo, si queremos que m\u00e1s gente utilice el autob\u00fas tenemos que garantizar que esto sea viable, es decir, que el servicio sea eficiente y que haya hueco para todos. Y en este punto hay algunas deficiencias.\",\"breadcrumb\":{\"@id\":\"https:\\\/\\\/www.copealcoy.es\\\/es\\\/overbooking-en-autobuses-de-alcoy-la-ciudadania-denuncia-la-falta-de-frecuencias-en-algunas-lineas\\\/#breadcrumb\"},\"inLanguage\":\"es\",\"potentialAction\":[{\"@type\":\"ReadAction\",\"target\":[\"https:\\\/\\\/www.copealcoy.es\\\/es\\\/overbooking-en-autobuses-de-alcoy-la-ciudadania-denuncia-la-falta-de-frecuencias-en-algunas-lineas\\\/\"]}]},{\"@type\":\"ImageObject\",\"inLanguage\":\"es\",\"@id\":\"https:\\\/\\\/www.copealcoy.es\\\/es\\\/overbooking-en-autobuses-de-alcoy-la-ciudadania-denuncia-la-falta-de-frecuencias-en-algunas-lineas\\\/#primaryimage\",\"url\":\"https:\\\/\\\/www.copealcoy.es\\\/wp-content\\\/uploads\\\/2022\\\/10\\\/Autobus-alcoi-e1665073335269.jpg\",\"contentUrl\":\"https:\\\/\\\/www.copealcoy.es\\\/wp-content\\\/uploads\\\/2022\\\/10\\\/Autobus-alcoi-e1665073335269.jpg\",\"width\":640,\"height\":480},{\"@type\":\"BreadcrumbList\",\"@id\":\"https:\\\/\\\/www.copealcoy.es\\\/es\\\/overbooking-en-autobuses-de-alcoy-la-ciudadania-denuncia-la-falta-de-frecuencias-en-algunas-lineas\\\/#breadcrumb\",\"itemListElement\":[{\"@type\":\"ListItem\",\"position\":1,\"name\":\"Portada\",\"item\":\"https:\\\/\\\/www.copealcoy.es\\\/es\\\/\"},{\"@type\":\"ListItem\",\"position\":2,\"name\":\"&#8216;Overbooking&#8217; en autobuses de Alcoy: la ciudadan\u00eda denuncia la falta de frecuencias en algunas l\u00edneas\"}]},{\"@type\":\"WebSite\",\"@id\":\"https:\\\/\\\/www.copealcoy.es\\\/es\\\/#website\",\"url\":\"https:\\\/\\\/www.copealcoy.es\\\/es\\\/\",\"name\":\"COPE Alcoy\",\"description\":\"Emisora COPE de radio local con emisi\u00f3n online. Pont de Sant Jordi 8-10 03803 Alcoy\",\"potentialAction\":[{\"@type\":\"SearchAction\",\"target\":{\"@type\":\"EntryPoint\",\"urlTemplate\":\"https:\\\/\\\/www.copealcoy.es\\\/es\\\/?s={search_term_string}\"},\"query-input\":{\"@type\":\"PropertyValueSpecification\",\"valueRequired\":true,\"valueName\":\"search_term_string\"}}],\"inLanguage\":\"es\"},{\"@type\":\"Person\",\"@id\":\"https:\\\/\\\/www.copealcoy.es\\\/es\\\/#\\\/schema\\\/person\\\/e777c87fa024e57d40170af9df39882c\",\"name\":\"Cope Alcoy\",\"image\":{\"@type\":\"ImageObject\",\"inLanguage\":\"es\",\"@id\":\"https:\\\/\\\/secure.gravatar.com\\\/avatar\\\/bb65d0283347e303893ba14f0692005417c1e0e690a325a4c5d8bb2b3943ee14?s=96&d=mm&r=g\",\"url\":\"https:\\\/\\\/secure.gravatar.com\\\/avatar\\\/bb65d0283347e303893ba14f0692005417c1e0e690a325a4c5d8bb2b3943ee14?s=96&d=mm&r=g\",\"contentUrl\":\"https:\\\/\\\/secure.gravatar.com\\\/avatar\\\/bb65d0283347e303893ba14f0692005417c1e0e690a325a4c5d8bb2b3943ee14?s=96&d=mm&r=g\",\"caption\":\"Cope Alcoy\"}}]}<\/script>\n<!-- \/ Yoast SEO plugin. -->","yoast_head_json":{"title":"'Overbooking' en autobuses de Alcoy: la ciudadan\u00eda denuncia la falta de frecuencias en algunas l\u00edneas - COPE Alcoy","description":"Fomentar el transporte p\u00fablico es algo en lo que coinciden la mayor\u00eda de los partidos pol\u00edticos. Aqu\u00ed en Alcoy es una de las l\u00edneas de actuaci\u00f3n del Gobierno local. Sin embargo, si queremos que m\u00e1s gente utilice el autob\u00fas tenemos que garantizar que esto sea viable, es decir, que el servicio sea eficiente y que haya hueco para todos. Y en este punto hay algunas deficiencias.","robots":{"index":"index","follow":"follow","max-snippet":"max-snippet:-1","max-image-preview":"max-image-preview:large","max-video-preview":"max-video-preview:-1"},"canonical":"https:\/\/www.copealcoy.es\/es\/overbooking-en-autobuses-de-alcoy-la-ciudadania-denuncia-la-falta-de-frecuencias-en-algunas-lineas\/","og_locale":"es_ES","og_type":"article","og_title":"'Overbooking' en autobuses de Alcoy: la ciudadan\u00eda denuncia la falta de frecuencias en algunas l\u00edneas - COPE Alcoy","og_description":"Fomentar el transporte p\u00fablico es algo en lo que coinciden la mayor\u00eda de los partidos pol\u00edticos. Aqu\u00ed en Alcoy es una de las l\u00edneas de actuaci\u00f3n del Gobierno local. Sin embargo, si queremos que m\u00e1s gente utilice el autob\u00fas tenemos que garantizar que esto sea viable, es decir, que el servicio sea eficiente y que haya hueco para todos. Y en este punto hay algunas deficiencias.","og_url":"https:\/\/www.copealcoy.es\/es\/overbooking-en-autobuses-de-alcoy-la-ciudadania-denuncia-la-falta-de-frecuencias-en-algunas-lineas\/","og_site_name":"COPE Alcoy","article_published_time":"2023-09-29T10:17:17+00:00","article_modified_time":"2023-09-29T11:07:51+00:00","og_image":[{"width":640,"height":480,"url":"https:\/\/www.copealcoy.es\/wp-content\/uploads\/2022\/10\/Autobus-alcoi-e1665073335269.jpg","type":"image\/jpeg"}],"author":"Cope Alcoy","twitter_misc":{"Escrito por":"Cope Alcoy","Tiempo de lectura":"2 minutos"},"schema":{"@context":"https:\/\/schema.org","@graph":[{"@type":"Article","@id":"https:\/\/www.copealcoy.es\/es\/overbooking-en-autobuses-de-alcoy-la-ciudadania-denuncia-la-falta-de-frecuencias-en-algunas-lineas\/#article","isPartOf":{"@id":"https:\/\/www.copealcoy.es\/es\/overbooking-en-autobuses-de-alcoy-la-ciudadania-denuncia-la-falta-de-frecuencias-en-algunas-lineas\/"},"author":{"name":"Cope Alcoy","@id":"https:\/\/www.copealcoy.es\/es\/#\/schema\/person\/e777c87fa024e57d40170af9df39882c"},"headline":"&#8216;Overbooking&#8217; en autobuses de Alcoy: la ciudadan\u00eda denuncia la falta de frecuencias en algunas l\u00edneas","datePublished":"2023-09-29T10:17:17+00:00","dateModified":"2023-09-29T11:07:51+00:00","mainEntityOfPage":{"@id":"https:\/\/www.copealcoy.es\/es\/overbooking-en-autobuses-de-alcoy-la-ciudadania-denuncia-la-falta-de-frecuencias-en-algunas-lineas\/"},"wordCount":386,"commentCount":0,"image":{"@id":"https:\/\/www.copealcoy.es\/es\/overbooking-en-autobuses-de-alcoy-la-ciudadania-denuncia-la-falta-de-frecuencias-en-algunas-lineas\/#primaryimage"},"thumbnailUrl":"https:\/\/www.copealcoy.es\/wp-content\/uploads\/2022\/10\/Autobus-alcoi-e1665073335269.jpg","keywords":["Alcoy","Autob\u00fas","Guanyar Alcoi","Transporte"],"articleSection":["Actualidad","Alcoy","Noticias","Portada"],"inLanguage":"es"},{"@type":"WebPage","@id":"https:\/\/www.copealcoy.es\/es\/overbooking-en-autobuses-de-alcoy-la-ciudadania-denuncia-la-falta-de-frecuencias-en-algunas-lineas\/","url":"https:\/\/www.copealcoy.es\/es\/overbooking-en-autobuses-de-alcoy-la-ciudadania-denuncia-la-falta-de-frecuencias-en-algunas-lineas\/","name":"'Overbooking' en autobuses de Alcoy: la ciudadan\u00eda denuncia la falta de frecuencias en algunas l\u00edneas - COPE Alcoy","isPartOf":{"@id":"https:\/\/www.copealcoy.es\/es\/#website"},"primaryImageOfPage":{"@id":"https:\/\/www.copealcoy.es\/es\/overbooking-en-autobuses-de-alcoy-la-ciudadania-denuncia-la-falta-de-frecuencias-en-algunas-lineas\/#primaryimage"},"image":{"@id":"https:\/\/www.copealcoy.es\/es\/overbooking-en-autobuses-de-alcoy-la-ciudadania-denuncia-la-falta-de-frecuencias-en-algunas-lineas\/#primaryimage"},"thumbnailUrl":"https:\/\/www.copealcoy.es\/wp-content\/uploads\/2022\/10\/Autobus-alcoi-e1665073335269.jpg","datePublished":"2023-09-29T10:17:17+00:00","dateModified":"2023-09-29T11:07:51+00:00","author":{"@id":"https:\/\/www.copealcoy.es\/es\/#\/schema\/person\/e777c87fa024e57d40170af9df39882c"},"description":"Fomentar el transporte p\u00fablico es algo en lo que coinciden la mayor\u00eda de los partidos pol\u00edticos. Aqu\u00ed en Alcoy es una de las l\u00edneas de actuaci\u00f3n del Gobierno local. Sin embargo, si queremos que m\u00e1s gente utilice el autob\u00fas tenemos que garantizar que esto sea viable, es decir, que el servicio sea eficiente y que haya hueco para todos. Y en este punto hay algunas deficiencias.","breadcrumb":{"@id":"https:\/\/www.copealcoy.es\/es\/overbooking-en-autobuses-de-alcoy-la-ciudadania-denuncia-la-falta-de-frecuencias-en-algunas-lineas\/#breadcrumb"},"inLanguage":"es","potentialAction":[{"@type":"ReadAction","target":["https:\/\/www.copealcoy.es\/es\/overbooking-en-autobuses-de-alcoy-la-ciudadania-denuncia-la-falta-de-frecuencias-en-algunas-lineas\/"]}]},{"@type":"ImageObject","inLanguage":"es","@id":"https:\/\/www.copealcoy.es\/es\/overbooking-en-autobuses-de-alcoy-la-ciudadania-denuncia-la-falta-de-frecuencias-en-algunas-lineas\/#primaryimage","url":"https:\/\/www.copealcoy.es\/wp-content\/uploads\/2022\/10\/Autobus-alcoi-e1665073335269.jpg","contentUrl":"https:\/\/www.copealcoy.es\/wp-content\/uploads\/2022\/10\/Autobus-alcoi-e1665073335269.jpg","width":640,"height":480},{"@type":"BreadcrumbList","@id":"https:\/\/www.copealcoy.es\/es\/overbooking-en-autobuses-de-alcoy-la-ciudadania-denuncia-la-falta-de-frecuencias-en-algunas-lineas\/#breadcrumb","itemListElement":[{"@type":"ListItem","position":1,"name":"Portada","item":"https:\/\/www.copealcoy.es\/es\/"},{"@type":"ListItem","position":2,"name":"&#8216;Overbooking&#8217; en autobuses de Alcoy: la ciudadan\u00eda denuncia la falta de frecuencias en algunas l\u00edneas"}]},{"@type":"WebSite","@id":"https:\/\/www.copealcoy.es\/es\/#website","url":"https:\/\/www.copealcoy.es\/es\/","name":"COPE Alcoy","description":"Emisora COPE de radio local con emisi\u00f3n online. Pont de Sant Jordi 8-10 03803 Alcoy","potentialAction":[{"@type":"SearchAction","target":{"@type":"EntryPoint","urlTemplate":"https:\/\/www.copealcoy.es\/es\/?s={search_term_string}"},"query-input":{"@type":"PropertyValueSpecification","valueRequired":true,"valueName":"search_term_string"}}],"inLanguage":"es"},{"@type":"Person","@id":"https:\/\/www.copealcoy.es\/es\/#\/schema\/person\/e777c87fa024e57d40170af9df39882c","name":"Cope Alcoy","image":{"@type":"ImageObject","inLanguage":"es","@id":"https:\/\/secure.gravatar.com\/avatar\/bb65d0283347e303893ba14f0692005417c1e0e690a325a4c5d8bb2b3943ee14?s=96&d=mm&r=g","url":"https:\/\/secure.gravatar.com\/avatar\/bb65d0283347e303893ba14f0692005417c1e0e690a325a4c5d8bb2b3943ee14?s=96&d=mm&r=g","contentUrl":"https:\/\/secure.gravatar.com\/avatar\/bb65d0283347e303893ba14f0692005417c1e0e690a325a4c5d8bb2b3943ee14?s=96&d=mm&r=g","caption":"Cope Alcoy"}}]}},"_links":{"self":[{"href":"https:\/\/www.copealcoy.es\/es\/wp-json\/wp\/v2\/posts\/122591","targetHints":{"allow":["GET"]}}],"collection":[{"href":"https:\/\/www.copealcoy.es\/es\/wp-json\/wp\/v2\/posts"}],"about":[{"href":"https:\/\/www.copealcoy.es\/es\/wp-json\/wp\/v2\/types\/post"}],"author":[{"embeddable":true,"href":"https:\/\/www.copealcoy.es\/es\/wp-json\/wp\/v2\/users\/1"}],"replies":[{"embeddable":true,"href":"https:\/\/www.copealcoy.es\/es\/wp-json\/wp\/v2\/comments?post=122591"}],"version-history":[{"count":0,"href":"https:\/\/www.copealcoy.es\/es\/wp-json\/wp\/v2\/posts\/122591\/revisions"}],"wp:featuredmedia":[{"embeddable":true,"href":"https:\/\/www.copealcoy.es\/es\/wp-json\/wp\/v2\/media\/92574"}],"wp:attachment":[{"href":"https:\/\/www.copealcoy.es\/es\/wp-json\/wp\/v2\/media?parent=122591"}],"wp:term":[{"taxonomy":"category","embeddable":true,"href":"https:\/\/www.copealcoy.es\/es\/wp-json\/wp\/v2\/categories?post=122591"},{"taxonomy":"post_tag","embeddable":true,"href":"https:\/\/www.copealcoy.es\/es\/wp-json\/wp\/v2\/tags?post=122591"}],"curies":[{"name":"wp","href":"https:\/\/api.w.org\/{rel}","templated":true}]}}