{"id":122587,"date":"2023-09-29T11:13:15","date_gmt":"2023-09-29T10:13:15","guid":{"rendered":"https:\/\/www.copealcoy.es\/?p=122587"},"modified":"2023-09-29T11:31:29","modified_gmt":"2023-09-29T10:31:29","slug":"ano-regular-para-la-vendimia-en-la-comarca-calor-y-lluvias-dejan-huella-en-la-cosecha-de-uva","status":"publish","type":"post","link":"https:\/\/www.copealcoy.es\/es\/ano-regular-para-la-vendimia-en-la-comarca-calor-y-lluvias-dejan-huella-en-la-cosecha-de-uva\/","title":{"rendered":"A\u00f1o regular para la vendimia en la comarca. Calor y lluvias dejan huella en la  cosecha de uva"},"content":{"rendered":"<p style=\"text-align: justify;\">Septiembre es <strong>un mes que va siempre asociado a la vendimia<\/strong>, una pr\u00e1ctica agr\u00edcola que tambi\u00e9n cobra <strong>cierta relevancia<\/strong> en las comarcas de l&#8217;Alcoi\u00e0 y el Comtat puesto que en los \u00faltimos a\u00f1os <strong>se ha ido incrementando notablemente la producci\u00f3n de vino en la zona<\/strong>. La situaci\u00f3n clim\u00e1tica que hemos vivido en este 2023 <strong>ha condicionado<\/strong>, sin duda, <strong>la maduraci\u00f3n de la uva<\/strong> e incluso ha dejado consecuencias en los resultados de la cosecha.<\/p>\n<p style=\"text-align: justify;\">As\u00ed lo ha explicado este viernes en COPE ALCOY <strong>Juan Cascant<\/strong>, director de una conocida bodega de nuestras comarcas e impulsor de proyectos destacados como el de Microvinya. Cascant ha indicado que a principios de a\u00f1o todo hac\u00eda pensar que <strong>la recogida de la uva se ir\u00eda al traste<\/strong> debido a las altas temperaturas que nos acompa\u00f1aron tanto entre finales del invierno como a principios de primavera &#8220;<em>a partir de mayo, milagrosamente, cambiaron las cosas y llegaron unas precipitaciones que fueron abundantes e incluso equilibradas. Gracias a eso se salv\u00f3 la situaci\u00f3n pero despu\u00e9s vino de nuevo un verano con temperaturas t\u00f3rridas que hicieron peligrar una campa\u00f1a que se salv\u00f3 gracias a los chubascos de final de verano<\/em>&#8220;, explica. Estos contrastes tan abruptos en el clima <strong>han hecho mella en la vid<\/strong> y <strong>la misma producci\u00f3n de vino<\/strong> &#8220;<em>la planta ha estado sometida a un estr\u00e9s constante pero al final se ha podido conseguir una uva de buena calidad aunque no ha sido abundante. Esto, inevitablemente, ha dado como resultado una disminuci\u00f3n de la actividad de las bodegas de la zona<\/em>&#8220;, concluye.<\/p>\n<audio class=\"wp-audio-shortcode\" id=\"audio-122587-1\" preload=\"none\" style=\"width: 100%;\" controls=\"controls\"><source type=\"audio\/mpeg\" src=\"https:\/\/www.copealcoy.es\/wp-content\/uploads\/2023\/09\/Tall-Juan-Cascant-Vendimia.mp3?_=1\" \/><a href=\"https:\/\/www.copealcoy.es\/wp-content\/uploads\/2023\/09\/Tall-Juan-Cascant-Vendimia.mp3\">https:\/\/www.copealcoy.es\/wp-content\/uploads\/2023\/09\/Tall-Juan-Cascant-Vendimia.mp3<\/a><\/audio>\n<p>&nbsp;<\/p>\n<p style=\"text-align: justify;\">Cabe destacar que <strong>en l&#8217;Alcoi\u00e0<\/strong> se ha registrado una notable disminuci\u00f3n de vi\u00f1edos en los \u00faltimos a\u00f1os mientras que en <strong>el Comtat<\/strong> se ha apostado por recuperar el cultivo en minifundios de secano situados a una altura de 600 metros. Muchas bodegas est\u00e1n aprovechando este contexto para crear vinos de monta\u00f1a de alta gama que tiene una gran aceptaci\u00f3n tanto en el mercado nacional como en el \u00e1mbito internacional.<\/p>\n","protected":false},"excerpt":{"rendered":"<p>Septiembre es un mes que va siempre asociado a la vendimia, una pr\u00e1ctica agr\u00edcola que tambi\u00e9n cobra cierta relevancia en&#8230;<\/p>\n","protected":false},"author":1,"featured_media":122588,"comment_status":"open","ping_status":"open","sticky":false,"template":"","format":"standard","meta":{"footnotes":""},"categories":[6909,98,75],"tags":[482,236,237,397,15633,15632,1362],"class_list":["post-122587","post","type-post","status-publish","format-standard","has-post-thumbnail","hentry","category-actualidad","category-comarcas","category-noticias","tag-alcoia","tag-comarca","tag-comtat","tag-cosecha","tag-juan-cascant","tag-uva","tag-vendimia"],"yoast_head":"<!-- This site is optimized with the Yoast SEO plugin v27.3 - https:\/\/yoast.com\/product\/yoast-seo-wordpress\/ -->\n<title>A\u00f1o regular para la vendimia en la comarca. Calor y lluvias dejan huella en la cosecha de uva - COPE Alcoy<\/title>\n<meta name=\"description\" content=\"Septiembre es un mes que va siempre asociado a la vendimia, una pr\u00e1ctica agr\u00edcola que tambi\u00e9n cobra cierta relevancia en l&#039;Alcoi\u00e0 y el Comtat\" \/>\n<meta name=\"robots\" content=\"index, follow, max-snippet:-1, max-image-preview:large, max-video-preview:-1\" \/>\n<link rel=\"canonical\" href=\"https:\/\/www.copealcoy.es\/es\/ano-regular-para-la-vendimia-en-la-comarca-calor-y-lluvias-dejan-huella-en-la-cosecha-de-uva\/\" \/>\n<meta property=\"og:locale\" content=\"es_ES\" \/>\n<meta property=\"og:type\" content=\"article\" \/>\n<meta property=\"og:title\" content=\"A\u00f1o regular para la vendimia en la comarca. Calor y lluvias dejan huella en la cosecha de uva - COPE Alcoy\" \/>\n<meta property=\"og:description\" content=\"Septiembre es un mes que va siempre asociado a la vendimia, una pr\u00e1ctica agr\u00edcola que tambi\u00e9n cobra cierta relevancia en l&#039;Alcoi\u00e0 y el Comtat\" \/>\n<meta property=\"og:url\" content=\"https:\/\/www.copealcoy.es\/es\/ano-regular-para-la-vendimia-en-la-comarca-calor-y-lluvias-dejan-huella-en-la-cosecha-de-uva\/\" \/>\n<meta property=\"og:site_name\" content=\"COPE Alcoy\" \/>\n<meta property=\"article:published_time\" content=\"2023-09-29T10:13:15+00:00\" \/>\n<meta property=\"article:modified_time\" content=\"2023-09-29T10:31:29+00:00\" \/>\n<meta property=\"og:image\" content=\"https:\/\/www.copealcoy.es\/wp-content\/uploads\/2023\/09\/308344443_514146964054039_4427344160304515988_n.jpg\" \/>\n\t<meta property=\"og:image:width\" content=\"784\" \/>\n\t<meta property=\"og:image:height\" content=\"588\" \/>\n\t<meta property=\"og:image:type\" content=\"image\/jpeg\" \/>\n<meta name=\"author\" content=\"Cope Alcoy\" \/>\n<meta name=\"twitter:label1\" content=\"Escrito por\" \/>\n\t<meta name=\"twitter:data1\" content=\"Cope Alcoy\" \/>\n\t<meta name=\"twitter:label2\" content=\"Tiempo de lectura\" \/>\n\t<meta name=\"twitter:data2\" content=\"2 minutos\" \/>\n<script type=\"application\/ld+json\" class=\"yoast-schema-graph\">{\"@context\":\"https:\\\/\\\/schema.org\",\"@graph\":[{\"@type\":\"Article\",\"@id\":\"https:\\\/\\\/www.copealcoy.es\\\/es\\\/ano-regular-para-la-vendimia-en-la-comarca-calor-y-lluvias-dejan-huella-en-la-cosecha-de-uva\\\/#article\",\"isPartOf\":{\"@id\":\"https:\\\/\\\/www.copealcoy.es\\\/es\\\/ano-regular-para-la-vendimia-en-la-comarca-calor-y-lluvias-dejan-huella-en-la-cosecha-de-uva\\\/\"},\"author\":{\"name\":\"Cope Alcoy\",\"@id\":\"https:\\\/\\\/www.copealcoy.es\\\/es\\\/#\\\/schema\\\/person\\\/e777c87fa024e57d40170af9df39882c\"},\"headline\":\"A\u00f1o regular para la vendimia en la comarca. Calor y lluvias dejan huella en la cosecha de uva\",\"datePublished\":\"2023-09-29T10:13:15+00:00\",\"dateModified\":\"2023-09-29T10:31:29+00:00\",\"mainEntityOfPage\":{\"@id\":\"https:\\\/\\\/www.copealcoy.es\\\/es\\\/ano-regular-para-la-vendimia-en-la-comarca-calor-y-lluvias-dejan-huella-en-la-cosecha-de-uva\\\/\"},\"wordCount\":381,\"commentCount\":0,\"image\":{\"@id\":\"https:\\\/\\\/www.copealcoy.es\\\/es\\\/ano-regular-para-la-vendimia-en-la-comarca-calor-y-lluvias-dejan-huella-en-la-cosecha-de-uva\\\/#primaryimage\"},\"thumbnailUrl\":\"https:\\\/\\\/www.copealcoy.es\\\/wp-content\\\/uploads\\\/2023\\\/09\\\/308344443_514146964054039_4427344160304515988_n.jpg\",\"keywords\":[\"Alcoi\u00e0\",\"Comarca\",\"Comtat\",\"Cosecha\",\"Juan Cascant\",\"uva\",\"vendimia\"],\"articleSection\":[\"Actualidad\",\"Comarcas\",\"Noticias\"],\"inLanguage\":\"es\"},{\"@type\":\"WebPage\",\"@id\":\"https:\\\/\\\/www.copealcoy.es\\\/es\\\/ano-regular-para-la-vendimia-en-la-comarca-calor-y-lluvias-dejan-huella-en-la-cosecha-de-uva\\\/\",\"url\":\"https:\\\/\\\/www.copealcoy.es\\\/es\\\/ano-regular-para-la-vendimia-en-la-comarca-calor-y-lluvias-dejan-huella-en-la-cosecha-de-uva\\\/\",\"name\":\"A\u00f1o regular para la vendimia en la comarca. Calor y lluvias dejan huella en la cosecha de uva - COPE Alcoy\",\"isPartOf\":{\"@id\":\"https:\\\/\\\/www.copealcoy.es\\\/es\\\/#website\"},\"primaryImageOfPage\":{\"@id\":\"https:\\\/\\\/www.copealcoy.es\\\/es\\\/ano-regular-para-la-vendimia-en-la-comarca-calor-y-lluvias-dejan-huella-en-la-cosecha-de-uva\\\/#primaryimage\"},\"image\":{\"@id\":\"https:\\\/\\\/www.copealcoy.es\\\/es\\\/ano-regular-para-la-vendimia-en-la-comarca-calor-y-lluvias-dejan-huella-en-la-cosecha-de-uva\\\/#primaryimage\"},\"thumbnailUrl\":\"https:\\\/\\\/www.copealcoy.es\\\/wp-content\\\/uploads\\\/2023\\\/09\\\/308344443_514146964054039_4427344160304515988_n.jpg\",\"datePublished\":\"2023-09-29T10:13:15+00:00\",\"dateModified\":\"2023-09-29T10:31:29+00:00\",\"author\":{\"@id\":\"https:\\\/\\\/www.copealcoy.es\\\/es\\\/#\\\/schema\\\/person\\\/e777c87fa024e57d40170af9df39882c\"},\"description\":\"Septiembre es un mes que va siempre asociado a la vendimia, una pr\u00e1ctica agr\u00edcola que tambi\u00e9n cobra cierta relevancia en l'Alcoi\u00e0 y el Comtat\",\"breadcrumb\":{\"@id\":\"https:\\\/\\\/www.copealcoy.es\\\/es\\\/ano-regular-para-la-vendimia-en-la-comarca-calor-y-lluvias-dejan-huella-en-la-cosecha-de-uva\\\/#breadcrumb\"},\"inLanguage\":\"es\",\"potentialAction\":[{\"@type\":\"ReadAction\",\"target\":[\"https:\\\/\\\/www.copealcoy.es\\\/es\\\/ano-regular-para-la-vendimia-en-la-comarca-calor-y-lluvias-dejan-huella-en-la-cosecha-de-uva\\\/\"]}]},{\"@type\":\"ImageObject\",\"inLanguage\":\"es\",\"@id\":\"https:\\\/\\\/www.copealcoy.es\\\/es\\\/ano-regular-para-la-vendimia-en-la-comarca-calor-y-lluvias-dejan-huella-en-la-cosecha-de-uva\\\/#primaryimage\",\"url\":\"https:\\\/\\\/www.copealcoy.es\\\/wp-content\\\/uploads\\\/2023\\\/09\\\/308344443_514146964054039_4427344160304515988_n.jpg\",\"contentUrl\":\"https:\\\/\\\/www.copealcoy.es\\\/wp-content\\\/uploads\\\/2023\\\/09\\\/308344443_514146964054039_4427344160304515988_n.jpg\",\"width\":784,\"height\":588},{\"@type\":\"BreadcrumbList\",\"@id\":\"https:\\\/\\\/www.copealcoy.es\\\/es\\\/ano-regular-para-la-vendimia-en-la-comarca-calor-y-lluvias-dejan-huella-en-la-cosecha-de-uva\\\/#breadcrumb\",\"itemListElement\":[{\"@type\":\"ListItem\",\"position\":1,\"name\":\"Portada\",\"item\":\"https:\\\/\\\/www.copealcoy.es\\\/es\\\/\"},{\"@type\":\"ListItem\",\"position\":2,\"name\":\"A\u00f1o regular para la vendimia en la comarca. Calor y lluvias dejan huella en la cosecha de uva\"}]},{\"@type\":\"WebSite\",\"@id\":\"https:\\\/\\\/www.copealcoy.es\\\/es\\\/#website\",\"url\":\"https:\\\/\\\/www.copealcoy.es\\\/es\\\/\",\"name\":\"COPE Alcoy\",\"description\":\"Emisora COPE de radio local con emisi\u00f3n online. Pont de Sant Jordi 8-10 03803 Alcoy\",\"potentialAction\":[{\"@type\":\"SearchAction\",\"target\":{\"@type\":\"EntryPoint\",\"urlTemplate\":\"https:\\\/\\\/www.copealcoy.es\\\/es\\\/?s={search_term_string}\"},\"query-input\":{\"@type\":\"PropertyValueSpecification\",\"valueRequired\":true,\"valueName\":\"search_term_string\"}}],\"inLanguage\":\"es\"},{\"@type\":\"Person\",\"@id\":\"https:\\\/\\\/www.copealcoy.es\\\/es\\\/#\\\/schema\\\/person\\\/e777c87fa024e57d40170af9df39882c\",\"name\":\"Cope Alcoy\",\"image\":{\"@type\":\"ImageObject\",\"inLanguage\":\"es\",\"@id\":\"https:\\\/\\\/secure.gravatar.com\\\/avatar\\\/bb65d0283347e303893ba14f0692005417c1e0e690a325a4c5d8bb2b3943ee14?s=96&d=mm&r=g\",\"url\":\"https:\\\/\\\/secure.gravatar.com\\\/avatar\\\/bb65d0283347e303893ba14f0692005417c1e0e690a325a4c5d8bb2b3943ee14?s=96&d=mm&r=g\",\"contentUrl\":\"https:\\\/\\\/secure.gravatar.com\\\/avatar\\\/bb65d0283347e303893ba14f0692005417c1e0e690a325a4c5d8bb2b3943ee14?s=96&d=mm&r=g\",\"caption\":\"Cope Alcoy\"}}]}<\/script>\n<!-- \/ Yoast SEO plugin. -->","yoast_head_json":{"title":"A\u00f1o regular para la vendimia en la comarca. Calor y lluvias dejan huella en la cosecha de uva - COPE Alcoy","description":"Septiembre es un mes que va siempre asociado a la vendimia, una pr\u00e1ctica agr\u00edcola que tambi\u00e9n cobra cierta relevancia en l'Alcoi\u00e0 y el Comtat","robots":{"index":"index","follow":"follow","max-snippet":"max-snippet:-1","max-image-preview":"max-image-preview:large","max-video-preview":"max-video-preview:-1"},"canonical":"https:\/\/www.copealcoy.es\/es\/ano-regular-para-la-vendimia-en-la-comarca-calor-y-lluvias-dejan-huella-en-la-cosecha-de-uva\/","og_locale":"es_ES","og_type":"article","og_title":"A\u00f1o regular para la vendimia en la comarca. Calor y lluvias dejan huella en la cosecha de uva - COPE Alcoy","og_description":"Septiembre es un mes que va siempre asociado a la vendimia, una pr\u00e1ctica agr\u00edcola que tambi\u00e9n cobra cierta relevancia en l'Alcoi\u00e0 y el Comtat","og_url":"https:\/\/www.copealcoy.es\/es\/ano-regular-para-la-vendimia-en-la-comarca-calor-y-lluvias-dejan-huella-en-la-cosecha-de-uva\/","og_site_name":"COPE Alcoy","article_published_time":"2023-09-29T10:13:15+00:00","article_modified_time":"2023-09-29T10:31:29+00:00","og_image":[{"width":784,"height":588,"url":"https:\/\/www.copealcoy.es\/wp-content\/uploads\/2023\/09\/308344443_514146964054039_4427344160304515988_n.jpg","type":"image\/jpeg"}],"author":"Cope Alcoy","twitter_misc":{"Escrito por":"Cope Alcoy","Tiempo de lectura":"2 minutos"},"schema":{"@context":"https:\/\/schema.org","@graph":[{"@type":"Article","@id":"https:\/\/www.copealcoy.es\/es\/ano-regular-para-la-vendimia-en-la-comarca-calor-y-lluvias-dejan-huella-en-la-cosecha-de-uva\/#article","isPartOf":{"@id":"https:\/\/www.copealcoy.es\/es\/ano-regular-para-la-vendimia-en-la-comarca-calor-y-lluvias-dejan-huella-en-la-cosecha-de-uva\/"},"author":{"name":"Cope Alcoy","@id":"https:\/\/www.copealcoy.es\/es\/#\/schema\/person\/e777c87fa024e57d40170af9df39882c"},"headline":"A\u00f1o regular para la vendimia en la comarca. Calor y lluvias dejan huella en la cosecha de uva","datePublished":"2023-09-29T10:13:15+00:00","dateModified":"2023-09-29T10:31:29+00:00","mainEntityOfPage":{"@id":"https:\/\/www.copealcoy.es\/es\/ano-regular-para-la-vendimia-en-la-comarca-calor-y-lluvias-dejan-huella-en-la-cosecha-de-uva\/"},"wordCount":381,"commentCount":0,"image":{"@id":"https:\/\/www.copealcoy.es\/es\/ano-regular-para-la-vendimia-en-la-comarca-calor-y-lluvias-dejan-huella-en-la-cosecha-de-uva\/#primaryimage"},"thumbnailUrl":"https:\/\/www.copealcoy.es\/wp-content\/uploads\/2023\/09\/308344443_514146964054039_4427344160304515988_n.jpg","keywords":["Alcoi\u00e0","Comarca","Comtat","Cosecha","Juan Cascant","uva","vendimia"],"articleSection":["Actualidad","Comarcas","Noticias"],"inLanguage":"es"},{"@type":"WebPage","@id":"https:\/\/www.copealcoy.es\/es\/ano-regular-para-la-vendimia-en-la-comarca-calor-y-lluvias-dejan-huella-en-la-cosecha-de-uva\/","url":"https:\/\/www.copealcoy.es\/es\/ano-regular-para-la-vendimia-en-la-comarca-calor-y-lluvias-dejan-huella-en-la-cosecha-de-uva\/","name":"A\u00f1o regular para la vendimia en la comarca. Calor y lluvias dejan huella en la cosecha de uva - COPE Alcoy","isPartOf":{"@id":"https:\/\/www.copealcoy.es\/es\/#website"},"primaryImageOfPage":{"@id":"https:\/\/www.copealcoy.es\/es\/ano-regular-para-la-vendimia-en-la-comarca-calor-y-lluvias-dejan-huella-en-la-cosecha-de-uva\/#primaryimage"},"image":{"@id":"https:\/\/www.copealcoy.es\/es\/ano-regular-para-la-vendimia-en-la-comarca-calor-y-lluvias-dejan-huella-en-la-cosecha-de-uva\/#primaryimage"},"thumbnailUrl":"https:\/\/www.copealcoy.es\/wp-content\/uploads\/2023\/09\/308344443_514146964054039_4427344160304515988_n.jpg","datePublished":"2023-09-29T10:13:15+00:00","dateModified":"2023-09-29T10:31:29+00:00","author":{"@id":"https:\/\/www.copealcoy.es\/es\/#\/schema\/person\/e777c87fa024e57d40170af9df39882c"},"description":"Septiembre es un mes que va siempre asociado a la vendimia, una pr\u00e1ctica agr\u00edcola que tambi\u00e9n cobra cierta relevancia en l'Alcoi\u00e0 y el Comtat","breadcrumb":{"@id":"https:\/\/www.copealcoy.es\/es\/ano-regular-para-la-vendimia-en-la-comarca-calor-y-lluvias-dejan-huella-en-la-cosecha-de-uva\/#breadcrumb"},"inLanguage":"es","potentialAction":[{"@type":"ReadAction","target":["https:\/\/www.copealcoy.es\/es\/ano-regular-para-la-vendimia-en-la-comarca-calor-y-lluvias-dejan-huella-en-la-cosecha-de-uva\/"]}]},{"@type":"ImageObject","inLanguage":"es","@id":"https:\/\/www.copealcoy.es\/es\/ano-regular-para-la-vendimia-en-la-comarca-calor-y-lluvias-dejan-huella-en-la-cosecha-de-uva\/#primaryimage","url":"https:\/\/www.copealcoy.es\/wp-content\/uploads\/2023\/09\/308344443_514146964054039_4427344160304515988_n.jpg","contentUrl":"https:\/\/www.copealcoy.es\/wp-content\/uploads\/2023\/09\/308344443_514146964054039_4427344160304515988_n.jpg","width":784,"height":588},{"@type":"BreadcrumbList","@id":"https:\/\/www.copealcoy.es\/es\/ano-regular-para-la-vendimia-en-la-comarca-calor-y-lluvias-dejan-huella-en-la-cosecha-de-uva\/#breadcrumb","itemListElement":[{"@type":"ListItem","position":1,"name":"Portada","item":"https:\/\/www.copealcoy.es\/es\/"},{"@type":"ListItem","position":2,"name":"A\u00f1o regular para la vendimia en la comarca. Calor y lluvias dejan huella en la cosecha de uva"}]},{"@type":"WebSite","@id":"https:\/\/www.copealcoy.es\/es\/#website","url":"https:\/\/www.copealcoy.es\/es\/","name":"COPE Alcoy","description":"Emisora COPE de radio local con emisi\u00f3n online. Pont de Sant Jordi 8-10 03803 Alcoy","potentialAction":[{"@type":"SearchAction","target":{"@type":"EntryPoint","urlTemplate":"https:\/\/www.copealcoy.es\/es\/?s={search_term_string}"},"query-input":{"@type":"PropertyValueSpecification","valueRequired":true,"valueName":"search_term_string"}}],"inLanguage":"es"},{"@type":"Person","@id":"https:\/\/www.copealcoy.es\/es\/#\/schema\/person\/e777c87fa024e57d40170af9df39882c","name":"Cope Alcoy","image":{"@type":"ImageObject","inLanguage":"es","@id":"https:\/\/secure.gravatar.com\/avatar\/bb65d0283347e303893ba14f0692005417c1e0e690a325a4c5d8bb2b3943ee14?s=96&d=mm&r=g","url":"https:\/\/secure.gravatar.com\/avatar\/bb65d0283347e303893ba14f0692005417c1e0e690a325a4c5d8bb2b3943ee14?s=96&d=mm&r=g","contentUrl":"https:\/\/secure.gravatar.com\/avatar\/bb65d0283347e303893ba14f0692005417c1e0e690a325a4c5d8bb2b3943ee14?s=96&d=mm&r=g","caption":"Cope Alcoy"}}]}},"_links":{"self":[{"href":"https:\/\/www.copealcoy.es\/es\/wp-json\/wp\/v2\/posts\/122587","targetHints":{"allow":["GET"]}}],"collection":[{"href":"https:\/\/www.copealcoy.es\/es\/wp-json\/wp\/v2\/posts"}],"about":[{"href":"https:\/\/www.copealcoy.es\/es\/wp-json\/wp\/v2\/types\/post"}],"author":[{"embeddable":true,"href":"https:\/\/www.copealcoy.es\/es\/wp-json\/wp\/v2\/users\/1"}],"replies":[{"embeddable":true,"href":"https:\/\/www.copealcoy.es\/es\/wp-json\/wp\/v2\/comments?post=122587"}],"version-history":[{"count":0,"href":"https:\/\/www.copealcoy.es\/es\/wp-json\/wp\/v2\/posts\/122587\/revisions"}],"wp:featuredmedia":[{"embeddable":true,"href":"https:\/\/www.copealcoy.es\/es\/wp-json\/wp\/v2\/media\/122588"}],"wp:attachment":[{"href":"https:\/\/www.copealcoy.es\/es\/wp-json\/wp\/v2\/media?parent=122587"}],"wp:term":[{"taxonomy":"category","embeddable":true,"href":"https:\/\/www.copealcoy.es\/es\/wp-json\/wp\/v2\/categories?post=122587"},{"taxonomy":"post_tag","embeddable":true,"href":"https:\/\/www.copealcoy.es\/es\/wp-json\/wp\/v2\/tags?post=122587"}],"curies":[{"name":"wp","href":"https:\/\/api.w.org\/{rel}","templated":true}]}}