{"id":122432,"date":"2023-09-27T08:38:52","date_gmt":"2023-09-27T07:38:52","guid":{"rendered":"https:\/\/www.copealcoy.es\/?p=122432"},"modified":"2023-09-27T09:02:30","modified_gmt":"2023-09-27T08:02:30","slug":"se-convoca-el-concurso-para-ser-sargento-infantil-moro-y-cristiano-de-alcoy","status":"publish","type":"post","link":"https:\/\/www.copealcoy.es\/es\/se-convoca-el-concurso-para-ser-sargento-infantil-moro-y-cristiano-de-alcoy\/","title":{"rendered":"Se convoca el concurso para ser Sargento Infantil Moro y Cristiano de Alcoy"},"content":{"rendered":"<p style=\"text-align: justify;\">A punto de comenzar el mes de octubre, y a tan solo unas semanas de <strong>&#8216;Mig Any&#8217;<\/strong>, contin\u00faan los preparativos para las Fiestas de Moros y Cristianos 2023. <strong>Alcoy busca Sargento Infantil Moro y Cristiano<\/strong>.<\/p>\n<p style=\"text-align: justify;\">El concurso se ha convocado para <strong>el pr\u00f3ximo 11 de noviembre<\/strong>. Tendr\u00e1 lugar<strong> a partir de las cinco de la tarde en la Fil\u00e0 Abencerrajes<\/strong>. Pueden presentarse <strong>los ni\u00f1os y ni\u00f1as que cumplan 8, 9 o 10 a\u00f1os en 2024<\/strong>, en el a\u00f1o del cargo. El cargo tiene una duraci\u00f3n de dos a\u00f1os, excepto para los ni\u00f1os de 10 a\u00f1os. Estos tan solo podr\u00e1n ser Sargento Infantil en 2024.<\/p>\n<p style=\"text-align: justify;\">Entre los requisitos est\u00e1 pertenecer a una de las 28 Filaes y estar al corriente de sus obligaciones como Protector de la <strong>Asociaci\u00f3n de San Jorge (ASJ)<\/strong>.<\/p>\n<p style=\"text-align: justify;\">Para poder concursar, las candidaturas deber\u00e1n presentarse en la secretar\u00eda de la Asociaci\u00f3n de San Jorge, firmadas por el padre\/madre o tutor legal del candidato, y por el Primer Tro de la fil\u00e0 a la que pertenezca. El plazo finalizar\u00e1 el pr\u00f3ximo d\u00eda 6 de noviembre a las ocho de la tarde.<\/p>\n<p style=\"text-align: justify;\"><span style=\"color: #0000ff;\"><strong>Las actuaciones<\/strong><\/span><\/p>\n<p style=\"text-align: justify;\">Para el desarrollo del concurso se elegir\u00e1 de manera aleatoria el orden de las actuaciones. <strong>Los aspirantes deber\u00e1n interpretar, en primer lugar, el pasodoble &#8216;El Desitjat&#8217;, de Emilio Moreno Roca<\/strong>. Una vez finalizada la primera vuelta, habr\u00e1 una segunda en orden inverso.<\/p>\n<p style=\"text-align: justify;\">En esta segunda ocasi\u00f3n, la elecci\u00f3n del pasodoble para cada aspirante se realizar\u00e1 por sorteo. Hay tres opciones: <strong>Primavera, de Antonio Gisbert Esp\u00ed; Al Cel, de Francisco Valor Llorens, y Brisas de Mariola, de Francisco Esteve Pastor<\/strong>.<\/p>\n<p style=\"text-align: justify;\">El Jurado puntuar\u00e1 la actuaci\u00f3n de cada participante en cada vuelta. Este est\u00e1 compuesto por un Vocal Primer Tro, una persona mayor de edad que haya ostentado el cargo de Sargento Mayor o Sargento Infantil, un miembro del Cuadro de Honor de la ASJ, la Asesora Musical de la ASJ y el Ponente de Fiestas de la ASJ.<\/p>\n<p style=\"text-align: justify;\">Las bases completas del concurso las puedes encontrar <span style=\"color: #0000ff;\"><a style=\"color: #0000ff;\" href=\"https:\/\/www.asjordi.org\/actualidad\/concursos\/602\/bases-para-cubrir-la-plaza-de-sargento-infantil-moro-y-de-sargento-infantil-cristiano.html\" target=\"_blank\" rel=\"noopener\"><strong>aqu\u00ed<\/strong><\/a><\/span>.<\/p>\n","protected":false},"excerpt":{"rendered":"<p>A punto de comenzar el mes de octubre, y a tan solo unas semanas de &#8216;Mig Any&#8217;, contin\u00faan los preparativos&#8230;<\/p>\n","protected":false},"author":1,"featured_media":122443,"comment_status":"open","ping_status":"open","sticky":false,"template":"","format":"standard","meta":{"footnotes":""},"categories":[6909,97,78,75,125],"tags":[1494,2115,11281,1750],"class_list":["post-122432","post","type-post","status-publish","format-standard","has-post-thumbnail","hentry","category-actualidad","category-alcoy","category-fiestaycultura","category-noticias","category-portada","tag-alcoy","tag-asj","tag-fiestas-moros-y-cristianos","tag-sargento-infantil"],"yoast_head":"<!-- This site is optimized with the Yoast SEO plugin v27.3 - https:\/\/yoast.com\/product\/yoast-seo-wordpress\/ -->\n<title>Se convoca el concurso para ser Sargento Infantil Moro y Cristiano de Alcoy - COPE Alcoy<\/title>\n<meta name=\"description\" content=\"A punto de comenzar el mes de octubre, y a tan solo unas semanas de &#039;Mig Any&#039;, contin\u00faan los preparativos para las Fiestas de Moros y Cristianos 2023. Alcoy busca Sargento Infantil Moro y Cristiano.\" \/>\n<meta name=\"robots\" content=\"index, follow, max-snippet:-1, max-image-preview:large, max-video-preview:-1\" \/>\n<link rel=\"canonical\" href=\"https:\/\/www.copealcoy.es\/es\/se-convoca-el-concurso-para-ser-sargento-infantil-moro-y-cristiano-de-alcoy\/\" \/>\n<meta property=\"og:locale\" content=\"es_ES\" \/>\n<meta property=\"og:type\" content=\"article\" \/>\n<meta property=\"og:title\" content=\"Se convoca el concurso para ser Sargento Infantil Moro y Cristiano de Alcoy - COPE Alcoy\" \/>\n<meta property=\"og:description\" content=\"A punto de comenzar el mes de octubre, y a tan solo unas semanas de &#039;Mig Any&#039;, contin\u00faan los preparativos para las Fiestas de Moros y Cristianos 2023. Alcoy busca Sargento Infantil Moro y Cristiano.\" \/>\n<meta property=\"og:url\" content=\"https:\/\/www.copealcoy.es\/es\/se-convoca-el-concurso-para-ser-sargento-infantil-moro-y-cristiano-de-alcoy\/\" \/>\n<meta property=\"og:site_name\" content=\"COPE Alcoy\" \/>\n<meta property=\"article:published_time\" content=\"2023-09-27T07:38:52+00:00\" \/>\n<meta property=\"article:modified_time\" content=\"2023-09-27T08:02:30+00:00\" \/>\n<meta property=\"og:image\" content=\"https:\/\/www.copealcoy.es\/wp-content\/uploads\/2023\/09\/341252267_194140800068607_7482095233833586038_n-980x588-1.jpg\" \/>\n\t<meta property=\"og:image:width\" content=\"980\" \/>\n\t<meta property=\"og:image:height\" content=\"588\" \/>\n\t<meta property=\"og:image:type\" content=\"image\/jpeg\" \/>\n<meta name=\"author\" content=\"Cope Alcoy\" \/>\n<meta name=\"twitter:label1\" content=\"Escrito por\" \/>\n\t<meta name=\"twitter:data1\" content=\"Cope Alcoy\" \/>\n\t<meta name=\"twitter:label2\" content=\"Tiempo de lectura\" \/>\n\t<meta name=\"twitter:data2\" content=\"2 minutos\" \/>\n<script type=\"application\/ld+json\" class=\"yoast-schema-graph\">{\"@context\":\"https:\\\/\\\/schema.org\",\"@graph\":[{\"@type\":\"Article\",\"@id\":\"https:\\\/\\\/www.copealcoy.es\\\/es\\\/se-convoca-el-concurso-para-ser-sargento-infantil-moro-y-cristiano-de-alcoy\\\/#article\",\"isPartOf\":{\"@id\":\"https:\\\/\\\/www.copealcoy.es\\\/es\\\/se-convoca-el-concurso-para-ser-sargento-infantil-moro-y-cristiano-de-alcoy\\\/\"},\"author\":{\"name\":\"Cope Alcoy\",\"@id\":\"https:\\\/\\\/www.copealcoy.es\\\/es\\\/#\\\/schema\\\/person\\\/e777c87fa024e57d40170af9df39882c\"},\"headline\":\"Se convoca el concurso para ser Sargento Infantil Moro y Cristiano de Alcoy\",\"datePublished\":\"2023-09-27T07:38:52+00:00\",\"dateModified\":\"2023-09-27T08:02:30+00:00\",\"mainEntityOfPage\":{\"@id\":\"https:\\\/\\\/www.copealcoy.es\\\/es\\\/se-convoca-el-concurso-para-ser-sargento-infantil-moro-y-cristiano-de-alcoy\\\/\"},\"wordCount\":356,\"commentCount\":0,\"image\":{\"@id\":\"https:\\\/\\\/www.copealcoy.es\\\/es\\\/se-convoca-el-concurso-para-ser-sargento-infantil-moro-y-cristiano-de-alcoy\\\/#primaryimage\"},\"thumbnailUrl\":\"https:\\\/\\\/www.copealcoy.es\\\/wp-content\\\/uploads\\\/2023\\\/09\\\/341252267_194140800068607_7482095233833586038_n-980x588-1.jpg\",\"keywords\":[\"Alcoy\",\"ASJ\",\"Fiestas Moros y Cristianos\",\"Sargento Infantil\"],\"articleSection\":[\"Actualidad\",\"Alcoy\",\"Fiesta y Cultura\",\"Noticias\",\"Portada\"],\"inLanguage\":\"es\"},{\"@type\":\"WebPage\",\"@id\":\"https:\\\/\\\/www.copealcoy.es\\\/es\\\/se-convoca-el-concurso-para-ser-sargento-infantil-moro-y-cristiano-de-alcoy\\\/\",\"url\":\"https:\\\/\\\/www.copealcoy.es\\\/es\\\/se-convoca-el-concurso-para-ser-sargento-infantil-moro-y-cristiano-de-alcoy\\\/\",\"name\":\"Se convoca el concurso para ser Sargento Infantil Moro y Cristiano de Alcoy - COPE Alcoy\",\"isPartOf\":{\"@id\":\"https:\\\/\\\/www.copealcoy.es\\\/es\\\/#website\"},\"primaryImageOfPage\":{\"@id\":\"https:\\\/\\\/www.copealcoy.es\\\/es\\\/se-convoca-el-concurso-para-ser-sargento-infantil-moro-y-cristiano-de-alcoy\\\/#primaryimage\"},\"image\":{\"@id\":\"https:\\\/\\\/www.copealcoy.es\\\/es\\\/se-convoca-el-concurso-para-ser-sargento-infantil-moro-y-cristiano-de-alcoy\\\/#primaryimage\"},\"thumbnailUrl\":\"https:\\\/\\\/www.copealcoy.es\\\/wp-content\\\/uploads\\\/2023\\\/09\\\/341252267_194140800068607_7482095233833586038_n-980x588-1.jpg\",\"datePublished\":\"2023-09-27T07:38:52+00:00\",\"dateModified\":\"2023-09-27T08:02:30+00:00\",\"author\":{\"@id\":\"https:\\\/\\\/www.copealcoy.es\\\/es\\\/#\\\/schema\\\/person\\\/e777c87fa024e57d40170af9df39882c\"},\"description\":\"A punto de comenzar el mes de octubre, y a tan solo unas semanas de 'Mig Any', contin\u00faan los preparativos para las Fiestas de Moros y Cristianos 2023. Alcoy busca Sargento Infantil Moro y Cristiano.\",\"breadcrumb\":{\"@id\":\"https:\\\/\\\/www.copealcoy.es\\\/es\\\/se-convoca-el-concurso-para-ser-sargento-infantil-moro-y-cristiano-de-alcoy\\\/#breadcrumb\"},\"inLanguage\":\"es\",\"potentialAction\":[{\"@type\":\"ReadAction\",\"target\":[\"https:\\\/\\\/www.copealcoy.es\\\/es\\\/se-convoca-el-concurso-para-ser-sargento-infantil-moro-y-cristiano-de-alcoy\\\/\"]}]},{\"@type\":\"ImageObject\",\"inLanguage\":\"es\",\"@id\":\"https:\\\/\\\/www.copealcoy.es\\\/es\\\/se-convoca-el-concurso-para-ser-sargento-infantil-moro-y-cristiano-de-alcoy\\\/#primaryimage\",\"url\":\"https:\\\/\\\/www.copealcoy.es\\\/wp-content\\\/uploads\\\/2023\\\/09\\\/341252267_194140800068607_7482095233833586038_n-980x588-1.jpg\",\"contentUrl\":\"https:\\\/\\\/www.copealcoy.es\\\/wp-content\\\/uploads\\\/2023\\\/09\\\/341252267_194140800068607_7482095233833586038_n-980x588-1.jpg\",\"width\":980,\"height\":588},{\"@type\":\"BreadcrumbList\",\"@id\":\"https:\\\/\\\/www.copealcoy.es\\\/es\\\/se-convoca-el-concurso-para-ser-sargento-infantil-moro-y-cristiano-de-alcoy\\\/#breadcrumb\",\"itemListElement\":[{\"@type\":\"ListItem\",\"position\":1,\"name\":\"Portada\",\"item\":\"https:\\\/\\\/www.copealcoy.es\\\/es\\\/\"},{\"@type\":\"ListItem\",\"position\":2,\"name\":\"Se convoca el concurso para ser Sargento Infantil Moro y Cristiano de Alcoy\"}]},{\"@type\":\"WebSite\",\"@id\":\"https:\\\/\\\/www.copealcoy.es\\\/es\\\/#website\",\"url\":\"https:\\\/\\\/www.copealcoy.es\\\/es\\\/\",\"name\":\"COPE Alcoy\",\"description\":\"Emisora COPE de radio local con emisi\u00f3n online. Pont de Sant Jordi 8-10 03803 Alcoy\",\"potentialAction\":[{\"@type\":\"SearchAction\",\"target\":{\"@type\":\"EntryPoint\",\"urlTemplate\":\"https:\\\/\\\/www.copealcoy.es\\\/es\\\/?s={search_term_string}\"},\"query-input\":{\"@type\":\"PropertyValueSpecification\",\"valueRequired\":true,\"valueName\":\"search_term_string\"}}],\"inLanguage\":\"es\"},{\"@type\":\"Person\",\"@id\":\"https:\\\/\\\/www.copealcoy.es\\\/es\\\/#\\\/schema\\\/person\\\/e777c87fa024e57d40170af9df39882c\",\"name\":\"Cope Alcoy\",\"image\":{\"@type\":\"ImageObject\",\"inLanguage\":\"es\",\"@id\":\"https:\\\/\\\/secure.gravatar.com\\\/avatar\\\/bb65d0283347e303893ba14f0692005417c1e0e690a325a4c5d8bb2b3943ee14?s=96&d=mm&r=g\",\"url\":\"https:\\\/\\\/secure.gravatar.com\\\/avatar\\\/bb65d0283347e303893ba14f0692005417c1e0e690a325a4c5d8bb2b3943ee14?s=96&d=mm&r=g\",\"contentUrl\":\"https:\\\/\\\/secure.gravatar.com\\\/avatar\\\/bb65d0283347e303893ba14f0692005417c1e0e690a325a4c5d8bb2b3943ee14?s=96&d=mm&r=g\",\"caption\":\"Cope Alcoy\"}}]}<\/script>\n<!-- \/ Yoast SEO plugin. -->","yoast_head_json":{"title":"Se convoca el concurso para ser Sargento Infantil Moro y Cristiano de Alcoy - COPE Alcoy","description":"A punto de comenzar el mes de octubre, y a tan solo unas semanas de 'Mig Any', contin\u00faan los preparativos para las Fiestas de Moros y Cristianos 2023. Alcoy busca Sargento Infantil Moro y Cristiano.","robots":{"index":"index","follow":"follow","max-snippet":"max-snippet:-1","max-image-preview":"max-image-preview:large","max-video-preview":"max-video-preview:-1"},"canonical":"https:\/\/www.copealcoy.es\/es\/se-convoca-el-concurso-para-ser-sargento-infantil-moro-y-cristiano-de-alcoy\/","og_locale":"es_ES","og_type":"article","og_title":"Se convoca el concurso para ser Sargento Infantil Moro y Cristiano de Alcoy - COPE Alcoy","og_description":"A punto de comenzar el mes de octubre, y a tan solo unas semanas de 'Mig Any', contin\u00faan los preparativos para las Fiestas de Moros y Cristianos 2023. Alcoy busca Sargento Infantil Moro y Cristiano.","og_url":"https:\/\/www.copealcoy.es\/es\/se-convoca-el-concurso-para-ser-sargento-infantil-moro-y-cristiano-de-alcoy\/","og_site_name":"COPE Alcoy","article_published_time":"2023-09-27T07:38:52+00:00","article_modified_time":"2023-09-27T08:02:30+00:00","og_image":[{"width":980,"height":588,"url":"https:\/\/www.copealcoy.es\/wp-content\/uploads\/2023\/09\/341252267_194140800068607_7482095233833586038_n-980x588-1.jpg","type":"image\/jpeg"}],"author":"Cope Alcoy","twitter_misc":{"Escrito por":"Cope Alcoy","Tiempo de lectura":"2 minutos"},"schema":{"@context":"https:\/\/schema.org","@graph":[{"@type":"Article","@id":"https:\/\/www.copealcoy.es\/es\/se-convoca-el-concurso-para-ser-sargento-infantil-moro-y-cristiano-de-alcoy\/#article","isPartOf":{"@id":"https:\/\/www.copealcoy.es\/es\/se-convoca-el-concurso-para-ser-sargento-infantil-moro-y-cristiano-de-alcoy\/"},"author":{"name":"Cope Alcoy","@id":"https:\/\/www.copealcoy.es\/es\/#\/schema\/person\/e777c87fa024e57d40170af9df39882c"},"headline":"Se convoca el concurso para ser Sargento Infantil Moro y Cristiano de Alcoy","datePublished":"2023-09-27T07:38:52+00:00","dateModified":"2023-09-27T08:02:30+00:00","mainEntityOfPage":{"@id":"https:\/\/www.copealcoy.es\/es\/se-convoca-el-concurso-para-ser-sargento-infantil-moro-y-cristiano-de-alcoy\/"},"wordCount":356,"commentCount":0,"image":{"@id":"https:\/\/www.copealcoy.es\/es\/se-convoca-el-concurso-para-ser-sargento-infantil-moro-y-cristiano-de-alcoy\/#primaryimage"},"thumbnailUrl":"https:\/\/www.copealcoy.es\/wp-content\/uploads\/2023\/09\/341252267_194140800068607_7482095233833586038_n-980x588-1.jpg","keywords":["Alcoy","ASJ","Fiestas Moros y Cristianos","Sargento Infantil"],"articleSection":["Actualidad","Alcoy","Fiesta y Cultura","Noticias","Portada"],"inLanguage":"es"},{"@type":"WebPage","@id":"https:\/\/www.copealcoy.es\/es\/se-convoca-el-concurso-para-ser-sargento-infantil-moro-y-cristiano-de-alcoy\/","url":"https:\/\/www.copealcoy.es\/es\/se-convoca-el-concurso-para-ser-sargento-infantil-moro-y-cristiano-de-alcoy\/","name":"Se convoca el concurso para ser Sargento Infantil Moro y Cristiano de Alcoy - COPE Alcoy","isPartOf":{"@id":"https:\/\/www.copealcoy.es\/es\/#website"},"primaryImageOfPage":{"@id":"https:\/\/www.copealcoy.es\/es\/se-convoca-el-concurso-para-ser-sargento-infantil-moro-y-cristiano-de-alcoy\/#primaryimage"},"image":{"@id":"https:\/\/www.copealcoy.es\/es\/se-convoca-el-concurso-para-ser-sargento-infantil-moro-y-cristiano-de-alcoy\/#primaryimage"},"thumbnailUrl":"https:\/\/www.copealcoy.es\/wp-content\/uploads\/2023\/09\/341252267_194140800068607_7482095233833586038_n-980x588-1.jpg","datePublished":"2023-09-27T07:38:52+00:00","dateModified":"2023-09-27T08:02:30+00:00","author":{"@id":"https:\/\/www.copealcoy.es\/es\/#\/schema\/person\/e777c87fa024e57d40170af9df39882c"},"description":"A punto de comenzar el mes de octubre, y a tan solo unas semanas de 'Mig Any', contin\u00faan los preparativos para las Fiestas de Moros y Cristianos 2023. Alcoy busca Sargento Infantil Moro y Cristiano.","breadcrumb":{"@id":"https:\/\/www.copealcoy.es\/es\/se-convoca-el-concurso-para-ser-sargento-infantil-moro-y-cristiano-de-alcoy\/#breadcrumb"},"inLanguage":"es","potentialAction":[{"@type":"ReadAction","target":["https:\/\/www.copealcoy.es\/es\/se-convoca-el-concurso-para-ser-sargento-infantil-moro-y-cristiano-de-alcoy\/"]}]},{"@type":"ImageObject","inLanguage":"es","@id":"https:\/\/www.copealcoy.es\/es\/se-convoca-el-concurso-para-ser-sargento-infantil-moro-y-cristiano-de-alcoy\/#primaryimage","url":"https:\/\/www.copealcoy.es\/wp-content\/uploads\/2023\/09\/341252267_194140800068607_7482095233833586038_n-980x588-1.jpg","contentUrl":"https:\/\/www.copealcoy.es\/wp-content\/uploads\/2023\/09\/341252267_194140800068607_7482095233833586038_n-980x588-1.jpg","width":980,"height":588},{"@type":"BreadcrumbList","@id":"https:\/\/www.copealcoy.es\/es\/se-convoca-el-concurso-para-ser-sargento-infantil-moro-y-cristiano-de-alcoy\/#breadcrumb","itemListElement":[{"@type":"ListItem","position":1,"name":"Portada","item":"https:\/\/www.copealcoy.es\/es\/"},{"@type":"ListItem","position":2,"name":"Se convoca el concurso para ser Sargento Infantil Moro y Cristiano de Alcoy"}]},{"@type":"WebSite","@id":"https:\/\/www.copealcoy.es\/es\/#website","url":"https:\/\/www.copealcoy.es\/es\/","name":"COPE Alcoy","description":"Emisora COPE de radio local con emisi\u00f3n online. Pont de Sant Jordi 8-10 03803 Alcoy","potentialAction":[{"@type":"SearchAction","target":{"@type":"EntryPoint","urlTemplate":"https:\/\/www.copealcoy.es\/es\/?s={search_term_string}"},"query-input":{"@type":"PropertyValueSpecification","valueRequired":true,"valueName":"search_term_string"}}],"inLanguage":"es"},{"@type":"Person","@id":"https:\/\/www.copealcoy.es\/es\/#\/schema\/person\/e777c87fa024e57d40170af9df39882c","name":"Cope Alcoy","image":{"@type":"ImageObject","inLanguage":"es","@id":"https:\/\/secure.gravatar.com\/avatar\/bb65d0283347e303893ba14f0692005417c1e0e690a325a4c5d8bb2b3943ee14?s=96&d=mm&r=g","url":"https:\/\/secure.gravatar.com\/avatar\/bb65d0283347e303893ba14f0692005417c1e0e690a325a4c5d8bb2b3943ee14?s=96&d=mm&r=g","contentUrl":"https:\/\/secure.gravatar.com\/avatar\/bb65d0283347e303893ba14f0692005417c1e0e690a325a4c5d8bb2b3943ee14?s=96&d=mm&r=g","caption":"Cope Alcoy"}}]}},"_links":{"self":[{"href":"https:\/\/www.copealcoy.es\/es\/wp-json\/wp\/v2\/posts\/122432","targetHints":{"allow":["GET"]}}],"collection":[{"href":"https:\/\/www.copealcoy.es\/es\/wp-json\/wp\/v2\/posts"}],"about":[{"href":"https:\/\/www.copealcoy.es\/es\/wp-json\/wp\/v2\/types\/post"}],"author":[{"embeddable":true,"href":"https:\/\/www.copealcoy.es\/es\/wp-json\/wp\/v2\/users\/1"}],"replies":[{"embeddable":true,"href":"https:\/\/www.copealcoy.es\/es\/wp-json\/wp\/v2\/comments?post=122432"}],"version-history":[{"count":0,"href":"https:\/\/www.copealcoy.es\/es\/wp-json\/wp\/v2\/posts\/122432\/revisions"}],"wp:featuredmedia":[{"embeddable":true,"href":"https:\/\/www.copealcoy.es\/es\/wp-json\/wp\/v2\/media\/122443"}],"wp:attachment":[{"href":"https:\/\/www.copealcoy.es\/es\/wp-json\/wp\/v2\/media?parent=122432"}],"wp:term":[{"taxonomy":"category","embeddable":true,"href":"https:\/\/www.copealcoy.es\/es\/wp-json\/wp\/v2\/categories?post=122432"},{"taxonomy":"post_tag","embeddable":true,"href":"https:\/\/www.copealcoy.es\/es\/wp-json\/wp\/v2\/tags?post=122432"}],"curies":[{"name":"wp","href":"https:\/\/api.w.org\/{rel}","templated":true}]}}